{"id":200931,"date":"2026-03-01T01:25:00","date_gmt":"2026-03-01T04:25:00","guid":{"rendered":"https:\/\/www.correiobraziliense.com.br\/cbradar\/?p=200931"},"modified":"2026-02-28T23:32:23","modified_gmt":"2026-03-01T02:32:23","slug":"o-grao-mais-completo-para-controlar-a-glicemia-melhorar-o-intestino-e-proteger-o-coracao","status":"publish","type":"post","link":"https:\/\/www.correiobraziliense.com.br\/cbradar\/o-grao-mais-completo-para-controlar-a-glicemia-melhorar-o-intestino-e-proteger-o-coracao\/","title":{"rendered":"O gr\u00e3o mais completo para controlar a glicemia, melhorar o intestino e proteger o cora\u00e7\u00e3o"},"content":{"rendered":"\n<p>A busca por uma alimenta\u00e7\u00e3o funcional coloca a aveia no centro das discuss\u00f5es sobre longevidade e sa\u00fade metab\u00f3lica de alto n\u00edvel. Este superalimento milenar oferece nutrientes que atuam simultaneamente em tr\u00eas pilares fundamentais do corpo humano. Compreender seu impacto biol\u00f3gico \u00e9 o segredo para transformar a rotina alimentar de qualquer pessoa.<\/p>\n\n\n\n<h2 class=\"wp-block-heading\">Por que a fibra sol\u00favel \u00e9 vital para o controle glic\u00eamico?<\/h2>\n\n\n\n<p>Para conferir os benef\u00edcios espec\u00edficos das fibras na glicemia, voc\u00ea pode consultar o guia oficial da <a href=\"https:\/\/diabetes.org\/food-nutrition\/reading-food-labels\/making-sense-food-labels\" target=\"_blank\" rel=\"noreferrer noopener\">American Diabetes Association<\/a>, que detalha como carboidratos complexos protegem o p\u00e2ncreas. Esses compostos formam um gel no est\u00f4mago, retardando a absor\u00e7\u00e3o de a\u00e7\u00facares no sangue.<\/p>\n\n\n\n<p>A ingest\u00e3o consistente de beta-glucanas reduz significativamente os picos de insulina ap\u00f3s as refei\u00e7\u00f5es ricas em amidos variados. Esse mecanismo biol\u00f3gico mant\u00e9m a energia est\u00e1vel ao longo do dia, prevenindo a fadiga mental e f\u00edsica que atinge muitos trabalhadores urbanos. <strong>Controlar a glicose<\/strong> \u00e9 essencial para evitar o desenvolvimento de doen\u00e7as metab\u00f3licas graves.<\/p>\n\n\n\n<figure class=\"wp-block-image size-large\"><img decoding=\"async\" width=\"1024\" height=\"576\" src=\"https:\/\/www.correiobraziliense.com.br\/cbradar\/wp-content\/uploads\/2026\/02\/Gemini_Generated_Image_b3xsaob3xsaob3xs-1-1-1024x576.png\" alt=\"O gr\u00e3o mais completo para controlar a glicemia, melhorar o intestino e proteger o cora\u00e7\u00e3o\" class=\"wp-image-200944\" srcset=\"https:\/\/www.correiobraziliense.com.br\/cbradar\/wp-content\/uploads\/2026\/02\/Gemini_Generated_Image_b3xsaob3xsaob3xs-1-1-1024x576.png 1024w, https:\/\/www.correiobraziliense.com.br\/cbradar\/wp-content\/uploads\/2026\/02\/Gemini_Generated_Image_b3xsaob3xsaob3xs-1-1-300x169.png 300w, https:\/\/www.correiobraziliense.com.br\/cbradar\/wp-content\/uploads\/2026\/02\/Gemini_Generated_Image_b3xsaob3xsaob3xs-1-1-768x432.png 768w, https:\/\/www.correiobraziliense.com.br\/cbradar\/wp-content\/uploads\/2026\/02\/Gemini_Generated_Image_b3xsaob3xsaob3xs-1-1-750x422.png 750w, https:\/\/www.correiobraziliense.com.br\/cbradar\/wp-content\/uploads\/2026\/02\/Gemini_Generated_Image_b3xsaob3xsaob3xs-1-1-1140x641.png 1140w, https:\/\/www.correiobraziliense.com.br\/cbradar\/wp-content\/uploads\/2026\/02\/Gemini_Generated_Image_b3xsaob3xsaob3xs-1-1.png 1280w\" sizes=\"(max-width: 1024px) 100vw, 1024px\" \/><figcaption class=\"wp-element-caption\">Aveia melhora glicose, colesterol, intestino e energia di\u00e1ria<\/figcaption><\/figure>\n\n\n\n<h2 class=\"wp-block-heading\">Como o cora\u00e7\u00e3o se beneficia do consumo di\u00e1rio de aveia?<\/h2>\n\n\n\n<p>As fibras presentes neste gr\u00e3o agem como uma esponja natural que auxilia na remo\u00e7\u00e3o do colesterol ruim das art\u00e9rias principais. Esse processo biol\u00f3gico diminui o risco de aterosclerose e outras complica\u00e7\u00f5es cardiovasculares que afetam a popula\u00e7\u00e3o mundial. <strong>Proteger o m\u00fasculo card\u00edaco<\/strong> exige escolhas alimentares inteligentes e baseadas em evid\u00eancias cient\u00edficas s\u00f3lidas.<\/p>\n\n\n\n<p>Al\u00e9m do controle lip\u00eddico, os antioxidantes exclusivos chamados avenantramidas ajudam a reduzir a press\u00e3o arterial por meio da produ\u00e7\u00e3o de \u00f3xido n\u00edtrico. Esse composto relaxa os vasos sangu\u00edneos, facilitando o fluxo do sangue e melhorando a oxigena\u00e7\u00e3o de todos os tecidos celulares. O equil\u00edbrio vascular \u00e9 um pilar fundamental para garantir uma longevidade ativa e saud\u00e1vel.<\/p>\n\n\n\n<h2 class=\"wp-block-heading\">Qual a melhor forma de preparar o gr\u00e3o para o intestino?<\/h2>\n\n\n\n<p>Consumir a aveia em sua forma integral ou em farelo maximiza o aporte de fibras que servem como prebi\u00f3ticos naturais. Essas subst\u00e2ncias alimentam as bact\u00e9rias ben\u00e9ficas da flora intestinal, melhorando a digest\u00e3o e fortalecendo o sistema imunol\u00f3gico contra pat\u00f3genos externos. <strong>Otimizar a sa\u00fade digestiva<\/strong> reflete diretamente no humor e na disposi\u00e7\u00e3o di\u00e1ria de todos.<\/p>\n\n\n\n<p>Confira a lista abaixo:<\/p>\n\n\n\n<ul class=\"wp-block-list\">\n<li>Adicione farelo no iogurte.<\/li>\n\n\n\n<li>Prepare mingaus com frutas.<\/li>\n\n\n\n<li>Substitua farinha em bolos.<\/li>\n\n\n\n<li>Use em shakes proteicos.<\/li>\n\n\n\n<li>Misture em saladas frescas.<\/li>\n\n\n\n<li>Crie p\u00e3es integrais caseiros.<\/li>\n<\/ul>\n\n\n\n<h2 class=\"wp-block-heading\">Existe um hor\u00e1rio ideal para obter os melhores resultados?<\/h2>\n\n\n\n<p>Incluir este superalimento no caf\u00e9 da manh\u00e3 garante saciedade prolongada e evita o consumo excessivo de calorias nas refei\u00e7\u00f5es seguintes. A libera\u00e7\u00e3o gradual de energia permite que o corpo realize suas fun\u00e7\u00f5es metab\u00f3licas sem sobrecarregar o sistema end\u00f3crino durante a rotina. <strong>Manter o peso equilibrado<\/strong> torna-se uma tarefa muito mais simples com este suporte nutricional.<\/p>\n\n\n\n<p>Estudos indicam que a ingest\u00e3o matinal de gr\u00e3os integrais melhora o foco cognitivo e a produtividade em tarefas intelectuais complexas. O fornecimento constante de nutrientes para o c\u00e9rebro evita a n\u00e9voa mental comum em dietas restritivas ou pobres em fibras. Come\u00e7ar o dia com nutrientes de alta qualidade biol\u00f3gica \u00e9 uma estrat\u00e9gia vital para o bem-estar.<\/p>\n\n\n\n<p>No v\u00eddeo abaixo do TikTok <strong><em>Saudenocopoo<\/em><\/strong>, que conta com mais de <strong><em>545 mil<\/em><\/strong> seguidores, ele cita o psyllium como uma fibra sol\u00favel e seus benef\u00edcios:<\/p>\n\n\n\n<blockquote class=\"tiktok-embed\" cite=\"https:\/\/www.tiktok.com\/@saudenocopoo\/video\/7406369460711361798\" data-video-id=\"7406369460711361798\" style=\"max-width: 605px;min-width: 325px;\" > <section> <a target=\"_blank\" title=\"@saudenocopoo\" href=\"https:\/\/www.tiktok.com\/@saudenocopoo?refer=embed\">@saudenocopoo<\/a> Essa fibra \u00e9 poderosa no processo de emagrecimento! <a title=\"psyllium\" target=\"_blank\" href=\"https:\/\/www.tiktok.com\/tag\/psyllium?refer=embed\">#psyllium<\/a> <a title=\"saude\" target=\"_blank\" href=\"https:\/\/www.tiktok.com\/tag\/saude?refer=embed\">#saude<\/a> <a title=\"tiagorocha\" target=\"_blank\" href=\"https:\/\/www.tiktok.com\/tag\/tiagorocha?refer=embed\">#tiagorocha<\/a> <a target=\"_blank\" title=\"\u266c Suspense, horror, piano and music box - takaya\" href=\"https:\/\/www.tiktok.com\/music\/Suspense-horror-piano-and-music-box-6817193198436255745?refer=embed\">\u266c Suspense, horror, piano and music box &#8211; takaya<\/a> <\/section> <\/blockquote> <script async src=\"https:\/\/www.tiktok.com\/embed.js\"><\/script>\n\n\n\n<p>Leia tamb\u00e9m: <a href=\"https:\/\/www.correiobraziliense.com.br\/cbradar\/como-consumir-melancia-de-forma-criativa-e-potencializar-seus-efeitos-nutritivos\/\" target=\"_blank\" rel=\"noreferrer noopener\">Como consumir melancia de forma criativa e potencializar seus efeitos nutritivos<\/a><\/p>\n\n\n\n<h2 class=\"wp-block-heading\">Quais nutrientes adicionais tornam este alimento t\u00e3o completo?<\/h2>\n\n\n\n<p>Al\u00e9m das fibras, o gr\u00e3o \u00e9 uma fonte excelente de ferro, magn\u00e9sio e vitaminas do complexo B que atuam no metabolismo energ\u00e9tico. Esses micronutrientes s\u00e3o essenciais para a produ\u00e7\u00e3o de c\u00e9lulas vermelhas e para o bom funcionamento do sistema nervoso central. <strong>Nutrir o organismo profundamente<\/strong> exige alimentos que ofere\u00e7am m\u00faltiplos benef\u00edcios em uma \u00fanica por\u00e7\u00e3o di\u00e1ria.<\/p>\n\n\n\n<p>A presen\u00e7a de prote\u00ednas vegetais de boa qualidade complementa o perfil nutricional, auxiliando na manuten\u00e7\u00e3o dos tecidos musculares e \u00f3sseos. Escolher vers\u00f5es org\u00e2nicas ou minimamente processadas garante que voc\u00ea aproveite o m\u00e1ximo potencial terap\u00eautico que a natureza oferece de forma gratuita. Investir em comida de verdade \u00e9 o caminho mais seguro para uma sa\u00fade duradoura e vigorosa.<\/p>\n","protected":false},"excerpt":{"rendered":"<p>A busca por uma alimenta\u00e7\u00e3o funcional coloca a aveia no centro das discuss\u00f5es sobre longevidade e sa\u00fade metab\u00f3lica de alto n\u00edvel. Este superalimento milenar oferece nutrientes que atuam simultaneamente em tr\u00eas pilares fundamentais do corpo humano. Compreender seu impacto biol\u00f3gico \u00e9 o segredo para transformar a rotina alimentar de qualquer pessoa. Por que a fibra [&hellip;]<\/p>\n","protected":false},"author":21,"featured_media":200942,"comment_status":"open","ping_status":"open","sticky":false,"template":"","format":"standard","meta":{"_yoast_wpseo_focuskw":"Fibra sol\u00favel","_yoast_wpseo_title":"","_yoast_wpseo_metadesc":"Benef\u00edcios da aveia para controlar glicose, reduzir colesterol e fortalecer intestino e cora\u00e7\u00e3o naturalmente","jnews-multi-image_gallery":[],"jnews_single_post":{"format":"standard"},"jnews_primary_category":[],"jnews_social_meta":[],"jnews_override_counter":[],"footnotes":""},"categories":[119],"post_tag":[281,194,1318],"class_list":["post-200931","post","type-post","status-publish","format-standard","has-post-thumbnail","hentry","category-bem-estar","tag-alimentacao","tag-beneficios","tag-saude-2"],"yoast_head":"<!-- This site is optimized with the Yoast SEO plugin v24.6 - https:\/\/yoast.com\/wordpress\/plugins\/seo\/ -->\n<title>O gr\u00e3o mais completo para controlar a glicemia, melhorar o intestino e proteger o cora\u00e7\u00e3o - Correio Braziliense - Radar<\/title>\n<meta name=\"description\" content=\"Benef\u00edcios da aveia para controlar glicose, reduzir colesterol e fortalecer intestino e cora\u00e7\u00e3o naturalmente\" \/>\n<meta name=\"robots\" content=\"index, follow, max-snippet:-1, max-image-preview:large, max-video-preview:-1\" \/>\n<link rel=\"canonical\" href=\"https:\/\/www.correiobraziliense.com.br\/cbradar\/o-grao-mais-completo-para-controlar-a-glicemia-melhorar-o-intestino-e-proteger-o-coracao\/\" \/>\n<meta property=\"og:locale\" content=\"pt_BR\" \/>\n<meta property=\"og:type\" content=\"article\" \/>\n<meta property=\"og:title\" content=\"O gr\u00e3o mais completo para controlar a glicemia, melhorar o intestino e proteger o cora\u00e7\u00e3o - Correio Braziliense - Radar\" \/>\n<meta property=\"og:description\" content=\"Benef\u00edcios da aveia para controlar glicose, reduzir colesterol e fortalecer intestino e cora\u00e7\u00e3o naturalmente\" \/>\n<meta property=\"og:url\" content=\"https:\/\/www.correiobraziliense.com.br\/cbradar\/o-grao-mais-completo-para-controlar-a-glicemia-melhorar-o-intestino-e-proteger-o-coracao\/\" \/>\n<meta property=\"og:site_name\" content=\"Correio Braziliense - Radar\" \/>\n<meta property=\"article:published_time\" content=\"2026-03-01T04:25:00+00:00\" \/>\n<meta property=\"og:image\" content=\"https:\/\/www.correiobraziliense.com.br\/cbradar\/wp-content\/uploads\/2026\/02\/Gemini_Generated_Image_7l3awx7l3awx7l3a-1-1.png\" \/>\n\t<meta property=\"og:image:width\" content=\"1280\" \/>\n\t<meta property=\"og:image:height\" content=\"720\" \/>\n\t<meta property=\"og:image:type\" content=\"image\/png\" \/>\n<meta name=\"author\" content=\"Patrick Silva\" \/>\n<meta name=\"twitter:card\" content=\"summary_large_image\" \/>\n<meta name=\"twitter:label1\" content=\"Escrito por\" \/>\n\t<meta name=\"twitter:data1\" content=\"Patrick Silva\" \/>\n\t<meta name=\"twitter:label2\" content=\"Est. tempo de leitura\" \/>\n\t<meta name=\"twitter:data2\" content=\"5 minutos\" \/>\n<!-- \/ Yoast SEO plugin. -->","yoast_head_json":{"title":"O gr\u00e3o mais completo para controlar a glicemia, melhorar o intestino e proteger o cora\u00e7\u00e3o - Correio Braziliense - Radar","description":"Benef\u00edcios da aveia para controlar glicose, reduzir colesterol e fortalecer intestino e cora\u00e7\u00e3o naturalmente","robots":{"index":"index","follow":"follow","max-snippet":"max-snippet:-1","max-image-preview":"max-image-preview:large","max-video-preview":"max-video-preview:-1"},"canonical":"https:\/\/www.correiobraziliense.com.br\/cbradar\/o-grao-mais-completo-para-controlar-a-glicemia-melhorar-o-intestino-e-proteger-o-coracao\/","og_locale":"pt_BR","og_type":"article","og_title":"O gr\u00e3o mais completo para controlar a glicemia, melhorar o intestino e proteger o cora\u00e7\u00e3o - Correio Braziliense - Radar","og_description":"Benef\u00edcios da aveia para controlar glicose, reduzir colesterol e fortalecer intestino e cora\u00e7\u00e3o naturalmente","og_url":"https:\/\/www.correiobraziliense.com.br\/cbradar\/o-grao-mais-completo-para-controlar-a-glicemia-melhorar-o-intestino-e-proteger-o-coracao\/","og_site_name":"Correio Braziliense - Radar","article_published_time":"2026-03-01T04:25:00+00:00","og_image":[{"width":1280,"height":720,"url":"https:\/\/www.correiobraziliense.com.br\/cbradar\/wp-content\/uploads\/2026\/02\/Gemini_Generated_Image_7l3awx7l3awx7l3a-1-1.png","type":"image\/png"}],"author":"Patrick Silva","twitter_card":"summary_large_image","twitter_misc":{"Escrito por":"Patrick Silva","Est. tempo de leitura":"5 minutos"},"schema":{"@context":"https:\/\/schema.org","@graph":[{"@type":"WebPage","@id":"https:\/\/www.correiobraziliense.com.br\/cbradar\/o-grao-mais-completo-para-controlar-a-glicemia-melhorar-o-intestino-e-proteger-o-coracao\/","url":"https:\/\/www.correiobraziliense.com.br\/cbradar\/o-grao-mais-completo-para-controlar-a-glicemia-melhorar-o-intestino-e-proteger-o-coracao\/","name":"O gr\u00e3o mais completo para controlar a glicemia, melhorar o intestino e proteger o cora\u00e7\u00e3o - Correio Braziliense - Radar","isPartOf":{"@id":"https:\/\/www.correiobraziliense.com.br\/cbradar\/#website"},"primaryImageOfPage":{"@id":"https:\/\/www.correiobraziliense.com.br\/cbradar\/o-grao-mais-completo-para-controlar-a-glicemia-melhorar-o-intestino-e-proteger-o-coracao\/#primaryimage"},"image":{"@id":"https:\/\/www.correiobraziliense.com.br\/cbradar\/o-grao-mais-completo-para-controlar-a-glicemia-melhorar-o-intestino-e-proteger-o-coracao\/#primaryimage"},"thumbnailUrl":"https:\/\/www.correiobraziliense.com.br\/cbradar\/wp-content\/uploads\/2026\/02\/Gemini_Generated_Image_7l3awx7l3awx7l3a-1-1.png","datePublished":"2026-03-01T04:25:00+00:00","author":{"@id":"https:\/\/www.correiobraziliense.com.br\/cbradar\/#\/schema\/person\/5440b72be9c7eb74f446c846479dc4da"},"description":"Benef\u00edcios da aveia para controlar glicose, reduzir colesterol e fortalecer intestino e cora\u00e7\u00e3o naturalmente","breadcrumb":{"@id":"https:\/\/www.correiobraziliense.com.br\/cbradar\/o-grao-mais-completo-para-controlar-a-glicemia-melhorar-o-intestino-e-proteger-o-coracao\/#breadcrumb"},"inLanguage":"pt-BR","potentialAction":[{"@type":"ReadAction","target":["https:\/\/www.correiobraziliense.com.br\/cbradar\/o-grao-mais-completo-para-controlar-a-glicemia-melhorar-o-intestino-e-proteger-o-coracao\/"]}]},{"@type":"ImageObject","inLanguage":"pt-BR","@id":"https:\/\/www.correiobraziliense.com.br\/cbradar\/o-grao-mais-completo-para-controlar-a-glicemia-melhorar-o-intestino-e-proteger-o-coracao\/#primaryimage","url":"https:\/\/www.correiobraziliense.com.br\/cbradar\/wp-content\/uploads\/2026\/02\/Gemini_Generated_Image_7l3awx7l3awx7l3a-1-1.png","contentUrl":"https:\/\/www.correiobraziliense.com.br\/cbradar\/wp-content\/uploads\/2026\/02\/Gemini_Generated_Image_7l3awx7l3awx7l3a-1-1.png","width":1280,"height":720,"caption":"Aveia melhora glicose, colesterol, intestino e energia di\u00e1ria"},{"@type":"BreadcrumbList","@id":"https:\/\/www.correiobraziliense.com.br\/cbradar\/o-grao-mais-completo-para-controlar-a-glicemia-melhorar-o-intestino-e-proteger-o-coracao\/#breadcrumb","itemListElement":[{"@type":"ListItem","position":1,"name":"In\u00edcio","item":"https:\/\/www.correiobraziliense.com.br\/cbradar\/"},{"@type":"ListItem","position":2,"name":"O gr\u00e3o mais completo para controlar a glicemia, melhorar o intestino e proteger o cora\u00e7\u00e3o"}]},{"@type":"WebSite","@id":"https:\/\/www.correiobraziliense.com.br\/cbradar\/#website","url":"https:\/\/www.correiobraziliense.com.br\/cbradar\/","name":"Correio Braziliense - Radar","description":"Acompanhe as \u00faltimas not\u00edcias e fique bem informado sobre tudo o que acontece no Brasil e no mundo.","potentialAction":[{"@type":"SearchAction","target":{"@type":"EntryPoint","urlTemplate":"https:\/\/www.correiobraziliense.com.br\/cbradar\/?s={search_term_string}"},"query-input":{"@type":"PropertyValueSpecification","valueRequired":true,"valueName":"search_term_string"}}],"inLanguage":"pt-BR"},{"@type":"Person","@id":"https:\/\/www.correiobraziliense.com.br\/cbradar\/#\/schema\/person\/5440b72be9c7eb74f446c846479dc4da","name":"Patrick Silva","image":{"@type":"ImageObject","inLanguage":"pt-BR","@id":"https:\/\/www.correiobraziliense.com.br\/cbradar\/#\/schema\/person\/image\/","url":"https:\/\/secure.gravatar.com\/avatar\/944109df296fc087785c9715fd5f80b2?s=96&d=mm&r=g","contentUrl":"https:\/\/secure.gravatar.com\/avatar\/944109df296fc087785c9715fd5f80b2?s=96&d=mm&r=g","caption":"Patrick Silva"},"sameAs":["https:\/\/www.correiobraziliense.com.br\/cbradar\/"],"url":"https:\/\/www.correiobraziliense.com.br\/cbradar\/author\/patrick-silva\/"}]}},"_links":{"self":[{"href":"https:\/\/www.correiobraziliense.com.br\/cbradar\/wp-json\/wp\/v2\/posts\/200931","targetHints":{"allow":["GET"]}}],"collection":[{"href":"https:\/\/www.correiobraziliense.com.br\/cbradar\/wp-json\/wp\/v2\/posts"}],"about":[{"href":"https:\/\/www.correiobraziliense.com.br\/cbradar\/wp-json\/wp\/v2\/types\/post"}],"author":[{"embeddable":true,"href":"https:\/\/www.correiobraziliense.com.br\/cbradar\/wp-json\/wp\/v2\/users\/21"}],"replies":[{"embeddable":true,"href":"https:\/\/www.correiobraziliense.com.br\/cbradar\/wp-json\/wp\/v2\/comments?post=200931"}],"version-history":[{"count":2,"href":"https:\/\/www.correiobraziliense.com.br\/cbradar\/wp-json\/wp\/v2\/posts\/200931\/revisions"}],"predecessor-version":[{"id":200946,"href":"https:\/\/www.correiobraziliense.com.br\/cbradar\/wp-json\/wp\/v2\/posts\/200931\/revisions\/200946"}],"wp:featuredmedia":[{"embeddable":true,"href":"https:\/\/www.correiobraziliense.com.br\/cbradar\/wp-json\/wp\/v2\/media\/200942"}],"wp:attachment":[{"href":"https:\/\/www.correiobraziliense.com.br\/cbradar\/wp-json\/wp\/v2\/media?parent=200931"}],"wp:term":[{"taxonomy":"category","embeddable":true,"href":"https:\/\/www.correiobraziliense.com.br\/cbradar\/wp-json\/wp\/v2\/categories?post=200931"},{"taxonomy":"post_tag","embeddable":true,"href":"https:\/\/www.correiobraziliense.com.br\/cbradar\/wp-json\/wp\/v2\/post_tag?post=200931"}],"curies":[{"name":"wp","href":"https:\/\/api.w.org\/{rel}","templated":true}]}}