{"id":200934,"date":"2026-03-01T20:25:00","date_gmt":"2026-03-01T23:25:00","guid":{"rendered":"https:\/\/www.correiobraziliense.com.br\/cbradar\/?p=200934"},"modified":"2026-02-28T11:32:15","modified_gmt":"2026-02-28T14:32:15","slug":"a-semente-mais-poderosa-para-figado-saudavel-e-intestino-regulado","status":"publish","type":"post","link":"https:\/\/www.correiobraziliense.com.br\/cbradar\/a-semente-mais-poderosa-para-figado-saudavel-e-intestino-regulado\/","title":{"rendered":"A semente mais poderosa para f\u00edgado saud\u00e1vel e intestino regulado"},"content":{"rendered":"\n<p>Na vida moderna, o cansa\u00e7o persistente e problemas digestivos podem estar mais relacionados ao estresse do f\u00edgado do que se imagina, j\u00e1 que este \u00f3rg\u00e3o vital, respons\u00e1vel por processar as toxinas do corpo humano, pode tornar-se sobrecarregado gra\u00e7as \u00e0 dieta contempor\u00e2nea rica em alimentos processados, situa\u00e7\u00e3o em que a semente de linha\u00e7a se revela uma poderosa aliada na recupera\u00e7\u00e3o e manuten\u00e7\u00e3o da sa\u00fade hep\u00e1tica.<\/p>\n\n\n\n<h2 class=\"wp-block-heading\">Como a linha\u00e7a contribui para a sa\u00fade do f\u00edgado?<\/h2>\n\n\n\n<p>A linha\u00e7a \u00e9 uma fonte rica de \u00e1cido graxo \u00f4mega-3, principalmente na forma de \u00e1cido alfa-linol\u00eanico, que tem propriedades anti-inflamat\u00f3rias capazes de diminuir a gordura hep\u00e1tica excessiva. Este fator \u00e9 essencial na preven\u00e7\u00e3o de problemas como a esteatose hep\u00e1tica, condi\u00e7\u00e3o em que o excesso de gordura se acumula no f\u00edgado e pode levar a diversos problemas de sa\u00fade.<\/p>\n\n\n\n<p>Al\u00e9m disso, as lignanas presentes na linha\u00e7a funcionam como antioxidantes, protegendo o f\u00edgado dos danos oxidativos e favorecendo seu funcionamento adequado. <a href=\"https:\/\/pmc.ncbi.nlm.nih.gov\/articles\/PMC10892801\/\" target=\"_blank\" rel=\"noreferrer noopener\">Estudos <\/a>recentes tamb\u00e9m sugerem que o consumo regular de linha\u00e7a pode auxiliar no controle de marcadores inflamat\u00f3rios sist\u00eamicos, colaborando com a prote\u00e7\u00e3o do tecido hep\u00e1tico.<\/p>\n\n\n\n<p>Para compreender melhor quais s\u00e3o os benef\u00edcios da linha\u00e7a dourada ou marrom, assista ao v\u00eddeo a seguir, no qual o <strong>Dr. Juliano Teles<\/strong> explica o assunto de forma clara e did\u00e1tica no canal <strong>Dr. Juliano Teles<\/strong>.<\/p>\n\n\n\n<iframe loading=\"lazy\" width=\"1396\" height=\"785\" src=\"https:\/\/www.youtube.com\/embed\/6AMfFQor4VY\" title=\"Quais os benef\u00edcios da linha\u00e7a dourada ou marrom | Dr Juliano Teles\" frameborder=\"0\" allow=\"accelerometer; autoplay; clipboard-write; encrypted-media; gyroscope; picture-in-picture; web-share\" referrerpolicy=\"strict-origin-when-cross-origin\" allowfullscreen><\/iframe>\n\n\n\n<h2 class=\"wp-block-heading\">Por que \u00e9 indicado consumir linha\u00e7a antes de dormir?<\/h2>\n\n\n\n<p>O consumo de linha\u00e7a antes do repouso noturno pode maximizar seus benef\u00edcios, pois durante o sono o f\u00edgado atua de forma mais intensa na desintoxica\u00e7\u00e3o do corpo. As fibras e antioxidantes encontrados na linha\u00e7a oferecem nutrientes que podem otimizar essa fun\u00e7\u00e3o, apoiando o metabolismo noturno.<\/p>\n\n\n\n<p>Segundo especialistas, essas fibras formam um gel que contribui para a absor\u00e7\u00e3o lenta de a\u00e7\u00facares e gorduras, evitando picos insul\u00ednicos noturnos e permitindo ao corpo focar-se melhor na regenera\u00e7\u00e3o celular. Essa digest\u00e3o mais lenta tamb\u00e9m pode favorecer maior sensa\u00e7\u00e3o de saciedade, auxiliando no controle do peso, fator importante para a sa\u00fade do f\u00edgado.<\/p>\n\n\n<div class=\"wp-block-image\">\n<figure class=\"aligncenter size-large\"><img decoding=\"async\" width=\"1024\" height=\"576\" src=\"https:\/\/www.correiobraziliense.com.br\/cbradar\/wp-content\/uploads\/2025\/10\/Linhaca-_1760463029975-1024x576.jpg\" alt=\"\" class=\"wp-image-119399\" srcset=\"https:\/\/www.correiobraziliense.com.br\/cbradar\/wp-content\/uploads\/2025\/10\/Linhaca-_1760463029975-1024x576.jpg 1024w, https:\/\/www.correiobraziliense.com.br\/cbradar\/wp-content\/uploads\/2025\/10\/Linhaca-_1760463029975-300x169.jpg 300w, https:\/\/www.correiobraziliense.com.br\/cbradar\/wp-content\/uploads\/2025\/10\/Linhaca-_1760463029975-768x432.jpg 768w, https:\/\/www.correiobraziliense.com.br\/cbradar\/wp-content\/uploads\/2025\/10\/Linhaca-_1760463029975-750x422.jpg 750w, https:\/\/www.correiobraziliense.com.br\/cbradar\/wp-content\/uploads\/2025\/10\/Linhaca-_1760463029975-1140x641.jpg 1140w, https:\/\/www.correiobraziliense.com.br\/cbradar\/wp-content\/uploads\/2025\/10\/Linhaca-_1760463029975.jpg 1280w\" sizes=\"(max-width: 1024px) 100vw, 1024px\" \/><figcaption class=\"wp-element-caption\">Linha\u00e7a oferece benef\u00edcios surpreendentes ao corpo &#8211; Cr\u00e9ditos: depositphotos.com \/ geo-grafika<\/figcaption><\/figure><\/div>\n\n\n<h2 class=\"wp-block-heading\">Quais s\u00e3o as principais vantagens do consumo regular de linha\u00e7a?<\/h2>\n\n\n\n<p>Os benef\u00edcios da linha\u00e7a v\u00e3o al\u00e9m do f\u00edgado, alcan\u00e7ando tamb\u00e9m o sistema cardiovascular e o sistema digestivo. Suas fibras auxiliam a regular o colesterol ao promover a excre\u00e7\u00e3o de sais biliares, fazendo o corpo utilizar mais colesterol para repor essas perdas, o que contribui para art\u00e9rias mais saud\u00e1veis.<\/p>\n\n\n\n<p>As lignanas atuam ainda no equil\u00edbrio de horm\u00f4nios como o estrog\u00eanio, mostrando-se ben\u00e9ficas para mulheres na menopausa e podendo aliviar alguns sintomas desse per\u00edodo. A seguir, est\u00e3o algumas vantagens frequentemente associadas ao consumo regular de linha\u00e7a na rotina alimentar:<\/p>\n\n\n\n<ul class=\"wp-block-list\">\n<li><strong>Melhora intestinal:<\/strong>\u00a0A linha\u00e7a facilita o tr\u00e2nsito intestinal e combate a constipa\u00e7\u00e3o.<\/li>\n\n\n\n<li><strong>A\u00e7\u00e3o anti-inflamat\u00f3ria:<\/strong>\u00a0O \u00f4mega-3 presente reduz inflama\u00e7\u00f5es e melhora a sa\u00fade dermatol\u00f3gica.<\/li>\n<\/ul>\n\n\n\n<h2 class=\"wp-block-heading\">Qual \u00e9 a forma mais adequada de ingerir linha\u00e7a no dia a dia?<\/h2>\n\n\n\n<p>Para tirar pleno proveito da linha\u00e7a, \u00e9 importante saber prepar\u00e1-la corretamente, pois a casca da semente \u00e9 resistente e pode dificultar a absor\u00e7\u00e3o de seus nutrientes. Moer a linha\u00e7a imediatamente antes do uso ou deix\u00e1-la de molho s\u00e3o m\u00e9todos eficazes para liberar seus compostos ben\u00e9ficos, tornando-os mais biodispon\u00edveis para o organismo.<\/p>\n\n\n\n<p>Conforme orienta\u00e7\u00f5es de entidades como a American Heart Association, a linha\u00e7a deve ser armazenada em condi\u00e7\u00f5es apropriadas para evitar a degrada\u00e7\u00e3o de seus \u00f3leos sens\u00edveis \u00e0 luz e ao calor. Introduzir a semente de forma gradual tamb\u00e9m ajuda a adaptar o sistema digestivo ao aumento de fibras e reduzir desconfortos gastrointestinais.<\/p>\n\n\n\n<style>\n  .make-wrap{\n    max-width: 760px;\n    margin: 26px auto;\n    padding: 18px;\n    border-radius: 18px;\n    background: linear-gradient(135deg,#fff7fb 0%,#f6f2ff 100%);\n    border: 1px solid #f7d4ea;\n    box-shadow: 0 8px 20px rgba(236,72,153,.12);\n    font-family: system-ui, -apple-system, Segoe UI, Roboto, Helvetica, Arial, sans-serif;\n  }\n\n  .make-title{\n    display:flex; \n    align-items:center; \n    gap:10px;\n    margin:0 0 12px 4px;\n    font-size:1.2rem; \n    font-weight:900; \n    color:#9d174d;\n  }\n\n  .make-table{\n    width:100%;\n    border-collapse:separate;\n    border-spacing:0;\n    overflow:hidden;\n    border-radius:16px;\n    border:1px solid #f7d4ea;\n    background:#fff;\n    font-size:.92rem;\n  }\n\n  .make-table thead th{\n    background:linear-gradient(90deg,#fde7f3 0%,#f8e9ff 100%);\n    padding:12px;\n    color:#7a1e63;\n    font-weight:800;\n    text-align:left;\n    border-bottom:1px solid #f7d4ea;\n  }\n\n  .make-table tbody td{\n    padding:12px;\n    color:#374151;\n    vertical-align:top;\n    border-bottom:1px dashed #f7d4ea;\n  }\n\n  .make-table tbody tr:nth-child(odd){\n    background:#fffaff;\n  }\n\n  .price{\n    display:inline-flex;\n    align-items:center;\n    background:#fff7ed;\n    color:#b45309;\n    padding:6px 10px;\n    border-radius:10px;\n    border:1px solid #fed7aa;\n    font-weight:700;\n    white-space:nowrap;\n  }\n\n  .badge{\n    display:inline-block;\n    background:#fde7f3;\n    color:#c026d3;\n    border:1px solid #fecdd3;\n    padding:4px 10px;\n    border-radius:999px;\n    font-weight:700;\n    font-size:.78rem;\n  }\n\n  @media (max-width:720px){\n    .make-table thead{display:none}\n    .make-table, .make-table tbody, .make-table tr, .make-table td{\n      display:block; \n      width:100%;\n    }\n    .make-table tr{\n      margin-bottom:12px;\n      border:1px solid #f7d4ea;\n      border-radius:14px;\n      overflow:hidden;\n      background:#fff;\n    }\n    .make-table td[data-label]:before{\n      content:attr(data-label);\n      display:block;\n      font-weight:800;\n      color:#7a1e63;\n      margin-bottom:4px;\n    }\n    .make-table tbody td:last-child{border-bottom:none}\n  }\n<\/style>\n\n<div class=\"make-wrap\">\n  <h3 class=\"make-title\">\ud83c\udf3e\u2728 Como Consumir Linha\u00e7a Corretamente<\/h3>\n\n  <table class=\"make-table\">\n    <thead>\n      <tr>\n        <th>Pr\u00e1tica<\/th>\n        <th>Benef\u00edcio<\/th>\n      <\/tr>\n    <\/thead>\n    <tbody>\n      <tr>\n        <td data-label=\"Pr\u00e1tica\">Moer pequenas quantidades diariamente<\/td>\n        <td data-label=\"Benef\u00edcio\">Evita a oxida\u00e7\u00e3o dos \u00e1cidos graxos e melhora a absor\u00e7\u00e3o dos nutrientes.<\/td>\n      <\/tr>\n      <tr>\n        <td data-label=\"Pr\u00e1tica\">Deixar de molho antes de consumir<\/td>\n        <td data-label=\"Benef\u00edcio\">Forma um gel natural ben\u00e9fico para a digest\u00e3o.<\/td>\n      <\/tr>\n      <tr>\n        <td data-label=\"Pr\u00e1tica\">Armazenar em recipientes opacos e refrigerados<\/td>\n        <td data-label=\"Benef\u00edcio\">Preserva as propriedades nutricionais da linha\u00e7a.<\/td>\n      <\/tr>\n      <tr>\n        <td data-label=\"Pr\u00e1tica\">Introduzir gradualmente na dieta<\/td>\n        <td data-label=\"Benef\u00edcio\">Permite que o sistema digestivo se adapte ao aumento de fibras.<\/td>\n      <\/tr>\n    <\/tbody>\n  <\/table>\n\n  <p style=\"margin-top:14px; color:#6b7280; font-size:.9rem;\">\n    \ud83d\udca1 <strong>Dica:<\/strong> Comece com pequenas por\u00e7\u00f5es di\u00e1rias e aumente aos poucos para aproveitar todos os benef\u00edcios sem desconfortos.\n  <\/p>\n<\/div>\n\n\n\n\n<p>Incorporar a linha\u00e7a \u00e0 dieta pode ser uma solu\u00e7\u00e3o valiosa para assegurar a sa\u00fade hep\u00e1tica e promover o bem-estar geral. Mudan\u00e7as simples nos h\u00e1bitos alimentares, como incluir linha\u00e7a em lanches ou refei\u00e7\u00f5es leves \u00e0 noite, podem desencadear melhorias significativas no metabolismo e, aliadas a um acompanhamento m\u00e9dico, ajudam a prevenir doen\u00e7as cr\u00f4nicas e garantir melhor qualidade de vida.<\/p>\n\n\n<a href=\"https:\/\/www.instagram.com\/dra.annaluisabf\/\" target=\"_blank\" rel=\"noopener\" style=\"text-decoration: none; color: inherit;\">\n    <span style=\"display: inline-block; border: 1px solid #ccc; border-radius: 10px; padding: 15px; max-width: 550px; font-family: sans-serif; box-shadow: 0 2px 5px rgba(0,0,0,0.1); width: 100%;\">\n\n      <!-- T\u00edtulo -->\n      <span style=\"display: block; margin: 0 0 15px 0; font-weight: bold; color: #2c3e50; text-align: center;\">\n        Entre em contato:\n      <\/span>\n\n      <!-- Linha do perfil -->\n      <span style=\"display: flex; align-items: center; gap: 15px;\">\n        <img decoding=\"async\"\n          src=\"https:\/\/www.correiobraziliense.com.br\/cbradar\/wp-content\/uploads\/2025\/08\/dra_anna_luisa.jpeg\"\n          alt=\"Foto da Dra. Anna Lu\u00edsa\"\n          style=\"border-radius: 50%; width: 80px; height: 80px; object-fit: cover;\"\n        \/>\n        <span style=\"display: flex; flex-direction: column;\">\n          <span style=\"font-size: 18px; font-weight: 700; color: #2c3e50;\">Dra. Anna Lu\u00edsa Barbosa Fernandes<\/span>\n          <span style=\"color: #555;\">CRM-GO 33.271<\/span>\n        <\/span>\n      <\/span>\n\n      <!-- Redes -->\n      <span style=\"display: flex; align-items: center; gap: 10px; margin-top: 12px;\">\n        <img decoding=\"async\" src=\"https:\/\/cdn-icons-png.flaticon.com\/24\/1384\/1384063.png\" alt=\"Instagram\" width=\"24\" height=\"24\" \/>\n        <span style=\"text-decoration: underline; color: #2c3e50;\">@dra.annaluisabf<\/span>\n      <\/span>\n\n    <\/span>\n  <\/a>","protected":false},"excerpt":{"rendered":"<p>Na vida moderna, o cansa\u00e7o persistente e problemas digestivos podem estar mais relacionados ao estresse do f\u00edgado do que se imagina, j\u00e1 que este \u00f3rg\u00e3o vital, respons\u00e1vel por processar as toxinas do corpo humano, pode tornar-se sobrecarregado gra\u00e7as \u00e0 dieta contempor\u00e2nea rica em alimentos processados, situa\u00e7\u00e3o em que a semente de linha\u00e7a se revela uma [&hellip;]<\/p>\n","protected":false},"author":14,"featured_media":119401,"comment_status":"open","ping_status":"open","sticky":false,"template":"","format":"standard","meta":{"_yoast_wpseo_focuskw":"Linha\u00e7a","_yoast_wpseo_title":"","_yoast_wpseo_metadesc":"Linha\u00e7a pode ajudar a reduzir gordura no f\u00edgado e melhorar o intestino. Veja como consumir da forma correta.","jnews-multi-image_gallery":[],"jnews_single_post":{"format":"standard"},"jnews_primary_category":[],"jnews_social_meta":[],"jnews_override_counter":[],"footnotes":""},"categories":[4404],"post_tag":[120,247,1318],"class_list":["post-200934","post","type-post","status-publish","format-standard","has-post-thumbnail","hentry","category-saude","tag-bem-estar","tag-qualidade-de-vida","tag-saude-2"],"yoast_head":"<!-- This site is optimized with the Yoast SEO plugin v24.6 - https:\/\/yoast.com\/wordpress\/plugins\/seo\/ -->\n<title>A semente mais poderosa para f\u00edgado saud\u00e1vel e intestino regulado - Correio Braziliense - Radar<\/title>\n<meta name=\"description\" content=\"Linha\u00e7a pode ajudar a reduzir gordura no f\u00edgado e melhorar o intestino. Veja como consumir da forma correta.\" \/>\n<meta name=\"robots\" content=\"index, follow, max-snippet:-1, max-image-preview:large, max-video-preview:-1\" \/>\n<link rel=\"canonical\" href=\"https:\/\/www.correiobraziliense.com.br\/cbradar\/a-semente-mais-poderosa-para-figado-saudavel-e-intestino-regulado\/\" \/>\n<meta property=\"og:locale\" content=\"pt_BR\" \/>\n<meta property=\"og:type\" content=\"article\" \/>\n<meta property=\"og:title\" content=\"A semente mais poderosa para f\u00edgado saud\u00e1vel e intestino regulado - Correio Braziliense - Radar\" \/>\n<meta property=\"og:description\" content=\"Linha\u00e7a pode ajudar a reduzir gordura no f\u00edgado e melhorar o intestino. Veja como consumir da forma correta.\" \/>\n<meta property=\"og:url\" content=\"https:\/\/www.correiobraziliense.com.br\/cbradar\/a-semente-mais-poderosa-para-figado-saudavel-e-intestino-regulado\/\" \/>\n<meta property=\"og:site_name\" content=\"Correio Braziliense - Radar\" \/>\n<meta property=\"article:published_time\" content=\"2026-03-01T23:25:00+00:00\" \/>\n<meta property=\"og:image\" content=\"https:\/\/www.correiobraziliense.com.br\/cbradar\/wp-content\/uploads\/2025\/10\/Linhaca-_1760463081874.jpg\" \/>\n\t<meta property=\"og:image:width\" content=\"1280\" \/>\n\t<meta property=\"og:image:height\" content=\"720\" \/>\n\t<meta property=\"og:image:type\" content=\"image\/jpeg\" \/>\n<meta name=\"author\" content=\"guilherme_saude\" \/>\n<meta name=\"twitter:card\" content=\"summary_large_image\" \/>\n<meta name=\"twitter:label1\" content=\"Escrito por\" \/>\n\t<meta name=\"twitter:data1\" content=\"guilherme_saude\" \/>\n\t<meta name=\"twitter:label2\" content=\"Est. tempo de leitura\" \/>\n\t<meta name=\"twitter:data2\" content=\"5 minutos\" \/>\n<!-- \/ Yoast SEO plugin. -->","yoast_head_json":{"title":"A semente mais poderosa para f\u00edgado saud\u00e1vel e intestino regulado - Correio Braziliense - Radar","description":"Linha\u00e7a pode ajudar a reduzir gordura no f\u00edgado e melhorar o intestino. Veja como consumir da forma correta.","robots":{"index":"index","follow":"follow","max-snippet":"max-snippet:-1","max-image-preview":"max-image-preview:large","max-video-preview":"max-video-preview:-1"},"canonical":"https:\/\/www.correiobraziliense.com.br\/cbradar\/a-semente-mais-poderosa-para-figado-saudavel-e-intestino-regulado\/","og_locale":"pt_BR","og_type":"article","og_title":"A semente mais poderosa para f\u00edgado saud\u00e1vel e intestino regulado - Correio Braziliense - Radar","og_description":"Linha\u00e7a pode ajudar a reduzir gordura no f\u00edgado e melhorar o intestino. Veja como consumir da forma correta.","og_url":"https:\/\/www.correiobraziliense.com.br\/cbradar\/a-semente-mais-poderosa-para-figado-saudavel-e-intestino-regulado\/","og_site_name":"Correio Braziliense - Radar","article_published_time":"2026-03-01T23:25:00+00:00","og_image":[{"width":1280,"height":720,"url":"https:\/\/www.correiobraziliense.com.br\/cbradar\/wp-content\/uploads\/2025\/10\/Linhaca-_1760463081874.jpg","type":"image\/jpeg"}],"author":"guilherme_saude","twitter_card":"summary_large_image","twitter_misc":{"Escrito por":"guilherme_saude","Est. tempo de leitura":"5 minutos"},"schema":{"@context":"https:\/\/schema.org","@graph":[{"@type":"WebPage","@id":"https:\/\/www.correiobraziliense.com.br\/cbradar\/a-semente-mais-poderosa-para-figado-saudavel-e-intestino-regulado\/","url":"https:\/\/www.correiobraziliense.com.br\/cbradar\/a-semente-mais-poderosa-para-figado-saudavel-e-intestino-regulado\/","name":"A semente mais poderosa para f\u00edgado saud\u00e1vel e intestino regulado - Correio Braziliense - Radar","isPartOf":{"@id":"https:\/\/www.correiobraziliense.com.br\/cbradar\/#website"},"primaryImageOfPage":{"@id":"https:\/\/www.correiobraziliense.com.br\/cbradar\/a-semente-mais-poderosa-para-figado-saudavel-e-intestino-regulado\/#primaryimage"},"image":{"@id":"https:\/\/www.correiobraziliense.com.br\/cbradar\/a-semente-mais-poderosa-para-figado-saudavel-e-intestino-regulado\/#primaryimage"},"thumbnailUrl":"https:\/\/www.correiobraziliense.com.br\/cbradar\/wp-content\/uploads\/2025\/10\/Linhaca-_1760463081874.jpg","datePublished":"2026-03-01T23:25:00+00:00","author":{"@id":"https:\/\/www.correiobraziliense.com.br\/cbradar\/#\/schema\/person\/5aa4bf3c8fa699c267933611de12978b"},"description":"Linha\u00e7a pode ajudar a reduzir gordura no f\u00edgado e melhorar o intestino. Veja como consumir da forma correta.","breadcrumb":{"@id":"https:\/\/www.correiobraziliense.com.br\/cbradar\/a-semente-mais-poderosa-para-figado-saudavel-e-intestino-regulado\/#breadcrumb"},"inLanguage":"pt-BR","potentialAction":[{"@type":"ReadAction","target":["https:\/\/www.correiobraziliense.com.br\/cbradar\/a-semente-mais-poderosa-para-figado-saudavel-e-intestino-regulado\/"]}]},{"@type":"ImageObject","inLanguage":"pt-BR","@id":"https:\/\/www.correiobraziliense.com.br\/cbradar\/a-semente-mais-poderosa-para-figado-saudavel-e-intestino-regulado\/#primaryimage","url":"https:\/\/www.correiobraziliense.com.br\/cbradar\/wp-content\/uploads\/2025\/10\/Linhaca-_1760463081874.jpg","contentUrl":"https:\/\/www.correiobraziliense.com.br\/cbradar\/wp-content\/uploads\/2025\/10\/Linhaca-_1760463081874.jpg","width":1280,"height":720,"caption":"Por que a linha\u00e7a virou um dos alimentos mais importantes - Cr\u00e9ditos: depositphotos.com \/ joannawnuk"},{"@type":"BreadcrumbList","@id":"https:\/\/www.correiobraziliense.com.br\/cbradar\/a-semente-mais-poderosa-para-figado-saudavel-e-intestino-regulado\/#breadcrumb","itemListElement":[{"@type":"ListItem","position":1,"name":"In\u00edcio","item":"https:\/\/www.correiobraziliense.com.br\/cbradar\/"},{"@type":"ListItem","position":2,"name":"A semente mais poderosa para f\u00edgado saud\u00e1vel e intestino regulado"}]},{"@type":"WebSite","@id":"https:\/\/www.correiobraziliense.com.br\/cbradar\/#website","url":"https:\/\/www.correiobraziliense.com.br\/cbradar\/","name":"Correio Braziliense - Radar","description":"Acompanhe as \u00faltimas not\u00edcias e fique bem informado sobre tudo o que acontece no Brasil e no mundo.","potentialAction":[{"@type":"SearchAction","target":{"@type":"EntryPoint","urlTemplate":"https:\/\/www.correiobraziliense.com.br\/cbradar\/?s={search_term_string}"},"query-input":{"@type":"PropertyValueSpecification","valueRequired":true,"valueName":"search_term_string"}}],"inLanguage":"pt-BR"},{"@type":"Person","@id":"https:\/\/www.correiobraziliense.com.br\/cbradar\/#\/schema\/person\/5aa4bf3c8fa699c267933611de12978b","name":"guilherme_saude","image":{"@type":"ImageObject","inLanguage":"pt-BR","@id":"https:\/\/www.correiobraziliense.com.br\/cbradar\/#\/schema\/person\/image\/","url":"https:\/\/secure.gravatar.com\/avatar\/df9adfb835d344bc0af109d41756253f?s=96&d=mm&r=g","contentUrl":"https:\/\/secure.gravatar.com\/avatar\/df9adfb835d344bc0af109d41756253f?s=96&d=mm&r=g","caption":"guilherme_saude"},"url":"https:\/\/www.correiobraziliense.com.br\/cbradar\/author\/guilherme_saude\/"}]}},"_links":{"self":[{"href":"https:\/\/www.correiobraziliense.com.br\/cbradar\/wp-json\/wp\/v2\/posts\/200934","targetHints":{"allow":["GET"]}}],"collection":[{"href":"https:\/\/www.correiobraziliense.com.br\/cbradar\/wp-json\/wp\/v2\/posts"}],"about":[{"href":"https:\/\/www.correiobraziliense.com.br\/cbradar\/wp-json\/wp\/v2\/types\/post"}],"author":[{"embeddable":true,"href":"https:\/\/www.correiobraziliense.com.br\/cbradar\/wp-json\/wp\/v2\/users\/14"}],"replies":[{"embeddable":true,"href":"https:\/\/www.correiobraziliense.com.br\/cbradar\/wp-json\/wp\/v2\/comments?post=200934"}],"version-history":[{"count":1,"href":"https:\/\/www.correiobraziliense.com.br\/cbradar\/wp-json\/wp\/v2\/posts\/200934\/revisions"}],"predecessor-version":[{"id":200938,"href":"https:\/\/www.correiobraziliense.com.br\/cbradar\/wp-json\/wp\/v2\/posts\/200934\/revisions\/200938"}],"wp:featuredmedia":[{"embeddable":true,"href":"https:\/\/www.correiobraziliense.com.br\/cbradar\/wp-json\/wp\/v2\/media\/119401"}],"wp:attachment":[{"href":"https:\/\/www.correiobraziliense.com.br\/cbradar\/wp-json\/wp\/v2\/media?parent=200934"}],"wp:term":[{"taxonomy":"category","embeddable":true,"href":"https:\/\/www.correiobraziliense.com.br\/cbradar\/wp-json\/wp\/v2\/categories?post=200934"},{"taxonomy":"post_tag","embeddable":true,"href":"https:\/\/www.correiobraziliense.com.br\/cbradar\/wp-json\/wp\/v2\/post_tag?post=200934"}],"curies":[{"name":"wp","href":"https:\/\/api.w.org\/{rel}","templated":true}]}}