{"id":200955,"date":"2026-03-01T18:15:00","date_gmt":"2026-03-01T21:15:00","guid":{"rendered":"https:\/\/www.correiobraziliense.com.br\/cbradar\/?p=200955"},"modified":"2026-02-28T11:58:45","modified_gmt":"2026-02-28T14:58:45","slug":"por-que-por-que-porque-porque-ainda-e-um-dos-maiores-erros-no-dia-a-dia","status":"publish","type":"post","link":"https:\/\/www.correiobraziliense.com.br\/cbradar\/por-que-por-que-porque-porque-ainda-e-um-dos-maiores-erros-no-dia-a-dia\/","title":{"rendered":"\u201cPor que\/por qu\u00ea\/porque\/porqu\u00ea\u201d ainda \u00e9 um dos maiores erros no dia a dia"},"content":{"rendered":"\n<p>A l\u00edngua portuguesa apresenta desafios gramaticais constantes que confundem at\u00e9 os falantes mais experientes em situa\u00e7\u00f5es cotidianas de escrita. O uso das quatro formas do porqu\u00ea lidera o ranking de d\u00favidas lingu\u00edsticas, gerando inseguran\u00e7a em e-mails profissionais e mensagens r\u00e1pidas. Compreender essas regras \u00e9 fundamental para garantir uma comunica\u00e7\u00e3o clara e assertiva.<\/p>\n\n\n\n<h2 class=\"wp-block-heading\">Por que a semelhan\u00e7a gr\u00e1fica confunde tanto a mente humana?<\/h2>\n\n\n\n<p>A proximidade visual entre as quatro grafias cria um bloqueio cognitivo imediato durante a produ\u00e7\u00e3o textual acelerada na internet. O c\u00e9rebro tende a simplificar processos complexos, ignorando as nuances gramaticais que diferenciam perguntas de explica\u00e7\u00f5es diretas. Essa falta de distin\u00e7\u00e3o clara prejudica a fluidez da leitura, for\u00e7ando o leitor a interpretar o sentido pelo contexto geral da obra escrita.<\/p>\n\n\n\n<p>Sem o h\u00e1bito da leitura atenta, o escritor comum acaba utilizando apenas uma forma para todas as situa\u00e7\u00f5es comunicativas. A aus\u00eancia de uma diferencia\u00e7\u00e3o fon\u00e9tica agrava o problema, j\u00e1 que na fala n\u00e3o percebemos a mudan\u00e7a ortogr\u00e1fica. Isso torna a escrita um campo f\u00e9rtil para equ\u00edvocos, exigindo que o indiv\u00edduo fa\u00e7a um esfor\u00e7o consciente para aplicar as normas vigentes durante sua rotina.<\/p>\n\n\n\n<p>Entender a diferen\u00e7a entre as varia\u00e7\u00f5es do \u201cporqu\u00ea\u201d \u00e9 essencial para escrever com clareza e evitar erros comuns que comprometem a credibilidade do texto. Apesar de parecer confuso, o uso correto se torna simples quando compreendemos a fun\u00e7\u00e3o de cada forma na frase. No conte\u00fado do <strong>Portugu\u00eas com Let\u00edcia<\/strong>, que soma 1,7 milh\u00f5es de inscritos, voc\u00ea encontra uma explica\u00e7\u00e3o did\u00e1tica e pr\u00e1tica para dominar esse tema de vez:<\/p>\n\n\n\n<figure class=\"wp-block-embed is-type-video is-provider-youtube wp-block-embed-youtube wp-embed-aspect-16-9 wp-has-aspect-ratio\"><div class=\"wp-block-embed__wrapper\">\n<div class=\"jeg_video_container jeg_video_content\"><iframe loading=\"lazy\" title=\"\ud83d\udfe3 USO DOS PORQU\u00caS: POR QUE, PORQUE, POR QU\u00ca, PORQU\u00ca\" width=\"500\" height=\"281\" src=\"https:\/\/www.youtube.com\/embed\/0mlxn9JJqww?feature=oembed\" frameborder=\"0\" allow=\"accelerometer; autoplay; clipboard-write; encrypted-media; gyroscope; picture-in-picture; web-share\" referrerpolicy=\"strict-origin-when-cross-origin\" allowfullscreen><\/iframe><\/div>\n<\/div><\/figure>\n\n\n\n<h2 class=\"wp-block-heading\">Qual \u00e9 a l\u00f3gica por tr\u00e1s do uso separado sem acento?<\/h2>\n\n\n\n<p>Esta forma espec\u00edfica aparece geralmente no in\u00edcio de frases interrogativas ou quando pode ser substitu\u00edda pela express\u00e3o por qual raz\u00e3o. \u00c9 uma ferramenta de questionamento que exige aten\u00e7\u00e3o redobrada para n\u00e3o ser confundida com a conjun\u00e7\u00e3o explicativa. A aplica\u00e7\u00e3o correta demonstra dom\u00ednio da <strong>norma culta padr\u00e3o<\/strong>, transmitindo uma imagem de profissionalismo e cuidado com a linguagem escrita em qualquer ambiente.<\/p>\n\n\n\n<p>O uso separado tamb\u00e9m ocorre em frases onde existe um pronome relativo impl\u00edcito no meio da senten\u00e7a escrita. Identificar essa estrutura exige uma an\u00e1lise sint\u00e1tica b\u00e1sica que muitos falantes ignoram durante a correria di\u00e1ria. \u00c9 o erro mais frequente em contextos formais de trabalho e educa\u00e7\u00e3o, onde a clareza \u00e9 vital para evitar mal-entendidos ou poss\u00edveis interpreta\u00e7\u00f5es jur\u00eddicas erradas nas mensagens.<\/p>\n\n\n\n<h2 class=\"wp-block-heading\">Quais s\u00e3o os cen\u00e1rios t\u00edpicos para a grafia junta e direta?<\/h2>\n\n\n\n<p>A vers\u00e3o escrita de forma unida e sem acentua\u00e7\u00e3o funciona como uma conjun\u00e7\u00e3o para explicar motivos ou causas aparentes. Ela \u00e9 a resposta natural para os questionamentos feitos anteriormente, estabelecendo um nexo causal indispens\u00e1vel para a coes\u00e3o do texto. Sua fun\u00e7\u00e3o \u00e9 essencialmente explicativa, servindo como ponte l\u00f3gica entre uma afirma\u00e7\u00e3o anterior e sua justificativa correspondente no par\u00e1grafo. Confira a lista abaixo:<\/p>\n\n\n\n<ul class=\"wp-block-list\">\n<li>Respostas a perguntas diretas<\/li>\n\n\n\n<li>Explica\u00e7\u00f5es de causas l\u00f3gicas<\/li>\n\n\n\n<li>Substitui\u00e7\u00e3o da palavra &#8220;pois&#8221;<\/li>\n\n\n\n<li>Justificativas em textos formais<\/li>\n\n\n\n<li>Conex\u00e3o entre ideias oracionais<\/li>\n<\/ul>\n\n\n\n<h2 class=\"wp-block-heading\">Quando o acento circunflexo torna-se obrigat\u00f3rio na senten\u00e7a?<\/h2>\n\n\n\n<p>O sinal gr\u00e1fico deve ser utilizado quando a express\u00e3o aparece imediatamente antes de um sinal de pontua\u00e7\u00e3o final. O impacto fon\u00e9tico do fechamento da frase exige essa marca\u00e7\u00e3o ortogr\u00e1fica espec\u00edfica para manter a concord\u00e2ncia gramatical. \u00c9 uma regra de posicionamento que define a corre\u00e7\u00e3o textual, sendo frequentemente esquecida por quem escreve de forma apressada em aplicativos de conversas instant\u00e2neas cotidianas. Confira a lista abaixo:<\/p>\n\n\n\n<ul class=\"wp-block-list\">\n<li>Final de frases interrogativas<\/li>\n\n\n\n<li>Antes de pontos finais<\/li>\n\n\n\n<li>Antes de exclama\u00e7\u00f5es fortes<\/li>\n\n\n\n<li>Pausas isoladas na escrita<\/li>\n\n\n\n<li>Termina\u00e7\u00e3o de di\u00e1logos diretos<\/li>\n<\/ul>\n\n\n\n<h2 class=\"wp-block-heading\">Por que a forma substantivada exige o uso do artigo?<\/h2>\n\n\n\n<p>Quando a palavra assume a fun\u00e7\u00e3o de um substantivo, ela deve vir acompanhada de um artigo ou numeral definido. Nesse caso, a grafia \u00e9 junta e com acento, podendo ser trocada pelo termo motivo sem perder o sentido original. \u00c9 uma constru\u00e7\u00e3o que enriquece o vocabul\u00e1rio, conferindo um tom mais formal e estruturado para qualquer tipo de produ\u00e7\u00e3o intelectual ou acad\u00eamica.<\/p>\n\n\n\n<p>Utilizar essa forma corretamente demonstra uma sofistica\u00e7\u00e3o lingu\u00edstica que separa redatores amadores de profissionais altamente qualificados no mercado. A compreens\u00e3o do contexto substantivado permite que a mensagem seja transmitida com precis\u00e3o cir\u00fargica. \u00c9 a aplica\u00e7\u00e3o m\u00e1xima da l\u00f3gica gramatical sobre a intui\u00e7\u00e3o puramente fon\u00e9tica, garantindo que o texto atinja seus objetivos comunicativos sem gerar d\u00favidas ou ambiguidades ao leitor.<\/p>\n\n\n<div class=\"wp-block-image\">\n<figure class=\"aligncenter size-large\"><img decoding=\"async\" width=\"1024\" height=\"576\" src=\"https:\/\/www.correiobraziliense.com.br\/cbradar\/wp-content\/uploads\/2026\/03\/Gemini_Generated_Image_7svxy87svxy87svx-1-1-1024x576.png\" alt=\"\u201cPor que\/por qu\u00ea\/porque\/porqu\u00ea\u201d ainda \u00e9 um dos maiores erros no dia a dia\" class=\"wp-image-200971\" srcset=\"https:\/\/www.correiobraziliense.com.br\/cbradar\/wp-content\/uploads\/2026\/03\/Gemini_Generated_Image_7svxy87svxy87svx-1-1-1024x576.png 1024w, https:\/\/www.correiobraziliense.com.br\/cbradar\/wp-content\/uploads\/2026\/03\/Gemini_Generated_Image_7svxy87svxy87svx-1-1-300x169.png 300w, https:\/\/www.correiobraziliense.com.br\/cbradar\/wp-content\/uploads\/2026\/03\/Gemini_Generated_Image_7svxy87svxy87svx-1-1-768x432.png 768w, https:\/\/www.correiobraziliense.com.br\/cbradar\/wp-content\/uploads\/2026\/03\/Gemini_Generated_Image_7svxy87svxy87svx-1-1-750x422.png 750w, https:\/\/www.correiobraziliense.com.br\/cbradar\/wp-content\/uploads\/2026\/03\/Gemini_Generated_Image_7svxy87svxy87svx-1-1-1140x641.png 1140w, https:\/\/www.correiobraziliense.com.br\/cbradar\/wp-content\/uploads\/2026\/03\/Gemini_Generated_Image_7svxy87svxy87svx-1-1.png 1280w\" sizes=\"(max-width: 1024px) 100vw, 1024px\" \/><figcaption class=\"wp-element-caption\">\u201cPor que\/por qu\u00ea\/porque\/porqu\u00ea\u201d ainda \u00e9 um dos maiores erros no dia a dia<\/figcaption><\/figure><\/div>\n\n\n<h2 class=\"wp-block-heading\">Como o sistema educacional brasileiro organiza a ortografia?<\/h2>\n\n\n\n<p>O ensino dessas regras ocorre desde as s\u00e9ries iniciais, mas a falta de pr\u00e1tica constante leva ao esquecimento r\u00e1pido de muitos conceitos fundamentais. O \u00f3rg\u00e3o oficial respons\u00e1vel por zelar pela uniformidade da nossa l\u00edngua orienta sobre as mudan\u00e7as ortogr\u00e1ficas vigentes no pa\u00eds, visando reduzir as discrep\u00e2ncias textuais. Manter a unidade lingu\u00edstica \u00e9 um desafio constante em uma na\u00e7\u00e3o com dimens\u00f5es continentais.<\/p>\n\n\n\n<p>Para sanar d\u00favidas persistentes sobre a norma culta, \u00e9 recomend\u00e1vel consultar o <strong><a target=\"_blank\" rel=\"noreferrer noopener\" href=\"https:\/\/www.academia.org.br\/nossa-lingua\/busca-no-vocabulario\">Vocabul\u00e1rio Ortogr\u00e1fico da L\u00edngua Portuguesa<\/a><\/strong>. Este recurso digital da <strong>Academia Brasileira de Letras<\/strong> garante que qualquer cidad\u00e3o tenha acesso gratuito \u00e0 grafia correta das palavras. Consultar fontes oficiais \u00e9 a <strong>estrat\u00e9gia infal\u00edvel<\/strong> para evitar erros embara\u00e7osos, garantindo que sua escrita seja sempre respeitada e compreendida por todos os seus leitores qualificados.<\/p>\n","protected":false},"excerpt":{"rendered":"<p>A l\u00edngua portuguesa apresenta desafios gramaticais constantes que confundem at\u00e9 os falantes mais experientes em situa\u00e7\u00f5es cotidianas de escrita. O uso das quatro formas do porqu\u00ea lidera o ranking de d\u00favidas lingu\u00edsticas, gerando inseguran\u00e7a em e-mails profissionais e mensagens r\u00e1pidas. Compreender essas regras \u00e9 fundamental para garantir uma comunica\u00e7\u00e3o clara e assertiva. Por que a [&hellip;]<\/p>\n","protected":false},"author":21,"featured_media":200972,"comment_status":"open","ping_status":"open","sticky":false,"template":"","format":"standard","meta":{"_yoast_wpseo_focuskw":"Uso correto dos porqu\u00eas na l\u00edngua portuguesa","_yoast_wpseo_title":"","_yoast_wpseo_metadesc":"Os quatro porqu\u00eas confundem at\u00e9 quem escreve bem. Um detalhe sutil pode mudar totalmente o sentido da frase","jnews-multi-image_gallery":[],"jnews_single_post":{"format":"standard"},"jnews_primary_category":[],"jnews_social_meta":[],"jnews_override_counter":[],"footnotes":""},"categories":[112],"tags":[15650,15651,15652,15653],"class_list":["post-200955","post","type-post","status-publish","format-standard","has-post-thumbnail","hentry","category-curiosidades","tag-por-que","tag-por-que-2","tag-porque","tag-porque-2"],"yoast_head":"<!-- This site is optimized with the Yoast SEO plugin v24.6 - https:\/\/yoast.com\/wordpress\/plugins\/seo\/ -->\n<title>\u201cPor que\/por qu\u00ea\/porque\/porqu\u00ea\u201d ainda \u00e9 um dos maiores erros no dia a dia - Correio Braziliense - Radar<\/title>\n<meta name=\"description\" content=\"Os quatro porqu\u00eas confundem at\u00e9 quem escreve bem. Um detalhe sutil pode mudar totalmente o sentido da frase\" \/>\n<meta name=\"robots\" content=\"index, follow, max-snippet:-1, max-image-preview:large, max-video-preview:-1\" \/>\n<link rel=\"canonical\" href=\"https:\/\/www.correiobraziliense.com.br\/cbradar\/por-que-por-que-porque-porque-ainda-e-um-dos-maiores-erros-no-dia-a-dia\/\" \/>\n<meta property=\"og:locale\" content=\"pt_BR\" \/>\n<meta property=\"og:type\" content=\"article\" \/>\n<meta property=\"og:title\" content=\"\u201cPor que\/por qu\u00ea\/porque\/porqu\u00ea\u201d ainda \u00e9 um dos maiores erros no dia a dia - Correio Braziliense - Radar\" \/>\n<meta property=\"og:description\" content=\"Os quatro porqu\u00eas confundem at\u00e9 quem escreve bem. Um detalhe sutil pode mudar totalmente o sentido da frase\" \/>\n<meta property=\"og:url\" content=\"https:\/\/www.correiobraziliense.com.br\/cbradar\/por-que-por-que-porque-porque-ainda-e-um-dos-maiores-erros-no-dia-a-dia\/\" \/>\n<meta property=\"og:site_name\" content=\"Correio Braziliense - Radar\" \/>\n<meta property=\"article:published_time\" content=\"2026-03-01T21:15:00+00:00\" \/>\n<meta property=\"og:image\" content=\"https:\/\/www.correiobraziliense.com.br\/cbradar\/wp-content\/uploads\/2026\/03\/Gemini_Generated_Image_52x4y352x4y352x4-1-1.png\" \/>\n\t<meta property=\"og:image:width\" content=\"1280\" \/>\n\t<meta property=\"og:image:height\" content=\"720\" \/>\n\t<meta property=\"og:image:type\" content=\"image\/png\" \/>\n<meta name=\"author\" content=\"Patrick Silva\" \/>\n<meta name=\"twitter:card\" content=\"summary_large_image\" \/>\n<meta name=\"twitter:label1\" content=\"Escrito por\" \/>\n\t<meta name=\"twitter:data1\" content=\"Patrick Silva\" \/>\n\t<meta name=\"twitter:label2\" content=\"Est. tempo de leitura\" \/>\n\t<meta name=\"twitter:data2\" content=\"6 minutos\" \/>\n<!-- \/ Yoast SEO plugin. -->","yoast_head_json":{"title":"\u201cPor que\/por qu\u00ea\/porque\/porqu\u00ea\u201d ainda \u00e9 um dos maiores erros no dia a dia - Correio Braziliense - Radar","description":"Os quatro porqu\u00eas confundem at\u00e9 quem escreve bem. Um detalhe sutil pode mudar totalmente o sentido da frase","robots":{"index":"index","follow":"follow","max-snippet":"max-snippet:-1","max-image-preview":"max-image-preview:large","max-video-preview":"max-video-preview:-1"},"canonical":"https:\/\/www.correiobraziliense.com.br\/cbradar\/por-que-por-que-porque-porque-ainda-e-um-dos-maiores-erros-no-dia-a-dia\/","og_locale":"pt_BR","og_type":"article","og_title":"\u201cPor que\/por qu\u00ea\/porque\/porqu\u00ea\u201d ainda \u00e9 um dos maiores erros no dia a dia - Correio Braziliense - Radar","og_description":"Os quatro porqu\u00eas confundem at\u00e9 quem escreve bem. Um detalhe sutil pode mudar totalmente o sentido da frase","og_url":"https:\/\/www.correiobraziliense.com.br\/cbradar\/por-que-por-que-porque-porque-ainda-e-um-dos-maiores-erros-no-dia-a-dia\/","og_site_name":"Correio Braziliense - Radar","article_published_time":"2026-03-01T21:15:00+00:00","og_image":[{"width":1280,"height":720,"url":"https:\/\/www.correiobraziliense.com.br\/cbradar\/wp-content\/uploads\/2026\/03\/Gemini_Generated_Image_52x4y352x4y352x4-1-1.png","type":"image\/png"}],"author":"Patrick Silva","twitter_card":"summary_large_image","twitter_misc":{"Escrito por":"Patrick Silva","Est. tempo de leitura":"6 minutos"},"schema":{"@context":"https:\/\/schema.org","@graph":[{"@type":"WebPage","@id":"https:\/\/www.correiobraziliense.com.br\/cbradar\/por-que-por-que-porque-porque-ainda-e-um-dos-maiores-erros-no-dia-a-dia\/","url":"https:\/\/www.correiobraziliense.com.br\/cbradar\/por-que-por-que-porque-porque-ainda-e-um-dos-maiores-erros-no-dia-a-dia\/","name":"\u201cPor que\/por qu\u00ea\/porque\/porqu\u00ea\u201d ainda \u00e9 um dos maiores erros no dia a dia - Correio Braziliense - Radar","isPartOf":{"@id":"https:\/\/www.correiobraziliense.com.br\/cbradar\/#website"},"primaryImageOfPage":{"@id":"https:\/\/www.correiobraziliense.com.br\/cbradar\/por-que-por-que-porque-porque-ainda-e-um-dos-maiores-erros-no-dia-a-dia\/#primaryimage"},"image":{"@id":"https:\/\/www.correiobraziliense.com.br\/cbradar\/por-que-por-que-porque-porque-ainda-e-um-dos-maiores-erros-no-dia-a-dia\/#primaryimage"},"thumbnailUrl":"https:\/\/www.correiobraziliense.com.br\/cbradar\/wp-content\/uploads\/2026\/03\/Gemini_Generated_Image_52x4y352x4y352x4-1-1.png","datePublished":"2026-03-01T21:15:00+00:00","author":{"@id":"https:\/\/www.correiobraziliense.com.br\/cbradar\/#\/schema\/person\/5440b72be9c7eb74f446c846479dc4da"},"description":"Os quatro porqu\u00eas confundem at\u00e9 quem escreve bem. Um detalhe sutil pode mudar totalmente o sentido da frase","breadcrumb":{"@id":"https:\/\/www.correiobraziliense.com.br\/cbradar\/por-que-por-que-porque-porque-ainda-e-um-dos-maiores-erros-no-dia-a-dia\/#breadcrumb"},"inLanguage":"pt-BR","potentialAction":[{"@type":"ReadAction","target":["https:\/\/www.correiobraziliense.com.br\/cbradar\/por-que-por-que-porque-porque-ainda-e-um-dos-maiores-erros-no-dia-a-dia\/"]}]},{"@type":"ImageObject","inLanguage":"pt-BR","@id":"https:\/\/www.correiobraziliense.com.br\/cbradar\/por-que-por-que-porque-porque-ainda-e-um-dos-maiores-erros-no-dia-a-dia\/#primaryimage","url":"https:\/\/www.correiobraziliense.com.br\/cbradar\/wp-content\/uploads\/2026\/03\/Gemini_Generated_Image_52x4y352x4y352x4-1-1.png","contentUrl":"https:\/\/www.correiobraziliense.com.br\/cbradar\/wp-content\/uploads\/2026\/03\/Gemini_Generated_Image_52x4y352x4y352x4-1-1.png","width":1280,"height":720,"caption":"\u201cPor que\/por qu\u00ea\/porque\/porqu\u00ea\u201d ainda \u00e9 um dos maiores erros no dia a dia"},{"@type":"BreadcrumbList","@id":"https:\/\/www.correiobraziliense.com.br\/cbradar\/por-que-por-que-porque-porque-ainda-e-um-dos-maiores-erros-no-dia-a-dia\/#breadcrumb","itemListElement":[{"@type":"ListItem","position":1,"name":"In\u00edcio","item":"https:\/\/www.correiobraziliense.com.br\/cbradar\/"},{"@type":"ListItem","position":2,"name":"\u201cPor que\/por qu\u00ea\/porque\/porqu\u00ea\u201d ainda \u00e9 um dos maiores erros no dia a dia"}]},{"@type":"WebSite","@id":"https:\/\/www.correiobraziliense.com.br\/cbradar\/#website","url":"https:\/\/www.correiobraziliense.com.br\/cbradar\/","name":"Correio Braziliense - Radar","description":"Acompanhe as \u00faltimas not\u00edcias e fique bem informado sobre tudo o que acontece no Brasil e no mundo.","potentialAction":[{"@type":"SearchAction","target":{"@type":"EntryPoint","urlTemplate":"https:\/\/www.correiobraziliense.com.br\/cbradar\/?s={search_term_string}"},"query-input":{"@type":"PropertyValueSpecification","valueRequired":true,"valueName":"search_term_string"}}],"inLanguage":"pt-BR"},{"@type":"Person","@id":"https:\/\/www.correiobraziliense.com.br\/cbradar\/#\/schema\/person\/5440b72be9c7eb74f446c846479dc4da","name":"Patrick Silva","image":{"@type":"ImageObject","inLanguage":"pt-BR","@id":"https:\/\/www.correiobraziliense.com.br\/cbradar\/#\/schema\/person\/image\/","url":"https:\/\/secure.gravatar.com\/avatar\/944109df296fc087785c9715fd5f80b2?s=96&d=mm&r=g","contentUrl":"https:\/\/secure.gravatar.com\/avatar\/944109df296fc087785c9715fd5f80b2?s=96&d=mm&r=g","caption":"Patrick Silva"},"sameAs":["https:\/\/www.correiobraziliense.com.br\/cbradar\/"],"url":"https:\/\/www.correiobraziliense.com.br\/cbradar\/author\/patrick-silva\/"}]}},"_links":{"self":[{"href":"https:\/\/www.correiobraziliense.com.br\/cbradar\/wp-json\/wp\/v2\/posts\/200955","targetHints":{"allow":["GET"]}}],"collection":[{"href":"https:\/\/www.correiobraziliense.com.br\/cbradar\/wp-json\/wp\/v2\/posts"}],"about":[{"href":"https:\/\/www.correiobraziliense.com.br\/cbradar\/wp-json\/wp\/v2\/types\/post"}],"author":[{"embeddable":true,"href":"https:\/\/www.correiobraziliense.com.br\/cbradar\/wp-json\/wp\/v2\/users\/21"}],"replies":[{"embeddable":true,"href":"https:\/\/www.correiobraziliense.com.br\/cbradar\/wp-json\/wp\/v2\/comments?post=200955"}],"version-history":[{"count":5,"href":"https:\/\/www.correiobraziliense.com.br\/cbradar\/wp-json\/wp\/v2\/posts\/200955\/revisions"}],"predecessor-version":[{"id":200973,"href":"https:\/\/www.correiobraziliense.com.br\/cbradar\/wp-json\/wp\/v2\/posts\/200955\/revisions\/200973"}],"wp:featuredmedia":[{"embeddable":true,"href":"https:\/\/www.correiobraziliense.com.br\/cbradar\/wp-json\/wp\/v2\/media\/200972"}],"wp:attachment":[{"href":"https:\/\/www.correiobraziliense.com.br\/cbradar\/wp-json\/wp\/v2\/media?parent=200955"}],"wp:term":[{"taxonomy":"category","embeddable":true,"href":"https:\/\/www.correiobraziliense.com.br\/cbradar\/wp-json\/wp\/v2\/categories?post=200955"},{"taxonomy":"post_tag","embeddable":true,"href":"https:\/\/www.correiobraziliense.com.br\/cbradar\/wp-json\/wp\/v2\/tags?post=200955"}],"curies":[{"name":"wp","href":"https:\/\/api.w.org\/{rel}","templated":true}]}}