{"id":20133,"date":"2025-04-07T18:30:00","date_gmt":"2025-04-07T21:30:00","guid":{"rendered":"https:\/\/www.correiobraziliense.com.br\/cbradar\/?p=20133"},"modified":"2025-04-06T20:25:40","modified_gmt":"2025-04-06T23:25:40","slug":"veja-as-incriveis-cachoeiras-que-ficam-no-coracao-da-bahia","status":"publish","type":"post","link":"https:\/\/www.correiobraziliense.com.br\/cbradar\/veja-as-incriveis-cachoeiras-que-ficam-no-coracao-da-bahia\/","title":{"rendered":"Veja as incr\u00edveis cachoeiras que ficam no cora\u00e7\u00e3o da Bahia!"},"content":{"rendered":"\n<p>A <strong>Chapada Diamantina<\/strong>, localizada no cora\u00e7\u00e3o da <strong><a href=\"https:\/\/salvador.ba.gov.br\/\" target=\"_blank\" rel=\"noreferrer noopener\">Bahia<\/a><\/strong>, \u00e9 um dos destinos mais encantadores do <strong><a href=\"https:\/\/www.correiobraziliense.com.br\/cbradar\/youtube-premium-aumenta-preco-no-brasil-veja-mudancas\/\" target=\"_blank\" rel=\"noreferrer noopener\">Brasil<\/a><\/strong>. Com paisagens exuberantes, cachoeiras monumentais, grutas cristalinas e vilarejos cheios de charme, o local atrai amantes da natureza e do ecoturismo de todas as partes. Al\u00e9m de sua riqueza natural, a regi\u00e3o carrega um legado hist\u00f3rico marcado pelo ciclo do diamante e pela influ\u00eancia de culturas diversas.<\/p>\n\n\n\n<p>Neste artigo, voc\u00ea vai descobrir tudo sobre o turismo em <strong>Chapada Diamantina, BA<\/strong>, com respostas para d\u00favidas comuns como: qual a melhor \u00e9poca para visitar, como se locomover, onde se hospedar e o que n\u00e3o deixar de ver. Continue a leitura e se inspire para viver uma das experi\u00eancias mais inesquec\u00edveis do seu roteiro pelo <strong>Nordeste brasileiro<\/strong>.<\/p>\n\n\n\n<h2 class=\"wp-block-heading\">Qual \u00e9 a hist\u00f3ria de Chapada Diamantina?<\/h2>\n\n\n\n<p>A hist\u00f3ria da <strong>Chapada Diamantina<\/strong> remonta ao s\u00e9culo <strong>XVIII<\/strong>, quando a regi\u00e3o come\u00e7ou a ser explorada pelos bandeirantes em busca de ouro e pedras preciosas. O auge veio no s\u00e9culo <strong>XIX<\/strong> com a descoberta de diamantes, o que provocou uma corrida garimpeira e o surgimento de vilas como <strong>Len\u00e7\u00f3is<\/strong>, <strong>Mucug\u00ea<\/strong> e <strong>Andara\u00ed<\/strong>, que prosperaram rapidamente. Esses vilarejos ainda preservam casar\u00f5es coloniais e ruas de pedra, testemunhas de um tempo em que o brilho das pedras moldava a economia local.<\/p>\n\n\n\n<p>Com o decl\u00ednio da atividade garimpeira no s\u00e9culo <strong>XX<\/strong>, a regi\u00e3o passou a investir no turismo e na preserva\u00e7\u00e3o ambiental. A cria\u00e7\u00e3o do <strong>Parque Nacional da Chapada Diamantina<\/strong>, em <strong>1985<\/strong>, foi um marco na valoriza\u00e7\u00e3o de sua biodiversidade. Hoje, a hist\u00f3ria da cidade se revela nos museus, nas festas tradicionais e na arquitetura preservada, permitindo aos visitantes uma viagem ao passado em meio \u00e0 beleza do presente.<\/p>\n\n\n<div class=\"wp-block-image\">\n<figure class=\"aligncenter size-large\"><img decoding=\"async\" width=\"1024\" height=\"576\" src=\"https:\/\/www.correiobraziliense.com.br\/cbradar\/wp-content\/uploads\/2025\/02\/Chapada-Diamantina_1739513906758-1024x576.jpg\" alt=\"Conhe\u00e7a o melhor lugar no Brasil para o ecoturismo\" class=\"wp-image-2643\" srcset=\"https:\/\/www.correiobraziliense.com.br\/cbradar\/wp-content\/uploads\/2025\/02\/Chapada-Diamantina_1739513906758-1024x576.jpg 1024w, https:\/\/www.correiobraziliense.com.br\/cbradar\/wp-content\/uploads\/2025\/02\/Chapada-Diamantina_1739513906758-300x169.jpg 300w, https:\/\/www.correiobraziliense.com.br\/cbradar\/wp-content\/uploads\/2025\/02\/Chapada-Diamantina_1739513906758-768x432.jpg 768w, https:\/\/www.correiobraziliense.com.br\/cbradar\/wp-content\/uploads\/2025\/02\/Chapada-Diamantina_1739513906758-750x422.jpg 750w, https:\/\/www.correiobraziliense.com.br\/cbradar\/wp-content\/uploads\/2025\/02\/Chapada-Diamantina_1739513906758-1140x641.jpg 1140w, https:\/\/www.correiobraziliense.com.br\/cbradar\/wp-content\/uploads\/2025\/02\/Chapada-Diamantina_1739513906758.jpg 1280w\" sizes=\"(max-width: 1024px) 100vw, 1024px\" \/><figcaption class=\"wp-element-caption\">Chapada Diamantina \/\/ Cr\u00e9ditos: depositphotos.com \/ temaiseme<\/figcaption><\/figure><\/div>\n\n\n<h2 class=\"wp-block-heading\">Quais s\u00e3o as curiosidades mais interessantes sobre Chapada Diamantina?<\/h2>\n\n\n\n<p>Um dos fatos mais curiosos da <strong>Chapada Diamantina<\/strong> \u00e9 que a lend\u00e1ria <strong>Cachoeira da Fuma\u00e7a<\/strong>, com seus impressionantes <strong>340 metros<\/strong> de altura, \u00e9 considerada uma das mais altas do <strong>Brasil<\/strong>. Outra peculiaridade \u00e9 a exist\u00eancia do <strong>Po\u00e7o Encantado<\/strong> e do <strong>Po\u00e7o Azul<\/strong>, onde os visitantes podem ver a \u00e1gua t\u00e3o cristalina que \u00e9 poss\u00edvel enxergar o fundo a dezenas de metros de profundidade, principalmente entre os meses de <strong>abril<\/strong> e <strong>setembro<\/strong>, quando a luz penetra de forma m\u00e1gica nas cavernas.<\/p>\n\n\n\n<p>A regi\u00e3o tamb\u00e9m \u00e9 cercada por mitos e tradi\u00e7\u00f5es. Uma das mais conhecidas \u00e9 a lenda do \u201cDiamante Negro\u201d, um tesouro escondido que teria sido enterrado por antigos garimpeiros. S\u00edmbolos como o <strong>bras\u00e3o de Len\u00e7\u00f3is<\/strong> e a bandeira com representa\u00e7\u00f5es das serras e rios refor\u00e7am a identidade local. Esses elementos, aliados ao folclore e \u00e0s festas t\u00edpicas, ajudam a construir a atmosfera m\u00edstica e \u00fanica da regi\u00e3o.<\/p>\n\n\n\n<h2 class=\"wp-block-heading\">Quais s\u00e3o os principais pontos tur\u00edsticos de Chapada Diamantina?<\/h2>\n\n\n\n<p>Entre os atrativos mais procurados da <strong>Chapada Diamantina<\/strong> est\u00e1 o <strong>Morro do Pai In\u00e1cio<\/strong>, famoso pelo p\u00f4r do sol inesquec\u00edvel e pelo visual panor\u00e2mico das montanhas. A <strong>Cachoeira da Fuma\u00e7a<\/strong>, o <strong>Vale do Pati<\/strong> e a <strong>Gruta da Pratinha<\/strong> tamb\u00e9m est\u00e3o entre os cart\u00f5es-postais mais visitados, encantando os turistas com suas belezas naturais. A maioria dessas atra\u00e7\u00f5es est\u00e1 localizada dentro do <strong>Parque Nacional<\/strong>, e muitas exigem trilhas de n\u00edveis variados \u2014 por isso, \u00e9 importante planejar os roteiros com anteced\u00eancia.<\/p>\n\n\n\n<p>A melhor \u00e9poca para visitar esses lugares costuma ser durante a esta\u00e7\u00e3o seca, de <strong>maio<\/strong> a <strong>setembro<\/strong>, quando as trilhas est\u00e3o mais seguras e o c\u00e9u limpo favorece os visuais. J\u00e1 para quem deseja ver as cachoeiras com mais volume, o per\u00edodo de chuvas, entre <strong>dezembro<\/strong> e <strong>mar\u00e7o<\/strong>, pode ser interessante. Roteiros que combinam visitas ao <strong>Vale do Cap\u00e3o<\/strong>, ao <strong>Po\u00e7o do Diabo<\/strong> e aos mirantes naturais oferecem uma imers\u00e3o completa na ess\u00eancia da regi\u00e3o.<\/p>\n\n\n\n<h2 class=\"wp-block-heading\">Como \u00e9 o clima local e qual a melhor \u00e9poca para visitar?<\/h2>\n\n\n\n<p>O clima da <strong>Chapada Diamantina<\/strong> \u00e9 predominantemente tropical de altitude, com varia\u00e7\u00f5es significativas entre o dia e a noite. As temperaturas m\u00e9dias anuais ficam entre <strong>15\u00b0C<\/strong> e <strong>30\u00b0C<\/strong>, mas em \u00e1reas mais altas, como no <strong>Vale do Cap\u00e3o<\/strong>, os term\u00f4metros podem marcar at\u00e9 <strong>10\u00b0C<\/strong> nas madrugadas de inverno. A esta\u00e7\u00e3o seca vai de <strong>maio<\/strong> a <strong>setembro<\/strong>, e o ver\u00e3o costuma trazer chuvas mais frequentes, especialmente nos meses de <strong>dezembro<\/strong> e <strong>janeiro<\/strong>.<\/p>\n\n\n\n<p>Para os viajantes que desejam explorar trilhas, mirantes e cavernas, o per\u00edodo mais indicado \u00e9 o da seca, que garante maior seguran\u00e7a e melhor visibilidade. J\u00e1 os aventureiros em busca de cachoeiras volumosas e paisagens verdejantes podem optar pelos meses de chuva. Levar roupas leves para o dia, casacos para a noite e cal\u00e7ados confort\u00e1veis \u00e9 essencial para aproveitar ao m\u00e1ximo o turismo em <strong>Chapada Diamantina, BA<\/strong>.<\/p>\n\n\n\n<h2 class=\"wp-block-heading\">O que fazer na cidade al\u00e9m dos pontos tur\u00edsticos?<\/h2>\n\n\n\n<p>Al\u00e9m dos grandes atrativos naturais, a <strong>Chapada Diamantina<\/strong> oferece experi\u00eancias culturais que tornam a viagem ainda mais rica. As feiras de <strong>Len\u00e7\u00f3is<\/strong> e <strong>Mucug\u00ea<\/strong> s\u00e3o \u00f3timas para provar quitutes regionais, comprar artesanato e sentir o ritmo da vida local. Passear pelo centro hist\u00f3rico de <strong>Igatu<\/strong>, conhecido como \u201cCidade de Pedra\u201d, \u00e9 como voltar no tempo. Para os f\u00e3s de gastronomia, restaurantes como o <strong>Caf\u00e9 do Mato<\/strong>, em <strong>Len\u00e7\u00f3is<\/strong>, apresentam pratos que combinam sabores locais com toques contempor\u00e2neos.<\/p>\n\n\n\n<p>Na hora de se hospedar, h\u00e1 op\u00e7\u00f5es para todos os estilos e bolsos. Desde pousadas charmosas e r\u00fasticas, como em <strong>Vale do Cap\u00e3o<\/strong>, at\u00e9 hot\u00e9is mais estruturados em <strong>Len\u00e7\u00f3is<\/strong>, que tamb\u00e9m serve como base para explorar a regi\u00e3o. O transporte pode ser feito por meio de ag\u00eancias tur\u00edsticas, aplicativos em \u00e1reas urbanas ou aluguel de carros para maior flexibilidade, especialmente para quem pretende visitar diferentes pontos afastados.<\/p>\n\n\n\n<h2 class=\"wp-block-heading\">Quais s\u00e3o as dicas essenciais para quem visita?<\/h2>\n\n\n\n<p>\u00c9 importante estar atento \u00e0 seguran\u00e7a, principalmente em trilhas longas ou isoladas. Leve sempre \u00e1gua, protetor solar, lanterna e informe-se com guias locais sobre as rotas. Evite deixar pertences vis\u00edveis no carro e prefira guardar objetos de valor no hotel. O transporte p\u00fablico na regi\u00e3o \u00e9 limitado, por isso, agendar passeios com anteced\u00eancia ou optar por aluguel de ve\u00edculos pode facilitar muito o deslocamento.<\/p>\n\n\n\n<p>Para economizar, procure viajar fora dos feriados prolongados e da alta temporada. Sites especializados e redes sociais costumam divulgar cupons de desconto em hospedagens e passeios. Evite cair em armadilhas de pacotes tur\u00edsticos muito baratos sem refer\u00eancia. Verifique sempre avalia\u00e7\u00f5es e indica\u00e7\u00f5es de viajantes para garantir uma experi\u00eancia tranquila e aut\u00eantica.<\/p>\n\n\n\n<h2 class=\"wp-block-heading\">Perguntas frequentes (FAQ)<\/h2>\n\n\n\n<p><strong>Qual \u00e9 a melhor \u00e9poca do ano para visitar Chapada Diamantina?<\/strong><br>Geralmente, depende do clima e dos eventos locais, como festivais ou feriados.<\/p>\n\n\n\n<p><strong>Quais pratos t\u00edpicos devem ser experimentados?<\/strong><br>Busque restaurantes tradicionais para provar a culin\u00e1ria local de <strong>Chapada Diamantina<\/strong>.<\/p>\n\n\n\n<p><strong>Quais s\u00e3o as melhores op\u00e7\u00f5es de transporte na cidade?<\/strong><br>Use \u00f4nibus, t\u00e1xis, aplicativos ou aluguel de bicicletas, dependendo da infraestrutura de <strong>Chapada Diamantina<\/strong>.<\/p>\n\n\n\n<p><strong>Chapada Diamantina \u00e9 segura para turistas?<\/strong><br>Em geral, sim, mas \u00e9 importante manter os cuidados de praxe em qualquer grande centro urbano.<\/p>\n\n\n\n<p><strong>Que eventos e festivais ocorrem anualmente em Chapada Diamantina?<\/strong><br>H\u00e1 celebra\u00e7\u00f5es religiosas, gastron\u00f4micas ou art\u00edsticas ao longo do ano; consulte calend\u00e1rios oficiais para se programar.<\/p>\n","protected":false},"excerpt":{"rendered":"<p>A Chapada Diamantina, localizada no cora\u00e7\u00e3o da Bahia, \u00e9 um dos destinos mais encantadores do Brasil. Com paisagens exuberantes, cachoeiras monumentais, grutas cristalinas e vilarejos cheios de charme, o local atrai amantes da natureza e do ecoturismo de todas as partes. Al\u00e9m de sua riqueza natural, a regi\u00e3o carrega um legado hist\u00f3rico marcado pelo ciclo [&hellip;]<\/p>\n","protected":false},"author":8,"featured_media":2645,"comment_status":"open","ping_status":"open","sticky":false,"template":"","format":"standard","meta":{"_yoast_wpseo_focuskw":"cachoeiras","_yoast_wpseo_title":"","_yoast_wpseo_metadesc":"Descubra as cachoeiras mais incr\u00edveis da Bahia! Natureza exuberante, trilhas e banhos refrescantes no cora\u00e7\u00e3o do estado.","jnews-multi-image_gallery":[],"jnews_single_post":{"format":"standard"},"jnews_primary_category":[],"jnews_social_meta":[],"jnews_override_counter":[],"footnotes":""},"categories":[108,111],"tags":[483,678],"class_list":["post-20133","post","type-post","status-publish","format-standard","has-post-thumbnail","hentry","category-cidades","category-turismo","tag-bahia","tag-chapada-diamantina"],"yoast_head":"<!-- This site is optimized with the Yoast SEO plugin v24.6 - https:\/\/yoast.com\/wordpress\/plugins\/seo\/ -->\n<title>Veja as incr\u00edveis cachoeiras que ficam no cora\u00e7\u00e3o da Bahia! - Correio Braziliense - Radar<\/title>\n<meta name=\"description\" content=\"Descubra as cachoeiras mais incr\u00edveis da Bahia! Natureza exuberante, trilhas e banhos refrescantes no cora\u00e7\u00e3o do estado.\" \/>\n<meta name=\"robots\" content=\"index, follow, max-snippet:-1, max-image-preview:large, max-video-preview:-1\" \/>\n<link rel=\"canonical\" href=\"https:\/\/www.correiobraziliense.com.br\/cbradar\/veja-as-incriveis-cachoeiras-que-ficam-no-coracao-da-bahia\/\" \/>\n<meta property=\"og:locale\" content=\"pt_BR\" \/>\n<meta property=\"og:type\" content=\"article\" \/>\n<meta property=\"og:title\" content=\"Veja as incr\u00edveis cachoeiras que ficam no cora\u00e7\u00e3o da Bahia! - Correio Braziliense - Radar\" \/>\n<meta property=\"og:description\" content=\"Descubra as cachoeiras mais incr\u00edveis da Bahia! Natureza exuberante, trilhas e banhos refrescantes no cora\u00e7\u00e3o do estado.\" \/>\n<meta property=\"og:url\" content=\"https:\/\/www.correiobraziliense.com.br\/cbradar\/veja-as-incriveis-cachoeiras-que-ficam-no-coracao-da-bahia\/\" \/>\n<meta property=\"og:site_name\" content=\"Correio Braziliense - Radar\" \/>\n<meta property=\"article:published_time\" content=\"2025-04-07T21:30:00+00:00\" \/>\n<meta property=\"og:image\" content=\"https:\/\/www.correiobraziliense.com.br\/cbradar\/wp-content\/uploads\/2025\/02\/Chapada-Diamantina_1739513927780.jpg\" \/>\n\t<meta property=\"og:image:width\" content=\"1280\" \/>\n\t<meta property=\"og:image:height\" content=\"720\" \/>\n\t<meta property=\"og:image:type\" content=\"image\/jpeg\" \/>\n<meta name=\"author\" content=\"Maura Pereira\" \/>\n<meta name=\"twitter:card\" content=\"summary_large_image\" \/>\n<meta name=\"twitter:label1\" content=\"Escrito por\" \/>\n\t<meta name=\"twitter:data1\" content=\"Maura Pereira\" \/>\n\t<meta name=\"twitter:label2\" content=\"Est. tempo de leitura\" \/>\n\t<meta name=\"twitter:data2\" content=\"7 minutos\" \/>\n<!-- \/ Yoast SEO plugin. -->","yoast_head_json":{"title":"Veja as incr\u00edveis cachoeiras que ficam no cora\u00e7\u00e3o da Bahia! - Correio Braziliense - Radar","description":"Descubra as cachoeiras mais incr\u00edveis da Bahia! Natureza exuberante, trilhas e banhos refrescantes no cora\u00e7\u00e3o do estado.","robots":{"index":"index","follow":"follow","max-snippet":"max-snippet:-1","max-image-preview":"max-image-preview:large","max-video-preview":"max-video-preview:-1"},"canonical":"https:\/\/www.correiobraziliense.com.br\/cbradar\/veja-as-incriveis-cachoeiras-que-ficam-no-coracao-da-bahia\/","og_locale":"pt_BR","og_type":"article","og_title":"Veja as incr\u00edveis cachoeiras que ficam no cora\u00e7\u00e3o da Bahia! - Correio Braziliense - Radar","og_description":"Descubra as cachoeiras mais incr\u00edveis da Bahia! Natureza exuberante, trilhas e banhos refrescantes no cora\u00e7\u00e3o do estado.","og_url":"https:\/\/www.correiobraziliense.com.br\/cbradar\/veja-as-incriveis-cachoeiras-que-ficam-no-coracao-da-bahia\/","og_site_name":"Correio Braziliense - Radar","article_published_time":"2025-04-07T21:30:00+00:00","og_image":[{"width":1280,"height":720,"url":"https:\/\/www.correiobraziliense.com.br\/cbradar\/wp-content\/uploads\/2025\/02\/Chapada-Diamantina_1739513927780.jpg","type":"image\/jpeg"}],"author":"Maura Pereira","twitter_card":"summary_large_image","twitter_misc":{"Escrito por":"Maura Pereira","Est. tempo de leitura":"7 minutos"},"schema":{"@context":"https:\/\/schema.org","@graph":[{"@type":"WebPage","@id":"https:\/\/www.correiobraziliense.com.br\/cbradar\/veja-as-incriveis-cachoeiras-que-ficam-no-coracao-da-bahia\/","url":"https:\/\/www.correiobraziliense.com.br\/cbradar\/veja-as-incriveis-cachoeiras-que-ficam-no-coracao-da-bahia\/","name":"Veja as incr\u00edveis cachoeiras que ficam no cora\u00e7\u00e3o da Bahia! - Correio Braziliense - Radar","isPartOf":{"@id":"https:\/\/www.correiobraziliense.com.br\/cbradar\/#website"},"primaryImageOfPage":{"@id":"https:\/\/www.correiobraziliense.com.br\/cbradar\/veja-as-incriveis-cachoeiras-que-ficam-no-coracao-da-bahia\/#primaryimage"},"image":{"@id":"https:\/\/www.correiobraziliense.com.br\/cbradar\/veja-as-incriveis-cachoeiras-que-ficam-no-coracao-da-bahia\/#primaryimage"},"thumbnailUrl":"https:\/\/www.correiobraziliense.com.br\/cbradar\/wp-content\/uploads\/2025\/02\/Chapada-Diamantina_1739513927780.jpg","datePublished":"2025-04-07T21:30:00+00:00","author":{"@id":"https:\/\/www.correiobraziliense.com.br\/cbradar\/#\/schema\/person\/4053c651a9bfc785afc6f4cbc9032fd3"},"description":"Descubra as cachoeiras mais incr\u00edveis da Bahia! Natureza exuberante, trilhas e banhos refrescantes no cora\u00e7\u00e3o do estado.","breadcrumb":{"@id":"https:\/\/www.correiobraziliense.com.br\/cbradar\/veja-as-incriveis-cachoeiras-que-ficam-no-coracao-da-bahia\/#breadcrumb"},"inLanguage":"pt-BR","potentialAction":[{"@type":"ReadAction","target":["https:\/\/www.correiobraziliense.com.br\/cbradar\/veja-as-incriveis-cachoeiras-que-ficam-no-coracao-da-bahia\/"]}]},{"@type":"ImageObject","inLanguage":"pt-BR","@id":"https:\/\/www.correiobraziliense.com.br\/cbradar\/veja-as-incriveis-cachoeiras-que-ficam-no-coracao-da-bahia\/#primaryimage","url":"https:\/\/www.correiobraziliense.com.br\/cbradar\/wp-content\/uploads\/2025\/02\/Chapada-Diamantina_1739513927780.jpg","contentUrl":"https:\/\/www.correiobraziliense.com.br\/cbradar\/wp-content\/uploads\/2025\/02\/Chapada-Diamantina_1739513927780.jpg","width":1280,"height":720,"caption":"Explore a Chapada Diamantina e conecte-se com a natureza em paisagens de tirar o f\u00f4lego \/\/ Cr\u00e9ditos: depositphotos.com \/ Elena Skalovskaia"},{"@type":"BreadcrumbList","@id":"https:\/\/www.correiobraziliense.com.br\/cbradar\/veja-as-incriveis-cachoeiras-que-ficam-no-coracao-da-bahia\/#breadcrumb","itemListElement":[{"@type":"ListItem","position":1,"name":"In\u00edcio","item":"https:\/\/www.correiobraziliense.com.br\/cbradar\/"},{"@type":"ListItem","position":2,"name":"Veja as incr\u00edveis cachoeiras que ficam no cora\u00e7\u00e3o da Bahia!"}]},{"@type":"WebSite","@id":"https:\/\/www.correiobraziliense.com.br\/cbradar\/#website","url":"https:\/\/www.correiobraziliense.com.br\/cbradar\/","name":"Correio Braziliense - Radar","description":"Acompanhe as \u00faltimas not\u00edcias e fique bem informado sobre tudo o que acontece no Brasil e no mundo.","potentialAction":[{"@type":"SearchAction","target":{"@type":"EntryPoint","urlTemplate":"https:\/\/www.correiobraziliense.com.br\/cbradar\/?s={search_term_string}"},"query-input":{"@type":"PropertyValueSpecification","valueRequired":true,"valueName":"search_term_string"}}],"inLanguage":"pt-BR"},{"@type":"Person","@id":"https:\/\/www.correiobraziliense.com.br\/cbradar\/#\/schema\/person\/4053c651a9bfc785afc6f4cbc9032fd3","name":"Maura Pereira","image":{"@type":"ImageObject","inLanguage":"pt-BR","@id":"https:\/\/www.correiobraziliense.com.br\/cbradar\/#\/schema\/person\/image\/","url":"https:\/\/secure.gravatar.com\/avatar\/3effd6bdadfa447f15089c7f7144eaa6?s=96&d=mm&r=g","contentUrl":"https:\/\/secure.gravatar.com\/avatar\/3effd6bdadfa447f15089c7f7144eaa6?s=96&d=mm&r=g","caption":"Maura Pereira"},"sameAs":["https:\/\/www.correiobraziliense.com.br\/"],"url":"https:\/\/www.correiobraziliense.com.br\/cbradar\/author\/mauramyth\/"}]}},"_links":{"self":[{"href":"https:\/\/www.correiobraziliense.com.br\/cbradar\/wp-json\/wp\/v2\/posts\/20133","targetHints":{"allow":["GET"]}}],"collection":[{"href":"https:\/\/www.correiobraziliense.com.br\/cbradar\/wp-json\/wp\/v2\/posts"}],"about":[{"href":"https:\/\/www.correiobraziliense.com.br\/cbradar\/wp-json\/wp\/v2\/types\/post"}],"author":[{"embeddable":true,"href":"https:\/\/www.correiobraziliense.com.br\/cbradar\/wp-json\/wp\/v2\/users\/8"}],"replies":[{"embeddable":true,"href":"https:\/\/www.correiobraziliense.com.br\/cbradar\/wp-json\/wp\/v2\/comments?post=20133"}],"version-history":[{"count":7,"href":"https:\/\/www.correiobraziliense.com.br\/cbradar\/wp-json\/wp\/v2\/posts\/20133\/revisions"}],"predecessor-version":[{"id":20184,"href":"https:\/\/www.correiobraziliense.com.br\/cbradar\/wp-json\/wp\/v2\/posts\/20133\/revisions\/20184"}],"wp:featuredmedia":[{"embeddable":true,"href":"https:\/\/www.correiobraziliense.com.br\/cbradar\/wp-json\/wp\/v2\/media\/2645"}],"wp:attachment":[{"href":"https:\/\/www.correiobraziliense.com.br\/cbradar\/wp-json\/wp\/v2\/media?parent=20133"}],"wp:term":[{"taxonomy":"category","embeddable":true,"href":"https:\/\/www.correiobraziliense.com.br\/cbradar\/wp-json\/wp\/v2\/categories?post=20133"},{"taxonomy":"post_tag","embeddable":true,"href":"https:\/\/www.correiobraziliense.com.br\/cbradar\/wp-json\/wp\/v2\/tags?post=20133"}],"curies":[{"name":"wp","href":"https:\/\/api.w.org\/{rel}","templated":true}]}}