{"id":201347,"date":"2026-03-02T06:05:00","date_gmt":"2026-03-02T09:05:00","guid":{"rendered":"https:\/\/www.correiobraziliense.com.br\/cbradar\/?p=201347"},"modified":"2026-03-01T14:13:20","modified_gmt":"2026-03-01T17:13:20","slug":"suco-de-cereja-acida-melhora-o-sono-profundo-e-reduz-inflamacao","status":"publish","type":"post","link":"https:\/\/www.correiobraziliense.com.br\/cbradar\/suco-de-cereja-acida-melhora-o-sono-profundo-e-reduz-inflamacao\/","title":{"rendered":"Suco de cereja \u00e1cida melhora o sono profundo e reduz inflama\u00e7\u00e3o"},"content":{"rendered":"\n<p>A qualidade do sono \u00e9 um fator essencial para o bem-estar geral, e muitos buscam m\u00e9todos naturais para melhorar o descanso noturno. Uma forma acess\u00edvel e eficiente de promover o sono \u00e9 atrav\u00e9s do consumo de <strong>Suco de Cereja \u00c1cida<\/strong>, especialmente da variedade Montmorency, rica em melatonina natural e outros compostos que favorecem um sono mais reparador.<\/p>\n\n\n\n<h2 class=\"wp-block-heading\">Quais componentes do suco de cereja \u00e1cida auxiliam na melhora do sono?<\/h2>\n\n\n\n<p>O impacto positivo do suco de cereja \u00e1cida no sono n\u00e3o se deve somente \u00e0 melatonina. Esta fruta \u00e9 uma fonte not\u00e1vel de triptofano, amino\u00e1cido essencial na produ\u00e7\u00e3o de serotonina, que mais tarde se converte em melatonina, intensificando o processo de regula\u00e7\u00e3o do sono.<\/p>\n\n\n\n<p>Al\u00e9m disso, as cerejas \u00e1cidas cont\u00eam antioxidantes potentes que auxiliam na redu\u00e7\u00e3o de inflama\u00e7\u00f5es, permitindo um sono mais profundo e cont\u00ednuo. <a href=\"https:\/\/pubmed.ncbi.nlm.nih.gov\/22038497\/\" target=\"_blank\" rel=\"noreferrer noopener\">Estudos <\/a>cl\u00ednicos indicam aumento significativo de melatonina no organismo e melhora na efici\u00eancia do descanso em compara\u00e7\u00e3o ao placebo.<\/p>\n\n\n\n<p>Para compreender melhor os benef\u00edcios do suco de cereja \u00e1cida para o sono, a inflama\u00e7\u00e3o e a sa\u00fade intestinal, assista ao v\u00eddeo a seguir, no qual o(a) <strong>especialista<\/strong> explica o assunto de forma clara e did\u00e1tica no canal respons\u00e1vel pelo conte\u00fado.<\/p>\n\n\n\n<iframe loading=\"lazy\" width=\"1396\" height=\"785\" src=\"https:\/\/www.youtube.com\/embed\/QDljPJfvBQY\" title=\"Tart Cherry Juice Benefits: Sleep, Inflammation &amp; Gut Health\" frameborder=\"0\" allow=\"accelerometer; autoplay; clipboard-write; encrypted-media; gyroscope; picture-in-picture; web-share\" referrerpolicy=\"strict-origin-when-cross-origin\" allowfullscreen><\/iframe>\n\n\n\n<h2 class=\"wp-block-heading\">Como incluir o suco de cereja \u00e1cida na rotina noturna<\/h2>\n\n\n\n<p>Para se beneficiar do suco de cereja \u00e1cida, o ideal \u00e9 consumir suco 100% natural, evitando aditivos como a\u00e7\u00facar ou conservantes que possam interferir no efeito esperado. A ingest\u00e3o deve ocorrer entre 30 e 60 minutos antes de dormir, para que os compostos tenham tempo de agir no corpo.<\/p>\n\n\n\n<p>Algumas orienta\u00e7\u00f5es pr\u00e1ticas podem facilitar a inclus\u00e3o desse h\u00e1bito na rotina e potencializar seus efeitos sobre o sono e o relaxamento noturno:<\/p>\n\n\n\n\n\n<h2 class=\"wp-block-heading\">Quais s\u00e3o os principais benef\u00edcios adicionais da cereja \u00e1cida para a sa\u00fade?<\/h2>\n\n\n\n<p>Al\u00e9m de auxiliar no sono, a cereja \u00e1cida contribui para o bem-estar em v\u00e1rias frentes. Suas propriedades anti-inflamat\u00f3rias tornam este suco um aliado na redu\u00e7\u00e3o de dores musculares e articulares, sendo comum entre atletas como parte do regime de recupera\u00e7\u00e3o p\u00f3s-treino.<\/p>\n\n\n\n<p>A fruta tamb\u00e9m pode auxiliar na prote\u00e7\u00e3o cardiovascular, gra\u00e7as \u00e0 redu\u00e7\u00e3o de marcadores inflamat\u00f3rios relacionados a doen\u00e7as card\u00edacas. O triptofano favorece a produ\u00e7\u00e3o de serotonina, associada a melhor equil\u00edbrio emocional, e as vitaminas e antioxidantes refor\u00e7am o sistema imunol\u00f3gico.<\/p>\n\n\n<div class=\"wp-block-image\">\n<figure class=\"aligncenter size-large\"><img decoding=\"async\" width=\"1024\" height=\"576\" src=\"https:\/\/www.correiobraziliense.com.br\/cbradar\/wp-content\/uploads\/2026\/03\/CEREJA-ACIDA_1772385138166-1024x576.jpg\" alt=\"\" class=\"wp-image-201351\" srcset=\"https:\/\/www.correiobraziliense.com.br\/cbradar\/wp-content\/uploads\/2026\/03\/CEREJA-ACIDA_1772385138166-1024x576.jpg 1024w, https:\/\/www.correiobraziliense.com.br\/cbradar\/wp-content\/uploads\/2026\/03\/CEREJA-ACIDA_1772385138166-300x169.jpg 300w, https:\/\/www.correiobraziliense.com.br\/cbradar\/wp-content\/uploads\/2026\/03\/CEREJA-ACIDA_1772385138166-768x432.jpg 768w, https:\/\/www.correiobraziliense.com.br\/cbradar\/wp-content\/uploads\/2026\/03\/CEREJA-ACIDA_1772385138166-750x422.jpg 750w, https:\/\/www.correiobraziliense.com.br\/cbradar\/wp-content\/uploads\/2026\/03\/CEREJA-ACIDA_1772385138166-1140x641.jpg 1140w, https:\/\/www.correiobraziliense.com.br\/cbradar\/wp-content\/uploads\/2026\/03\/CEREJA-ACIDA_1772385138166.jpg 1280w\" sizes=\"(max-width: 1024px) 100vw, 1024px\" \/><figcaption class=\"wp-element-caption\">Cereja \u00e1cida ajuda na produ\u00e7\u00e3o de serotonina e melhora o descanso &#8211; Cr\u00e9ditos: depositphotos.com \/ fotokostic<\/figcaption><\/figure><\/div>\n\n\n<h2 class=\"wp-block-heading\">Quando os problemas de sono indicam necessidade de ajuda profissional?<\/h2>\n\n\n\n<p>Embora o suco de cereja \u00e1cida seja uma alternativa natural e geralmente segura, \u00e9 essencial buscar orienta\u00e7\u00e3o m\u00e9dica em casos de dificuldades de sono frequentes ou graves. Ins\u00f4nia persistente, despertares recorrentes durante a noite ou exaust\u00e3o cont\u00ednua podem sinalizar condi\u00e7\u00f5es que exigem avalia\u00e7\u00e3o especializada.<\/p>\n\n\n\n<p>Consultar um profissional de sa\u00fade antes de alterar a dieta ajuda a identificar poss\u00edveis intera\u00e7\u00f5es com medicamentos em uso. Al\u00e9m disso, o m\u00e9dico pode oferecer estrat\u00e9gias personalizadas, combinando ajustes de estilo de vida, higiene do sono e, quando necess\u00e1rio, tratamentos espec\u00edficos.<\/p>\n\n\n<a href=\"https:\/\/www.instagram.com\/dra.annaluisabf\/\" target=\"_blank\" rel=\"noopener\" style=\"text-decoration: none; color: inherit;\">\n    <span style=\"display: inline-block; border: 1px solid #ccc; border-radius: 10px; padding: 15px; max-width: 550px; font-family: sans-serif; box-shadow: 0 2px 5px rgba(0,0,0,0.1); width: 100%;\">\n\n      <!-- T\u00edtulo -->\n      <span style=\"display: block; margin: 0 0 15px 0; font-weight: bold; color: #2c3e50; text-align: center;\">\n        Entre em contato:\n      <\/span>\n\n      <!-- Linha do perfil -->\n      <span style=\"display: flex; align-items: center; gap: 15px;\">\n        <img decoding=\"async\"\n          src=\"https:\/\/www.correiobraziliense.com.br\/cbradar\/wp-content\/uploads\/2025\/08\/dra_anna_luisa.jpeg\"\n          alt=\"Foto da Dra. Anna Lu\u00edsa\"\n          style=\"border-radius: 50%; width: 80px; height: 80px; object-fit: cover;\"\n        \/>\n        <span style=\"display: flex; flex-direction: column;\">\n          <span style=\"font-size: 18px; font-weight: 700; color: #2c3e50;\">Dra. Anna Lu\u00edsa Barbosa Fernandes<\/span>\n          <span style=\"color: #555;\">CRM-GO 33.271<\/span>\n        <\/span>\n      <\/span>\n\n      <!-- Redes -->\n      <span style=\"display: flex; align-items: center; gap: 10px; margin-top: 12px;\">\n        <img decoding=\"async\" src=\"https:\/\/cdn-icons-png.flaticon.com\/24\/1384\/1384063.png\" alt=\"Instagram\" width=\"24\" height=\"24\" \/>\n        <span style=\"text-decoration: underline; color: #2c3e50;\">@dra.annaluisabf<\/span>\n      <\/span>\n\n    <\/span>\n  <\/a>\n\n\n<p><\/p>\n","protected":false},"excerpt":{"rendered":"<p>A qualidade do sono \u00e9 um fator essencial para o bem-estar geral, e muitos buscam m\u00e9todos naturais para melhorar o descanso noturno. Uma forma acess\u00edvel e eficiente de promover o sono \u00e9 atrav\u00e9s do consumo de Suco de Cereja \u00c1cida, especialmente da variedade Montmorency, rica em melatonina natural e outros compostos que favorecem um sono [&hellip;]<\/p>\n","protected":false},"author":14,"featured_media":81484,"comment_status":"open","ping_status":"open","sticky":false,"template":"","format":"standard","meta":{"_yoast_wpseo_focuskw":"Suco de Cereja \u00c1cida","_yoast_wpseo_title":"","_yoast_wpseo_metadesc":"Suco de cereja \u00e1cida pode aumentar melatonina e melhorar o sono. Veja como consumir da forma correta.","jnews-multi-image_gallery":[],"jnews_single_post":{"format":"standard"},"jnews_primary_category":[],"jnews_social_meta":[],"jnews_override_counter":[],"footnotes":""},"categories":[4404],"post_tag":[120,247,1318],"class_list":["post-201347","post","type-post","status-publish","format-standard","has-post-thumbnail","hentry","category-saude","tag-bem-estar","tag-qualidade-de-vida","tag-saude-2"],"yoast_head":"<!-- This site is optimized with the Yoast SEO plugin v24.6 - https:\/\/yoast.com\/wordpress\/plugins\/seo\/ -->\n<title>Suco de cereja \u00e1cida melhora o sono profundo e reduz inflama\u00e7\u00e3o - Correio Braziliense - Radar<\/title>\n<meta name=\"description\" content=\"Suco de cereja \u00e1cida pode aumentar melatonina e melhorar o sono. Veja como consumir da forma correta.\" \/>\n<meta name=\"robots\" content=\"index, follow, max-snippet:-1, max-image-preview:large, max-video-preview:-1\" \/>\n<link rel=\"canonical\" href=\"https:\/\/www.correiobraziliense.com.br\/cbradar\/suco-de-cereja-acida-melhora-o-sono-profundo-e-reduz-inflamacao\/\" \/>\n<meta property=\"og:locale\" content=\"pt_BR\" \/>\n<meta property=\"og:type\" content=\"article\" \/>\n<meta property=\"og:title\" content=\"Suco de cereja \u00e1cida melhora o sono profundo e reduz inflama\u00e7\u00e3o - Correio Braziliense - Radar\" \/>\n<meta property=\"og:description\" content=\"Suco de cereja \u00e1cida pode aumentar melatonina e melhorar o sono. Veja como consumir da forma correta.\" \/>\n<meta property=\"og:url\" content=\"https:\/\/www.correiobraziliense.com.br\/cbradar\/suco-de-cereja-acida-melhora-o-sono-profundo-e-reduz-inflamacao\/\" \/>\n<meta property=\"og:site_name\" content=\"Correio Braziliense - Radar\" \/>\n<meta property=\"article:published_time\" content=\"2026-03-02T09:05:00+00:00\" \/>\n<meta property=\"og:image\" content=\"https:\/\/www.correiobraziliense.com.br\/cbradar\/wp-content\/uploads\/2025\/08\/Cereja-_1754419414857.jpg\" \/>\n\t<meta property=\"og:image:width\" content=\"1280\" \/>\n\t<meta property=\"og:image:height\" content=\"720\" \/>\n\t<meta property=\"og:image:type\" content=\"image\/jpeg\" \/>\n<meta name=\"author\" content=\"guilherme_saude\" \/>\n<meta name=\"twitter:card\" content=\"summary_large_image\" \/>\n<meta name=\"twitter:label1\" content=\"Escrito por\" \/>\n\t<meta name=\"twitter:data1\" content=\"guilherme_saude\" \/>\n\t<meta name=\"twitter:label2\" content=\"Est. tempo de leitura\" \/>\n\t<meta name=\"twitter:data2\" content=\"4 minutos\" \/>\n<!-- \/ Yoast SEO plugin. -->","yoast_head_json":{"title":"Suco de cereja \u00e1cida melhora o sono profundo e reduz inflama\u00e7\u00e3o - Correio Braziliense - Radar","description":"Suco de cereja \u00e1cida pode aumentar melatonina e melhorar o sono. Veja como consumir da forma correta.","robots":{"index":"index","follow":"follow","max-snippet":"max-snippet:-1","max-image-preview":"max-image-preview:large","max-video-preview":"max-video-preview:-1"},"canonical":"https:\/\/www.correiobraziliense.com.br\/cbradar\/suco-de-cereja-acida-melhora-o-sono-profundo-e-reduz-inflamacao\/","og_locale":"pt_BR","og_type":"article","og_title":"Suco de cereja \u00e1cida melhora o sono profundo e reduz inflama\u00e7\u00e3o - Correio Braziliense - Radar","og_description":"Suco de cereja \u00e1cida pode aumentar melatonina e melhorar o sono. Veja como consumir da forma correta.","og_url":"https:\/\/www.correiobraziliense.com.br\/cbradar\/suco-de-cereja-acida-melhora-o-sono-profundo-e-reduz-inflamacao\/","og_site_name":"Correio Braziliense - Radar","article_published_time":"2026-03-02T09:05:00+00:00","og_image":[{"width":1280,"height":720,"url":"https:\/\/www.correiobraziliense.com.br\/cbradar\/wp-content\/uploads\/2025\/08\/Cereja-_1754419414857.jpg","type":"image\/jpeg"}],"author":"guilherme_saude","twitter_card":"summary_large_image","twitter_misc":{"Escrito por":"guilherme_saude","Est. tempo de leitura":"4 minutos"},"schema":{"@context":"https:\/\/schema.org","@graph":[{"@type":"WebPage","@id":"https:\/\/www.correiobraziliense.com.br\/cbradar\/suco-de-cereja-acida-melhora-o-sono-profundo-e-reduz-inflamacao\/","url":"https:\/\/www.correiobraziliense.com.br\/cbradar\/suco-de-cereja-acida-melhora-o-sono-profundo-e-reduz-inflamacao\/","name":"Suco de cereja \u00e1cida melhora o sono profundo e reduz inflama\u00e7\u00e3o - Correio Braziliense - Radar","isPartOf":{"@id":"https:\/\/www.correiobraziliense.com.br\/cbradar\/#website"},"primaryImageOfPage":{"@id":"https:\/\/www.correiobraziliense.com.br\/cbradar\/suco-de-cereja-acida-melhora-o-sono-profundo-e-reduz-inflamacao\/#primaryimage"},"image":{"@id":"https:\/\/www.correiobraziliense.com.br\/cbradar\/suco-de-cereja-acida-melhora-o-sono-profundo-e-reduz-inflamacao\/#primaryimage"},"thumbnailUrl":"https:\/\/www.correiobraziliense.com.br\/cbradar\/wp-content\/uploads\/2025\/08\/Cereja-_1754419414857.jpg","datePublished":"2026-03-02T09:05:00+00:00","author":{"@id":"https:\/\/www.correiobraziliense.com.br\/cbradar\/#\/schema\/person\/5aa4bf3c8fa699c267933611de12978b"},"description":"Suco de cereja \u00e1cida pode aumentar melatonina e melhorar o sono. Veja como consumir da forma correta.","breadcrumb":{"@id":"https:\/\/www.correiobraziliense.com.br\/cbradar\/suco-de-cereja-acida-melhora-o-sono-profundo-e-reduz-inflamacao\/#breadcrumb"},"inLanguage":"pt-BR","potentialAction":[{"@type":"ReadAction","target":["https:\/\/www.correiobraziliense.com.br\/cbradar\/suco-de-cereja-acida-melhora-o-sono-profundo-e-reduz-inflamacao\/"]}]},{"@type":"ImageObject","inLanguage":"pt-BR","@id":"https:\/\/www.correiobraziliense.com.br\/cbradar\/suco-de-cereja-acida-melhora-o-sono-profundo-e-reduz-inflamacao\/#primaryimage","url":"https:\/\/www.correiobraziliense.com.br\/cbradar\/wp-content\/uploads\/2025\/08\/Cereja-_1754419414857.jpg","contentUrl":"https:\/\/www.correiobraziliense.com.br\/cbradar\/wp-content\/uploads\/2025\/08\/Cereja-_1754419414857.jpg","width":1280,"height":720,"caption":"O suco noturno definitivo para sono reparador e recupera\u00e7\u00e3o f\u00edsica - Cr\u00e9ditos: depositphotos.com \/ VadimVasenin"},{"@type":"BreadcrumbList","@id":"https:\/\/www.correiobraziliense.com.br\/cbradar\/suco-de-cereja-acida-melhora-o-sono-profundo-e-reduz-inflamacao\/#breadcrumb","itemListElement":[{"@type":"ListItem","position":1,"name":"In\u00edcio","item":"https:\/\/www.correiobraziliense.com.br\/cbradar\/"},{"@type":"ListItem","position":2,"name":"Suco de cereja \u00e1cida melhora o sono profundo e reduz inflama\u00e7\u00e3o"}]},{"@type":"WebSite","@id":"https:\/\/www.correiobraziliense.com.br\/cbradar\/#website","url":"https:\/\/www.correiobraziliense.com.br\/cbradar\/","name":"Correio Braziliense - Radar","description":"Acompanhe as \u00faltimas not\u00edcias e fique bem informado sobre tudo o que acontece no Brasil e no mundo.","potentialAction":[{"@type":"SearchAction","target":{"@type":"EntryPoint","urlTemplate":"https:\/\/www.correiobraziliense.com.br\/cbradar\/?s={search_term_string}"},"query-input":{"@type":"PropertyValueSpecification","valueRequired":true,"valueName":"search_term_string"}}],"inLanguage":"pt-BR"},{"@type":"Person","@id":"https:\/\/www.correiobraziliense.com.br\/cbradar\/#\/schema\/person\/5aa4bf3c8fa699c267933611de12978b","name":"guilherme_saude","image":{"@type":"ImageObject","inLanguage":"pt-BR","@id":"https:\/\/www.correiobraziliense.com.br\/cbradar\/#\/schema\/person\/image\/","url":"https:\/\/secure.gravatar.com\/avatar\/df9adfb835d344bc0af109d41756253f?s=96&d=mm&r=g","contentUrl":"https:\/\/secure.gravatar.com\/avatar\/df9adfb835d344bc0af109d41756253f?s=96&d=mm&r=g","caption":"guilherme_saude"},"url":"https:\/\/www.correiobraziliense.com.br\/cbradar\/author\/guilherme_saude\/"}]}},"_links":{"self":[{"href":"https:\/\/www.correiobraziliense.com.br\/cbradar\/wp-json\/wp\/v2\/posts\/201347","targetHints":{"allow":["GET"]}}],"collection":[{"href":"https:\/\/www.correiobraziliense.com.br\/cbradar\/wp-json\/wp\/v2\/posts"}],"about":[{"href":"https:\/\/www.correiobraziliense.com.br\/cbradar\/wp-json\/wp\/v2\/types\/post"}],"author":[{"embeddable":true,"href":"https:\/\/www.correiobraziliense.com.br\/cbradar\/wp-json\/wp\/v2\/users\/14"}],"replies":[{"embeddable":true,"href":"https:\/\/www.correiobraziliense.com.br\/cbradar\/wp-json\/wp\/v2\/comments?post=201347"}],"version-history":[{"count":1,"href":"https:\/\/www.correiobraziliense.com.br\/cbradar\/wp-json\/wp\/v2\/posts\/201347\/revisions"}],"predecessor-version":[{"id":201352,"href":"https:\/\/www.correiobraziliense.com.br\/cbradar\/wp-json\/wp\/v2\/posts\/201347\/revisions\/201352"}],"wp:featuredmedia":[{"embeddable":true,"href":"https:\/\/www.correiobraziliense.com.br\/cbradar\/wp-json\/wp\/v2\/media\/81484"}],"wp:attachment":[{"href":"https:\/\/www.correiobraziliense.com.br\/cbradar\/wp-json\/wp\/v2\/media?parent=201347"}],"wp:term":[{"taxonomy":"category","embeddable":true,"href":"https:\/\/www.correiobraziliense.com.br\/cbradar\/wp-json\/wp\/v2\/categories?post=201347"},{"taxonomy":"post_tag","embeddable":true,"href":"https:\/\/www.correiobraziliense.com.br\/cbradar\/wp-json\/wp\/v2\/post_tag?post=201347"}],"curies":[{"name":"wp","href":"https:\/\/api.w.org\/{rel}","templated":true}]}}