{"id":201395,"date":"2026-03-03T18:05:00","date_gmt":"2026-03-03T21:05:00","guid":{"rendered":"https:\/\/www.correiobraziliense.com.br\/cbradar\/?p=201395"},"modified":"2026-03-02T09:05:13","modified_gmt":"2026-03-02T12:05:13","slug":"o-vegetal-amargo-comum-na-feira-que-funciona-como-um-detergente-natural-para-limpar-a-gordura-do-figado","status":"publish","type":"post","link":"https:\/\/www.correiobraziliense.com.br\/cbradar\/o-vegetal-amargo-comum-na-feira-que-funciona-como-um-detergente-natural-para-limpar-a-gordura-do-figado\/","title":{"rendered":"O vegetal amargo comum na feira que funciona como um detergente natural para limpar a gordura do f\u00edgado"},"content":{"rendered":"\n<p>O <strong>vegetal amargo que limpa a gordura do f\u00edgado<\/strong> age como um verdadeiro detergente biol\u00f3gico no seu organismo ap\u00f3s refei\u00e7\u00f5es muito pesadas. Comer r\u00facula ou chic\u00f3ria todos os dias estimula o corpo a processar as toxinas paradas e facilita muito a sua digest\u00e3o na rotina.<\/p>\n\n\n\n<h2 class=\"wp-block-heading\">Por que o vegetal amargo que limpa a gordura do f\u00edgado funciona t\u00e3o bem?<\/h2>\n\n\n\n<p>A ci\u00eancia por tr\u00e1s das folhas verde-escuras, como a <strong>r\u00facula e a chic\u00f3ria<\/strong>, mora na alta concentra\u00e7\u00e3o de uma subst\u00e2ncia bem espec\u00edfica. Elas s\u00e3o lotadas de <strong>glucosinolatos<\/strong>, compostos qu\u00edmicos que d\u00e3o aquele gosto ardido e forte na l\u00edngua. Esse ardor natural \u00e9 o sinal claro de que a planta carrega uma carga m\u00e9dica muito potente.<\/p>\n\n\n\n<p>Quando voc\u00ea mastiga essas folhas antes de um prato gorduroso, o seu sistema digestivo liga um alerta m\u00e1ximo e r\u00e1pido. O f\u00edgado passa a produzir muito mais <strong>bile<\/strong>, que \u00e9 o l\u00edquido exato usado para derreter a sujeira acumulada. Essa resposta qu\u00edmica afasta o risco de inflama\u00e7\u00f5es silenciosas e perigosas no abd\u00f4men.<\/p>\n\n\n<div class=\"wp-block-image\">\n<figure class=\"aligncenter size-large\"><img decoding=\"async\" width=\"1024\" height=\"576\" src=\"https:\/\/www.correiobraziliense.com.br\/cbradar\/wp-content\/uploads\/2026\/03\/rucula_1772388613251-1024x576.jpg\" alt=\"Vegetal amargo da feira que atua na limpeza da gordura do f\u00edgado\" class=\"wp-image-201408\" srcset=\"https:\/\/www.correiobraziliense.com.br\/cbradar\/wp-content\/uploads\/2026\/03\/rucula_1772388613251-1024x576.jpg 1024w, https:\/\/www.correiobraziliense.com.br\/cbradar\/wp-content\/uploads\/2026\/03\/rucula_1772388613251-300x169.jpg 300w, https:\/\/www.correiobraziliense.com.br\/cbradar\/wp-content\/uploads\/2026\/03\/rucula_1772388613251-768x432.jpg 768w, https:\/\/www.correiobraziliense.com.br\/cbradar\/wp-content\/uploads\/2026\/03\/rucula_1772388613251-750x422.jpg 750w, https:\/\/www.correiobraziliense.com.br\/cbradar\/wp-content\/uploads\/2026\/03\/rucula_1772388613251-1140x641.jpg 1140w, https:\/\/www.correiobraziliense.com.br\/cbradar\/wp-content\/uploads\/2026\/03\/rucula_1772388613251.jpg 1280w\" sizes=\"(max-width: 1024px) 100vw, 1024px\" \/><figcaption class=\"wp-element-caption\">Vegetal amargo da feira que atua na limpeza da gordura do f\u00edgado &#8211; Cr\u00e9ditos: depositphotos.com \/ koss13<\/figcaption><\/figure><\/div>\n\n\n<p>Leia tamb\u00e9m: <a href=\"https:\/\/www.correiobraziliense.com.br\/cbradar\/o-que-acontece-com-as-suas-articulacoes-e-com-a-queima-calorica-quando-voce-caminha-15-minutos-na-areia-fofa\/\" target=\"_blank\" rel=\"noreferrer noopener\">O que acontece com as suas articula\u00e7\u00f5es e com a queima cal\u00f3rica quando voc\u00ea caminha 15 minutos na areia fofa<\/a><\/p>\n\n\n\n<h2 class=\"wp-block-heading\">Qual \u00e9 a diferen\u00e7a entre a r\u00facula e outras verduras no prato?<\/h2>\n\n\n\n<p>Nem toda salada entrega o mesmo poder de faxina nas c\u00e9lulas que o nosso filtro do sangue tanto precisa. A alface comum refresca o est\u00f4mago, mas falta a ela o <strong>componente qu\u00edmico<\/strong> necess\u00e1rio para fazer essa varredura profunda.<\/p>\n\n\n\n<p>A tabela abaixo compara a a\u00e7\u00e3o direta de diferentes folhas na sua sa\u00fade hep\u00e1tica.<\/p>\n\n\n\n<figure class=\"wp-block-table\"><table class=\"has-fixed-layout\"><tbody><tr><th>Tipo de folha<\/th><th>Componente principal<\/th><th>A\u00e7\u00e3o no f\u00edgado<\/th><\/tr><tr><td><strong>Alface americana<\/strong><\/td><td>Muita <strong>\u00e1gua e fibra<\/strong><\/td><td>Hidrata\u00e7\u00e3o r\u00e1pida do corpo<\/td><\/tr><tr><td><strong>R\u00facula fresquinha<\/strong><\/td><td>Alta dose de <strong>glucosinolatos<\/strong><\/td><td><strong>Detergente natural<\/strong> da gordura<\/td><\/tr><tr><td><strong>Chic\u00f3ria amarga<\/strong><\/td><td>Fibras amargas bem densas<\/td><td><strong>Est\u00edmulo forte<\/strong> da bile<\/td><\/tr><\/tbody><\/table><\/figure>\n\n\n\n<h2 class=\"wp-block-heading\">Como incluir essa folha amarga na sua alimenta\u00e7\u00e3o di\u00e1ria?<\/h2>\n\n\n\n<p>O paladar de muita gente recusa o amargor logo de cara, mas existem jeitos f\u00e1ceis de quebrar esse gosto forte. O truque \u00e9 misturar a planta com <strong>ingredientes \u00e1cidos ou doces<\/strong> para equilibrar o sabor na hora da mordida.<\/p>\n\n\n\n<p>Abaixo, listamos algumas op\u00e7\u00f5es baratas para voc\u00ea adicionar essa planta no seu card\u00e1pio de hoje.<\/p>\n\n\n\n<ul class=\"wp-block-list\">\n<li><strong>Salada de entrada:<\/strong> Coma um prato de folhas amargas temperado com <strong>lim\u00e3o e azeite<\/strong> cerca de dez minutos antes do almo\u00e7o.<\/li>\n\n\n\n<li><strong>Suco verde forte:<\/strong> Bata um punhado da folhagem com uma <strong>ma\u00e7\u00e3 e meio pepino<\/strong> para beber no meio da manh\u00e3 quente.<\/li>\n\n\n\n<li><strong>Omelete recheado:<\/strong> Pique as folhas verdes e jogue nos ovos batidos para garantir uma <strong>refei\u00e7\u00e3o proteica<\/strong> e muito curativa.<\/li>\n<\/ul>\n\n\n\n<h2 class=\"wp-block-heading\">O que a ci\u00eancia nutricional fala sobre os compostos amargos?<\/h2>\n\n\n\n<p>Pesquisadores do mundo todo estudam o poder protetor dos glucosinolatos contra as les\u00f5es s\u00e9rias das c\u00e9lulas humanas. De acordo com ensaios cl\u00ednicos revisados pelo<strong> <a href=\"https:\/\/pmc.ncbi.nlm.nih.gov\/articles\/PMC11940962\/#:~:text=To%20achieve%20these%20anti-inflammatory,consuming%20HG%20broccoli%20%5B80%5D.\" target=\"_blank\" rel=\"noreferrer noopener\">Office of Dietary Supplements<\/a><\/strong>, o consumo regular dessas subst\u00e2ncias reduz diretamente o n\u00edvel de toxicidade no sangue. Isso prova que a farm\u00e1cia da natureza entrega resultados reais sem precisar de p\u00edlulas caras.<\/p>\n\n\n\n<p>Esse processo constante de limpeza previne a temida condi\u00e7\u00e3o de <strong>f\u00edgado gorduroso<\/strong>, que atinge grande parte dos adultos hoje em dia. O \u00f3rg\u00e3o consegue trabalhar folgado e entrega mais energia f\u00edsica para voc\u00ea encarar as tarefas pesadas do escrit\u00f3rio. Manter essa faxina biol\u00f3gica em dia \u00e9 o segredo pr\u00e1tico para um envelhecimento super saud\u00e1vel.<\/p>\n\n\n\n<p>No v\u00eddeo a seguir, o canal do <strong>Dayan Siebra<\/strong>, com mais de 7,7 milh\u00f5es de inscritos, fala um pouco sobre a r\u00facula:<\/p>\n\n\n\n<iframe loading=\"lazy\" width=\"342\" height=\"608\" src=\"https:\/\/www.youtube.com\/embed\/x0laSBE24Xo\" title=\"Reduza as chances de c\u00e2ncer e infarto com R\u00daCULA | Dr Dayan Siebra #cancer #infarto\" frameborder=\"0\" allow=\"accelerometer; autoplay; clipboard-write; encrypted-media; gyroscope; picture-in-picture; web-share\" referrerpolicy=\"strict-origin-when-cross-origin\" allowfullscreen><\/iframe>\n\n\n\n<h2 class=\"wp-block-heading\">Quais s\u00e3o os cuidados b\u00e1sicos ao consumir essas folhas cruas?<\/h2>\n\n\n\n<p>O primeiro passo para blindar o seu corpo com seguran\u00e7a \u00e9 caprichar na lavagem das verduras logo que chegar da feira de rua. O formato das folhas esconde pequenos insetos e um pouco de terra da planta\u00e7\u00e3o, exigindo um banho de <strong>\u00e1gua com vinagre<\/strong>. Lavar bem o ma\u00e7o inteiro garante que voc\u00ea engula apenas as vitaminas essenciais para a sua recupera\u00e7\u00e3o metab\u00f3lica.<\/p>\n\n\n\n<p>Quem usa rem\u00e9dios fortes para afinar o sangue precisa conversar com o m\u00e9dico antes de comer pratos fundos de verduras escuras. O alto n\u00edvel de <strong>vitamina K<\/strong> presente nessas plantas pode atrapalhar o efeito da medica\u00e7\u00e3o em casos muito espec\u00edficos. Respeitar o limite natural do seu organismo faz essa t\u00e9cnica virar uma aliada duradoura para o seu bem-estar di\u00e1rio.<\/p>\n","protected":false},"excerpt":{"rendered":"<p>O vegetal amargo que limpa a gordura do f\u00edgado age como um verdadeiro detergente biol\u00f3gico no seu organismo ap\u00f3s refei\u00e7\u00f5es muito pesadas. Comer r\u00facula ou chic\u00f3ria todos os dias estimula o corpo a processar as toxinas paradas e facilita muito a sua digest\u00e3o na rotina. Por que o vegetal amargo que limpa a gordura do [&hellip;]<\/p>\n","protected":false},"author":11,"featured_media":201726,"comment_status":"open","ping_status":"open","sticky":false,"template":"","format":"standard","meta":{"_yoast_wpseo_focuskw":"vegetal amargo que limpa a gordura do f\u00edgado","_yoast_wpseo_title":"","_yoast_wpseo_metadesc":"O vegetal amargo que limpa a gordura do f\u00edgado funciona como um detergente no seu sangue. Adicione r\u00facula e chic\u00f3ria na sua rotina di\u00e1ria.","jnews-multi-image_gallery":[],"jnews_single_post":{"format":"standard"},"jnews_primary_category":[],"jnews_social_meta":[],"jnews_override_counter":[],"footnotes":""},"categories":[119],"tags":[15674,1071],"class_list":["post-201395","post","type-post","status-publish","format-standard","has-post-thumbnail","hentry","category-bem-estar","tag-rucula-2","tag-vegetal"],"yoast_head":"<!-- This site is optimized with the Yoast SEO plugin v24.6 - https:\/\/yoast.com\/wordpress\/plugins\/seo\/ -->\n<title>O vegetal amargo comum na feira que funciona como um detergente natural para limpar a gordura do f\u00edgado - Correio Braziliense - Radar<\/title>\n<meta name=\"description\" content=\"O vegetal amargo que limpa a gordura do f\u00edgado funciona como um detergente no seu sangue. Adicione r\u00facula e chic\u00f3ria na sua rotina di\u00e1ria.\" \/>\n<meta name=\"robots\" content=\"index, follow, max-snippet:-1, max-image-preview:large, max-video-preview:-1\" \/>\n<link rel=\"canonical\" href=\"https:\/\/www.correiobraziliense.com.br\/cbradar\/o-vegetal-amargo-comum-na-feira-que-funciona-como-um-detergente-natural-para-limpar-a-gordura-do-figado\/\" \/>\n<meta property=\"og:locale\" content=\"pt_BR\" \/>\n<meta property=\"og:type\" content=\"article\" \/>\n<meta property=\"og:title\" content=\"O vegetal amargo comum na feira que funciona como um detergente natural para limpar a gordura do f\u00edgado - Correio Braziliense - Radar\" \/>\n<meta property=\"og:description\" content=\"O vegetal amargo que limpa a gordura do f\u00edgado funciona como um detergente no seu sangue. Adicione r\u00facula e chic\u00f3ria na sua rotina di\u00e1ria.\" \/>\n<meta property=\"og:url\" content=\"https:\/\/www.correiobraziliense.com.br\/cbradar\/o-vegetal-amargo-comum-na-feira-que-funciona-como-um-detergente-natural-para-limpar-a-gordura-do-figado\/\" \/>\n<meta property=\"og:site_name\" content=\"Correio Braziliense - Radar\" \/>\n<meta property=\"article:published_time\" content=\"2026-03-03T21:05:00+00:00\" \/>\n<meta property=\"og:image\" content=\"https:\/\/www.correiobraziliense.com.br\/cbradar\/wp-content\/uploads\/2026\/03\/freepik__mao-fresco-de-rcula-verdeescura-sobre-bancada-de-c__59017.jpeg\" \/>\n\t<meta property=\"og:image:width\" content=\"1280\" \/>\n\t<meta property=\"og:image:height\" content=\"720\" \/>\n\t<meta property=\"og:image:type\" content=\"image\/jpeg\" \/>\n<meta name=\"author\" content=\"Paulo Custodio\" \/>\n<meta name=\"twitter:card\" content=\"summary_large_image\" \/>\n<meta name=\"twitter:label1\" content=\"Escrito por\" \/>\n\t<meta name=\"twitter:data1\" content=\"Paulo Custodio\" \/>\n\t<meta name=\"twitter:label2\" content=\"Est. tempo de leitura\" \/>\n\t<meta name=\"twitter:data2\" content=\"5 minutos\" \/>\n<!-- \/ Yoast SEO plugin. -->","yoast_head_json":{"title":"O vegetal amargo comum na feira que funciona como um detergente natural para limpar a gordura do f\u00edgado - Correio Braziliense - Radar","description":"O vegetal amargo que limpa a gordura do f\u00edgado funciona como um detergente no seu sangue. Adicione r\u00facula e chic\u00f3ria na sua rotina di\u00e1ria.","robots":{"index":"index","follow":"follow","max-snippet":"max-snippet:-1","max-image-preview":"max-image-preview:large","max-video-preview":"max-video-preview:-1"},"canonical":"https:\/\/www.correiobraziliense.com.br\/cbradar\/o-vegetal-amargo-comum-na-feira-que-funciona-como-um-detergente-natural-para-limpar-a-gordura-do-figado\/","og_locale":"pt_BR","og_type":"article","og_title":"O vegetal amargo comum na feira que funciona como um detergente natural para limpar a gordura do f\u00edgado - Correio Braziliense - Radar","og_description":"O vegetal amargo que limpa a gordura do f\u00edgado funciona como um detergente no seu sangue. Adicione r\u00facula e chic\u00f3ria na sua rotina di\u00e1ria.","og_url":"https:\/\/www.correiobraziliense.com.br\/cbradar\/o-vegetal-amargo-comum-na-feira-que-funciona-como-um-detergente-natural-para-limpar-a-gordura-do-figado\/","og_site_name":"Correio Braziliense - Radar","article_published_time":"2026-03-03T21:05:00+00:00","og_image":[{"width":1280,"height":720,"url":"https:\/\/www.correiobraziliense.com.br\/cbradar\/wp-content\/uploads\/2026\/03\/freepik__mao-fresco-de-rcula-verdeescura-sobre-bancada-de-c__59017.jpeg","type":"image\/jpeg"}],"author":"Paulo Custodio","twitter_card":"summary_large_image","twitter_misc":{"Escrito por":"Paulo Custodio","Est. tempo de leitura":"5 minutos"},"schema":{"@context":"https:\/\/schema.org","@graph":[{"@type":"WebPage","@id":"https:\/\/www.correiobraziliense.com.br\/cbradar\/o-vegetal-amargo-comum-na-feira-que-funciona-como-um-detergente-natural-para-limpar-a-gordura-do-figado\/","url":"https:\/\/www.correiobraziliense.com.br\/cbradar\/o-vegetal-amargo-comum-na-feira-que-funciona-como-um-detergente-natural-para-limpar-a-gordura-do-figado\/","name":"O vegetal amargo comum na feira que funciona como um detergente natural para limpar a gordura do f\u00edgado - Correio Braziliense - Radar","isPartOf":{"@id":"https:\/\/www.correiobraziliense.com.br\/cbradar\/#website"},"primaryImageOfPage":{"@id":"https:\/\/www.correiobraziliense.com.br\/cbradar\/o-vegetal-amargo-comum-na-feira-que-funciona-como-um-detergente-natural-para-limpar-a-gordura-do-figado\/#primaryimage"},"image":{"@id":"https:\/\/www.correiobraziliense.com.br\/cbradar\/o-vegetal-amargo-comum-na-feira-que-funciona-como-um-detergente-natural-para-limpar-a-gordura-do-figado\/#primaryimage"},"thumbnailUrl":"https:\/\/www.correiobraziliense.com.br\/cbradar\/wp-content\/uploads\/2026\/03\/freepik__mao-fresco-de-rcula-verdeescura-sobre-bancada-de-c__59017.jpeg","datePublished":"2026-03-03T21:05:00+00:00","author":{"@id":"https:\/\/www.correiobraziliense.com.br\/cbradar\/#\/schema\/person\/4cec7857301a9a1a2ef249893cd908d3"},"description":"O vegetal amargo que limpa a gordura do f\u00edgado funciona como um detergente no seu sangue. Adicione r\u00facula e chic\u00f3ria na sua rotina di\u00e1ria.","breadcrumb":{"@id":"https:\/\/www.correiobraziliense.com.br\/cbradar\/o-vegetal-amargo-comum-na-feira-que-funciona-como-um-detergente-natural-para-limpar-a-gordura-do-figado\/#breadcrumb"},"inLanguage":"pt-BR","potentialAction":[{"@type":"ReadAction","target":["https:\/\/www.correiobraziliense.com.br\/cbradar\/o-vegetal-amargo-comum-na-feira-que-funciona-como-um-detergente-natural-para-limpar-a-gordura-do-figado\/"]}]},{"@type":"ImageObject","inLanguage":"pt-BR","@id":"https:\/\/www.correiobraziliense.com.br\/cbradar\/o-vegetal-amargo-comum-na-feira-que-funciona-como-um-detergente-natural-para-limpar-a-gordura-do-figado\/#primaryimage","url":"https:\/\/www.correiobraziliense.com.br\/cbradar\/wp-content\/uploads\/2026\/03\/freepik__mao-fresco-de-rcula-verdeescura-sobre-bancada-de-c__59017.jpeg","contentUrl":"https:\/\/www.correiobraziliense.com.br\/cbradar\/wp-content\/uploads\/2026\/03\/freepik__mao-fresco-de-rcula-verdeescura-sobre-bancada-de-c__59017.jpeg","width":1280,"height":720,"caption":"Alimentos amargos podem estimular a produ\u00e7\u00e3o de saliva e sucos digestivos"},{"@type":"BreadcrumbList","@id":"https:\/\/www.correiobraziliense.com.br\/cbradar\/o-vegetal-amargo-comum-na-feira-que-funciona-como-um-detergente-natural-para-limpar-a-gordura-do-figado\/#breadcrumb","itemListElement":[{"@type":"ListItem","position":1,"name":"In\u00edcio","item":"https:\/\/www.correiobraziliense.com.br\/cbradar\/"},{"@type":"ListItem","position":2,"name":"O vegetal amargo comum na feira que funciona como um detergente natural para limpar a gordura do f\u00edgado"}]},{"@type":"WebSite","@id":"https:\/\/www.correiobraziliense.com.br\/cbradar\/#website","url":"https:\/\/www.correiobraziliense.com.br\/cbradar\/","name":"Correio Braziliense - Radar","description":"Acompanhe as \u00faltimas not\u00edcias e fique bem informado sobre tudo o que acontece no Brasil e no mundo.","potentialAction":[{"@type":"SearchAction","target":{"@type":"EntryPoint","urlTemplate":"https:\/\/www.correiobraziliense.com.br\/cbradar\/?s={search_term_string}"},"query-input":{"@type":"PropertyValueSpecification","valueRequired":true,"valueName":"search_term_string"}}],"inLanguage":"pt-BR"},{"@type":"Person","@id":"https:\/\/www.correiobraziliense.com.br\/cbradar\/#\/schema\/person\/4cec7857301a9a1a2ef249893cd908d3","name":"Paulo Custodio","image":{"@type":"ImageObject","inLanguage":"pt-BR","@id":"https:\/\/www.correiobraziliense.com.br\/cbradar\/#\/schema\/person\/image\/","url":"https:\/\/secure.gravatar.com\/avatar\/bcd67168d1534e8fcf4f45c726a87cea?s=96&d=mm&r=g","contentUrl":"https:\/\/secure.gravatar.com\/avatar\/bcd67168d1534e8fcf4f45c726a87cea?s=96&d=mm&r=g","caption":"Paulo Custodio"},"sameAs":["https:\/\/www.correiobraziliense.com.br\/cbradar"],"url":"https:\/\/www.correiobraziliense.com.br\/cbradar\/author\/paulomyth\/"}]}},"_links":{"self":[{"href":"https:\/\/www.correiobraziliense.com.br\/cbradar\/wp-json\/wp\/v2\/posts\/201395","targetHints":{"allow":["GET"]}}],"collection":[{"href":"https:\/\/www.correiobraziliense.com.br\/cbradar\/wp-json\/wp\/v2\/posts"}],"about":[{"href":"https:\/\/www.correiobraziliense.com.br\/cbradar\/wp-json\/wp\/v2\/types\/post"}],"author":[{"embeddable":true,"href":"https:\/\/www.correiobraziliense.com.br\/cbradar\/wp-json\/wp\/v2\/users\/11"}],"replies":[{"embeddable":true,"href":"https:\/\/www.correiobraziliense.com.br\/cbradar\/wp-json\/wp\/v2\/comments?post=201395"}],"version-history":[{"count":1,"href":"https:\/\/www.correiobraziliense.com.br\/cbradar\/wp-json\/wp\/v2\/posts\/201395\/revisions"}],"predecessor-version":[{"id":201409,"href":"https:\/\/www.correiobraziliense.com.br\/cbradar\/wp-json\/wp\/v2\/posts\/201395\/revisions\/201409"}],"wp:featuredmedia":[{"embeddable":true,"href":"https:\/\/www.correiobraziliense.com.br\/cbradar\/wp-json\/wp\/v2\/media\/201726"}],"wp:attachment":[{"href":"https:\/\/www.correiobraziliense.com.br\/cbradar\/wp-json\/wp\/v2\/media?parent=201395"}],"wp:term":[{"taxonomy":"category","embeddable":true,"href":"https:\/\/www.correiobraziliense.com.br\/cbradar\/wp-json\/wp\/v2\/categories?post=201395"},{"taxonomy":"post_tag","embeddable":true,"href":"https:\/\/www.correiobraziliense.com.br\/cbradar\/wp-json\/wp\/v2\/tags?post=201395"}],"curies":[{"name":"wp","href":"https:\/\/api.w.org\/{rel}","templated":true}]}}