{"id":201543,"date":"2026-03-02T17:15:00","date_gmt":"2026-03-02T20:15:00","guid":{"rendered":"https:\/\/www.correiobraziliense.com.br\/cbradar\/?p=201543"},"modified":"2026-03-01T23:20:41","modified_gmt":"2026-03-02T02:20:41","slug":"esquecer-nomes-pode-ter-relacao-com-ansiedade-e-distracao-digital","status":"publish","type":"post","link":"https:\/\/www.correiobraziliense.com.br\/cbradar\/esquecer-nomes-pode-ter-relacao-com-ansiedade-e-distracao-digital\/","title":{"rendered":"Esquecer nomes pode ter rela\u00e7\u00e3o com ansiedade e distra\u00e7\u00e3o digital"},"content":{"rendered":"\n<p>Esquecer o nome de algu\u00e9m durante uma conversa \u00e9 uma experi\u00eancia comum e geralmente inofensiva, ligada \u00e0 forma como o c\u00e9rebro lida com nomes pr\u00f3prios e \u00e0 sobrecarga de est\u00edmulos e tarefas do cotidiano moderno, que dificulta a aten\u00e7\u00e3o e a fixa\u00e7\u00e3o de novas informa\u00e7\u00f5es.<\/p>\n\n\n\n<h2 class=\"wp-block-heading\">Quais os principais causas das falhas de mem\u00f3ria?<\/h2>\n\n\n\n<p>Nem todas as falhas de mem\u00f3ria s\u00e3o motivo de preocupa\u00e7\u00e3o. Em muitos casos, lapsos est\u00e3o relacionados a fatores cotidianos, como estresse, ansiedade e falta de aten\u00e7\u00e3o no momento em que a informa\u00e7\u00e3o \u00e9 recebida, o que impede uma boa consolida\u00e7\u00e3o.<\/p>\n\n\n\n<p>A priva\u00e7\u00e3o de sono, a sobrecarga de informa\u00e7\u00f5es e o uso de certos medicamentos prejudicam a mem\u00f3ria. Defici\u00eancias nutricionais, como baixos n\u00edveis de vitamina B12 e ferro, tamb\u00e9m podem interferir nesse processo, assim como consumo excessivo de \u00e1lcool e sedentarismo.<\/p>\n\n\n\n<h2 class=\"wp-block-heading\">Qual o impacto do envelhecimento na mem\u00f3ria?<\/h2>\n\n\n\n<p>Com o envelhecimento, torna-se mais dif\u00edcil lembrar nomes e informa\u00e7\u00f5es recentes, o que \u00e9 considerado parte natural do funcionamento cerebral. Estudos, como o artigo \u201cThe Impact of Age on Cognition\u201d, mostram que algumas fun\u00e7\u00f5es se mant\u00eam est\u00e1veis, enquanto aprendizagem e recupera\u00e7\u00e3o recente tendem a declinar.<\/p>\n\n\n\n<p>Ao contr\u00e1rio de doen\u00e7as como Alzheimer, as falhas de mem\u00f3ria associadas \u00e0 idade, em geral, s\u00e3o leves e tempor\u00e1rias. Muitas vezes a informa\u00e7\u00e3o surge ap\u00f3s pistas contextuais ou com mais tempo, sem preju\u00edzo significativo \u00e0 autonomia da pessoa.<\/p>\n\n\n<div class=\"wp-block-image\">\n<figure class=\"aligncenter size-large\"><img decoding=\"async\" width=\"1024\" height=\"576\" src=\"https:\/\/www.correiobraziliense.com.br\/cbradar\/wp-content\/uploads\/2026\/02\/esquecer_1772043647952-1024x576.jpg\" alt=\"\" class=\"wp-image-199160\" srcset=\"https:\/\/www.correiobraziliense.com.br\/cbradar\/wp-content\/uploads\/2026\/02\/esquecer_1772043647952-1024x576.jpg 1024w, https:\/\/www.correiobraziliense.com.br\/cbradar\/wp-content\/uploads\/2026\/02\/esquecer_1772043647952-300x169.jpg 300w, https:\/\/www.correiobraziliense.com.br\/cbradar\/wp-content\/uploads\/2026\/02\/esquecer_1772043647952-768x432.jpg 768w, https:\/\/www.correiobraziliense.com.br\/cbradar\/wp-content\/uploads\/2026\/02\/esquecer_1772043647952-750x422.jpg 750w, https:\/\/www.correiobraziliense.com.br\/cbradar\/wp-content\/uploads\/2026\/02\/esquecer_1772043647952-1140x641.jpg 1140w, https:\/\/www.correiobraziliense.com.br\/cbradar\/wp-content\/uploads\/2026\/02\/esquecer_1772043647952.jpg 1280w\" sizes=\"(max-width: 1024px) 100vw, 1024px\" \/><figcaption class=\"wp-element-caption\">Dificuldade para lembrar nomes pode ter explica\u00e7\u00e3o cient\u00edfica &#8211; Cr\u00e9ditos: depositphotos.com \/ Krakenimages.com<\/figcaption><\/figure><\/div>\n\n\n<h2 class=\"wp-block-heading\">Quando os esquecimentos exigem aten\u00e7\u00e3o?<\/h2>\n\n\n\n<p>Alguns sinais indicam que os esquecimentos podem ultrapassar o esperado para o dia a dia. Nessas situa\u00e7\u00f5es, \u00e9 importante observar o padr\u00e3o, a frequ\u00eancia e o impacto na rotina, considerando uma avalia\u00e7\u00e3o m\u00e9dica especializada para investigar causas revers\u00edveis ou doen\u00e7as neurodegenerativas.<\/p>\n\n\n\n<p>A seguir, veja exemplos de mudan\u00e7as na mem\u00f3ria e na orienta\u00e7\u00e3o que merecem ser observadas com cuidado:<\/p>\n\n\n\n<style>\n  .make-wrap{\n    max-width: 760px;\n    margin: 26px auto;\n    padding: 18px;\n    border-radius: 18px;\n    background: linear-gradient(135deg,#fff7fb 0%,#f6f2ff 100%);\n    border: 1px solid #f7d4ea;\n    box-shadow: 0 8px 20px rgba(236,72,153,.12);\n    font-family: system-ui, -apple-system, Segoe UI, Roboto, Helvetica, Arial, sans-serif;\n  }\n\n  .make-title{\n    display:flex; \n    align-items:center; \n    gap:10px;\n    margin:0 0 12px 4px;\n    font-size:1.2rem; \n    font-weight:900; \n    color:#9d174d;\n  }\n\n  .make-table{\n    width:100%;\n    border-collapse:separate;\n    border-spacing:0;\n    overflow:hidden;\n    border-radius:16px;\n    border:1px solid #f7d4ea;\n    background:#fff;\n    font-size:.92rem;\n  }\n\n  .make-table thead th{\n    background:linear-gradient(90deg,#fde7f3 0%,#f8e9ff 100%);\n    padding:12px;\n    color:#7a1e63;\n    font-weight:800;\n    text-align:left;\n    border-bottom:1px solid #f7d4ea;\n  }\n\n  .make-table tbody td{\n    padding:12px;\n    color:#374151;\n    vertical-align:top;\n    border-bottom:1px dashed #f7d4ea;\n  }\n\n  .make-table tbody tr:nth-child(odd){\n    background:#fffaff;\n  }\n\n  .price{\n    display:inline-flex;\n    align-items:center;\n    background:#fff7ed;\n    color:#b45309;\n    padding:6px 10px;\n    border-radius:10px;\n    border:1px solid #fed7aa;\n    font-weight:700;\n    white-space:nowrap;\n  }\n\n  .badge{\n    display:inline-block;\n    background:#fde7f3;\n    color:#c026d3;\n    border:1px solid #fecdd3;\n    padding:4px 10px;\n    border-radius:999px;\n    font-weight:700;\n    font-size:.78rem;\n  }\n\n  @media (max-width:720px){\n    .make-table thead{display:none}\n    .make-table, .make-table tbody, .make-table tr, .make-table td{\n      display:block; \n      width:100%;\n    }\n    .make-table tr{\n      margin-bottom:12px;\n      border:1px solid #f7d4ea;\n      border-radius:14px;\n      overflow:hidden;\n      background:#fff;\n    }\n    .make-table td[data-label]:before{\n      content:attr(data-label);\n      display:block;\n      font-weight:800;\n      color:#7a1e63;\n      margin-bottom:4px;\n    }\n    .make-table tbody td:last-child{border-bottom:none}\n  }\n<\/style>\n\n<div class=\"make-wrap\">\n  <h3 class=\"make-title\">\ud83e\udde0\u2728 Sinais de Alerta para a Mem\u00f3ria<\/h3>\n\n  <table class=\"make-table\">\n    <thead>\n      <tr>\n        <th>Sinal<\/th>\n        <th>Descri\u00e7\u00e3o<\/th>\n      <\/tr>\n    <\/thead>\n    <tbody>\n      <tr>\n        <td data-label=\"Sinal\">Repeti\u00e7\u00e3o frequente<\/td>\n        <td data-label=\"Descri\u00e7\u00e3o\">Repetir perguntas ou hist\u00f3rias na mesma conversa sem perceber.<\/td>\n      <\/tr>\n      <tr>\n        <td data-label=\"Sinal\">Esquecimentos recorrentes<\/td>\n        <td data-label=\"Descri\u00e7\u00e3o\">Esquecer compromissos, datas importantes ou tarefas habituais.<\/td>\n      <\/tr>\n      <tr>\n        <td data-label=\"Sinal\">Desorienta\u00e7\u00e3o espacial<\/td>\n        <td data-label=\"Descri\u00e7\u00e3o\">Desorientar-se em trajetos conhecidos ou locais familiares.<\/td>\n      <\/tr>\n      <tr>\n        <td data-label=\"Sinal\">Piora progressiva<\/td>\n        <td data-label=\"Descri\u00e7\u00e3o\">Perceber piora que interfere em atividades cotidianas.<\/td>\n      <\/tr>\n    <\/tbody>\n  <\/table>\n\n  <p style=\"margin-top:14px; color:#6b7280; font-size:.9rem;\">\n    \ud83d\udca1 <strong>Dica:<\/strong> Caso esses sinais se tornem frequentes ou progressivos, \u00e9 importante buscar avalia\u00e7\u00e3o profissional.\n  <\/p>\n<\/div>\n\n\n\n\n<h2 class=\"wp-block-heading\">Existem h\u00e1bitos que ajudam a preservar a mem\u00f3ria?<\/h2>\n\n\n\n<p>Manter uma mem\u00f3ria saud\u00e1vel depende de pr\u00e1ticas regulares de autocuidado, como sono adequado, exerc\u00edcios f\u00edsicos, controle de estresse e alimenta\u00e7\u00e3o equilibrada, rica em frutas, verduras, gorduras boas e nutrientes essenciais para o c\u00e9rebro.<\/p>\n\n\n\n<p>Atividades cognitivas e sociais tamb\u00e9m protegem o c\u00e9rebro: leitura frequente, jogos de racioc\u00ednio, aprendizado de novas habilidades e uma vida social ativa fortalecem conex\u00f5es neurais. Se os lapsos forem persistentes ou afetarem a rotina, \u00e9 recomend\u00e1vel consultar um m\u00e9dico para diferenciar altera\u00e7\u00f5es esperadas de condi\u00e7\u00f5es que exigem tratamento.<\/p>\n\n\n<a href=\"https:\/\/www.instagram.com\/dra.annaluisabf\/\" target=\"_blank\" rel=\"noopener\" style=\"text-decoration: none; color: inherit;\">\n    <span style=\"display: inline-block; border: 1px solid #ccc; border-radius: 10px; padding: 15px; max-width: 550px; font-family: sans-serif; box-shadow: 0 2px 5px rgba(0,0,0,0.1); width: 100%;\">\n\n      <!-- T\u00edtulo -->\n      <span style=\"display: block; margin: 0 0 15px 0; font-weight: bold; color: #2c3e50; text-align: center;\">\n        Entre em contato:\n      <\/span>\n\n      <!-- Linha do perfil -->\n      <span style=\"display: flex; align-items: center; gap: 15px;\">\n        <img decoding=\"async\"\n          src=\"https:\/\/www.correiobraziliense.com.br\/cbradar\/wp-content\/uploads\/2025\/08\/dra_anna_luisa.jpeg\"\n          alt=\"Foto da Dra. Anna Lu\u00edsa\"\n          style=\"border-radius: 50%; width: 80px; height: 80px; object-fit: cover;\"\n        \/>\n        <span style=\"display: flex; flex-direction: column;\">\n          <span style=\"font-size: 18px; font-weight: 700; color: #2c3e50;\">Dra. Anna Lu\u00edsa Barbosa Fernandes<\/span>\n          <span style=\"color: #555;\">CRM-GO 33.271<\/span>\n        <\/span>\n      <\/span>\n\n      <!-- Redes -->\n      <span style=\"display: flex; align-items: center; gap: 10px; margin-top: 12px;\">\n        <img decoding=\"async\" src=\"https:\/\/cdn-icons-png.flaticon.com\/24\/1384\/1384063.png\" alt=\"Instagram\" width=\"24\" height=\"24\" \/>\n        <span style=\"text-decoration: underline; color: #2c3e50;\">@dra.annaluisabf<\/span>\n      <\/span>\n\n    <\/span>\n  <\/a>","protected":false},"excerpt":{"rendered":"<p>Esquecer o nome de algu\u00e9m durante uma conversa \u00e9 uma experi\u00eancia comum e geralmente inofensiva, ligada \u00e0 forma como o c\u00e9rebro lida com nomes pr\u00f3prios e \u00e0 sobrecarga de est\u00edmulos e tarefas do cotidiano moderno, que dificulta a aten\u00e7\u00e3o e a fixa\u00e7\u00e3o de novas informa\u00e7\u00f5es. Quais os principais causas das falhas de mem\u00f3ria? Nem todas [&hellip;]<\/p>\n","protected":false},"author":14,"featured_media":199159,"comment_status":"open","ping_status":"open","sticky":false,"template":"","format":"standard","meta":{"_yoast_wpseo_focuskw":"Esquecer nomes pode ter rela\u00e7\u00e3o com ansiedade e distra\u00e7\u00e3o digital","_yoast_wpseo_title":"","_yoast_wpseo_metadesc":"Esquecer nomes \u00e9 comum. Saiba quando \u00e9 normal e quando procurar avalia\u00e7\u00e3o m\u00e9dica.","jnews-multi-image_gallery":[],"jnews_single_post":{"format":"standard"},"jnews_primary_category":[],"jnews_social_meta":[],"jnews_override_counter":[],"footnotes":""},"categories":[4404],"post_tag":[120,247,1318],"class_list":["post-201543","post","type-post","status-publish","format-standard","has-post-thumbnail","hentry","category-saude","tag-bem-estar","tag-qualidade-de-vida","tag-saude-2"],"yoast_head":"<!-- This site is optimized with the Yoast SEO plugin v24.6 - https:\/\/yoast.com\/wordpress\/plugins\/seo\/ -->\n<title>Esquecer nomes pode ter rela\u00e7\u00e3o com ansiedade e distra\u00e7\u00e3o digital - Correio Braziliense - Radar<\/title>\n<meta name=\"description\" content=\"Esquecer nomes \u00e9 comum. Saiba quando \u00e9 normal e quando procurar avalia\u00e7\u00e3o m\u00e9dica.\" \/>\n<meta name=\"robots\" content=\"index, follow, max-snippet:-1, max-image-preview:large, max-video-preview:-1\" \/>\n<link rel=\"canonical\" href=\"https:\/\/www.correiobraziliense.com.br\/cbradar\/esquecer-nomes-pode-ter-relacao-com-ansiedade-e-distracao-digital\/\" \/>\n<meta property=\"og:locale\" content=\"pt_BR\" \/>\n<meta property=\"og:type\" content=\"article\" \/>\n<meta property=\"og:title\" content=\"Esquecer nomes pode ter rela\u00e7\u00e3o com ansiedade e distra\u00e7\u00e3o digital - Correio Braziliense - Radar\" \/>\n<meta property=\"og:description\" content=\"Esquecer nomes \u00e9 comum. Saiba quando \u00e9 normal e quando procurar avalia\u00e7\u00e3o m\u00e9dica.\" \/>\n<meta property=\"og:url\" content=\"https:\/\/www.correiobraziliense.com.br\/cbradar\/esquecer-nomes-pode-ter-relacao-com-ansiedade-e-distracao-digital\/\" \/>\n<meta property=\"og:site_name\" content=\"Correio Braziliense - Radar\" \/>\n<meta property=\"article:published_time\" content=\"2026-03-02T20:15:00+00:00\" \/>\n<meta property=\"og:image\" content=\"https:\/\/www.correiobraziliense.com.br\/cbradar\/wp-content\/uploads\/2026\/02\/esquecer_1772043616286.jpg\" \/>\n\t<meta property=\"og:image:width\" content=\"1280\" \/>\n\t<meta property=\"og:image:height\" content=\"720\" \/>\n\t<meta property=\"og:image:type\" content=\"image\/jpeg\" \/>\n<meta name=\"author\" content=\"guilherme_saude\" \/>\n<meta name=\"twitter:card\" content=\"summary_large_image\" \/>\n<meta name=\"twitter:label1\" content=\"Escrito por\" \/>\n\t<meta name=\"twitter:data1\" content=\"guilherme_saude\" \/>\n\t<meta name=\"twitter:label2\" content=\"Est. tempo de leitura\" \/>\n\t<meta name=\"twitter:data2\" content=\"4 minutos\" \/>\n<!-- \/ Yoast SEO plugin. -->","yoast_head_json":{"title":"Esquecer nomes pode ter rela\u00e7\u00e3o com ansiedade e distra\u00e7\u00e3o digital - Correio Braziliense - Radar","description":"Esquecer nomes \u00e9 comum. Saiba quando \u00e9 normal e quando procurar avalia\u00e7\u00e3o m\u00e9dica.","robots":{"index":"index","follow":"follow","max-snippet":"max-snippet:-1","max-image-preview":"max-image-preview:large","max-video-preview":"max-video-preview:-1"},"canonical":"https:\/\/www.correiobraziliense.com.br\/cbradar\/esquecer-nomes-pode-ter-relacao-com-ansiedade-e-distracao-digital\/","og_locale":"pt_BR","og_type":"article","og_title":"Esquecer nomes pode ter rela\u00e7\u00e3o com ansiedade e distra\u00e7\u00e3o digital - Correio Braziliense - Radar","og_description":"Esquecer nomes \u00e9 comum. Saiba quando \u00e9 normal e quando procurar avalia\u00e7\u00e3o m\u00e9dica.","og_url":"https:\/\/www.correiobraziliense.com.br\/cbradar\/esquecer-nomes-pode-ter-relacao-com-ansiedade-e-distracao-digital\/","og_site_name":"Correio Braziliense - Radar","article_published_time":"2026-03-02T20:15:00+00:00","og_image":[{"width":1280,"height":720,"url":"https:\/\/www.correiobraziliense.com.br\/cbradar\/wp-content\/uploads\/2026\/02\/esquecer_1772043616286.jpg","type":"image\/jpeg"}],"author":"guilherme_saude","twitter_card":"summary_large_image","twitter_misc":{"Escrito por":"guilherme_saude","Est. tempo de leitura":"4 minutos"},"schema":{"@context":"https:\/\/schema.org","@graph":[{"@type":"WebPage","@id":"https:\/\/www.correiobraziliense.com.br\/cbradar\/esquecer-nomes-pode-ter-relacao-com-ansiedade-e-distracao-digital\/","url":"https:\/\/www.correiobraziliense.com.br\/cbradar\/esquecer-nomes-pode-ter-relacao-com-ansiedade-e-distracao-digital\/","name":"Esquecer nomes pode ter rela\u00e7\u00e3o com ansiedade e distra\u00e7\u00e3o digital - Correio Braziliense - Radar","isPartOf":{"@id":"https:\/\/www.correiobraziliense.com.br\/cbradar\/#website"},"primaryImageOfPage":{"@id":"https:\/\/www.correiobraziliense.com.br\/cbradar\/esquecer-nomes-pode-ter-relacao-com-ansiedade-e-distracao-digital\/#primaryimage"},"image":{"@id":"https:\/\/www.correiobraziliense.com.br\/cbradar\/esquecer-nomes-pode-ter-relacao-com-ansiedade-e-distracao-digital\/#primaryimage"},"thumbnailUrl":"https:\/\/www.correiobraziliense.com.br\/cbradar\/wp-content\/uploads\/2026\/02\/esquecer_1772043616286.jpg","datePublished":"2026-03-02T20:15:00+00:00","author":{"@id":"https:\/\/www.correiobraziliense.com.br\/cbradar\/#\/schema\/person\/5aa4bf3c8fa699c267933611de12978b"},"description":"Esquecer nomes \u00e9 comum. Saiba quando \u00e9 normal e quando procurar avalia\u00e7\u00e3o m\u00e9dica.","breadcrumb":{"@id":"https:\/\/www.correiobraziliense.com.br\/cbradar\/esquecer-nomes-pode-ter-relacao-com-ansiedade-e-distracao-digital\/#breadcrumb"},"inLanguage":"pt-BR","potentialAction":[{"@type":"ReadAction","target":["https:\/\/www.correiobraziliense.com.br\/cbradar\/esquecer-nomes-pode-ter-relacao-com-ansiedade-e-distracao-digital\/"]}]},{"@type":"ImageObject","inLanguage":"pt-BR","@id":"https:\/\/www.correiobraziliense.com.br\/cbradar\/esquecer-nomes-pode-ter-relacao-com-ansiedade-e-distracao-digital\/#primaryimage","url":"https:\/\/www.correiobraziliense.com.br\/cbradar\/wp-content\/uploads\/2026\/02\/esquecer_1772043616286.jpg","contentUrl":"https:\/\/www.correiobraziliense.com.br\/cbradar\/wp-content\/uploads\/2026\/02\/esquecer_1772043616286.jpg","width":1280,"height":720,"caption":"Como lembrar nomes com t\u00e9cnicas simples de aten\u00e7\u00e3o plena - Cr\u00e9ditos: depositphotos.com \/ AndrewLozovyi"},{"@type":"BreadcrumbList","@id":"https:\/\/www.correiobraziliense.com.br\/cbradar\/esquecer-nomes-pode-ter-relacao-com-ansiedade-e-distracao-digital\/#breadcrumb","itemListElement":[{"@type":"ListItem","position":1,"name":"In\u00edcio","item":"https:\/\/www.correiobraziliense.com.br\/cbradar\/"},{"@type":"ListItem","position":2,"name":"Esquecer nomes pode ter rela\u00e7\u00e3o com ansiedade e distra\u00e7\u00e3o digital"}]},{"@type":"WebSite","@id":"https:\/\/www.correiobraziliense.com.br\/cbradar\/#website","url":"https:\/\/www.correiobraziliense.com.br\/cbradar\/","name":"Correio Braziliense - Radar","description":"Acompanhe as \u00faltimas not\u00edcias e fique bem informado sobre tudo o que acontece no Brasil e no mundo.","potentialAction":[{"@type":"SearchAction","target":{"@type":"EntryPoint","urlTemplate":"https:\/\/www.correiobraziliense.com.br\/cbradar\/?s={search_term_string}"},"query-input":{"@type":"PropertyValueSpecification","valueRequired":true,"valueName":"search_term_string"}}],"inLanguage":"pt-BR"},{"@type":"Person","@id":"https:\/\/www.correiobraziliense.com.br\/cbradar\/#\/schema\/person\/5aa4bf3c8fa699c267933611de12978b","name":"guilherme_saude","image":{"@type":"ImageObject","inLanguage":"pt-BR","@id":"https:\/\/www.correiobraziliense.com.br\/cbradar\/#\/schema\/person\/image\/","url":"https:\/\/secure.gravatar.com\/avatar\/df9adfb835d344bc0af109d41756253f?s=96&d=mm&r=g","contentUrl":"https:\/\/secure.gravatar.com\/avatar\/df9adfb835d344bc0af109d41756253f?s=96&d=mm&r=g","caption":"guilherme_saude"},"url":"https:\/\/www.correiobraziliense.com.br\/cbradar\/author\/guilherme_saude\/"}]}},"_links":{"self":[{"href":"https:\/\/www.correiobraziliense.com.br\/cbradar\/wp-json\/wp\/v2\/posts\/201543","targetHints":{"allow":["GET"]}}],"collection":[{"href":"https:\/\/www.correiobraziliense.com.br\/cbradar\/wp-json\/wp\/v2\/posts"}],"about":[{"href":"https:\/\/www.correiobraziliense.com.br\/cbradar\/wp-json\/wp\/v2\/types\/post"}],"author":[{"embeddable":true,"href":"https:\/\/www.correiobraziliense.com.br\/cbradar\/wp-json\/wp\/v2\/users\/14"}],"replies":[{"embeddable":true,"href":"https:\/\/www.correiobraziliense.com.br\/cbradar\/wp-json\/wp\/v2\/comments?post=201543"}],"version-history":[{"count":1,"href":"https:\/\/www.correiobraziliense.com.br\/cbradar\/wp-json\/wp\/v2\/posts\/201543\/revisions"}],"predecessor-version":[{"id":201544,"href":"https:\/\/www.correiobraziliense.com.br\/cbradar\/wp-json\/wp\/v2\/posts\/201543\/revisions\/201544"}],"wp:featuredmedia":[{"embeddable":true,"href":"https:\/\/www.correiobraziliense.com.br\/cbradar\/wp-json\/wp\/v2\/media\/199159"}],"wp:attachment":[{"href":"https:\/\/www.correiobraziliense.com.br\/cbradar\/wp-json\/wp\/v2\/media?parent=201543"}],"wp:term":[{"taxonomy":"category","embeddable":true,"href":"https:\/\/www.correiobraziliense.com.br\/cbradar\/wp-json\/wp\/v2\/categories?post=201543"},{"taxonomy":"post_tag","embeddable":true,"href":"https:\/\/www.correiobraziliense.com.br\/cbradar\/wp-json\/wp\/v2\/post_tag?post=201543"}],"curies":[{"name":"wp","href":"https:\/\/api.w.org\/{rel}","templated":true}]}}