{"id":201546,"date":"2026-03-02T18:25:00","date_gmt":"2026-03-02T21:25:00","guid":{"rendered":"https:\/\/www.correiobraziliense.com.br\/cbradar\/?p=201546"},"modified":"2026-03-01T23:23:09","modified_gmt":"2026-03-02T02:23:09","slug":"vitamina-d-fortalece-ossos-e-melhora-a-imunidade-em-todas-as-idades","status":"publish","type":"post","link":"https:\/\/www.correiobraziliense.com.br\/cbradar\/vitamina-d-fortalece-ossos-e-melhora-a-imunidade-em-todas-as-idades\/","title":{"rendered":"Vitamina D fortalece ossos e melhora a imunidade em todas as idades"},"content":{"rendered":"\n<p>A vitamina D exerce um papel crucial na manuten\u00e7\u00e3o da sa\u00fade \u00f3ssea, muscular e do sistema imunol\u00f3gico em todas as idades. A quantidade necess\u00e1ria desse nutriente varia conforme a etapa da vida, e a defici\u00eancia, muitas vezes silenciosa, pode comprometer a sa\u00fade ao longo do tempo, refor\u00e7ando a necessidade de aten\u00e7\u00e3o aos n\u00edveis de vitamina D no organismo desde os primeiros meses de vida at\u00e9 a terceira idade.<\/p>\n\n\n\n<h2 class=\"wp-block-heading\">Quanta vitamina D \u00e9 necess\u00e1ria em cada fase da vida?<\/h2>\n\n\n\n<p>Cada idade possui requisitos espec\u00edficos em rela\u00e7\u00e3o \u00e0 vitamina D, o que \u00e9 essencial para prevenir defici\u00eancias ao longo da vida. Desde os beb\u00eas, que precisam desse nutriente para consolidar seus ossos, at\u00e9 os idosos, que enfrentam queda na produ\u00e7\u00e3o end\u00f3gena, as necessidades variam e devem ser atendidas com cuidado.<\/p>\n\n\n\n<p>As recomenda\u00e7\u00f5es di\u00e1rias de vitamina D, estabelecidas pelos Institutos Nacionais de Sa\u00fade dos Estados Unidos, s\u00e3o amplamente reconhecidas para garantir a sa\u00fade \u00f3ssea e geral: beb\u00eas de 0 a 12 meses precisam de 10 mcg (400 UI), crian\u00e7as e adolescentes de 1 a 18 anos de 15 mcg (600 UI), adultos de 19 a 70 anos de 15 mcg, e pessoas com mais de 70 anos de 20 mcg (800 UI), devido \u00e0 menor capacidade de s\u00edntese da vitamina.<\/p>\n\n\n\n<p>Para compreender melhor qual vitamina pode estar em falta quando o cabelo est\u00e1 caindo e quais nutrientes ajudam a reduzir a queda capilar, assista ao v\u00eddeo a seguir, no qual o <strong>Dr. Paulo M\u00fcller, dermatologista<\/strong>, explica o assunto de forma clara e did\u00e1tica no canal <strong>Dr. Paulo M\u00fcller Dermatologista<\/strong>.<\/p>\n\n\n\n<iframe loading=\"lazy\" width=\"1396\" height=\"785\" src=\"https:\/\/www.youtube.com\/embed\/f2OqhzSPgpo\" title=\"Qual vitamina falta quando o cabelo est\u00e1 caindo? Qual a melhor vitamina para o cabelo parar de cair?\" frameborder=\"0\" allow=\"accelerometer; autoplay; clipboard-write; encrypted-media; gyroscope; picture-in-picture; web-share\" referrerpolicy=\"strict-origin-when-cross-origin\" allowfullscreen><\/iframe>\n\n\n\n<h2 class=\"wp-block-heading\">Por que a vitamina D \u00e9 crucial para o organismo?<\/h2>\n\n\n\n<p>A vitamina D facilita a absor\u00e7\u00e3o de c\u00e1lcio, mineral essencial para a robustez dos ossos e dentes, reduzindo o risco de osteoporose e raquitismo. Al\u00e9m da sa\u00fade \u00f3ssea, ela participa da manuten\u00e7\u00e3o da fun\u00e7\u00e3o muscular, da transmiss\u00e3o de impulsos nervosos e da regula\u00e7\u00e3o do sistema imunol\u00f3gico.<\/p>\n\n\n\n<p>Pesquisas tamb\u00e9m sugerem que n\u00edveis adequados de vitamina D podem estar associados \u00e0 redu\u00e7\u00e3o do risco de algumas doen\u00e7as autoimunes e infec\u00e7\u00f5es respirat\u00f3rias. Por isso, manter o aporte adequado desse nutriente \u00e9 uma estrat\u00e9gia importante de promo\u00e7\u00e3o de sa\u00fade ao longo da vida.<\/p>\n\n\n<div class=\"wp-block-image\">\n<figure class=\"aligncenter size-large\"><img decoding=\"async\" width=\"1024\" height=\"576\" src=\"https:\/\/www.correiobraziliense.com.br\/cbradar\/wp-content\/uploads\/2025\/07\/vitamina-d_1753893763359-1024x576.jpg\" alt=\"\" class=\"wp-image-78065\" srcset=\"https:\/\/www.correiobraziliense.com.br\/cbradar\/wp-content\/uploads\/2025\/07\/vitamina-d_1753893763359-1024x576.jpg 1024w, https:\/\/www.correiobraziliense.com.br\/cbradar\/wp-content\/uploads\/2025\/07\/vitamina-d_1753893763359-300x169.jpg 300w, https:\/\/www.correiobraziliense.com.br\/cbradar\/wp-content\/uploads\/2025\/07\/vitamina-d_1753893763359-768x432.jpg 768w, https:\/\/www.correiobraziliense.com.br\/cbradar\/wp-content\/uploads\/2025\/07\/vitamina-d_1753893763359-750x422.jpg 750w, https:\/\/www.correiobraziliense.com.br\/cbradar\/wp-content\/uploads\/2025\/07\/vitamina-d_1753893763359-1140x641.jpg 1140w, https:\/\/www.correiobraziliense.com.br\/cbradar\/wp-content\/uploads\/2025\/07\/vitamina-d_1753893763359.jpg 1280w\" sizes=\"(max-width: 1024px) 100vw, 1024px\" \/><figcaption class=\"wp-element-caption\">Vitamina D &#8211; Cr\u00e9ditos: depositphotos.com \/ VadimVasenin<\/figcaption><\/figure><\/div>\n\n\n<h2 class=\"wp-block-heading\">Defici\u00eancia de vitamina D na Am\u00e9rica do Sul \u00e9 um problema relevante?<\/h2>\n\n\n\n<p>Apesar da abundante exposi\u00e7\u00e3o solar na Am\u00e9rica do Sul, uma revis\u00e3o sistem\u00e1tica publicada na revista&nbsp;<em>Nutrition Reviews<\/em>&nbsp;revela que cerca de 34,76% da popula\u00e7\u00e3o apresenta defici\u00eancia de vitamina D. Fatores como idade, sexo, localiza\u00e7\u00e3o geogr\u00e1fica, esta\u00e7\u00e3o do ano e h\u00e1bitos de vida impactam significativamente os n\u00edveis desse nutriente.<\/p>\n\n\n\n<p>Diante desse cen\u00e1rio, ganham import\u00e2ncia medidas estruturadas para enfrentamento do problema. Entre as possibilidades de a\u00e7\u00e3o, destacam-se:<\/p>\n\n\n\n<style>\n  .make-wrap{\n    max-width: 760px;\n    margin: 26px auto;\n    padding: 18px;\n    border-radius: 18px;\n    background: linear-gradient(135deg,#fff7fb 0%,#f6f2ff 100%);\n    border: 1px solid #f7d4ea;\n    box-shadow: 0 8px 20px rgba(236,72,153,.12);\n    font-family: system-ui, -apple-system, Segoe UI, Roboto, Helvetica, Arial, sans-serif;\n  }\n\n  .make-title{\n    display:flex; \n    align-items:center; \n    gap:10px;\n    margin:0 0 12px 4px;\n    font-size:1.2rem; \n    font-weight:900; \n    color:#9d174d;\n  }\n\n  .make-table{\n    width:100%;\n    border-collapse:separate;\n    border-spacing:0;\n    overflow:hidden;\n    border-radius:16px;\n    border:1px solid #f7d4ea;\n    background:#fff;\n    font-size:.92rem;\n  }\n\n  .make-table thead th{\n    background:linear-gradient(90deg,#fde7f3 0%,#f8e9ff 100%);\n    padding:12px;\n    color:#7a1e63;\n    font-weight:800;\n    text-align:left;\n    border-bottom:1px solid #f7d4ea;\n  }\n\n  .make-table tbody td{\n    padding:12px;\n    color:#374151;\n    vertical-align:top;\n    border-bottom:1px dashed #f7d4ea;\n  }\n\n  .make-table tbody tr:nth-child(odd){\n    background:#fffaff;\n  }\n\n  .price{\n    display:inline-flex;\n    align-items:center;\n    background:#fff7ed;\n    color:#b45309;\n    padding:6px 10px;\n    border-radius:10px;\n    border:1px solid #fed7aa;\n    font-weight:700;\n    white-space:nowrap;\n  }\n\n  .badge{\n    display:inline-block;\n    background:#fde7f3;\n    color:#c026d3;\n    border:1px solid #fecdd3;\n    padding:4px 10px;\n    border-radius:999px;\n    font-weight:700;\n    font-size:.78rem;\n  }\n\n  @media (max-width:720px){\n    .make-table thead{display:none}\n    .make-table, .make-table tbody, .make-table tr, .make-table td{\n      display:block; \n      width:100%;\n    }\n    .make-table tr{\n      margin-bottom:12px;\n      border:1px solid #f7d4ea;\n      border-radius:14px;\n      overflow:hidden;\n      background:#fff;\n    }\n    .make-table td[data-label]:before{\n      content:attr(data-label);\n      display:block;\n      font-weight:800;\n      color:#7a1e63;\n      margin-bottom:4px;\n    }\n    .make-table tbody td:last-child{border-bottom:none}\n  }\n<\/style>\n\n<div class=\"make-wrap\">\n  <h3 class=\"make-title\">\u2600\ufe0f\u2728 Estrat\u00e9gias para Preven\u00e7\u00e3o da Defici\u00eancia de Vitamina D<\/h3>\n\n  <table class=\"make-table\">\n    <thead>\n      <tr>\n        <th>Estrat\u00e9gia<\/th>\n        <th>Objetivo<\/th>\n      <\/tr>\n    <\/thead>\n    <tbody>\n      <tr>\n        <td data-label=\"Estrat\u00e9gia\">Campanhas de educa\u00e7\u00e3o em sa\u00fade<\/td>\n        <td data-label=\"Objetivo\">Promover exposi\u00e7\u00e3o solar segura e orientar sobre fontes alimentares de vitamina D.<\/td>\n      <\/tr>\n      <tr>\n        <td data-label=\"Estrat\u00e9gia\">Pol\u00edticas de fortifica\u00e7\u00e3o de alimentos<\/td>\n        <td data-label=\"Objetivo\">Garantir aporte adequado de vitamina D em grupos populacionais de maior risco.<\/td>\n      <\/tr>\n      <tr>\n        <td data-label=\"Estrat\u00e9gia\">Protocolos de rastreamento e tratamento<\/td>\n        <td data-label=\"Objetivo\">Prevenir e tratar a defici\u00eancia de vitamina D nos servi\u00e7os de sa\u00fade.<\/td>\n      <\/tr>\n      <tr>\n        <td data-label=\"Estrat\u00e9gia\">Incentivo a pesquisas locais<\/td>\n        <td data-label=\"Objetivo\">Monitorar n\u00edveis de vitamina D e avaliar seus impactos na sa\u00fade da popula\u00e7\u00e3o.<\/td>\n      <\/tr>\n    <\/tbody>\n  <\/table>\n\n  <p style=\"margin-top:14px; color:#6b7280; font-size:.9rem;\">\n    \ud83d\udca1 <strong>Dica:<\/strong> A integra\u00e7\u00e3o entre educa\u00e7\u00e3o, pol\u00edticas p\u00fablicas e assist\u00eancia em sa\u00fade \u00e9 essencial para reduzir a defici\u00eancia de vitamina D.\n  <\/p>\n<\/div>\n\n\n\n\n<h2 class=\"wp-block-heading\">Como garantir n\u00edveis adequados de vitamina D na rotina?<\/h2>\n\n\n\n<p>Para manter n\u00edveis saud\u00e1veis de vitamina D, recomenda-se combinar exposi\u00e7\u00e3o solar, alimenta\u00e7\u00e3o adequada e, quando necess\u00e1rio, suplementa\u00e7\u00e3o. A exposi\u00e7\u00e3o ao sol por 10 a 30 minutos di\u00e1rios, em hor\u00e1rios seguros, estimula a produ\u00e7\u00e3o natural da vitamina na pele.<\/p>\n\n\n\n<p>Uma dieta com fontes como salm\u00e3o, sardinha, gema de ovo e alimentos fortificados contribui para atingir as recomenda\u00e7\u00f5es di\u00e1rias. Em casos de defici\u00eancia confirmada por exame, a suplementa\u00e7\u00e3o orientada por um m\u00e9dico pode ser necess\u00e1ria, sobretudo para grupos como idosos, gestantes, pessoas com pele escura ou com pouca exposi\u00e7\u00e3o ao sol.<\/p>\n\n\n<a href=\"https:\/\/www.instagram.com\/dra.annaluisabf\/\" target=\"_blank\" rel=\"noopener\" style=\"text-decoration: none; color: inherit;\">\n    <span style=\"display: inline-block; border: 1px solid #ccc; border-radius: 10px; padding: 15px; max-width: 550px; font-family: sans-serif; box-shadow: 0 2px 5px rgba(0,0,0,0.1); width: 100%;\">\n\n      <!-- T\u00edtulo -->\n      <span style=\"display: block; margin: 0 0 15px 0; font-weight: bold; color: #2c3e50; text-align: center;\">\n        Entre em contato:\n      <\/span>\n\n      <!-- Linha do perfil -->\n      <span style=\"display: flex; align-items: center; gap: 15px;\">\n        <img decoding=\"async\"\n          src=\"https:\/\/www.correiobraziliense.com.br\/cbradar\/wp-content\/uploads\/2025\/08\/dra_anna_luisa.jpeg\"\n          alt=\"Foto da Dra. Anna Lu\u00edsa\"\n          style=\"border-radius: 50%; width: 80px; height: 80px; object-fit: cover;\"\n        \/>\n        <span style=\"display: flex; flex-direction: column;\">\n          <span style=\"font-size: 18px; font-weight: 700; color: #2c3e50;\">Dra. Anna Lu\u00edsa Barbosa Fernandes<\/span>\n          <span style=\"color: #555;\">CRM-GO 33.271<\/span>\n        <\/span>\n      <\/span>\n\n      <!-- Redes -->\n      <span style=\"display: flex; align-items: center; gap: 10px; margin-top: 12px;\">\n        <img decoding=\"async\" src=\"https:\/\/cdn-icons-png.flaticon.com\/24\/1384\/1384063.png\" alt=\"Instagram\" width=\"24\" height=\"24\" \/>\n        <span style=\"text-decoration: underline; color: #2c3e50;\">@dra.annaluisabf<\/span>\n      <\/span>\n\n    <\/span>\n  <\/a>","protected":false},"excerpt":{"rendered":"<p>A vitamina D exerce um papel crucial na manuten\u00e7\u00e3o da sa\u00fade \u00f3ssea, muscular e do sistema imunol\u00f3gico em todas as idades. A quantidade necess\u00e1ria desse nutriente varia conforme a etapa da vida, e a defici\u00eancia, muitas vezes silenciosa, pode comprometer a sa\u00fade ao longo do tempo, refor\u00e7ando a necessidade de aten\u00e7\u00e3o aos n\u00edveis de vitamina [&hellip;]<\/p>\n","protected":false},"author":14,"featured_media":42327,"comment_status":"open","ping_status":"open","sticky":false,"template":"","format":"standard","meta":{"_yoast_wpseo_focuskw":"Vitamina D","_yoast_wpseo_title":"","_yoast_wpseo_metadesc":"Vitamina D \u00e9 essencial para ossos fortes e boa imunidade. Veja a dose ideal por idade. Saiba como prevenir.","jnews-multi-image_gallery":[],"jnews_single_post":{"format":"standard"},"jnews_primary_category":[],"jnews_social_meta":[],"jnews_override_counter":[],"footnotes":""},"categories":[4404],"post_tag":[120,247,1318],"class_list":["post-201546","post","type-post","status-publish","format-standard","has-post-thumbnail","hentry","category-saude","tag-bem-estar","tag-qualidade-de-vida","tag-saude-2"],"yoast_head":"<!-- This site is optimized with the Yoast SEO plugin v24.6 - https:\/\/yoast.com\/wordpress\/plugins\/seo\/ -->\n<title>Vitamina D fortalece ossos e melhora a imunidade em todas as idades - Correio Braziliense - Radar<\/title>\n<meta name=\"description\" content=\"Vitamina D \u00e9 essencial para ossos fortes e boa imunidade. Veja a dose ideal por idade. Saiba como prevenir.\" \/>\n<meta name=\"robots\" content=\"index, follow, max-snippet:-1, max-image-preview:large, max-video-preview:-1\" \/>\n<link rel=\"canonical\" href=\"https:\/\/www.correiobraziliense.com.br\/cbradar\/vitamina-d-fortalece-ossos-e-melhora-a-imunidade-em-todas-as-idades\/\" \/>\n<meta property=\"og:locale\" content=\"pt_BR\" \/>\n<meta property=\"og:type\" content=\"article\" \/>\n<meta property=\"og:title\" content=\"Vitamina D fortalece ossos e melhora a imunidade em todas as idades - Correio Braziliense - Radar\" \/>\n<meta property=\"og:description\" content=\"Vitamina D \u00e9 essencial para ossos fortes e boa imunidade. Veja a dose ideal por idade. Saiba como prevenir.\" \/>\n<meta property=\"og:url\" content=\"https:\/\/www.correiobraziliense.com.br\/cbradar\/vitamina-d-fortalece-ossos-e-melhora-a-imunidade-em-todas-as-idades\/\" \/>\n<meta property=\"og:site_name\" content=\"Correio Braziliense - Radar\" \/>\n<meta property=\"article:published_time\" content=\"2026-03-02T21:25:00+00:00\" \/>\n<meta property=\"og:image\" content=\"https:\/\/www.correiobraziliense.com.br\/cbradar\/wp-content\/uploads\/2025\/05\/Vitamina-D_1748100388536.jpg\" \/>\n\t<meta property=\"og:image:width\" content=\"1280\" \/>\n\t<meta property=\"og:image:height\" content=\"720\" \/>\n\t<meta property=\"og:image:type\" content=\"image\/jpeg\" \/>\n<meta name=\"author\" content=\"guilherme_saude\" \/>\n<meta name=\"twitter:card\" content=\"summary_large_image\" \/>\n<meta name=\"twitter:label1\" content=\"Escrito por\" \/>\n\t<meta name=\"twitter:data1\" content=\"guilherme_saude\" \/>\n\t<meta name=\"twitter:label2\" content=\"Est. tempo de leitura\" \/>\n\t<meta name=\"twitter:data2\" content=\"5 minutos\" \/>\n<!-- \/ Yoast SEO plugin. -->","yoast_head_json":{"title":"Vitamina D fortalece ossos e melhora a imunidade em todas as idades - Correio Braziliense - Radar","description":"Vitamina D \u00e9 essencial para ossos fortes e boa imunidade. Veja a dose ideal por idade. Saiba como prevenir.","robots":{"index":"index","follow":"follow","max-snippet":"max-snippet:-1","max-image-preview":"max-image-preview:large","max-video-preview":"max-video-preview:-1"},"canonical":"https:\/\/www.correiobraziliense.com.br\/cbradar\/vitamina-d-fortalece-ossos-e-melhora-a-imunidade-em-todas-as-idades\/","og_locale":"pt_BR","og_type":"article","og_title":"Vitamina D fortalece ossos e melhora a imunidade em todas as idades - Correio Braziliense - Radar","og_description":"Vitamina D \u00e9 essencial para ossos fortes e boa imunidade. Veja a dose ideal por idade. Saiba como prevenir.","og_url":"https:\/\/www.correiobraziliense.com.br\/cbradar\/vitamina-d-fortalece-ossos-e-melhora-a-imunidade-em-todas-as-idades\/","og_site_name":"Correio Braziliense - Radar","article_published_time":"2026-03-02T21:25:00+00:00","og_image":[{"width":1280,"height":720,"url":"https:\/\/www.correiobraziliense.com.br\/cbradar\/wp-content\/uploads\/2025\/05\/Vitamina-D_1748100388536.jpg","type":"image\/jpeg"}],"author":"guilherme_saude","twitter_card":"summary_large_image","twitter_misc":{"Escrito por":"guilherme_saude","Est. tempo de leitura":"5 minutos"},"schema":{"@context":"https:\/\/schema.org","@graph":[{"@type":"WebPage","@id":"https:\/\/www.correiobraziliense.com.br\/cbradar\/vitamina-d-fortalece-ossos-e-melhora-a-imunidade-em-todas-as-idades\/","url":"https:\/\/www.correiobraziliense.com.br\/cbradar\/vitamina-d-fortalece-ossos-e-melhora-a-imunidade-em-todas-as-idades\/","name":"Vitamina D fortalece ossos e melhora a imunidade em todas as idades - Correio Braziliense - Radar","isPartOf":{"@id":"https:\/\/www.correiobraziliense.com.br\/cbradar\/#website"},"primaryImageOfPage":{"@id":"https:\/\/www.correiobraziliense.com.br\/cbradar\/vitamina-d-fortalece-ossos-e-melhora-a-imunidade-em-todas-as-idades\/#primaryimage"},"image":{"@id":"https:\/\/www.correiobraziliense.com.br\/cbradar\/vitamina-d-fortalece-ossos-e-melhora-a-imunidade-em-todas-as-idades\/#primaryimage"},"thumbnailUrl":"https:\/\/www.correiobraziliense.com.br\/cbradar\/wp-content\/uploads\/2025\/05\/Vitamina-D_1748100388536.jpg","datePublished":"2026-03-02T21:25:00+00:00","author":{"@id":"https:\/\/www.correiobraziliense.com.br\/cbradar\/#\/schema\/person\/5aa4bf3c8fa699c267933611de12978b"},"description":"Vitamina D \u00e9 essencial para ossos fortes e boa imunidade. Veja a dose ideal por idade. Saiba como prevenir.","breadcrumb":{"@id":"https:\/\/www.correiobraziliense.com.br\/cbradar\/vitamina-d-fortalece-ossos-e-melhora-a-imunidade-em-todas-as-idades\/#breadcrumb"},"inLanguage":"pt-BR","potentialAction":[{"@type":"ReadAction","target":["https:\/\/www.correiobraziliense.com.br\/cbradar\/vitamina-d-fortalece-ossos-e-melhora-a-imunidade-em-todas-as-idades\/"]}]},{"@type":"ImageObject","inLanguage":"pt-BR","@id":"https:\/\/www.correiobraziliense.com.br\/cbradar\/vitamina-d-fortalece-ossos-e-melhora-a-imunidade-em-todas-as-idades\/#primaryimage","url":"https:\/\/www.correiobraziliense.com.br\/cbradar\/wp-content\/uploads\/2025\/05\/Vitamina-D_1748100388536.jpg","contentUrl":"https:\/\/www.correiobraziliense.com.br\/cbradar\/wp-content\/uploads\/2025\/05\/Vitamina-D_1748100388536.jpg","width":1280,"height":720,"caption":"Falta de vitamina D? Veja como suprir com sol e dieta - Cr\u00e9ditos: depositphotos.com \/ elena.hramova"},{"@type":"BreadcrumbList","@id":"https:\/\/www.correiobraziliense.com.br\/cbradar\/vitamina-d-fortalece-ossos-e-melhora-a-imunidade-em-todas-as-idades\/#breadcrumb","itemListElement":[{"@type":"ListItem","position":1,"name":"In\u00edcio","item":"https:\/\/www.correiobraziliense.com.br\/cbradar\/"},{"@type":"ListItem","position":2,"name":"Vitamina D fortalece ossos e melhora a imunidade em todas as idades"}]},{"@type":"WebSite","@id":"https:\/\/www.correiobraziliense.com.br\/cbradar\/#website","url":"https:\/\/www.correiobraziliense.com.br\/cbradar\/","name":"Correio Braziliense - Radar","description":"Acompanhe as \u00faltimas not\u00edcias e fique bem informado sobre tudo o que acontece no Brasil e no mundo.","potentialAction":[{"@type":"SearchAction","target":{"@type":"EntryPoint","urlTemplate":"https:\/\/www.correiobraziliense.com.br\/cbradar\/?s={search_term_string}"},"query-input":{"@type":"PropertyValueSpecification","valueRequired":true,"valueName":"search_term_string"}}],"inLanguage":"pt-BR"},{"@type":"Person","@id":"https:\/\/www.correiobraziliense.com.br\/cbradar\/#\/schema\/person\/5aa4bf3c8fa699c267933611de12978b","name":"guilherme_saude","image":{"@type":"ImageObject","inLanguage":"pt-BR","@id":"https:\/\/www.correiobraziliense.com.br\/cbradar\/#\/schema\/person\/image\/","url":"https:\/\/secure.gravatar.com\/avatar\/df9adfb835d344bc0af109d41756253f?s=96&d=mm&r=g","contentUrl":"https:\/\/secure.gravatar.com\/avatar\/df9adfb835d344bc0af109d41756253f?s=96&d=mm&r=g","caption":"guilherme_saude"},"url":"https:\/\/www.correiobraziliense.com.br\/cbradar\/author\/guilherme_saude\/"}]}},"_links":{"self":[{"href":"https:\/\/www.correiobraziliense.com.br\/cbradar\/wp-json\/wp\/v2\/posts\/201546","targetHints":{"allow":["GET"]}}],"collection":[{"href":"https:\/\/www.correiobraziliense.com.br\/cbradar\/wp-json\/wp\/v2\/posts"}],"about":[{"href":"https:\/\/www.correiobraziliense.com.br\/cbradar\/wp-json\/wp\/v2\/types\/post"}],"author":[{"embeddable":true,"href":"https:\/\/www.correiobraziliense.com.br\/cbradar\/wp-json\/wp\/v2\/users\/14"}],"replies":[{"embeddable":true,"href":"https:\/\/www.correiobraziliense.com.br\/cbradar\/wp-json\/wp\/v2\/comments?post=201546"}],"version-history":[{"count":1,"href":"https:\/\/www.correiobraziliense.com.br\/cbradar\/wp-json\/wp\/v2\/posts\/201546\/revisions"}],"predecessor-version":[{"id":201547,"href":"https:\/\/www.correiobraziliense.com.br\/cbradar\/wp-json\/wp\/v2\/posts\/201546\/revisions\/201547"}],"wp:featuredmedia":[{"embeddable":true,"href":"https:\/\/www.correiobraziliense.com.br\/cbradar\/wp-json\/wp\/v2\/media\/42327"}],"wp:attachment":[{"href":"https:\/\/www.correiobraziliense.com.br\/cbradar\/wp-json\/wp\/v2\/media?parent=201546"}],"wp:term":[{"taxonomy":"category","embeddable":true,"href":"https:\/\/www.correiobraziliense.com.br\/cbradar\/wp-json\/wp\/v2\/categories?post=201546"},{"taxonomy":"post_tag","embeddable":true,"href":"https:\/\/www.correiobraziliense.com.br\/cbradar\/wp-json\/wp\/v2\/post_tag?post=201546"}],"curies":[{"name":"wp","href":"https:\/\/api.w.org\/{rel}","templated":true}]}}