{"id":201564,"date":"2026-03-03T17:45:10","date_gmt":"2026-03-03T20:45:10","guid":{"rendered":"https:\/\/www.correiobraziliense.com.br\/cbradar\/?p=201564"},"modified":"2026-03-02T10:30:28","modified_gmt":"2026-03-02T13:30:28","slug":"essa-flor-vermelha-transforma-qualquer-jardim-em-um-cenario-vivo-com-poucos-cuidados","status":"publish","type":"post","link":"https:\/\/www.correiobraziliense.com.br\/cbradar\/essa-flor-vermelha-transforma-qualquer-jardim-em-um-cenario-vivo-com-poucos-cuidados\/","title":{"rendered":"Essa flor vermelha transforma qualquer jardim em um cen\u00e1rio vivo com poucos cuidados"},"content":{"rendered":"\n<p>Imagine entrar em um jardim e ver um tapete <b>vermelho<\/b> vivo que parece estar sempre em <b>festa<\/b>: essa \u00e9 a sensa\u00e7\u00e3o de ter s\u00e1lvia-vermelha por perto. Al\u00e9m de deixar qualquer espa\u00e7o mais <b>alegre<\/b>, essa planta \u00e9 f\u00e1cil de cuidar e se adapta bem tanto em casas com quintal quanto em apartamentos com varanda ensolarada, o que a torna perfeita para quem quer come\u00e7ar ou ampliar um jardim colorido.<\/p>\n\n\n\n<h2 class=\"wp-block-heading\">O que \u00e9 s\u00e1lvia-vermelha e por que ela \u00e9 t\u00e3o querida nos jardins<\/h2>\n\n\n\n<p>A s\u00e1lvia-vermelha, ou <b>Salvia<\/b> splendens, \u00e9 uma planta <b>ornamental<\/b> que pode durar v\u00e1rios anos em regi\u00f5es quentes ou se comportar como anual em locais de frio intenso. Ela costuma atingir entre 30 e 60 cent\u00edmetros de altura, formando <b>touceiras<\/b> compactas com hastes eretas cheias de flores.<\/p>\n\n\n\n<p>Suas flores tubulares s\u00e3o famosas pelo tom <b>vermelho<\/b> intenso, mas j\u00e1 existem variedades em rosa, branco e roxo, permitindo composi\u00e7\u00f5es bem variadas. Al\u00e9m de <b>linda<\/b>, ela atrai abelhas e beija-flores, ajudando a trazer mais <b>vida<\/b> e movimento para o jardim, pra\u00e7as e at\u00e9 \u00e1reas comerciais.<\/p>\n\n\n<div class=\"wp-block-image\">\n<figure class=\"aligncenter size-large\"><img decoding=\"async\" width=\"1024\" height=\"576\" src=\"https:\/\/www.correiobraziliense.com.br\/cbradar\/wp-content\/uploads\/2026\/03\/Gemini_Generated_Image_trcsqztrcsqztrcs-1-1024x576.png\" alt=\"\" class=\"wp-image-201572\" srcset=\"https:\/\/www.correiobraziliense.com.br\/cbradar\/wp-content\/uploads\/2026\/03\/Gemini_Generated_Image_trcsqztrcsqztrcs-1-1024x576.png 1024w, https:\/\/www.correiobraziliense.com.br\/cbradar\/wp-content\/uploads\/2026\/03\/Gemini_Generated_Image_trcsqztrcsqztrcs-1-300x169.png 300w, https:\/\/www.correiobraziliense.com.br\/cbradar\/wp-content\/uploads\/2026\/03\/Gemini_Generated_Image_trcsqztrcsqztrcs-1-768x432.png 768w, https:\/\/www.correiobraziliense.com.br\/cbradar\/wp-content\/uploads\/2026\/03\/Gemini_Generated_Image_trcsqztrcsqztrcs-1-750x422.png 750w, https:\/\/www.correiobraziliense.com.br\/cbradar\/wp-content\/uploads\/2026\/03\/Gemini_Generated_Image_trcsqztrcsqztrcs-1-1140x641.png 1140w, https:\/\/www.correiobraziliense.com.br\/cbradar\/wp-content\/uploads\/2026\/03\/Gemini_Generated_Image_trcsqztrcsqztrcs-1.png 1280w\" sizes=\"(max-width: 1024px) 100vw, 1024px\" \/><figcaption class=\"wp-element-caption\">Ela costuma atingir entre 30 e 60 cent\u00edmetros de altura<\/figcaption><\/figure><\/div>\n\n\n<p>Leia tamb\u00e9m:&nbsp;<a href=\"https:\/\/www.correiobraziliense.com.br\/cbradar\/essa-folha-roxa-facil-de-plantar-da-mais-cor-ao-prato-e-pode-ajudar-a-deixar-as-noites-mais-leves\/\" target=\"_blank\" rel=\"noopener\">Essa folha roxa f\u00e1cil de plantar d\u00e1 mais cor ao prato e pode ajudar a deixar as noites mais leves<\/a><\/p>\n\n\n\n<h2 class=\"wp-block-heading\">Como plantar s\u00e1lvia-vermelha passo a passo de forma simples<\/h2>\n\n\n\n<p>Antes de come\u00e7ar, \u00e9 importante definir se o plantio ser\u00e1 feito em <b>canteiro<\/b> diretamente no solo ou em vasos. Em qualquer um dos casos, a planta precisa de <b>sol<\/b> pleno por algumas horas do dia e de um solo que n\u00e3o acumule \u00e1gua, j\u00e1 que o <b>encharcamento<\/b> prejudica bastante as ra\u00edzes.<\/p>\n\n\n\n<p>Em regi\u00f5es muito <b>quentes<\/b>, a s\u00e1lvia-vermelha pode se beneficiar de uma leve meia-sombra nas horas de sol mais forte. Veja um passo a passo b\u00e1sico para garantir que as mudas se <b>estabele\u00e7am<\/b> bem e comecem a florir com <b>sa\u00fade<\/b>:<\/p>\n\n\n\n<ol class=\"wp-block-list\">\n<li><strong>Preparar o local:<\/strong> revolver o <b>solo<\/b>, retirando pedras e restos de ra\u00edzes; em vasos, escolher recipientes com furos de <b>drenagem<\/b>.<\/li>\n\n\n\n<li><strong>Corrigir o substrato:<\/strong> usar uma mistura <b>leve<\/b> com terra vegetal, mat\u00e9ria org\u00e2nica bem curtida e um pouco de <b>areia<\/b>.<\/li>\n\n\n\n<li><strong>Fazer o plantio:<\/strong> abrir pequenas <b>covas<\/b>, acomodar as mudas e cobrir as ra\u00edzes sem apertar demais a <b>terra<\/b>.<\/li>\n\n\n\n<li><strong>Regar ap\u00f3s o plantio:<\/strong> fazer uma boa <b>rega<\/b> inicial, sem encharcar, apenas para assentar o <b>substrato<\/b>.<\/li>\n\n\n\n<li><strong>Manter os cuidados iniciais:<\/strong> nos primeiros dias, observar o excesso de <b>sol<\/b> e manter o solo levemente <b>\u00famido<\/b>.<\/li>\n<\/ol>\n\n\n\n<h2 class=\"wp-block-heading\">Qual solo usar e como regar corretamente a s\u00e1lvia-vermelha<\/h2>\n\n\n\n<p>Para que a s\u00e1lvia-vermelha se <b>desenvolva<\/b> bem, o solo precisa ser bem drenado, f\u00e9rtil e de leve acidez a <b>neutro<\/b>. Um substrato comum para plantas de jardim, enriquecido com composto org\u00e2nico ou h\u00famus de minhoca, geralmente funciona muito <b>bem<\/b>, principalmente se o solo n\u00e3o ficar pesado nem compactado.<\/p>\n\n\n\n<p>Em regi\u00f5es com solo muito <b>argiloso<\/b>, vale a pena misturar areia lavada para facilitar a passagem da \u00e1gua. Na rega, o ideal \u00e9 manter o solo sempre levemente <b>\u00famido<\/b>, sem formar lama: espere a camada superficial secar ao toque antes de regar novamente, lembrando que vasos costumam secar mais r\u00e1pido que <b>canteiros<\/b>. Se voc\u00ea gosta de plantas, separamos esse v\u00eddeo do canal <a href=\"https:\/\/www.youtube.com\/@nofigueiredo\" target=\"_blank\" rel=\"noreferrer noopener\">N\u00f4 Figueiredo<\/a> mostrando como plantar essa flor:<\/p>\n\n\n\n<figure class=\"wp-block-embed is-type-video is-provider-youtube wp-block-embed-youtube wp-embed-aspect-16-9 wp-has-aspect-ratio\"><div class=\"wp-block-embed__wrapper\">\n<div class=\"jeg_video_container jeg_video_content\"><iframe loading=\"lazy\" title=\"COMO CULTIVAR ALEGRIA-DOS-JARDINS | N\u00f4 Figueiredo\" width=\"500\" height=\"281\" src=\"https:\/\/www.youtube.com\/embed\/dkhn4um8dYk?feature=oembed\" frameborder=\"0\" allow=\"accelerometer; autoplay; clipboard-write; encrypted-media; gyroscope; picture-in-picture; web-share\" referrerpolicy=\"strict-origin-when-cross-origin\" allowfullscreen><\/iframe><\/div>\n<\/div><\/figure>\n\n\n\n<h2 class=\"wp-block-heading\">Quais cuidados de manuten\u00e7\u00e3o mant\u00eam a s\u00e1lvia-vermelha bonita por mais tempo<\/h2>\n\n\n\n<p>Depois de plantar, a <b>manuten\u00e7\u00e3o<\/b> \u00e9 o que garante um canteiro sempre florido e com aspecto saud\u00e1vel. Uma pr\u00e1tica simples \u00e9 fazer podas leves, removendo flores <b>secas<\/b> e ramos muito velhos, o que estimula o surgimento de novos brotos e deixa o visual mais <b>organizado<\/b>.<\/p>\n\n\n\n<p>A aduba\u00e7\u00e3o de manuten\u00e7\u00e3o tamb\u00e9m ajuda a repor <b>nutrientes<\/b> e fortalecer a planta. Em m\u00e9dia, a cada dois ou tr\u00eas meses, voc\u00ea pode renovar o alimento da s\u00e1lvia-vermelha com op\u00e7\u00f5es f\u00e1ceis de <b>encontrar<\/b>:<\/p>\n\n\n\n<ul class=\"wp-block-list\">\n<li>Composto org\u00e2nico bem <b>curtido<\/b> aplicado na superf\u00edcie do <b>solo<\/b><\/li>\n\n\n\n<li>H\u00famus de minhoca misturado levemente ao <b>substrato<\/b><\/li>\n\n\n\n<li>Adubo espec\u00edfico para plantas <b>flor\u00edferas<\/b>, seguindo a recomenda\u00e7\u00e3o da <b>embalagem<\/b><\/li>\n<\/ul>\n\n\n\n<figure class=\"wp-block-embed is-type-rich is-provider-pinterest wp-block-embed-pinterest\"><div class=\"wp-block-embed__wrapper\">\n<iframe loading=\"lazy\" title=\"Salvia vermelha - Salvia splendens #salvia  #s\u00e1lvia #salvias #salviasplendens #plantasfloridas #plantasdecorativas #plantasdeexterior #plantasdejardim  #plantalover #plantaholics #plantas #plantaterapia #viveiro #lojadeplantas #hortodorossio #plantalove #plantadecorativa #plantalovers\ud83d\udc9a #viveirosdeplantas #plantaholic #plantasdecorativas #plantaadicta #plantaterapia\ud83c\udf40\ud83c\udf35\ud83c\udf37\" src=\"https:\/\/assets.pinterest.com\/ext\/embed.html?id=663506957642165846&#038;src=oembed\" height=\"663\" width=\"450\" frameborder=\"0\" scrolling=\"no\" ><\/iframe>\n<\/div><\/figure>\n\n\n\n<h2 class=\"wp-block-heading\">Como multiplicar a s\u00e1lvia-vermelha e escolher o melhor lugar no jardim<\/h2>\n\n\n\n<p>A s\u00e1lvia-vermelha pode ser multiplicada por <b>sementes<\/b> ou estacas, o que \u00e9 \u00f3timo para quem quer aumentar o canteiro sem gastar muito. As sementes s\u00e3o pequenas e podem ser distribu\u00eddas em bandejas com substrato <b>leve<\/b>, levemente cobertas e mantidas \u00famidas at\u00e9 a <b>germina\u00e7\u00e3o<\/b>; j\u00e1 as estacas s\u00e3o peda\u00e7os de ramos saud\u00e1veis colocados em substrato \u00famido at\u00e9 criarem ra\u00edzes.<\/p>\n\n\n\n<p>Na hora de escolher o lugar ideal no <b>jardim<\/b>, pense na altura da planta e no efeito visual que voc\u00ea quer criar. Ela funciona muito bem em <b>bordaduras<\/b>, maci\u00e7os coloridos e ao longo de muros, combinando com plantas de folhagem verde mais discreta. Em vasos e jardineiras, basta garantir boa <b>drenagem<\/b>, um tamanho compat\u00edvel com o porte da planta e bastante luz para manter a flora\u00e7\u00e3o quase o ano <b>todo<\/b>.<\/p>\n","protected":false},"excerpt":{"rendered":"<p>Imagine entrar em um jardim e ver um tapete vermelho vivo que parece estar sempre em festa: essa \u00e9 a sensa\u00e7\u00e3o de ter s\u00e1lvia-vermelha por perto. Al\u00e9m de deixar qualquer espa\u00e7o mais alegre, essa planta \u00e9 f\u00e1cil de cuidar e se adapta bem tanto em casas com quintal quanto em apartamentos com varanda ensolarada, o [&hellip;]<\/p>\n","protected":false},"author":9,"featured_media":201755,"comment_status":"open","ping_status":"open","sticky":false,"template":"","format":"standard","meta":{"_yoast_wpseo_focuskw":"plantar s\u00e1lvia-vermelha","_yoast_wpseo_title":"","_yoast_wpseo_metadesc":"Uma planta ornamental f\u00e1cil de cuidar, com flores vibrantes e \u00f3tima adapta\u00e7\u00e3o a vasos, canteiros e climas quentes.","jnews-multi-image_gallery":[],"jnews_single_post":{"format":"standard"},"jnews_primary_category":[],"jnews_social_meta":[],"jnews_override_counter":[],"footnotes":""},"categories":[136],"tags":[15684,3927,15683],"class_list":["post-201564","post","type-post","status-publish","format-standard","has-post-thumbnail","hentry","category-jardinagem","tag-como-plantar-salviavermelha","tag-flor","tag-salviavermelha"],"yoast_head":"<!-- This site is optimized with the Yoast SEO plugin v24.6 - https:\/\/yoast.com\/wordpress\/plugins\/seo\/ -->\n<title>Essa flor vermelha transforma qualquer jardim em um cen\u00e1rio vivo com poucos cuidados - Correio Braziliense - Radar<\/title>\n<meta name=\"description\" content=\"Uma planta ornamental f\u00e1cil de cuidar, com flores vibrantes e \u00f3tima adapta\u00e7\u00e3o a vasos, canteiros e climas quentes.\" \/>\n<meta name=\"robots\" content=\"index, follow, max-snippet:-1, max-image-preview:large, max-video-preview:-1\" \/>\n<link rel=\"canonical\" href=\"https:\/\/www.correiobraziliense.com.br\/cbradar\/essa-flor-vermelha-transforma-qualquer-jardim-em-um-cenario-vivo-com-poucos-cuidados\/\" \/>\n<meta property=\"og:locale\" content=\"pt_BR\" \/>\n<meta property=\"og:type\" content=\"article\" \/>\n<meta property=\"og:title\" content=\"Essa flor vermelha transforma qualquer jardim em um cen\u00e1rio vivo com poucos cuidados - Correio Braziliense - Radar\" \/>\n<meta property=\"og:description\" content=\"Uma planta ornamental f\u00e1cil de cuidar, com flores vibrantes e \u00f3tima adapta\u00e7\u00e3o a vasos, canteiros e climas quentes.\" \/>\n<meta property=\"og:url\" content=\"https:\/\/www.correiobraziliense.com.br\/cbradar\/essa-flor-vermelha-transforma-qualquer-jardim-em-um-cenario-vivo-com-poucos-cuidados\/\" \/>\n<meta property=\"og:site_name\" content=\"Correio Braziliense - Radar\" \/>\n<meta property=\"article:published_time\" content=\"2026-03-03T20:45:10+00:00\" \/>\n<meta property=\"og:image\" content=\"https:\/\/www.correiobraziliense.com.br\/cbradar\/wp-content\/uploads\/2026\/03\/freepik__canteiro-ensolarado-com-slviavermelha-formando-mac__59035.jpeg\" \/>\n\t<meta property=\"og:image:width\" content=\"1280\" \/>\n\t<meta property=\"og:image:height\" content=\"720\" \/>\n\t<meta property=\"og:image:type\" content=\"image\/jpeg\" \/>\n<meta name=\"author\" content=\"Daniely Cardoso\" \/>\n<meta name=\"twitter:card\" content=\"summary_large_image\" \/>\n<meta name=\"twitter:label1\" content=\"Escrito por\" \/>\n\t<meta name=\"twitter:data1\" content=\"Daniely Cardoso\" \/>\n\t<meta name=\"twitter:label2\" content=\"Est. tempo de leitura\" \/>\n\t<meta name=\"twitter:data2\" content=\"5 minutos\" \/>\n<!-- \/ Yoast SEO plugin. -->","yoast_head_json":{"title":"Essa flor vermelha transforma qualquer jardim em um cen\u00e1rio vivo com poucos cuidados - Correio Braziliense - Radar","description":"Uma planta ornamental f\u00e1cil de cuidar, com flores vibrantes e \u00f3tima adapta\u00e7\u00e3o a vasos, canteiros e climas quentes.","robots":{"index":"index","follow":"follow","max-snippet":"max-snippet:-1","max-image-preview":"max-image-preview:large","max-video-preview":"max-video-preview:-1"},"canonical":"https:\/\/www.correiobraziliense.com.br\/cbradar\/essa-flor-vermelha-transforma-qualquer-jardim-em-um-cenario-vivo-com-poucos-cuidados\/","og_locale":"pt_BR","og_type":"article","og_title":"Essa flor vermelha transforma qualquer jardim em um cen\u00e1rio vivo com poucos cuidados - Correio Braziliense - Radar","og_description":"Uma planta ornamental f\u00e1cil de cuidar, com flores vibrantes e \u00f3tima adapta\u00e7\u00e3o a vasos, canteiros e climas quentes.","og_url":"https:\/\/www.correiobraziliense.com.br\/cbradar\/essa-flor-vermelha-transforma-qualquer-jardim-em-um-cenario-vivo-com-poucos-cuidados\/","og_site_name":"Correio Braziliense - Radar","article_published_time":"2026-03-03T20:45:10+00:00","og_image":[{"width":1280,"height":720,"url":"https:\/\/www.correiobraziliense.com.br\/cbradar\/wp-content\/uploads\/2026\/03\/freepik__canteiro-ensolarado-com-slviavermelha-formando-mac__59035.jpeg","type":"image\/jpeg"}],"author":"Daniely Cardoso","twitter_card":"summary_large_image","twitter_misc":{"Escrito por":"Daniely Cardoso","Est. tempo de leitura":"5 minutos"},"schema":{"@context":"https:\/\/schema.org","@graph":[{"@type":"WebPage","@id":"https:\/\/www.correiobraziliense.com.br\/cbradar\/essa-flor-vermelha-transforma-qualquer-jardim-em-um-cenario-vivo-com-poucos-cuidados\/","url":"https:\/\/www.correiobraziliense.com.br\/cbradar\/essa-flor-vermelha-transforma-qualquer-jardim-em-um-cenario-vivo-com-poucos-cuidados\/","name":"Essa flor vermelha transforma qualquer jardim em um cen\u00e1rio vivo com poucos cuidados - Correio Braziliense - Radar","isPartOf":{"@id":"https:\/\/www.correiobraziliense.com.br\/cbradar\/#website"},"primaryImageOfPage":{"@id":"https:\/\/www.correiobraziliense.com.br\/cbradar\/essa-flor-vermelha-transforma-qualquer-jardim-em-um-cenario-vivo-com-poucos-cuidados\/#primaryimage"},"image":{"@id":"https:\/\/www.correiobraziliense.com.br\/cbradar\/essa-flor-vermelha-transforma-qualquer-jardim-em-um-cenario-vivo-com-poucos-cuidados\/#primaryimage"},"thumbnailUrl":"https:\/\/www.correiobraziliense.com.br\/cbradar\/wp-content\/uploads\/2026\/03\/freepik__canteiro-ensolarado-com-slviavermelha-formando-mac__59035.jpeg","datePublished":"2026-03-03T20:45:10+00:00","author":{"@id":"https:\/\/www.correiobraziliense.com.br\/cbradar\/#\/schema\/person\/7356666e12ec0ee53f348ee5db227032"},"description":"Uma planta ornamental f\u00e1cil de cuidar, com flores vibrantes e \u00f3tima adapta\u00e7\u00e3o a vasos, canteiros e climas quentes.","breadcrumb":{"@id":"https:\/\/www.correiobraziliense.com.br\/cbradar\/essa-flor-vermelha-transforma-qualquer-jardim-em-um-cenario-vivo-com-poucos-cuidados\/#breadcrumb"},"inLanguage":"pt-BR","potentialAction":[{"@type":"ReadAction","target":["https:\/\/www.correiobraziliense.com.br\/cbradar\/essa-flor-vermelha-transforma-qualquer-jardim-em-um-cenario-vivo-com-poucos-cuidados\/"]}]},{"@type":"ImageObject","inLanguage":"pt-BR","@id":"https:\/\/www.correiobraziliense.com.br\/cbradar\/essa-flor-vermelha-transforma-qualquer-jardim-em-um-cenario-vivo-com-poucos-cuidados\/#primaryimage","url":"https:\/\/www.correiobraziliense.com.br\/cbradar\/wp-content\/uploads\/2026\/03\/freepik__canteiro-ensolarado-com-slviavermelha-formando-mac__59035.jpeg","contentUrl":"https:\/\/www.correiobraziliense.com.br\/cbradar\/wp-content\/uploads\/2026\/03\/freepik__canteiro-ensolarado-com-slviavermelha-formando-mac__59035.jpeg","width":1280,"height":720,"caption":"\u00c9 uma planta ornamental muito usada em canteiros e jardins p\u00fablicos"},{"@type":"BreadcrumbList","@id":"https:\/\/www.correiobraziliense.com.br\/cbradar\/essa-flor-vermelha-transforma-qualquer-jardim-em-um-cenario-vivo-com-poucos-cuidados\/#breadcrumb","itemListElement":[{"@type":"ListItem","position":1,"name":"In\u00edcio","item":"https:\/\/www.correiobraziliense.com.br\/cbradar\/"},{"@type":"ListItem","position":2,"name":"Essa flor vermelha transforma qualquer jardim em um cen\u00e1rio vivo com poucos cuidados"}]},{"@type":"WebSite","@id":"https:\/\/www.correiobraziliense.com.br\/cbradar\/#website","url":"https:\/\/www.correiobraziliense.com.br\/cbradar\/","name":"Correio Braziliense - Radar","description":"Acompanhe as \u00faltimas not\u00edcias e fique bem informado sobre tudo o que acontece no Brasil e no mundo.","potentialAction":[{"@type":"SearchAction","target":{"@type":"EntryPoint","urlTemplate":"https:\/\/www.correiobraziliense.com.br\/cbradar\/?s={search_term_string}"},"query-input":{"@type":"PropertyValueSpecification","valueRequired":true,"valueName":"search_term_string"}}],"inLanguage":"pt-BR"},{"@type":"Person","@id":"https:\/\/www.correiobraziliense.com.br\/cbradar\/#\/schema\/person\/7356666e12ec0ee53f348ee5db227032","name":"Daniely Cardoso","image":{"@type":"ImageObject","inLanguage":"pt-BR","@id":"https:\/\/www.correiobraziliense.com.br\/cbradar\/#\/schema\/person\/image\/","url":"https:\/\/secure.gravatar.com\/avatar\/4b80ddbd124d1f071b626d52d62e5dff?s=96&d=mm&r=g","contentUrl":"https:\/\/secure.gravatar.com\/avatar\/4b80ddbd124d1f071b626d52d62e5dff?s=96&d=mm&r=g","caption":"Daniely Cardoso"},"description":"Redatora nos portais CB Radar e EM Foco, formada pela Universidade Federal de Goi\u00e1s, em Goi\u00e2nia. Apaixonada por comunica\u00e7\u00e3o, arte, decora\u00e7\u00e3o e tend\u00eancias, atuo na produ\u00e7\u00e3o de conte\u00fados envolventes sobre curiosidades, moda, beleza e paisagismo, sempre com um olhar atento \u00e0s novidades do momento.","sameAs":["https:\/\/www.correiobraziliense.com.br\/cbradar"],"url":"https:\/\/www.correiobraziliense.com.br\/cbradar\/author\/danielymyth\/"}]}},"_links":{"self":[{"href":"https:\/\/www.correiobraziliense.com.br\/cbradar\/wp-json\/wp\/v2\/posts\/201564","targetHints":{"allow":["GET"]}}],"collection":[{"href":"https:\/\/www.correiobraziliense.com.br\/cbradar\/wp-json\/wp\/v2\/posts"}],"about":[{"href":"https:\/\/www.correiobraziliense.com.br\/cbradar\/wp-json\/wp\/v2\/types\/post"}],"author":[{"embeddable":true,"href":"https:\/\/www.correiobraziliense.com.br\/cbradar\/wp-json\/wp\/v2\/users\/9"}],"replies":[{"embeddable":true,"href":"https:\/\/www.correiobraziliense.com.br\/cbradar\/wp-json\/wp\/v2\/comments?post=201564"}],"version-history":[{"count":3,"href":"https:\/\/www.correiobraziliense.com.br\/cbradar\/wp-json\/wp\/v2\/posts\/201564\/revisions"}],"predecessor-version":[{"id":201573,"href":"https:\/\/www.correiobraziliense.com.br\/cbradar\/wp-json\/wp\/v2\/posts\/201564\/revisions\/201573"}],"wp:featuredmedia":[{"embeddable":true,"href":"https:\/\/www.correiobraziliense.com.br\/cbradar\/wp-json\/wp\/v2\/media\/201755"}],"wp:attachment":[{"href":"https:\/\/www.correiobraziliense.com.br\/cbradar\/wp-json\/wp\/v2\/media?parent=201564"}],"wp:term":[{"taxonomy":"category","embeddable":true,"href":"https:\/\/www.correiobraziliense.com.br\/cbradar\/wp-json\/wp\/v2\/categories?post=201564"},{"taxonomy":"post_tag","embeddable":true,"href":"https:\/\/www.correiobraziliense.com.br\/cbradar\/wp-json\/wp\/v2\/tags?post=201564"}],"curies":[{"name":"wp","href":"https:\/\/api.w.org\/{rel}","templated":true}]}}