{"id":201674,"date":"2026-03-03T19:35:00","date_gmt":"2026-03-03T22:35:00","guid":{"rendered":"https:\/\/www.correiobraziliense.com.br\/cbradar\/?p=201674"},"modified":"2026-03-02T02:31:13","modified_gmt":"2026-03-02T05:31:13","slug":"por-que-sentimos-irritacao-quando-estamos-com-fome","status":"publish","type":"post","link":"https:\/\/www.correiobraziliense.com.br\/cbradar\/por-que-sentimos-irritacao-quando-estamos-com-fome\/","title":{"rendered":"Por que sentimos irrita\u00e7\u00e3o quando estamos com fome"},"content":{"rendered":"\n<p>Sentir aquela irrita\u00e7\u00e3o repentina quando o est\u00f4mago est\u00e1 vazio \u00e9 uma experi\u00eancia biol\u00f3gica universal que afeta diretamente o nosso comportamento social cotidiano hoje. Esse fen\u00f4meno, conhecido popularmente como hangry, ocorre devido a uma queda acentuada nos n\u00edveis de glicose no sangue, o que desequilibra temporariamente as nossas importantes fun\u00e7\u00f5es cognitivas superiores.<\/p>\n\n\n\n<h2 class=\"wp-block-heading\">Como a queda de glicose afeta o autocontrole emocional?<\/h2>\n\n\n\n<p>O c\u00e9rebro humano depende quase exclusivamente da glicose para funcionar corretamente e manter o controle sobre os nossos impulsos mais primitivos sempre. Quando os n\u00edveis de a\u00e7\u00facar caem drasticamente, o \u00f3rg\u00e3o entra em estado de alerta e passa a lutar para manter a concentra\u00e7\u00e3o nas tarefas b\u00e1sicas di\u00e1rias. Essa escassez de energia compromete a paci\u00eancia e toler\u00e2ncia social.<\/p>\n\n\n\n<p>Sem combust\u00edvel suficiente, as \u00e1reas respons\u00e1veis pela regula\u00e7\u00e3o do humor perdem a capacidade de filtrar rea\u00e7\u00f5es agressivas ou impacientes diante de pequenos problemas chatos. A irritabilidade surge como um reflexo direto dessa dificuldade metab\u00f3lica em processar est\u00edmulos externos de maneira calma e equilibrada. \u00c9 uma resposta f\u00edsica que sinaliza a necessidade urgente de reposi\u00e7\u00e3o cal\u00f3rica constante para o organismo.<\/p>\n\n\n\n<p>A irrita\u00e7\u00e3o que surge quando estamos com fome tem explica\u00e7\u00f5es biol\u00f3gicas ligadas \u00e0 queda de energia e \u00e0s altera\u00e7\u00f5es hormonais no organismo. Entender esse processo ajuda a lidar melhor com as emo\u00e7\u00f5es. No conte\u00fado do <strong>Banheira de conhecimento<\/strong>, com 1,2 milh\u00f5es de seguidores, voc\u00ea descobre mais:<\/p>\n\n\n\n<blockquote class=\"tiktok-embed\" cite=\"https:\/\/www.tiktok.com\/@banheiradeconhecimento\/video\/7181891428560194821\" data-video-id=\"7181891428560194821\" style=\"max-width: 605px;min-width: 325px;\" > <section> <a target=\"_blank\" title=\"@banheiradeconhecimento\" href=\"https:\/\/www.tiktok.com\/@banheiradeconhecimento?refer=embed\">@banheiradeconhecimento<\/a> <p>Por que ficamos de MAU humor quando estamos com FOME?<\/p> <a target=\"_blank\" title=\"\u266c Aesthetic - Tollan Kim\" href=\"https:\/\/www.tiktok.com\/music\/Aesthetic-7072513628145977346?refer=embed\">\u266c Aesthetic &#8211; Tollan Kim<\/a> <\/section> <\/blockquote> <script async src=\"https:\/\/www.tiktok.com\/embed.js\"><\/script>\n\n\n\n<h2 class=\"wp-block-heading\">Qual a rela\u00e7\u00e3o entre os horm\u00f4nios do estresse e o apetite?<\/h2>\n\n\n\n<p>Quando o corpo detecta a falta de nutrientes, ele libera uma s\u00e9rie de horm\u00f4nios contra-reguladores, como a adrenalina e tamb\u00e9m o cortisol. Essas subst\u00e2ncias s\u00e3o as mesmas que o organismo utiliza em situa\u00e7\u00f5es de perigo real ou estresse intenso para nos preparar para lutar. Por isso, a fome gera sentimentos de ansiedade, tens\u00e3o e agressividade r\u00e1pida e instintiva.<\/p>\n\n\n\n<p>A libera\u00e7\u00e3o desses horm\u00f4nios aumenta a frequ\u00eancia card\u00edaca e deixa o sistema nervoso em um estado de vigil\u00e2ncia constante e muito cansativo. Essa combina\u00e7\u00e3o qu\u00edmica torna as pessoas muito mais propensas a explodir por motivos banais durante o dia. A irrita\u00e7\u00e3o \u00e9, portanto, um efeito colateral da tentativa do corpo em garantir a pr\u00f3pria sobreviv\u00eancia atrav\u00e9s da alimenta\u00e7\u00e3o necess\u00e1ria.<\/p>\n\n\n\n<p>Leia tamb\u00e9m: <a href=\"https:\/\/www.correiobraziliense.com.br\/cbradar\/esta-e-a-melhor-hora-para-tomar-banho-e-melhorar-a-qualidade-do-sono\/\" target=\"_blank\" rel=\"noreferrer noopener\">Esta \u00e9 a melhor hora para tomar banho e melhorar a qualidade do sono<\/a><\/p>\n\n\n\n<h2 class=\"wp-block-heading\">Quais s\u00e3o as principais subst\u00e2ncias qu\u00edmicas envolvidas nessa rea\u00e7\u00e3o?<\/h2>\n\n\n\n<p>Al\u00e9m dos horm\u00f4nios do estresse, a neuropept\u00eddeo Y desempenha um papel fundamental ao estimular o apetite e a raiva simultaneamente no hipot\u00e1lamo humano. Essa subst\u00e2ncia atua nas mesmas vias neurais que regulam a fome e a agressividade, criando uma conex\u00e3o biol\u00f3gica direta entre esses dois estados. O equil\u00edbrio desses componentes \u00e9 vital para a sa\u00fade mental plena.<\/p>\n\n\n\n<p>Confira a lista abaixo:<\/p>\n\n\n\n<ul class=\"wp-block-list\">\n<li>Adrenalina e Cortisol.<\/li>\n\n\n\n<li>Glicose no sangue.<\/li>\n\n\n\n<li>Neuropept\u00eddeo Y humano.<\/li>\n\n\n\n<li>Horm\u00f4nio do crescimento.<\/li>\n\n\n\n<li>Glucagon pancre\u00e1tico est\u00e1vel.<\/li>\n<\/ul>\n\n\n\n<h2 class=\"wp-block-heading\">Por que o c\u00e9rebro prioriza a agressividade em vez da calma?<\/h2>\n\n\n\n<p>Do ponto de vista evolutivo, a irritabilidade servia como uma vantagem competitiva para os nossos ancestrais que precisavam ca\u00e7ar para sobreviver. Um ca\u00e7ador com fome e agressivo teria mais chances de obter alimento em um ambiente hostil e perigoso. Essa caracter\u00edstica foi preservada em nosso DNA, mesmo que hoje apenas precisemos ir ao mercado local com frequ\u00eancia.<\/p>\n\n\n\n<p>A agressividade impulsiona o indiv\u00edduo a agir rapidamente para resolver o problema da falta de recursos nutritivos no curto prazo. No mundo moderno, essa resposta torna-se um inconveniente social, mas biologicamente ela faz todo o sentido para a preserva\u00e7\u00e3o da esp\u00e9cie. Entender essa heran\u00e7a gen\u00e9tica ajuda a gerenciar melhor as nossas emo\u00e7\u00f5es durante os per\u00edodos de jejum prolongado.<\/p>\n\n\n<div class=\"wp-block-image\">\n<figure class=\"aligncenter size-large\"><img decoding=\"async\" width=\"1024\" height=\"576\" src=\"https:\/\/www.correiobraziliense.com.br\/cbradar\/wp-content\/uploads\/2026\/03\/Gemini_Generated_Image_vtv756vtv756vtv7-1-1-1024x576.png\" alt=\"Por que sentimos irrita\u00e7\u00e3o quando estamos com fome\" class=\"wp-image-201680\" srcset=\"https:\/\/www.correiobraziliense.com.br\/cbradar\/wp-content\/uploads\/2026\/03\/Gemini_Generated_Image_vtv756vtv756vtv7-1-1-1024x576.png 1024w, https:\/\/www.correiobraziliense.com.br\/cbradar\/wp-content\/uploads\/2026\/03\/Gemini_Generated_Image_vtv756vtv756vtv7-1-1-300x169.png 300w, https:\/\/www.correiobraziliense.com.br\/cbradar\/wp-content\/uploads\/2026\/03\/Gemini_Generated_Image_vtv756vtv756vtv7-1-1-768x432.png 768w, https:\/\/www.correiobraziliense.com.br\/cbradar\/wp-content\/uploads\/2026\/03\/Gemini_Generated_Image_vtv756vtv756vtv7-1-1-750x422.png 750w, https:\/\/www.correiobraziliense.com.br\/cbradar\/wp-content\/uploads\/2026\/03\/Gemini_Generated_Image_vtv756vtv756vtv7-1-1-1140x641.png 1140w, https:\/\/www.correiobraziliense.com.br\/cbradar\/wp-content\/uploads\/2026\/03\/Gemini_Generated_Image_vtv756vtv756vtv7-1-1.png 1280w\" sizes=\"(max-width: 1024px) 100vw, 1024px\" \/><figcaption class=\"wp-element-caption\">Mau humor repentino antes das refei\u00e7\u00f5es pode revelar um mecanismo qu\u00edmico agindo no seu c\u00e9rebro<\/figcaption><\/figure><\/div>\n\n\n<h2 class=\"wp-block-heading\">Como evitar que a fome prejudique as suas rela\u00e7\u00f5es interpessoais?<\/h2>\n\n\n\n<p>Planejar as refei\u00e7\u00f5es de forma estrat\u00e9gica ao longo do dia \u00e9 a <strong>estrat\u00e9gia mais inteligente<\/strong> para evitar picos de irritabilidade desnecess\u00e1rios. Optar por carboidratos complexos e prote\u00ednas garante que a glicose seja liberada de maneira constante na corrente sangu\u00ednea. Manter pequenos lanches saud\u00e1veis por perto pode salvar o seu humor em situa\u00e7\u00f5es de estresse profissional intenso e di\u00e1rio.<\/p>\n\n\n\n<p>Reconhecer os sinais f\u00edsicos da fome antes que a raiva tome conta \u00e9 uma habilidade fundamental de intelig\u00eancia emocional pr\u00e1tica. Segundo a equipe da <strong>Cleveland Clinic<\/strong>, o fen\u00f4meno hangry \u00e9 uma resposta fisiol\u00f3gica real que pode ser controlada com h\u00e1bitos alimentares adequados. Para entender mais detalhes cient\u00edficos sobre essa rea\u00e7\u00e3o, acesse o site oficial em <a href=\"https:\/\/health.clevelandclinic.org\/decoding-your-hunger-are-you-really-hungry-or-not\" target=\"_blank\" rel=\"noreferrer noopener\">clevelandclinic.org<\/a>.<\/p>\n","protected":false},"excerpt":{"rendered":"<p>Sentir aquela irrita\u00e7\u00e3o repentina quando o est\u00f4mago est\u00e1 vazio \u00e9 uma experi\u00eancia biol\u00f3gica universal que afeta diretamente o nosso comportamento social cotidiano hoje. Esse fen\u00f4meno, conhecido popularmente como hangry, ocorre devido a uma queda acentuada nos n\u00edveis de glicose no sangue, o que desequilibra temporariamente as nossas importantes fun\u00e7\u00f5es cognitivas superiores. Como a queda de [&hellip;]<\/p>\n","protected":false},"author":21,"featured_media":201682,"comment_status":"open","ping_status":"open","sticky":false,"template":"","format":"standard","meta":{"_yoast_wpseo_focuskw":"Fen\u00f4meno hangry e irrita\u00e7\u00e3o causada pela fome","_yoast_wpseo_title":"","_yoast_wpseo_metadesc":"A irrita\u00e7\u00e3o que surge quando voc\u00ea est\u00e1 com fome pode ter uma explica\u00e7\u00e3o biol\u00f3gica mais complexa do que parece","jnews-multi-image_gallery":[],"jnews_single_post":{"format":"standard"},"jnews_primary_category":[],"jnews_social_meta":[],"jnews_override_counter":[],"footnotes":""},"categories":[112],"tags":[7151,6361,13633],"class_list":["post-201674","post","type-post","status-publish","format-standard","has-post-thumbnail","hentry","category-curiosidades","tag-apetite","tag-fome","tag-irritacao"],"yoast_head":"<!-- This site is optimized with the Yoast SEO plugin v24.6 - https:\/\/yoast.com\/wordpress\/plugins\/seo\/ -->\n<title>Por que sentimos irrita\u00e7\u00e3o quando estamos com fome - Correio Braziliense - Radar<\/title>\n<meta name=\"description\" content=\"A irrita\u00e7\u00e3o que surge quando voc\u00ea est\u00e1 com fome pode ter uma explica\u00e7\u00e3o biol\u00f3gica mais complexa do que parece\" \/>\n<meta name=\"robots\" content=\"index, follow, max-snippet:-1, max-image-preview:large, max-video-preview:-1\" \/>\n<link rel=\"canonical\" href=\"https:\/\/www.correiobraziliense.com.br\/cbradar\/por-que-sentimos-irritacao-quando-estamos-com-fome\/\" \/>\n<meta property=\"og:locale\" content=\"pt_BR\" \/>\n<meta property=\"og:type\" content=\"article\" \/>\n<meta property=\"og:title\" content=\"Por que sentimos irrita\u00e7\u00e3o quando estamos com fome - Correio Braziliense - Radar\" \/>\n<meta property=\"og:description\" content=\"A irrita\u00e7\u00e3o que surge quando voc\u00ea est\u00e1 com fome pode ter uma explica\u00e7\u00e3o biol\u00f3gica mais complexa do que parece\" \/>\n<meta property=\"og:url\" content=\"https:\/\/www.correiobraziliense.com.br\/cbradar\/por-que-sentimos-irritacao-quando-estamos-com-fome\/\" \/>\n<meta property=\"og:site_name\" content=\"Correio Braziliense - Radar\" \/>\n<meta property=\"article:published_time\" content=\"2026-03-03T22:35:00+00:00\" \/>\n<meta property=\"og:image\" content=\"https:\/\/www.correiobraziliense.com.br\/cbradar\/wp-content\/uploads\/2026\/03\/Gemini_Generated_Image_6w5wvn6w5wvn6w5w-1-1.png\" \/>\n\t<meta property=\"og:image:width\" content=\"1280\" \/>\n\t<meta property=\"og:image:height\" content=\"720\" \/>\n\t<meta property=\"og:image:type\" content=\"image\/png\" \/>\n<meta name=\"author\" content=\"Patrick Silva\" \/>\n<meta name=\"twitter:card\" content=\"summary_large_image\" \/>\n<meta name=\"twitter:label1\" content=\"Escrito por\" \/>\n\t<meta name=\"twitter:data1\" content=\"Patrick Silva\" \/>\n\t<meta name=\"twitter:label2\" content=\"Est. tempo de leitura\" \/>\n\t<meta name=\"twitter:data2\" content=\"5 minutos\" \/>\n<!-- \/ Yoast SEO plugin. -->","yoast_head_json":{"title":"Por que sentimos irrita\u00e7\u00e3o quando estamos com fome - Correio Braziliense - Radar","description":"A irrita\u00e7\u00e3o que surge quando voc\u00ea est\u00e1 com fome pode ter uma explica\u00e7\u00e3o biol\u00f3gica mais complexa do que parece","robots":{"index":"index","follow":"follow","max-snippet":"max-snippet:-1","max-image-preview":"max-image-preview:large","max-video-preview":"max-video-preview:-1"},"canonical":"https:\/\/www.correiobraziliense.com.br\/cbradar\/por-que-sentimos-irritacao-quando-estamos-com-fome\/","og_locale":"pt_BR","og_type":"article","og_title":"Por que sentimos irrita\u00e7\u00e3o quando estamos com fome - Correio Braziliense - Radar","og_description":"A irrita\u00e7\u00e3o que surge quando voc\u00ea est\u00e1 com fome pode ter uma explica\u00e7\u00e3o biol\u00f3gica mais complexa do que parece","og_url":"https:\/\/www.correiobraziliense.com.br\/cbradar\/por-que-sentimos-irritacao-quando-estamos-com-fome\/","og_site_name":"Correio Braziliense - Radar","article_published_time":"2026-03-03T22:35:00+00:00","og_image":[{"width":1280,"height":720,"url":"https:\/\/www.correiobraziliense.com.br\/cbradar\/wp-content\/uploads\/2026\/03\/Gemini_Generated_Image_6w5wvn6w5wvn6w5w-1-1.png","type":"image\/png"}],"author":"Patrick Silva","twitter_card":"summary_large_image","twitter_misc":{"Escrito por":"Patrick Silva","Est. tempo de leitura":"5 minutos"},"schema":{"@context":"https:\/\/schema.org","@graph":[{"@type":"WebPage","@id":"https:\/\/www.correiobraziliense.com.br\/cbradar\/por-que-sentimos-irritacao-quando-estamos-com-fome\/","url":"https:\/\/www.correiobraziliense.com.br\/cbradar\/por-que-sentimos-irritacao-quando-estamos-com-fome\/","name":"Por que sentimos irrita\u00e7\u00e3o quando estamos com fome - Correio Braziliense - Radar","isPartOf":{"@id":"https:\/\/www.correiobraziliense.com.br\/cbradar\/#website"},"primaryImageOfPage":{"@id":"https:\/\/www.correiobraziliense.com.br\/cbradar\/por-que-sentimos-irritacao-quando-estamos-com-fome\/#primaryimage"},"image":{"@id":"https:\/\/www.correiobraziliense.com.br\/cbradar\/por-que-sentimos-irritacao-quando-estamos-com-fome\/#primaryimage"},"thumbnailUrl":"https:\/\/www.correiobraziliense.com.br\/cbradar\/wp-content\/uploads\/2026\/03\/Gemini_Generated_Image_6w5wvn6w5wvn6w5w-1-1.png","datePublished":"2026-03-03T22:35:00+00:00","author":{"@id":"https:\/\/www.correiobraziliense.com.br\/cbradar\/#\/schema\/person\/5440b72be9c7eb74f446c846479dc4da"},"description":"A irrita\u00e7\u00e3o que surge quando voc\u00ea est\u00e1 com fome pode ter uma explica\u00e7\u00e3o biol\u00f3gica mais complexa do que parece","breadcrumb":{"@id":"https:\/\/www.correiobraziliense.com.br\/cbradar\/por-que-sentimos-irritacao-quando-estamos-com-fome\/#breadcrumb"},"inLanguage":"pt-BR","potentialAction":[{"@type":"ReadAction","target":["https:\/\/www.correiobraziliense.com.br\/cbradar\/por-que-sentimos-irritacao-quando-estamos-com-fome\/"]}]},{"@type":"ImageObject","inLanguage":"pt-BR","@id":"https:\/\/www.correiobraziliense.com.br\/cbradar\/por-que-sentimos-irritacao-quando-estamos-com-fome\/#primaryimage","url":"https:\/\/www.correiobraziliense.com.br\/cbradar\/wp-content\/uploads\/2026\/03\/Gemini_Generated_Image_6w5wvn6w5wvn6w5w-1-1.png","contentUrl":"https:\/\/www.correiobraziliense.com.br\/cbradar\/wp-content\/uploads\/2026\/03\/Gemini_Generated_Image_6w5wvn6w5wvn6w5w-1-1.png","width":1280,"height":720,"caption":"Mau humor repentino antes das refei\u00e7\u00f5es pode revelar um mecanismo qu\u00edmico agindo no seu c\u00e9rebro"},{"@type":"BreadcrumbList","@id":"https:\/\/www.correiobraziliense.com.br\/cbradar\/por-que-sentimos-irritacao-quando-estamos-com-fome\/#breadcrumb","itemListElement":[{"@type":"ListItem","position":1,"name":"In\u00edcio","item":"https:\/\/www.correiobraziliense.com.br\/cbradar\/"},{"@type":"ListItem","position":2,"name":"Por que sentimos irrita\u00e7\u00e3o quando estamos com fome"}]},{"@type":"WebSite","@id":"https:\/\/www.correiobraziliense.com.br\/cbradar\/#website","url":"https:\/\/www.correiobraziliense.com.br\/cbradar\/","name":"Correio Braziliense - Radar","description":"Acompanhe as \u00faltimas not\u00edcias e fique bem informado sobre tudo o que acontece no Brasil e no mundo.","potentialAction":[{"@type":"SearchAction","target":{"@type":"EntryPoint","urlTemplate":"https:\/\/www.correiobraziliense.com.br\/cbradar\/?s={search_term_string}"},"query-input":{"@type":"PropertyValueSpecification","valueRequired":true,"valueName":"search_term_string"}}],"inLanguage":"pt-BR"},{"@type":"Person","@id":"https:\/\/www.correiobraziliense.com.br\/cbradar\/#\/schema\/person\/5440b72be9c7eb74f446c846479dc4da","name":"Patrick Silva","image":{"@type":"ImageObject","inLanguage":"pt-BR","@id":"https:\/\/www.correiobraziliense.com.br\/cbradar\/#\/schema\/person\/image\/","url":"https:\/\/secure.gravatar.com\/avatar\/944109df296fc087785c9715fd5f80b2?s=96&d=mm&r=g","contentUrl":"https:\/\/secure.gravatar.com\/avatar\/944109df296fc087785c9715fd5f80b2?s=96&d=mm&r=g","caption":"Patrick Silva"},"sameAs":["https:\/\/www.correiobraziliense.com.br\/cbradar\/"],"url":"https:\/\/www.correiobraziliense.com.br\/cbradar\/author\/patrick-silva\/"}]}},"_links":{"self":[{"href":"https:\/\/www.correiobraziliense.com.br\/cbradar\/wp-json\/wp\/v2\/posts\/201674","targetHints":{"allow":["GET"]}}],"collection":[{"href":"https:\/\/www.correiobraziliense.com.br\/cbradar\/wp-json\/wp\/v2\/posts"}],"about":[{"href":"https:\/\/www.correiobraziliense.com.br\/cbradar\/wp-json\/wp\/v2\/types\/post"}],"author":[{"embeddable":true,"href":"https:\/\/www.correiobraziliense.com.br\/cbradar\/wp-json\/wp\/v2\/users\/21"}],"replies":[{"embeddable":true,"href":"https:\/\/www.correiobraziliense.com.br\/cbradar\/wp-json\/wp\/v2\/comments?post=201674"}],"version-history":[{"count":4,"href":"https:\/\/www.correiobraziliense.com.br\/cbradar\/wp-json\/wp\/v2\/posts\/201674\/revisions"}],"predecessor-version":[{"id":201681,"href":"https:\/\/www.correiobraziliense.com.br\/cbradar\/wp-json\/wp\/v2\/posts\/201674\/revisions\/201681"}],"wp:featuredmedia":[{"embeddable":true,"href":"https:\/\/www.correiobraziliense.com.br\/cbradar\/wp-json\/wp\/v2\/media\/201682"}],"wp:attachment":[{"href":"https:\/\/www.correiobraziliense.com.br\/cbradar\/wp-json\/wp\/v2\/media?parent=201674"}],"wp:term":[{"taxonomy":"category","embeddable":true,"href":"https:\/\/www.correiobraziliense.com.br\/cbradar\/wp-json\/wp\/v2\/categories?post=201674"},{"taxonomy":"post_tag","embeddable":true,"href":"https:\/\/www.correiobraziliense.com.br\/cbradar\/wp-json\/wp\/v2\/tags?post=201674"}],"curies":[{"name":"wp","href":"https:\/\/api.w.org\/{rel}","templated":true}]}}