{"id":201744,"date":"2026-03-03T15:15:00","date_gmt":"2026-03-03T18:15:00","guid":{"rendered":"https:\/\/www.correiobraziliense.com.br\/cbradar\/?p=201744"},"modified":"2026-03-02T12:33:14","modified_gmt":"2026-03-02T15:33:14","slug":"como-evitar-erros-entre-palavras-com-escritas-parecidas-na-lingua-portuguesa","status":"publish","type":"post","link":"https:\/\/www.correiobraziliense.com.br\/cbradar\/como-evitar-erros-entre-palavras-com-escritas-parecidas-na-lingua-portuguesa\/","title":{"rendered":"Como evitar erros entre palavras com escritas parecidas na l\u00edngua portuguesa"},"content":{"rendered":"\n<p>Dominar as diferen\u00e7as entre formas verbais semelhantes \u00e9 essencial para quem busca escrever com clareza e autoridade na l\u00edngua portuguesa. Muitas pessoas confundem o uso do infinitivo com a terceira pessoa do singular, gerando erros gramaticais evit\u00e1veis. Compreender as regras b\u00e1sicas de acentua\u00e7\u00e3o e reg\u00eancia verbal garante uma <strong>comunica\u00e7\u00e3o escrita impec\u00e1vel<\/strong>.<\/p>\n\n\n\n<h2 class=\"wp-block-heading\">Por que a termina\u00e7\u00e3o do verbo muda conforme o contexto da frase?<\/h2>\n\n\n\n<p>Para que a termina\u00e7\u00e3o do verbo mude conforme o contexto da frase, precisamos observar a fun\u00e7\u00e3o que ele exerce dentro da ora\u00e7\u00e3o principal. Quando o verbo indica uma a\u00e7\u00e3o em curso praticada por um sujeito espec\u00edfico, utilizamos a forma acentuada no presente do indicativo. Essa distin\u00e7\u00e3o t\u00e9cnica \u00e9 fundamental para manter a <strong>concord\u00e2ncia verbal correta<\/strong> em qualquer texto.<\/p>\n\n\n\n<p>J\u00e1 o uso da termina\u00e7\u00e3o em r ocorre prioritariamente quando o verbo aparece em sua forma impessoal ou ap\u00f3s preposi\u00e7\u00f5es espec\u00edficas no discurso. Identificar a presen\u00e7a de verbos auxiliares na frase ajuda a definir se a a\u00e7\u00e3o exige o infinitivo ou a flex\u00e3o direta. Estudar essas pequenas nuances gramaticais permite que voc\u00ea escreva com <strong>m\u00e1xima precis\u00e3o e clareza<\/strong>.<\/p>\n\n\n\n<figure class=\"wp-block-image size-large\"><img decoding=\"async\" width=\"1024\" height=\"576\" src=\"https:\/\/www.correiobraziliense.com.br\/cbradar\/wp-content\/uploads\/2026\/03\/Gemini_Generated_Image_s8y6g1s8y6g1s8y6-1-1-1024x576.png\" alt=\"Como evitar erros entre palavras com escritas parecidas na l\u00edngua portuguesa\" class=\"wp-image-201750\" srcset=\"https:\/\/www.correiobraziliense.com.br\/cbradar\/wp-content\/uploads\/2026\/03\/Gemini_Generated_Image_s8y6g1s8y6g1s8y6-1-1-1024x576.png 1024w, https:\/\/www.correiobraziliense.com.br\/cbradar\/wp-content\/uploads\/2026\/03\/Gemini_Generated_Image_s8y6g1s8y6g1s8y6-1-1-300x169.png 300w, https:\/\/www.correiobraziliense.com.br\/cbradar\/wp-content\/uploads\/2026\/03\/Gemini_Generated_Image_s8y6g1s8y6g1s8y6-1-1-768x432.png 768w, https:\/\/www.correiobraziliense.com.br\/cbradar\/wp-content\/uploads\/2026\/03\/Gemini_Generated_Image_s8y6g1s8y6g1s8y6-1-1-750x422.png 750w, https:\/\/www.correiobraziliense.com.br\/cbradar\/wp-content\/uploads\/2026\/03\/Gemini_Generated_Image_s8y6g1s8y6g1s8y6-1-1-1140x641.png 1140w, https:\/\/www.correiobraziliense.com.br\/cbradar\/wp-content\/uploads\/2026\/03\/Gemini_Generated_Image_s8y6g1s8y6g1s8y6-1-1.png 1280w\" sizes=\"(max-width: 1024px) 100vw, 1024px\" \/><figcaption class=\"wp-element-caption\">Um detalhe gramatical pode comprometer clareza e credibilidade<\/figcaption><\/figure>\n\n\n\n<h2 class=\"wp-block-heading\">Qual \u00e9 o segredo para nunca mais errar a acentua\u00e7\u00e3o gr\u00e1fica?<\/h2>\n\n\n\n<p>O acento agudo na vogal final \u00e9 obrigat\u00f3rio em ox\u00edtonas terminadas em e para diferenciar a pron\u00fancia e a classe gramatical correta. Sem o acento, a palavra perde sua for\u00e7a verbal e pode ser confundida com outras estruturas lingu\u00edsticas menos comuns no idioma. Aplicar essa regra b\u00e1sica evita ambiguidades que prejudicam o entendimento do leitor e a <strong>credibilidade do autor<\/strong>.<\/p>\n\n\n\n<p>Verbos como ler, crer e ver seguem padr\u00f5es de acentua\u00e7\u00e3o que foram alterados em reformas ortogr\u00e1ficas passadas na nossa l\u00edngua portuguesa. No entanto, a distin\u00e7\u00e3o entre o presente do indicativo e o infinitivo permanece inalterada para garantir a fluidez da leitura t\u00e9cnica. Dominar essas regras de acentua\u00e7\u00e3o \u00e9 um <strong>passo vital para redatores profissionais<\/strong> e tamb\u00e9m para estudantes dedicados.<\/p>\n\n\n\n<h2 class=\"wp-block-heading\">Como aplicar estas regras em situa\u00e7\u00f5es pr\u00e1ticas do dia a dia?<\/h2>\n\n\n\n<p>Praticar a substitui\u00e7\u00e3o do verbo por outro de termina\u00e7\u00e3o diferente \u00e9 uma t\u00e9cnica simples para verificar a necessidade do infinitivo oracional. Se a frase mant\u00e9m o sentido ao usar partir ou sorrir, voc\u00ea deve utilizar a forma terminada em r. Essa ferramenta mental auxilia na revis\u00e3o r\u00e1pida de e-mails e documentos importantes que exigem sempre a <strong>corre\u00e7\u00e3o gramatical absoluta<\/strong>.<\/p>\n\n\n\n<p>Confira a lista abaixo:<\/p>\n\n\n\n<ul class=\"wp-block-list\">\n<li>Uso do infinitivo ap\u00f3s preposi\u00e7\u00f5es.<\/li>\n\n\n\n<li>Flex\u00e3o na terceira pessoa do singular.<\/li>\n\n\n\n<li>Identifica\u00e7\u00e3o de locu\u00e7\u00f5es verbais complexas.<\/li>\n\n\n\n<li>Diferencia\u00e7\u00e3o entre t\u00f4nico e \u00e1tono.<\/li>\n\n\n\n<li>Aplica\u00e7\u00e3o do novo acordo ortogr\u00e1fico.<\/li>\n<\/ul>\n\n\n\n<h2 class=\"wp-block-heading\">Quando o infinitivo se torna a escolha correta na ora\u00e7\u00e3o?<\/h2>\n\n\n\n<p>O infinitivo deve ser empregado sempre que a a\u00e7\u00e3o verbal n\u00e3o estiver sendo executada diretamente por um sujeito determinado na frase. Ele aparece com frequ\u00eancia ap\u00f3s verbos de desejo, necessidade ou obrigatoriedade, formando as chamadas locu\u00e7\u00f5es verbais do cotidiano. Saber empregar o infinitivo corretamente demonstra um dom\u00ednio superior das normas cultas e garante uma <strong>escrita muito profissional<\/strong> hoje.<\/p>\n\n\n\n<p>Al\u00e9m disso, o uso da forma terminada em r \u00e9 comum em frases nominais onde o verbo assume fun\u00e7\u00f5es substantivas espec\u00edficas. Nesses casos, a a\u00e7\u00e3o \u00e9 tratada de forma gen\u00e9rica, sem se referir a um tempo ou pessoa espec\u00edfica do discurso atual. Utilizar essa estrutura de maneira consciente enriquece o texto e proporciona uma <strong>experi\u00eancia de leitura fluida<\/strong> agora.<\/p>\n\n\n\n<p>No v\u00eddeo abaixo do TikTok <strong><em>Gramaticacomjulia<\/em><\/strong>, que conta com mais de <strong><em>215 mil<\/em><\/strong> seguidores, ela ensina como usar as palavras &#8220;l\u00ea&#8221; e &#8220;ler&#8221; corretamente:<\/p>\n\n\n\n<blockquote class=\"tiktok-embed\" cite=\"https:\/\/www.tiktok.com\/@gramaticacomjulia\/video\/7610930505638317332\" data-video-id=\"7610930505638317332\" style=\"max-width: 605px;min-width: 325px;\" > <section> <a target=\"_blank\" title=\"@gramaticacomjulia\" href=\"https:\/\/www.tiktok.com\/@gramaticacomjulia?refer=embed\">@gramaticacomjulia<\/a> Dica de hoje! <a title=\"auladeportugu\u00eas\" target=\"_blank\" href=\"https:\/\/www.tiktok.com\/tag\/auladeportugu%C3%AAs?refer=embed\">#auladeportugu\u00eas<\/a> <a title=\"dicadeportugu\u00eas\" target=\"_blank\" href=\"https:\/\/www.tiktok.com\/tag\/dicadeportugu%C3%AAs?refer=embed\">#dicadeportugu\u00eas<\/a> <a title=\"concursopublico\" target=\"_blank\" href=\"https:\/\/www.tiktok.com\/tag\/concursopublico?refer=embed\">#concursopublico<\/a> <a title=\"portuguesbasico\" target=\"_blank\" href=\"https:\/\/www.tiktok.com\/tag\/portuguesbasico?refer=embed\">#portuguesbasico<\/a> <a title=\"dicas\" target=\"_blank\" href=\"https:\/\/www.tiktok.com\/tag\/dicas?refer=embed\">#dicas<\/a> <a target=\"_blank\" title=\"\u266c som original - Gram\u00e1tica com J\u00falia\" href=\"https:\/\/www.tiktok.com\/music\/som-original-7610930782030269204?refer=embed\">\u266c som original &#8211; Gram\u00e1tica com J\u00falia<\/a> <\/section> <\/blockquote> <script async src=\"https:\/\/www.tiktok.com\/embed.js\"><\/script>\n\n\n\n<p>Leia tamb\u00e9m: <a href=\"https:\/\/www.correiobraziliense.com.br\/cbradar\/a-palavra-que-pode-ser-escrita-com-s-ou-z-e-ainda-divide-opinioes\/\" target=\"_blank\" rel=\"noreferrer noopener\">A palavra que pode ser escrita com s ou z e ainda divide opini\u00f5es<\/a><\/p>\n\n\n\n<h2 class=\"wp-block-heading\">O que as normas oficiais dizem sobre estas varia\u00e7\u00f5es lingu\u00edsticas?<\/h2>\n\n\n\n<p>Consultar fontes oficiais \u00e9 o caminho mais seguro para sanar d\u00favidas persistentes sobre a ortografia e a gram\u00e1tica brasileira atualizada. O Vocabul\u00e1rio Ortogr\u00e1fico da L\u00edngua Portuguesa oferece as diretrizes exatas para a grafia correta de cada termo em nosso idioma oficial. Seguir essas recomenda\u00e7\u00f5es t\u00e9cnicas assegura que seu conte\u00fado esteja sempre alinhado com as <strong>normas gramaticais vigentes no Brasil<\/strong>.<\/p>\n\n\n\n<p>Entender as mudan\u00e7as promovidas pelo acordo ortogr\u00e1fico \u00e9 essencial para manter a escrita moderna e livre de erros arcaicos ou confusos. \u00d3rg\u00e3os como a <strong>Academia Brasileira de Letras<\/strong> disponibilizam ferramentas de consulta r\u00e1pida para facilitar a vida de redatores e comunicadores em geral. Para verificar a grafia oficial de verbos, acesse o portal oficial <a target=\"_blank\" rel=\"noreferrer noopener\" href=\"https:\/\/www.academia.org.br\/nossa-lingua\/busca-no-vocabulario\">academia.org.br<\/a>.<\/p>\n","protected":false},"excerpt":{"rendered":"<p>Dominar as diferen\u00e7as entre formas verbais semelhantes \u00e9 essencial para quem busca escrever com clareza e autoridade na l\u00edngua portuguesa. Muitas pessoas confundem o uso do infinitivo com a terceira pessoa do singular, gerando erros gramaticais evit\u00e1veis. Compreender as regras b\u00e1sicas de acentua\u00e7\u00e3o e reg\u00eancia verbal garante uma comunica\u00e7\u00e3o escrita impec\u00e1vel. Por que a termina\u00e7\u00e3o [&hellip;]<\/p>\n","protected":false},"author":21,"featured_media":201749,"comment_status":"open","ping_status":"open","sticky":false,"template":"","format":"standard","meta":{"_yoast_wpseo_focuskw":"palavras parecidas","_yoast_wpseo_title":"","_yoast_wpseo_metadesc":"D\u00favidas entre formas verbais semelhantes comprometem a escrita formal e exigem aten\u00e7\u00e3o \u00e0s regras de acentua\u00e7\u00e3o e concord\u00e2ncia","jnews-multi-image_gallery":[],"jnews_single_post":{"format":"standard"},"jnews_primary_category":[],"jnews_social_meta":[],"jnews_override_counter":[],"footnotes":""},"categories":[112],"tags":[13378,10902,3272,6081],"class_list":["post-201744","post","type-post","status-publish","format-standard","has-post-thumbnail","hentry","category-curiosidades","tag-correcao","tag-lingua-portuguesa","tag-palavra","tag-portugues"],"yoast_head":"<!-- This site is optimized with the Yoast SEO plugin v24.6 - https:\/\/yoast.com\/wordpress\/plugins\/seo\/ -->\n<title>Como evitar erros entre palavras com escritas parecidas na l\u00edngua portuguesa - Correio Braziliense - Radar<\/title>\n<meta name=\"description\" content=\"D\u00favidas entre formas verbais semelhantes comprometem a escrita formal e exigem aten\u00e7\u00e3o \u00e0s regras de acentua\u00e7\u00e3o e concord\u00e2ncia\" \/>\n<meta name=\"robots\" content=\"index, follow, max-snippet:-1, max-image-preview:large, max-video-preview:-1\" \/>\n<link rel=\"canonical\" href=\"https:\/\/www.correiobraziliense.com.br\/cbradar\/como-evitar-erros-entre-palavras-com-escritas-parecidas-na-lingua-portuguesa\/\" \/>\n<meta property=\"og:locale\" content=\"pt_BR\" \/>\n<meta property=\"og:type\" content=\"article\" \/>\n<meta property=\"og:title\" content=\"Como evitar erros entre palavras com escritas parecidas na l\u00edngua portuguesa - Correio Braziliense - Radar\" \/>\n<meta property=\"og:description\" content=\"D\u00favidas entre formas verbais semelhantes comprometem a escrita formal e exigem aten\u00e7\u00e3o \u00e0s regras de acentua\u00e7\u00e3o e concord\u00e2ncia\" \/>\n<meta property=\"og:url\" content=\"https:\/\/www.correiobraziliense.com.br\/cbradar\/como-evitar-erros-entre-palavras-com-escritas-parecidas-na-lingua-portuguesa\/\" \/>\n<meta property=\"og:site_name\" content=\"Correio Braziliense - Radar\" \/>\n<meta property=\"article:published_time\" content=\"2026-03-03T18:15:00+00:00\" \/>\n<meta property=\"og:image\" content=\"https:\/\/www.correiobraziliense.com.br\/cbradar\/wp-content\/uploads\/2026\/03\/Gemini_Generated_Image_tteaf6tteaf6ttea-1-1.png\" \/>\n\t<meta property=\"og:image:width\" content=\"1280\" \/>\n\t<meta property=\"og:image:height\" content=\"720\" \/>\n\t<meta property=\"og:image:type\" content=\"image\/png\" \/>\n<meta name=\"author\" content=\"Patrick Silva\" \/>\n<meta name=\"twitter:card\" content=\"summary_large_image\" \/>\n<meta name=\"twitter:label1\" content=\"Escrito por\" \/>\n\t<meta name=\"twitter:data1\" content=\"Patrick Silva\" \/>\n\t<meta name=\"twitter:label2\" content=\"Est. tempo de leitura\" \/>\n\t<meta name=\"twitter:data2\" content=\"5 minutos\" \/>\n<!-- \/ Yoast SEO plugin. -->","yoast_head_json":{"title":"Como evitar erros entre palavras com escritas parecidas na l\u00edngua portuguesa - Correio Braziliense - Radar","description":"D\u00favidas entre formas verbais semelhantes comprometem a escrita formal e exigem aten\u00e7\u00e3o \u00e0s regras de acentua\u00e7\u00e3o e concord\u00e2ncia","robots":{"index":"index","follow":"follow","max-snippet":"max-snippet:-1","max-image-preview":"max-image-preview:large","max-video-preview":"max-video-preview:-1"},"canonical":"https:\/\/www.correiobraziliense.com.br\/cbradar\/como-evitar-erros-entre-palavras-com-escritas-parecidas-na-lingua-portuguesa\/","og_locale":"pt_BR","og_type":"article","og_title":"Como evitar erros entre palavras com escritas parecidas na l\u00edngua portuguesa - Correio Braziliense - Radar","og_description":"D\u00favidas entre formas verbais semelhantes comprometem a escrita formal e exigem aten\u00e7\u00e3o \u00e0s regras de acentua\u00e7\u00e3o e concord\u00e2ncia","og_url":"https:\/\/www.correiobraziliense.com.br\/cbradar\/como-evitar-erros-entre-palavras-com-escritas-parecidas-na-lingua-portuguesa\/","og_site_name":"Correio Braziliense - Radar","article_published_time":"2026-03-03T18:15:00+00:00","og_image":[{"width":1280,"height":720,"url":"https:\/\/www.correiobraziliense.com.br\/cbradar\/wp-content\/uploads\/2026\/03\/Gemini_Generated_Image_tteaf6tteaf6ttea-1-1.png","type":"image\/png"}],"author":"Patrick Silva","twitter_card":"summary_large_image","twitter_misc":{"Escrito por":"Patrick Silva","Est. tempo de leitura":"5 minutos"},"schema":{"@context":"https:\/\/schema.org","@graph":[{"@type":"WebPage","@id":"https:\/\/www.correiobraziliense.com.br\/cbradar\/como-evitar-erros-entre-palavras-com-escritas-parecidas-na-lingua-portuguesa\/","url":"https:\/\/www.correiobraziliense.com.br\/cbradar\/como-evitar-erros-entre-palavras-com-escritas-parecidas-na-lingua-portuguesa\/","name":"Como evitar erros entre palavras com escritas parecidas na l\u00edngua portuguesa - Correio Braziliense - Radar","isPartOf":{"@id":"https:\/\/www.correiobraziliense.com.br\/cbradar\/#website"},"primaryImageOfPage":{"@id":"https:\/\/www.correiobraziliense.com.br\/cbradar\/como-evitar-erros-entre-palavras-com-escritas-parecidas-na-lingua-portuguesa\/#primaryimage"},"image":{"@id":"https:\/\/www.correiobraziliense.com.br\/cbradar\/como-evitar-erros-entre-palavras-com-escritas-parecidas-na-lingua-portuguesa\/#primaryimage"},"thumbnailUrl":"https:\/\/www.correiobraziliense.com.br\/cbradar\/wp-content\/uploads\/2026\/03\/Gemini_Generated_Image_tteaf6tteaf6ttea-1-1.png","datePublished":"2026-03-03T18:15:00+00:00","author":{"@id":"https:\/\/www.correiobraziliense.com.br\/cbradar\/#\/schema\/person\/5440b72be9c7eb74f446c846479dc4da"},"description":"D\u00favidas entre formas verbais semelhantes comprometem a escrita formal e exigem aten\u00e7\u00e3o \u00e0s regras de acentua\u00e7\u00e3o e concord\u00e2ncia","breadcrumb":{"@id":"https:\/\/www.correiobraziliense.com.br\/cbradar\/como-evitar-erros-entre-palavras-com-escritas-parecidas-na-lingua-portuguesa\/#breadcrumb"},"inLanguage":"pt-BR","potentialAction":[{"@type":"ReadAction","target":["https:\/\/www.correiobraziliense.com.br\/cbradar\/como-evitar-erros-entre-palavras-com-escritas-parecidas-na-lingua-portuguesa\/"]}]},{"@type":"ImageObject","inLanguage":"pt-BR","@id":"https:\/\/www.correiobraziliense.com.br\/cbradar\/como-evitar-erros-entre-palavras-com-escritas-parecidas-na-lingua-portuguesa\/#primaryimage","url":"https:\/\/www.correiobraziliense.com.br\/cbradar\/wp-content\/uploads\/2026\/03\/Gemini_Generated_Image_tteaf6tteaf6ttea-1-1.png","contentUrl":"https:\/\/www.correiobraziliense.com.br\/cbradar\/wp-content\/uploads\/2026\/03\/Gemini_Generated_Image_tteaf6tteaf6ttea-1-1.png","width":1280,"height":720,"caption":"Um detalhe gramatical pode comprometer clareza e credibilidade"},{"@type":"BreadcrumbList","@id":"https:\/\/www.correiobraziliense.com.br\/cbradar\/como-evitar-erros-entre-palavras-com-escritas-parecidas-na-lingua-portuguesa\/#breadcrumb","itemListElement":[{"@type":"ListItem","position":1,"name":"In\u00edcio","item":"https:\/\/www.correiobraziliense.com.br\/cbradar\/"},{"@type":"ListItem","position":2,"name":"Como evitar erros entre palavras com escritas parecidas na l\u00edngua portuguesa"}]},{"@type":"WebSite","@id":"https:\/\/www.correiobraziliense.com.br\/cbradar\/#website","url":"https:\/\/www.correiobraziliense.com.br\/cbradar\/","name":"Correio Braziliense - Radar","description":"Acompanhe as \u00faltimas not\u00edcias e fique bem informado sobre tudo o que acontece no Brasil e no mundo.","potentialAction":[{"@type":"SearchAction","target":{"@type":"EntryPoint","urlTemplate":"https:\/\/www.correiobraziliense.com.br\/cbradar\/?s={search_term_string}"},"query-input":{"@type":"PropertyValueSpecification","valueRequired":true,"valueName":"search_term_string"}}],"inLanguage":"pt-BR"},{"@type":"Person","@id":"https:\/\/www.correiobraziliense.com.br\/cbradar\/#\/schema\/person\/5440b72be9c7eb74f446c846479dc4da","name":"Patrick Silva","image":{"@type":"ImageObject","inLanguage":"pt-BR","@id":"https:\/\/www.correiobraziliense.com.br\/cbradar\/#\/schema\/person\/image\/","url":"https:\/\/secure.gravatar.com\/avatar\/944109df296fc087785c9715fd5f80b2?s=96&d=mm&r=g","contentUrl":"https:\/\/secure.gravatar.com\/avatar\/944109df296fc087785c9715fd5f80b2?s=96&d=mm&r=g","caption":"Patrick Silva"},"sameAs":["https:\/\/www.correiobraziliense.com.br\/cbradar\/"],"url":"https:\/\/www.correiobraziliense.com.br\/cbradar\/author\/patrick-silva\/"}]}},"_links":{"self":[{"href":"https:\/\/www.correiobraziliense.com.br\/cbradar\/wp-json\/wp\/v2\/posts\/201744","targetHints":{"allow":["GET"]}}],"collection":[{"href":"https:\/\/www.correiobraziliense.com.br\/cbradar\/wp-json\/wp\/v2\/posts"}],"about":[{"href":"https:\/\/www.correiobraziliense.com.br\/cbradar\/wp-json\/wp\/v2\/types\/post"}],"author":[{"embeddable":true,"href":"https:\/\/www.correiobraziliense.com.br\/cbradar\/wp-json\/wp\/v2\/users\/21"}],"replies":[{"embeddable":true,"href":"https:\/\/www.correiobraziliense.com.br\/cbradar\/wp-json\/wp\/v2\/comments?post=201744"}],"version-history":[{"count":1,"href":"https:\/\/www.correiobraziliense.com.br\/cbradar\/wp-json\/wp\/v2\/posts\/201744\/revisions"}],"predecessor-version":[{"id":201751,"href":"https:\/\/www.correiobraziliense.com.br\/cbradar\/wp-json\/wp\/v2\/posts\/201744\/revisions\/201751"}],"wp:featuredmedia":[{"embeddable":true,"href":"https:\/\/www.correiobraziliense.com.br\/cbradar\/wp-json\/wp\/v2\/media\/201749"}],"wp:attachment":[{"href":"https:\/\/www.correiobraziliense.com.br\/cbradar\/wp-json\/wp\/v2\/media?parent=201744"}],"wp:term":[{"taxonomy":"category","embeddable":true,"href":"https:\/\/www.correiobraziliense.com.br\/cbradar\/wp-json\/wp\/v2\/categories?post=201744"},{"taxonomy":"post_tag","embeddable":true,"href":"https:\/\/www.correiobraziliense.com.br\/cbradar\/wp-json\/wp\/v2\/tags?post=201744"}],"curies":[{"name":"wp","href":"https:\/\/api.w.org\/{rel}","templated":true}]}}