{"id":201752,"date":"2026-03-03T20:15:00","date_gmt":"2026-03-03T23:15:00","guid":{"rendered":"https:\/\/www.correiobraziliense.com.br\/cbradar\/?p=201752"},"modified":"2026-03-02T23:17:00","modified_gmt":"2026-03-03T02:17:00","slug":"5-casos-em-que-o-uso-da-virgula-na-lingua-portuguesa-e-indispensavel","status":"publish","type":"post","link":"https:\/\/www.correiobraziliense.com.br\/cbradar\/5-casos-em-que-o-uso-da-virgula-na-lingua-portuguesa-e-indispensavel\/","title":{"rendered":"5 casos em que o uso da v\u00edrgula na l\u00edngua portuguesa \u00e9 indispens\u00e1vel"},"content":{"rendered":"\n<p>A pontua\u00e7\u00e3o correta \u00e9 o alicerce fundamental para a clareza de qualquer mensagem escrita com rigor gramatical agora. O uso adequado da v\u00edrgula evita interpreta\u00e7\u00f5es amb\u00edguas que podem comprometer seriamente a credibilidade do autor perante o seu p\u00fablico. Dominar estas regras b\u00e1sicas \u00e9 <strong>essencial para uma comunica\u00e7\u00e3o eficaz<\/strong> e profissional em todos os contextos sociais.<\/p>\n\n\n\n<h2 class=\"wp-block-heading\">Como isolar o interlocutor de forma correta e respeitosa?<\/h2>\n\n\n\n<p>O vocativo serve para chamar ou interpelar algu\u00e9m diretamente dentro da frase, exigindo sempre o isolamento por v\u00edrgulas. Sem essa pontua\u00e7\u00e3o espec\u00edfica, o leitor pode confundir o sujeito da ora\u00e7\u00e3o com o destinat\u00e1rio da mensagem, alterando completamente o sentido original pretendido pelo redator. Manter essa distin\u00e7\u00e3o clara \u00e9 uma <strong>exig\u00eancia absoluta da norma culta<\/strong> da l\u00edngua.<\/p>\n\n\n\n<p>Quando escrevemos para clientes ou colegas, a aus\u00eancia da v\u00edrgula no vocativo pode transmitir uma imagem de desleixo ou falta de instru\u00e7\u00e3o gramatical b\u00e1sica. \u00c9 vital sinalizar a pausa respirat\u00f3ria e a inten\u00e7\u00e3o de di\u00e1logo direto atrav\u00e9s deste pequeno sinal gr\u00e1fico t\u00e3o importante no quotidiano. O uso correto demonstra respeito pelo destinat\u00e1rio e <strong>m\u00e1xima aten\u00e7\u00e3o aos detalhes<\/strong> lingu\u00edsticos.<\/p>\n\n\n\n<figure class=\"wp-block-image size-large\"><img decoding=\"async\" width=\"1024\" height=\"576\" src=\"https:\/\/www.correiobraziliense.com.br\/cbradar\/wp-content\/uploads\/2026\/03\/Gemini_Generated_Image_f0pgbcf0pgbcf0pg-1-1-1024x576.png\" alt=\"5 casos em que o uso da v\u00edrgula na l\u00edngua portuguesa \u00e9 indispens\u00e1vel \" class=\"wp-image-201771\" srcset=\"https:\/\/www.correiobraziliense.com.br\/cbradar\/wp-content\/uploads\/2026\/03\/Gemini_Generated_Image_f0pgbcf0pgbcf0pg-1-1-1024x576.png 1024w, https:\/\/www.correiobraziliense.com.br\/cbradar\/wp-content\/uploads\/2026\/03\/Gemini_Generated_Image_f0pgbcf0pgbcf0pg-1-1-300x169.png 300w, https:\/\/www.correiobraziliense.com.br\/cbradar\/wp-content\/uploads\/2026\/03\/Gemini_Generated_Image_f0pgbcf0pgbcf0pg-1-1-768x432.png 768w, https:\/\/www.correiobraziliense.com.br\/cbradar\/wp-content\/uploads\/2026\/03\/Gemini_Generated_Image_f0pgbcf0pgbcf0pg-1-1-750x422.png 750w, https:\/\/www.correiobraziliense.com.br\/cbradar\/wp-content\/uploads\/2026\/03\/Gemini_Generated_Image_f0pgbcf0pgbcf0pg-1-1-1140x641.png 1140w, https:\/\/www.correiobraziliense.com.br\/cbradar\/wp-content\/uploads\/2026\/03\/Gemini_Generated_Image_f0pgbcf0pgbcf0pg-1-1.png 1280w\" sizes=\"(max-width: 1024px) 100vw, 1024px\" \/><figcaption class=\"wp-element-caption\">A v\u00edrgula certa garante clareza e fortalece sua credibilidade<\/figcaption><\/figure>\n\n\n\n<h2 class=\"wp-block-heading\">Qual \u00e9 a import\u00e2ncia de destacar explica\u00e7\u00f5es adicionais no texto?<\/h2>\n\n\n\n<p>O aposto explicativo \u00e9 um termo que detalha ou esclarece um substantivo anterior, devendo aparecer obrigatoriamente entre v\u00edrgulas ou ap\u00f3s uma. Essa estrutura permite que o autor forne\u00e7a informa\u00e7\u00f5es suplementares sem interromper a fluidez do racioc\u00ednio principal do par\u00e1grafo em quest\u00e3o. Isolar essas notas explicativas \u00e9 o <strong>segredo para uma leitura fluida<\/strong> e sem confus\u00f5es para o leitor.<\/p>\n\n\n\n<p>Ao omitir as v\u00edrgulas no aposto, a frase corre o risco de se tornar uma sucess\u00e3o de palavras confusas e sem hierarquia l\u00f3gica clara. A pontua\u00e7\u00e3o funciona como um guia visual que ajuda o c\u00e9rebro a identificar o que \u00e9 essencial e o que \u00e9 acess\u00f3rio na comunica\u00e7\u00e3o. Dominar esta regra espec\u00edfica confere uma <strong>autoridade inquestion\u00e1vel ao seu estilo<\/strong> de escrita profissional.<\/p>\n\n\n\n<h2 class=\"wp-block-heading\">Como organizar sequ\u00eancias de elementos com total clareza visual?<\/h2>\n\n\n\n<p>Enumerar itens ou a\u00e7\u00f5es exige o uso da v\u00edrgula para separar os elementos da lista e garantir que cada termo seja percebido individualmente. Essa organiza\u00e7\u00e3o impede que as palavras se fundam num bloco confuso, facilitando a compreens\u00e3o r\u00e1pida de listas de tarefas ou caracter\u00edsticas. \u00c9 uma ferramenta de <strong>ordem l\u00f3gica fundamental<\/strong> para qualquer redator s\u00eanior hoje.<\/p>\n\n\n\n<p>Confira a lista abaixo:<\/p>\n\n\n\n<ul class=\"wp-block-list\">\n<li>Separa\u00e7\u00e3o de substantivos.<\/li>\n\n\n\n<li>Listagem de adjetivos.<\/li>\n\n\n\n<li>Divis\u00e3o de ora\u00e7\u00f5es.<\/li>\n\n\n\n<li>Isolamento de adv\u00e9rbios.<\/li>\n\n\n\n<li>Organiza\u00e7\u00e3o de datas.<\/li>\n<\/ul>\n\n\n\n<h2 class=\"wp-block-heading\">Quando devemos isolar termos que indicam circunst\u00e2ncias espec\u00edficas?<\/h2>\n\n\n\n<p>Adjuntos adverbiais deslocados para o in\u00edcio ou meio da frase devem ser isolados por v\u00edrgulas para evitar a ambiguidade sem\u00e2ntica imediata. Essa regra \u00e9 especialmente importante quando o termo \u00e9 longo e pode confundir a estrutura do sujeito ou do predicado principal da ora\u00e7\u00e3o. Aplicar esta norma garante que as circunst\u00e2ncias de tempo ou lugar sejam <strong>percebidas com exatid\u00e3o<\/strong> total.<\/p>\n\n\n\n<p>A falta de pontua\u00e7\u00e3o nestes casos pode levar o leitor a ler a frase v\u00e1rias vezes para entender a l\u00f3gica temporal apresentada. O uso consciente da v\u00edrgula ajuda a marcar o ritmo da leitura, proporcionando uma experi\u00eancia muito mais agrad\u00e1vel e profissional ao p\u00fablico. Ser rigoroso com estas marca\u00e7\u00f5es \u00e9 o <strong>caminho para uma escrita sofisticada<\/strong> e tecnicamente perfeita agora.<\/p>\n\n\n\n<p>No v\u00eddeo abaixo do TikTok <strong><em>Gramaticacomjulia<\/em><\/strong>, que conta com mais de<strong><em> 215 mil <\/em><\/strong>seguidores, ela cita 5 casos em que voc\u00ea n\u00e3o pode esquecer da v\u00edrgula:<\/p>\n\n\n\n<blockquote class=\"tiktok-embed\" cite=\"https:\/\/www.tiktok.com\/@gramaticacomjulia\/video\/7186039212897012997\" data-video-id=\"7186039212897012997\" style=\"max-width: 605px;min-width: 325px;\" > <section> <a target=\"_blank\" title=\"@gramaticacomjulia\" href=\"https:\/\/www.tiktok.com\/@gramaticacomjulia?refer=embed\">@gramaticacomjulia<\/a> \ud83c\udfb6\u201cTodo mundo espera alguma coisa de um s\u00e1bado \u00e0 noite\u2026\u201d \ud83c\udfb5 Ent\u00e3o, vamos de v\u00eddeo!! \ud83d\ude0c <a title=\"auladeportugues\" target=\"_blank\" href=\"https:\/\/www.tiktok.com\/tag\/auladeportugues?refer=embed\">#auladeportugues<\/a> <a title=\"dicasdeportugu\u00eas\" target=\"_blank\" href=\"https:\/\/www.tiktok.com\/tag\/dicasdeportugu%C3%AAs?refer=embed\">#dicasdeportugu\u00eas<\/a> #<a title=\"portuguesparaconcursos\" target=\"_blank\" href=\"https:\/\/www.tiktok.com\/tag\/portuguesparaconcursos?refer=embed\">#portuguesparaconcursos<\/a> <a title=\"virgula\" target=\"_blank\" href=\"https:\/\/www.tiktok.com\/tag\/virgula?refer=embed\">#virgula<\/a> <a title=\"pontuacao\" target=\"_blank\" href=\"https:\/\/www.tiktok.com\/tag\/pontuacao?refer=embed\">#pontuacao<\/a> <a title=\"dicasdegramatica\" target=\"_blank\" href=\"https:\/\/www.tiktok.com\/tag\/dicasdegramatica?refer=embed\">#dicasdegramatica<\/a> <a title=\"escreverbem\" target=\"_blank\" href=\"https:\/\/www.tiktok.com\/tag\/escreverbem?refer=embed\">#escreverbem<\/a> <a target=\"_blank\" title=\"\u266c som original - Gram\u00e1tica com J\u00falia\" href=\"https:\/\/www.tiktok.com\/music\/som-original-7186039230282435333?refer=embed\">\u266c som original &#8211; Gram\u00e1tica com J\u00falia<\/a> <\/section> <\/blockquote> <script async src=\"https:\/\/www.tiktok.com\/embed.js\"><\/script>\n\n\n\n<p>Leia tamb\u00e9m:<a href=\"https:\/\/www.correiobraziliense.com.br\/cbradar\/a-palavra-que-pode-ser-escrita-com-s-ou-z-e-ainda-divide-opinioes\/\" target=\"_blank\" rel=\"noreferrer noopener\"> A palavra que pode ser escrita com s ou z e ainda divide opini\u00f5es<\/a><\/p>\n\n\n\n<h2 class=\"wp-block-heading\">Por que as conjun\u00e7\u00f5es exigem uma pausa antes da oposi\u00e7\u00e3o?<\/h2>\n\n\n\n<p>Conjun\u00e7\u00f5es como mas, por\u00e9m e contudo exigem obrigatoriamente o uso da v\u00edrgula antecedente para marcar o contraste entre as ideias apresentadas no texto. Essa pausa sinaliza ao leitor que uma mudan\u00e7a de dire\u00e7\u00e3o no racioc\u00ednio est\u00e1 prestes a ocorrer de forma clara e direta. Respeitar essa norma gramatical \u00e9 <strong>crucial para manter a coes\u00e3o<\/strong> l\u00f3gica do discurso escrito.<\/p>\n\n\n\n<p>Segundo as normas oficiais, a v\u00edrgula antes da adversativa \u00e9 uma regra fixa que n\u00e3o admite exce\u00e7\u00f5es no uso padr\u00e3o da l\u00edngua portuguesa. Para consultar as diretrizes oficiais sobre pontua\u00e7\u00e3o e gram\u00e1tica, pode aceder ao portal da <strong>Academia Brasileira de Letras<\/strong> atrav\u00e9s do link <a target=\"_blank\" rel=\"noreferrer noopener\" href=\"https:\/\/www.academia.org.br\/nossa-lingua\/busca-no-vocabulario\">academia.org.br<\/a>. Manter-se atualizado com as normas lingu\u00edsticas \u00e9 a <strong>miss\u00e3o essencial de todo redator<\/strong> que busca autoridade.<\/p>\n","protected":false},"excerpt":{"rendered":"<p>A pontua\u00e7\u00e3o correta \u00e9 o alicerce fundamental para a clareza de qualquer mensagem escrita com rigor gramatical agora. O uso adequado da v\u00edrgula evita interpreta\u00e7\u00f5es amb\u00edguas que podem comprometer seriamente a credibilidade do autor perante o seu p\u00fablico. Dominar estas regras b\u00e1sicas \u00e9 essencial para uma comunica\u00e7\u00e3o eficaz e profissional em todos os contextos sociais. [&hellip;]<\/p>\n","protected":false},"author":21,"featured_media":201770,"comment_status":"open","ping_status":"open","sticky":false,"template":"","format":"standard","meta":{"_yoast_wpseo_focuskw":"uso correto da v\u00edrgula","_yoast_wpseo_title":"","_yoast_wpseo_metadesc":"Erros no uso da v\u00edrgula podem comprometer a clareza do texto e afetar a credibilidade em qualquer contexto profissional","jnews-multi-image_gallery":[],"jnews_single_post":{"format":"standard"},"jnews_primary_category":[],"jnews_social_meta":[],"jnews_override_counter":[],"footnotes":""},"categories":[112],"post_tag":[10902,5829,6081,15098],"class_list":["post-201752","post","type-post","status-publish","format-standard","has-post-thumbnail","hentry","category-curiosidades","tag-lingua-portuguesa","tag-palavras","tag-portugues","tag-virgula"],"yoast_head":"<!-- This site is optimized with the Yoast SEO plugin v24.6 - https:\/\/yoast.com\/wordpress\/plugins\/seo\/ -->\n<title>5 casos em que o uso da v\u00edrgula na l\u00edngua portuguesa \u00e9 indispens\u00e1vel - Correio Braziliense - Radar<\/title>\n<meta name=\"description\" content=\"Erros no uso da v\u00edrgula podem comprometer a clareza do texto e afetar a credibilidade em qualquer contexto profissional\" \/>\n<meta name=\"robots\" content=\"index, follow, max-snippet:-1, max-image-preview:large, max-video-preview:-1\" \/>\n<link rel=\"canonical\" href=\"https:\/\/www.correiobraziliense.com.br\/cbradar\/5-casos-em-que-o-uso-da-virgula-na-lingua-portuguesa-e-indispensavel\/\" \/>\n<meta property=\"og:locale\" content=\"pt_BR\" \/>\n<meta property=\"og:type\" content=\"article\" \/>\n<meta property=\"og:title\" content=\"5 casos em que o uso da v\u00edrgula na l\u00edngua portuguesa \u00e9 indispens\u00e1vel - Correio Braziliense - Radar\" \/>\n<meta property=\"og:description\" content=\"Erros no uso da v\u00edrgula podem comprometer a clareza do texto e afetar a credibilidade em qualquer contexto profissional\" \/>\n<meta property=\"og:url\" content=\"https:\/\/www.correiobraziliense.com.br\/cbradar\/5-casos-em-que-o-uso-da-virgula-na-lingua-portuguesa-e-indispensavel\/\" \/>\n<meta property=\"og:site_name\" content=\"Correio Braziliense - Radar\" \/>\n<meta property=\"article:published_time\" content=\"2026-03-03T23:15:00+00:00\" \/>\n<meta property=\"og:image\" content=\"https:\/\/www.correiobraziliense.com.br\/cbradar\/wp-content\/uploads\/2026\/03\/Gemini_Generated_Image_rwrit4rwrit4rwri-1-1.png\" \/>\n\t<meta property=\"og:image:width\" content=\"1280\" \/>\n\t<meta property=\"og:image:height\" content=\"720\" \/>\n\t<meta property=\"og:image:type\" content=\"image\/png\" \/>\n<meta name=\"author\" content=\"Patrick Silva\" \/>\n<meta name=\"twitter:card\" content=\"summary_large_image\" \/>\n<meta name=\"twitter:label1\" content=\"Escrito por\" \/>\n\t<meta name=\"twitter:data1\" content=\"Patrick Silva\" \/>\n\t<meta name=\"twitter:label2\" content=\"Est. tempo de leitura\" \/>\n\t<meta name=\"twitter:data2\" content=\"5 minutos\" \/>\n<!-- \/ Yoast SEO plugin. -->","yoast_head_json":{"title":"5 casos em que o uso da v\u00edrgula na l\u00edngua portuguesa \u00e9 indispens\u00e1vel - Correio Braziliense - Radar","description":"Erros no uso da v\u00edrgula podem comprometer a clareza do texto e afetar a credibilidade em qualquer contexto profissional","robots":{"index":"index","follow":"follow","max-snippet":"max-snippet:-1","max-image-preview":"max-image-preview:large","max-video-preview":"max-video-preview:-1"},"canonical":"https:\/\/www.correiobraziliense.com.br\/cbradar\/5-casos-em-que-o-uso-da-virgula-na-lingua-portuguesa-e-indispensavel\/","og_locale":"pt_BR","og_type":"article","og_title":"5 casos em que o uso da v\u00edrgula na l\u00edngua portuguesa \u00e9 indispens\u00e1vel - Correio Braziliense - Radar","og_description":"Erros no uso da v\u00edrgula podem comprometer a clareza do texto e afetar a credibilidade em qualquer contexto profissional","og_url":"https:\/\/www.correiobraziliense.com.br\/cbradar\/5-casos-em-que-o-uso-da-virgula-na-lingua-portuguesa-e-indispensavel\/","og_site_name":"Correio Braziliense - Radar","article_published_time":"2026-03-03T23:15:00+00:00","og_image":[{"width":1280,"height":720,"url":"https:\/\/www.correiobraziliense.com.br\/cbradar\/wp-content\/uploads\/2026\/03\/Gemini_Generated_Image_rwrit4rwrit4rwri-1-1.png","type":"image\/png"}],"author":"Patrick Silva","twitter_card":"summary_large_image","twitter_misc":{"Escrito por":"Patrick Silva","Est. tempo de leitura":"5 minutos"},"schema":{"@context":"https:\/\/schema.org","@graph":[{"@type":"WebPage","@id":"https:\/\/www.correiobraziliense.com.br\/cbradar\/5-casos-em-que-o-uso-da-virgula-na-lingua-portuguesa-e-indispensavel\/","url":"https:\/\/www.correiobraziliense.com.br\/cbradar\/5-casos-em-que-o-uso-da-virgula-na-lingua-portuguesa-e-indispensavel\/","name":"5 casos em que o uso da v\u00edrgula na l\u00edngua portuguesa \u00e9 indispens\u00e1vel - Correio Braziliense - Radar","isPartOf":{"@id":"https:\/\/www.correiobraziliense.com.br\/cbradar\/#website"},"primaryImageOfPage":{"@id":"https:\/\/www.correiobraziliense.com.br\/cbradar\/5-casos-em-que-o-uso-da-virgula-na-lingua-portuguesa-e-indispensavel\/#primaryimage"},"image":{"@id":"https:\/\/www.correiobraziliense.com.br\/cbradar\/5-casos-em-que-o-uso-da-virgula-na-lingua-portuguesa-e-indispensavel\/#primaryimage"},"thumbnailUrl":"https:\/\/www.correiobraziliense.com.br\/cbradar\/wp-content\/uploads\/2026\/03\/Gemini_Generated_Image_rwrit4rwrit4rwri-1-1.png","datePublished":"2026-03-03T23:15:00+00:00","author":{"@id":"https:\/\/www.correiobraziliense.com.br\/cbradar\/#\/schema\/person\/5440b72be9c7eb74f446c846479dc4da"},"description":"Erros no uso da v\u00edrgula podem comprometer a clareza do texto e afetar a credibilidade em qualquer contexto profissional","breadcrumb":{"@id":"https:\/\/www.correiobraziliense.com.br\/cbradar\/5-casos-em-que-o-uso-da-virgula-na-lingua-portuguesa-e-indispensavel\/#breadcrumb"},"inLanguage":"pt-BR","potentialAction":[{"@type":"ReadAction","target":["https:\/\/www.correiobraziliense.com.br\/cbradar\/5-casos-em-que-o-uso-da-virgula-na-lingua-portuguesa-e-indispensavel\/"]}]},{"@type":"ImageObject","inLanguage":"pt-BR","@id":"https:\/\/www.correiobraziliense.com.br\/cbradar\/5-casos-em-que-o-uso-da-virgula-na-lingua-portuguesa-e-indispensavel\/#primaryimage","url":"https:\/\/www.correiobraziliense.com.br\/cbradar\/wp-content\/uploads\/2026\/03\/Gemini_Generated_Image_rwrit4rwrit4rwri-1-1.png","contentUrl":"https:\/\/www.correiobraziliense.com.br\/cbradar\/wp-content\/uploads\/2026\/03\/Gemini_Generated_Image_rwrit4rwrit4rwri-1-1.png","width":1280,"height":720,"caption":"A v\u00edrgula certa garante clareza e fortalece sua credibilidade"},{"@type":"BreadcrumbList","@id":"https:\/\/www.correiobraziliense.com.br\/cbradar\/5-casos-em-que-o-uso-da-virgula-na-lingua-portuguesa-e-indispensavel\/#breadcrumb","itemListElement":[{"@type":"ListItem","position":1,"name":"In\u00edcio","item":"https:\/\/www.correiobraziliense.com.br\/cbradar\/"},{"@type":"ListItem","position":2,"name":"5 casos em que o uso da v\u00edrgula na l\u00edngua portuguesa \u00e9 indispens\u00e1vel"}]},{"@type":"WebSite","@id":"https:\/\/www.correiobraziliense.com.br\/cbradar\/#website","url":"https:\/\/www.correiobraziliense.com.br\/cbradar\/","name":"Correio Braziliense - Radar","description":"Acompanhe as \u00faltimas not\u00edcias e fique bem informado sobre tudo o que acontece no Brasil e no mundo.","potentialAction":[{"@type":"SearchAction","target":{"@type":"EntryPoint","urlTemplate":"https:\/\/www.correiobraziliense.com.br\/cbradar\/?s={search_term_string}"},"query-input":{"@type":"PropertyValueSpecification","valueRequired":true,"valueName":"search_term_string"}}],"inLanguage":"pt-BR"},{"@type":"Person","@id":"https:\/\/www.correiobraziliense.com.br\/cbradar\/#\/schema\/person\/5440b72be9c7eb74f446c846479dc4da","name":"Patrick Silva","image":{"@type":"ImageObject","inLanguage":"pt-BR","@id":"https:\/\/www.correiobraziliense.com.br\/cbradar\/#\/schema\/person\/image\/","url":"https:\/\/secure.gravatar.com\/avatar\/944109df296fc087785c9715fd5f80b2?s=96&d=mm&r=g","contentUrl":"https:\/\/secure.gravatar.com\/avatar\/944109df296fc087785c9715fd5f80b2?s=96&d=mm&r=g","caption":"Patrick Silva"},"sameAs":["https:\/\/www.correiobraziliense.com.br\/cbradar\/"],"url":"https:\/\/www.correiobraziliense.com.br\/cbradar\/author\/patrick-silva\/"}]}},"_links":{"self":[{"href":"https:\/\/www.correiobraziliense.com.br\/cbradar\/wp-json\/wp\/v2\/posts\/201752","targetHints":{"allow":["GET"]}}],"collection":[{"href":"https:\/\/www.correiobraziliense.com.br\/cbradar\/wp-json\/wp\/v2\/posts"}],"about":[{"href":"https:\/\/www.correiobraziliense.com.br\/cbradar\/wp-json\/wp\/v2\/types\/post"}],"author":[{"embeddable":true,"href":"https:\/\/www.correiobraziliense.com.br\/cbradar\/wp-json\/wp\/v2\/users\/21"}],"replies":[{"embeddable":true,"href":"https:\/\/www.correiobraziliense.com.br\/cbradar\/wp-json\/wp\/v2\/comments?post=201752"}],"version-history":[{"count":1,"href":"https:\/\/www.correiobraziliense.com.br\/cbradar\/wp-json\/wp\/v2\/posts\/201752\/revisions"}],"predecessor-version":[{"id":201772,"href":"https:\/\/www.correiobraziliense.com.br\/cbradar\/wp-json\/wp\/v2\/posts\/201752\/revisions\/201772"}],"wp:featuredmedia":[{"embeddable":true,"href":"https:\/\/www.correiobraziliense.com.br\/cbradar\/wp-json\/wp\/v2\/media\/201770"}],"wp:attachment":[{"href":"https:\/\/www.correiobraziliense.com.br\/cbradar\/wp-json\/wp\/v2\/media?parent=201752"}],"wp:term":[{"taxonomy":"category","embeddable":true,"href":"https:\/\/www.correiobraziliense.com.br\/cbradar\/wp-json\/wp\/v2\/categories?post=201752"},{"taxonomy":"post_tag","embeddable":true,"href":"https:\/\/www.correiobraziliense.com.br\/cbradar\/wp-json\/wp\/v2\/post_tag?post=201752"}],"curies":[{"name":"wp","href":"https:\/\/api.w.org\/{rel}","templated":true}]}}