{"id":201767,"date":"2026-03-03T06:05:00","date_gmt":"2026-03-03T09:05:00","guid":{"rendered":"https:\/\/www.correiobraziliense.com.br\/cbradar\/?p=201767"},"modified":"2026-03-02T10:47:31","modified_gmt":"2026-03-02T13:47:31","slug":"banho-morno-a-noite-reduz-insonia-e-melhora-descanso-profundo","status":"publish","type":"post","link":"https:\/\/www.correiobraziliense.com.br\/cbradar\/banho-morno-a-noite-reduz-insonia-e-melhora-descanso-profundo\/","title":{"rendered":"Banho morno \u00e0 noite reduz ins\u00f4nia e melhora descanso profundo"},"content":{"rendered":"\n<p>O <strong>Banho no Escuro<\/strong> \u00e9 uma pr\u00e1tica que vem ganhando popularidade entre aqueles que buscam melhorar a qualidade do sono. A ideia \u00e9 simples: tomar banho em um ambiente pouco iluminado, combinando a \u00e1gua morna com a aus\u00eancia de luz, para enviar ao corpo sinais de que \u00e9 hora de relaxar e dormir, algo ancorado em evid\u00eancias sobre o impacto da luz e da temperatura corporal no sono.<\/p>\n\n\n\n<p>Luzes artificiais, especialmente em banheiros que costumam ser bem iluminados, podem interferir na produ\u00e7\u00e3o de melatonina, o horm\u00f4nio respons\u00e1vel por regular o sono. A claridade intensa envia um sinal para o c\u00e9rebro de que ainda \u00e9 dia, atrasando a prepara\u00e7\u00e3o do corpo para o descanso e dificultando o adormecer.<\/p>\n\n\n\n<p>Reduzir a exposi\u00e7\u00e3o a essas luzes antes de dormir pode beneficiar significativamente a qualidade do sono. Optar por ambientes mais escuros ou com ilumina\u00e7\u00e3o suave no per\u00edodo noturno ajuda o organismo a entrar em um estado de relaxamento mais profundo.<\/p>\n\n\n\n<h2 class=\"wp-block-heading\">Por que a \u00e1gua morna ajuda a adormecer?<\/h2>\n\n\n\n<p>Al\u00e9m da redu\u00e7\u00e3o da luz, um banho morno ajuda a preparar o corpo para dormir ao ajustar a temperatura corporal. Durante o banho, o calor da \u00e1gua eleva temporariamente a temperatura do corpo, favorecendo um relaxamento muscular gradual.<\/p>\n\n\n\n<p>Quando se sai do banho, essa temperatura come\u00e7a a cair, simulando o processo natural que o corpo passa antes de adormecer. Essa queda \u00e9 facilitada pela dilata\u00e7\u00e3o dos vasos sangu\u00edneos nas extremidades, que ajuda a liberar o excesso de calor interno mais rapidamente.<\/p>\n\n\n\n<p>Para compreender melhor os benef\u00edcios da ingest\u00e3o de \u00e1gua morna e seus poss\u00edveis efeitos no organismo, assista ao v\u00eddeo a seguir, no qual o(a) <strong>especialista<\/strong> explica o assunto de forma clara e did\u00e1tica no canal respons\u00e1vel pelo conte\u00fado.<\/p>\n\n\n\n<iframe loading=\"lazy\" width=\"1396\" height=\"785\" src=\"https:\/\/www.youtube.com\/embed\/DK_Lay6l1yk\" title=\"Conhe\u00e7a os benef\u00edcios da ingest\u00e3o de \u00e1gua morna\" frameborder=\"0\" allow=\"accelerometer; autoplay; clipboard-write; encrypted-media; gyroscope; picture-in-picture; web-share\" referrerpolicy=\"strict-origin-when-cross-origin\" allowfullscreen><\/iframe>\n\n\n\n<h2 class=\"wp-block-heading\">O que mostram as pesquisas sobre banho morno e sono?<\/h2>\n\n\n\n<p>Pesquisas corroboram essa abordagem ao relacionar aquecimento corporal controlado com melhor qualidade de sono. Um estudo publicado na revista <a href=\"https:\/\/pubmed.ncbi.nlm.nih.gov\/31102877\/\" target=\"_blank\" rel=\"noreferrer noopener\">Sleep Medicine Reviews<\/a> demonstrou que aquecer o corpo com \u00e1gua entre 40\u00b0C e 42,5\u00b0C, por um per\u00edodo de 10 a 15 minutos antes de dormir, pode reduzir o tempo necess\u00e1rio para pegar no sono.<\/p>\n\n\n\n<p>Al\u00e9m de acelerar o in\u00edcio do sono, o estudo observou melhora na profundidade e continuidade do descanso noturno. Resultados como esses refor\u00e7am a utilidade de um banho morno como parte de uma rotina de higiene do sono bem estruturada.<\/p>\n\n\n<div class=\"wp-block-image\">\n<figure class=\"aligncenter size-large\"><img decoding=\"async\" width=\"1024\" height=\"576\" src=\"https:\/\/www.correiobraziliense.com.br\/cbradar\/wp-content\/uploads\/2026\/03\/banho-no-escuro_1772459182499-1024x576.jpg\" alt=\"\" class=\"wp-image-201776\" srcset=\"https:\/\/www.correiobraziliense.com.br\/cbradar\/wp-content\/uploads\/2026\/03\/banho-no-escuro_1772459182499-1024x576.jpg 1024w, https:\/\/www.correiobraziliense.com.br\/cbradar\/wp-content\/uploads\/2026\/03\/banho-no-escuro_1772459182499-300x169.jpg 300w, https:\/\/www.correiobraziliense.com.br\/cbradar\/wp-content\/uploads\/2026\/03\/banho-no-escuro_1772459182499-768x432.jpg 768w, https:\/\/www.correiobraziliense.com.br\/cbradar\/wp-content\/uploads\/2026\/03\/banho-no-escuro_1772459182499-750x422.jpg 750w, https:\/\/www.correiobraziliense.com.br\/cbradar\/wp-content\/uploads\/2026\/03\/banho-no-escuro_1772459182499-1140x641.jpg 1140w, https:\/\/www.correiobraziliense.com.br\/cbradar\/wp-content\/uploads\/2026\/03\/banho-no-escuro_1772459182499.jpg 1280w\" sizes=\"(max-width: 1024px) 100vw, 1024px\" \/><figcaption class=\"wp-element-caption\">A estrat\u00e9gia mais simples para relaxar e pegar no sono mais r\u00e1pido &#8211; Cr\u00e9ditos: depositphotos.com \/ olegbreslavtsev<\/figcaption><\/figure><\/div>\n\n\n<h2 class=\"wp-block-heading\">Como implementar o banho no escuro na rotina di\u00e1ria?<\/h2>\n\n\n\n<p>Para quem deseja adotar o banho no escuro, algumas diretrizes simples podem otimizar a experi\u00eancia com seguran\u00e7a e conforto. O ideal \u00e9 come\u00e7ar reduzindo a ilumina\u00e7\u00e3o em vez de apag\u00e1-la completamente, usando luz indireta e suave para evitar riscos de acidentes.<\/p>\n\n\n\n<p>Essas orienta\u00e7\u00f5es ajudam a alinhar temperatura, luz e hor\u00e1rio de forma pr\u00e1tica no dia a dia, favorecendo um relaxamento progressivo antes de dormir:<\/p>\n\n\n\n<style>\n  .make-wrap{\n    max-width: 760px;\n    margin: 26px auto;\n    padding: 18px;\n    border-radius: 18px;\n    background: linear-gradient(135deg,#fff7fb 0%,#f6f2ff 100%);\n    border: 1px solid #f7d4ea;\n    box-shadow: 0 8px 20px rgba(236,72,153,.12);\n    font-family: system-ui, -apple-system, Segoe UI, Roboto, Helvetica, Arial, sans-serif;\n  }\n\n  .make-title{\n    display:flex; \n    align-items:center; \n    gap:10px;\n    margin:0 0 12px 4px;\n    font-size:1.2rem; \n    font-weight:900; \n    color:#9d174d;\n  }\n\n  .make-table{\n    width:100%;\n    border-collapse:separate;\n    border-spacing:0;\n    overflow:hidden;\n    border-radius:16px;\n    border:1px solid #f7d4ea;\n    background:#fff;\n    font-size:.92rem;\n  }\n\n  .make-table thead th{\n    background:linear-gradient(90deg,#fde7f3 0%,#f8e9ff 100%);\n    padding:12px;\n    color:#7a1e63;\n    font-weight:800;\n    text-align:left;\n    border-bottom:1px solid #f7d4ea;\n  }\n\n  .make-table tbody td{\n    padding:12px;\n    color:#374151;\n    vertical-align:top;\n    border-bottom:1px dashed #f7d4ea;\n  }\n\n  .make-table tbody tr:nth-child(odd){\n    background:#fffaff;\n  }\n\n  .price{\n    display:inline-flex;\n    align-items:center;\n    background:#fff7ed;\n    color:#b45309;\n    padding:6px 10px;\n    border-radius:10px;\n    border:1px solid #fed7aa;\n    font-weight:700;\n    white-space:nowrap;\n  }\n\n  .badge{\n    display:inline-block;\n    background:#fde7f3;\n    color:#c026d3;\n    border:1px solid #fecdd3;\n    padding:4px 10px;\n    border-radius:999px;\n    font-weight:700;\n    font-size:.78rem;\n  }\n\n  @media (max-width:720px){\n    .make-table thead{display:none}\n    .make-table, .make-table tbody, .make-table tr, .make-table td{\n      display:block; \n      width:100%;\n    }\n    .make-table tr{\n      margin-bottom:12px;\n      border:1px solid #f7d4ea;\n      border-radius:14px;\n      overflow:hidden;\n      background:#fff;\n    }\n    .make-table td[data-label]:before{\n      content:attr(data-label);\n      display:block;\n      font-weight:800;\n      color:#7a1e63;\n      margin-bottom:4px;\n    }\n    .make-table tbody td:last-child{border-bottom:none}\n  }\n<\/style>\n\n<div class=\"make-wrap\">\n  <h3 class=\"make-title\">\ud83d\udec1\u2728 Ritual de Banho Relaxante para Dormir Melhor<\/h3>\n\n  <table class=\"make-table\">\n    <thead>\n      <tr>\n        <th>T\u00f3pico<\/th>\n        <th>Recomenda\u00e7\u00e3o<\/th>\n      <\/tr>\n    <\/thead>\n    <tbody>\n      <tr>\n        <td data-label=\"T\u00f3pico\">Ilumina\u00e7\u00e3o<\/td>\n        <td data-label=\"Recomenda\u00e7\u00e3o\">Use uma luz suave para criar um ambiente tranquilo.<\/td>\n      <\/tr>\n      <tr>\n        <td data-label=\"T\u00f3pico\">Temperatura da \u00e1gua<\/td>\n        <td data-label=\"Recomenda\u00e7\u00e3o\">Mantenha entre 40\u00b0C e 42\u00b0C.<\/td>\n      <\/tr>\n      <tr>\n        <td data-label=\"T\u00f3pico\">Hor\u00e1rio<\/td>\n        <td data-label=\"Recomenda\u00e7\u00e3o\">Tome o banho 1\u20132 horas antes de dormir para um efeito ideal.<\/td>\n      <\/tr>\n      <tr>\n        <td data-label=\"T\u00f3pico\">Evitar luz intensa<\/td>\n        <td data-label=\"Recomenda\u00e7\u00e3o\">Ap\u00f3s o banho, evite luzes brilhantes e o uso de telas.<\/td>\n      <\/tr>\n    <\/tbody>\n  <\/table>\n\n  <p style=\"margin-top:14px; color:#6b7280; font-size:.9rem;\">\n    \ud83d\udca1 <strong>Dica:<\/strong> Transformar o banho em um ritual noturno ajuda o corpo a entender que \u00e9 hora de desacelerar.\n  <\/p>\n<\/div>\n&#8220;`\n\n\n\n\n<h2 class=\"wp-block-heading\">O banho no escuro \u00e9 ben\u00e9fico para todas as pessoas<\/h2>\n\n\n\n<p>Embora os benef\u00edcios do banho no escuro sejam promissores, ele funciona melhor como parte de um conjunto de h\u00e1bitos noturnos saud\u00e1veis. N\u00e3o substitui pr\u00e1ticas fundamentais de higiene do sono, como manter hor\u00e1rios regulares, evitar est\u00edmulos intensos \u00e0 noite e limitar a ingest\u00e3o de cafe\u00edna.<\/p>\n\n\n\n<p>\u00c9 uma estrat\u00e9gia segura e pode ser uma adi\u00e7\u00e3o \u00fatil \u00e0 rotina de muitos, mas quem enfrenta dificuldades persistentes de sono deve considerar buscar aconselhamento de um especialista. O foco deve ser sempre um entendimento hol\u00edstico do sono, em que pr\u00e1ticas isoladas n\u00e3o s\u00e3o a \u00fanica solu\u00e7\u00e3o.<\/p>\n\n\n<a href=\"https:\/\/www.instagram.com\/dra.annaluisabf\/\" target=\"_blank\" rel=\"noopener\" style=\"text-decoration: none; color: inherit;\">\n    <span style=\"display: inline-block; border: 1px solid #ccc; border-radius: 10px; padding: 15px; max-width: 550px; font-family: sans-serif; box-shadow: 0 2px 5px rgba(0,0,0,0.1); width: 100%;\">\n\n      <!-- T\u00edtulo -->\n      <span style=\"display: block; margin: 0 0 15px 0; font-weight: bold; color: #2c3e50; text-align: center;\">\n        Entre em contato:\n      <\/span>\n\n      <!-- Linha do perfil -->\n      <span style=\"display: flex; align-items: center; gap: 15px;\">\n        <img decoding=\"async\"\n          src=\"https:\/\/www.correiobraziliense.com.br\/cbradar\/wp-content\/uploads\/2025\/08\/dra_anna_luisa.jpeg\"\n          alt=\"Foto da Dra. Anna Lu\u00edsa\"\n          style=\"border-radius: 50%; width: 80px; height: 80px; object-fit: cover;\"\n        \/>\n        <span style=\"display: flex; flex-direction: column;\">\n          <span style=\"font-size: 18px; font-weight: 700; color: #2c3e50;\">Dra. Anna Lu\u00edsa Barbosa Fernandes<\/span>\n          <span style=\"color: #555;\">CRM-GO 33.271<\/span>\n        <\/span>\n      <\/span>\n\n      <!-- Redes -->\n      <span style=\"display: flex; align-items: center; gap: 10px; margin-top: 12px;\">\n        <img decoding=\"async\" src=\"https:\/\/cdn-icons-png.flaticon.com\/24\/1384\/1384063.png\" alt=\"Instagram\" width=\"24\" height=\"24\" \/>\n        <span style=\"text-decoration: underline; color: #2c3e50;\">@dra.annaluisabf<\/span>\n      <\/span>\n\n    <\/span>\n  <\/a>","protected":false},"excerpt":{"rendered":"<p>O Banho no Escuro \u00e9 uma pr\u00e1tica que vem ganhando popularidade entre aqueles que buscam melhorar a qualidade do sono. A ideia \u00e9 simples: tomar banho em um ambiente pouco iluminado, combinando a \u00e1gua morna com a aus\u00eancia de luz, para enviar ao corpo sinais de que \u00e9 hora de relaxar e dormir, algo ancorado [&hellip;]<\/p>\n","protected":false},"author":14,"featured_media":201774,"comment_status":"open","ping_status":"open","sticky":false,"template":"","format":"standard","meta":{"_yoast_wpseo_focuskw":"Banho no Escuro","_yoast_wpseo_title":"","_yoast_wpseo_metadesc":"Banho no escuro pode estimular melatonina e melhorar o sono. Veja como aplicar corretamente.","jnews-multi-image_gallery":[],"jnews_single_post":{"format":"standard"},"jnews_primary_category":[],"jnews_social_meta":[],"jnews_override_counter":[],"footnotes":""},"categories":[4404],"tags":[120,247,1318],"class_list":["post-201767","post","type-post","status-publish","format-standard","has-post-thumbnail","hentry","category-saude","tag-bem-estar","tag-qualidade-de-vida","tag-saude-2"],"yoast_head":"<!-- This site is optimized with the Yoast SEO plugin v24.6 - https:\/\/yoast.com\/wordpress\/plugins\/seo\/ -->\n<title>Banho morno \u00e0 noite reduz ins\u00f4nia e melhora descanso profundo - Correio Braziliense - Radar<\/title>\n<meta name=\"description\" content=\"Banho no escuro pode estimular melatonina e melhorar o sono. Veja como aplicar corretamente.\" \/>\n<meta name=\"robots\" content=\"index, follow, max-snippet:-1, max-image-preview:large, max-video-preview:-1\" \/>\n<link rel=\"canonical\" href=\"https:\/\/www.correiobraziliense.com.br\/cbradar\/banho-morno-a-noite-reduz-insonia-e-melhora-descanso-profundo\/\" \/>\n<meta property=\"og:locale\" content=\"pt_BR\" \/>\n<meta property=\"og:type\" content=\"article\" \/>\n<meta property=\"og:title\" content=\"Banho morno \u00e0 noite reduz ins\u00f4nia e melhora descanso profundo - Correio Braziliense - Radar\" \/>\n<meta property=\"og:description\" content=\"Banho no escuro pode estimular melatonina e melhorar o sono. Veja como aplicar corretamente.\" \/>\n<meta property=\"og:url\" content=\"https:\/\/www.correiobraziliense.com.br\/cbradar\/banho-morno-a-noite-reduz-insonia-e-melhora-descanso-profundo\/\" \/>\n<meta property=\"og:site_name\" content=\"Correio Braziliense - Radar\" \/>\n<meta property=\"article:published_time\" content=\"2026-03-03T09:05:00+00:00\" \/>\n<meta property=\"og:image\" content=\"https:\/\/www.correiobraziliense.com.br\/cbradar\/wp-content\/uploads\/2026\/03\/banho-no-escuro_1772459132912.jpg\" \/>\n\t<meta property=\"og:image:width\" content=\"1280\" \/>\n\t<meta property=\"og:image:height\" content=\"720\" \/>\n\t<meta property=\"og:image:type\" content=\"image\/jpeg\" \/>\n<meta name=\"author\" content=\"guilherme_saude\" \/>\n<meta name=\"twitter:card\" content=\"summary_large_image\" \/>\n<meta name=\"twitter:label1\" content=\"Escrito por\" \/>\n\t<meta name=\"twitter:data1\" content=\"guilherme_saude\" \/>\n\t<meta name=\"twitter:label2\" content=\"Est. tempo de leitura\" \/>\n\t<meta name=\"twitter:data2\" content=\"5 minutos\" \/>\n<!-- \/ Yoast SEO plugin. -->","yoast_head_json":{"title":"Banho morno \u00e0 noite reduz ins\u00f4nia e melhora descanso profundo - Correio Braziliense - Radar","description":"Banho no escuro pode estimular melatonina e melhorar o sono. Veja como aplicar corretamente.","robots":{"index":"index","follow":"follow","max-snippet":"max-snippet:-1","max-image-preview":"max-image-preview:large","max-video-preview":"max-video-preview:-1"},"canonical":"https:\/\/www.correiobraziliense.com.br\/cbradar\/banho-morno-a-noite-reduz-insonia-e-melhora-descanso-profundo\/","og_locale":"pt_BR","og_type":"article","og_title":"Banho morno \u00e0 noite reduz ins\u00f4nia e melhora descanso profundo - Correio Braziliense - Radar","og_description":"Banho no escuro pode estimular melatonina e melhorar o sono. Veja como aplicar corretamente.","og_url":"https:\/\/www.correiobraziliense.com.br\/cbradar\/banho-morno-a-noite-reduz-insonia-e-melhora-descanso-profundo\/","og_site_name":"Correio Braziliense - Radar","article_published_time":"2026-03-03T09:05:00+00:00","og_image":[{"width":1280,"height":720,"url":"https:\/\/www.correiobraziliense.com.br\/cbradar\/wp-content\/uploads\/2026\/03\/banho-no-escuro_1772459132912.jpg","type":"image\/jpeg"}],"author":"guilherme_saude","twitter_card":"summary_large_image","twitter_misc":{"Escrito por":"guilherme_saude","Est. tempo de leitura":"5 minutos"},"schema":{"@context":"https:\/\/schema.org","@graph":[{"@type":"WebPage","@id":"https:\/\/www.correiobraziliense.com.br\/cbradar\/banho-morno-a-noite-reduz-insonia-e-melhora-descanso-profundo\/","url":"https:\/\/www.correiobraziliense.com.br\/cbradar\/banho-morno-a-noite-reduz-insonia-e-melhora-descanso-profundo\/","name":"Banho morno \u00e0 noite reduz ins\u00f4nia e melhora descanso profundo - Correio Braziliense - Radar","isPartOf":{"@id":"https:\/\/www.correiobraziliense.com.br\/cbradar\/#website"},"primaryImageOfPage":{"@id":"https:\/\/www.correiobraziliense.com.br\/cbradar\/banho-morno-a-noite-reduz-insonia-e-melhora-descanso-profundo\/#primaryimage"},"image":{"@id":"https:\/\/www.correiobraziliense.com.br\/cbradar\/banho-morno-a-noite-reduz-insonia-e-melhora-descanso-profundo\/#primaryimage"},"thumbnailUrl":"https:\/\/www.correiobraziliense.com.br\/cbradar\/wp-content\/uploads\/2026\/03\/banho-no-escuro_1772459132912.jpg","datePublished":"2026-03-03T09:05:00+00:00","author":{"@id":"https:\/\/www.correiobraziliense.com.br\/cbradar\/#\/schema\/person\/5aa4bf3c8fa699c267933611de12978b"},"description":"Banho no escuro pode estimular melatonina e melhorar o sono. Veja como aplicar corretamente.","breadcrumb":{"@id":"https:\/\/www.correiobraziliense.com.br\/cbradar\/banho-morno-a-noite-reduz-insonia-e-melhora-descanso-profundo\/#breadcrumb"},"inLanguage":"pt-BR","potentialAction":[{"@type":"ReadAction","target":["https:\/\/www.correiobraziliense.com.br\/cbradar\/banho-morno-a-noite-reduz-insonia-e-melhora-descanso-profundo\/"]}]},{"@type":"ImageObject","inLanguage":"pt-BR","@id":"https:\/\/www.correiobraziliense.com.br\/cbradar\/banho-morno-a-noite-reduz-insonia-e-melhora-descanso-profundo\/#primaryimage","url":"https:\/\/www.correiobraziliense.com.br\/cbradar\/wp-content\/uploads\/2026\/03\/banho-no-escuro_1772459132912.jpg","contentUrl":"https:\/\/www.correiobraziliense.com.br\/cbradar\/wp-content\/uploads\/2026\/03\/banho-no-escuro_1772459132912.jpg","width":1280,"height":720,"caption":"Banho noturno ajuda a desacelerar mente e corpo naturalmente - Cr\u00e9ditos: depositphotos.com \/ annas.stills.gmail.com"},{"@type":"BreadcrumbList","@id":"https:\/\/www.correiobraziliense.com.br\/cbradar\/banho-morno-a-noite-reduz-insonia-e-melhora-descanso-profundo\/#breadcrumb","itemListElement":[{"@type":"ListItem","position":1,"name":"In\u00edcio","item":"https:\/\/www.correiobraziliense.com.br\/cbradar\/"},{"@type":"ListItem","position":2,"name":"Banho morno \u00e0 noite reduz ins\u00f4nia e melhora descanso profundo"}]},{"@type":"WebSite","@id":"https:\/\/www.correiobraziliense.com.br\/cbradar\/#website","url":"https:\/\/www.correiobraziliense.com.br\/cbradar\/","name":"Correio Braziliense - Radar","description":"Acompanhe as \u00faltimas not\u00edcias e fique bem informado sobre tudo o que acontece no Brasil e no mundo.","potentialAction":[{"@type":"SearchAction","target":{"@type":"EntryPoint","urlTemplate":"https:\/\/www.correiobraziliense.com.br\/cbradar\/?s={search_term_string}"},"query-input":{"@type":"PropertyValueSpecification","valueRequired":true,"valueName":"search_term_string"}}],"inLanguage":"pt-BR"},{"@type":"Person","@id":"https:\/\/www.correiobraziliense.com.br\/cbradar\/#\/schema\/person\/5aa4bf3c8fa699c267933611de12978b","name":"guilherme_saude","image":{"@type":"ImageObject","inLanguage":"pt-BR","@id":"https:\/\/www.correiobraziliense.com.br\/cbradar\/#\/schema\/person\/image\/","url":"https:\/\/secure.gravatar.com\/avatar\/df9adfb835d344bc0af109d41756253f?s=96&d=mm&r=g","contentUrl":"https:\/\/secure.gravatar.com\/avatar\/df9adfb835d344bc0af109d41756253f?s=96&d=mm&r=g","caption":"guilherme_saude"},"url":"https:\/\/www.correiobraziliense.com.br\/cbradar\/author\/guilherme_saude\/"}]}},"_links":{"self":[{"href":"https:\/\/www.correiobraziliense.com.br\/cbradar\/wp-json\/wp\/v2\/posts\/201767","targetHints":{"allow":["GET"]}}],"collection":[{"href":"https:\/\/www.correiobraziliense.com.br\/cbradar\/wp-json\/wp\/v2\/posts"}],"about":[{"href":"https:\/\/www.correiobraziliense.com.br\/cbradar\/wp-json\/wp\/v2\/types\/post"}],"author":[{"embeddable":true,"href":"https:\/\/www.correiobraziliense.com.br\/cbradar\/wp-json\/wp\/v2\/users\/14"}],"replies":[{"embeddable":true,"href":"https:\/\/www.correiobraziliense.com.br\/cbradar\/wp-json\/wp\/v2\/comments?post=201767"}],"version-history":[{"count":1,"href":"https:\/\/www.correiobraziliense.com.br\/cbradar\/wp-json\/wp\/v2\/posts\/201767\/revisions"}],"predecessor-version":[{"id":201777,"href":"https:\/\/www.correiobraziliense.com.br\/cbradar\/wp-json\/wp\/v2\/posts\/201767\/revisions\/201777"}],"wp:featuredmedia":[{"embeddable":true,"href":"https:\/\/www.correiobraziliense.com.br\/cbradar\/wp-json\/wp\/v2\/media\/201774"}],"wp:attachment":[{"href":"https:\/\/www.correiobraziliense.com.br\/cbradar\/wp-json\/wp\/v2\/media?parent=201767"}],"wp:term":[{"taxonomy":"category","embeddable":true,"href":"https:\/\/www.correiobraziliense.com.br\/cbradar\/wp-json\/wp\/v2\/categories?post=201767"},{"taxonomy":"post_tag","embeddable":true,"href":"https:\/\/www.correiobraziliense.com.br\/cbradar\/wp-json\/wp\/v2\/tags?post=201767"}],"curies":[{"name":"wp","href":"https:\/\/api.w.org\/{rel}","templated":true}]}}