{"id":201805,"date":"2026-03-03T13:15:00","date_gmt":"2026-03-03T16:15:00","guid":{"rendered":"https:\/\/www.correiobraziliense.com.br\/cbradar\/?p=201805"},"modified":"2026-03-02T11:47:41","modified_gmt":"2026-03-02T14:47:41","slug":"como-quebrar-o-jejum-sem-causar-inchaco-e-desconforto-digestivo","status":"publish","type":"post","link":"https:\/\/www.correiobraziliense.com.br\/cbradar\/como-quebrar-o-jejum-sem-causar-inchaco-e-desconforto-digestivo\/","title":{"rendered":"Como quebrar o jejum sem causar incha\u00e7o e desconforto digestivo"},"content":{"rendered":"\n<p>Ap\u00f3s um per\u00edodo prolongado sem comer, a reintrodu\u00e7\u00e3o alimentar deve ser realizada com cautela para evitar desconfortos e problemas digestivos. A hidrata\u00e7\u00e3o adequada, a escolha correta dos primeiros alimentos e o acompanhamento profissional s\u00e3o pilares fundamentais para que o organismo retome suas fun\u00e7\u00f5es metab\u00f3licas de maneira segura e equilibrada.<\/p>\n\n\n\n<h2 class=\"wp-block-heading\">Por que a hidrata\u00e7\u00e3o \u00e9 a primeira etapa ao quebrar o jejum?<\/h2>\n\n\n\n<p><strong>Ap\u00f3s o jejum<\/strong>, \u00e9 amplamente aceito que o primeiro passo \u00e9 manter uma hidrata\u00e7\u00e3o adequada, ingerindo ao longo do dia cerca de dois a tr\u00eas litros de \u00e1gua, de forma fracionada. Essa abordagem favorece o sistema digestivo, permitindo que as fun\u00e7\u00f5es metab\u00f3licas sejam retomadas de maneira equilibrada, sem sobrecarga imediata.<\/p>\n\n\n\n<p>Durante o jejum, o corpo continua perdendo l\u00edquidos naturalmente por meio da respira\u00e7\u00e3o, suor e fun\u00e7\u00e3o renal, o que pode provocar desidrata\u00e7\u00e3o. Sintomas como dores de cabe\u00e7a, tontura e fadiga podem surgir se a hidrata\u00e7\u00e3o n\u00e3o for controlada, tornando essencial repor gradualmente a \u00e1gua antes de introduzir grandes quantidades de alimentos s\u00f3lidos.<\/p>\n\n\n\n<p>Para compreender melhor o que comer ao quebrar o jejum intermitente e como potencializar o emagrecimento, assista ao v\u00eddeo a seguir, no qual a nutricionista Talita Perosa explica o assunto de forma clara e did\u00e1tica no canal Talita Perosa Nutricionista.<\/p>\n\n\n\n<iframe loading=\"lazy\" width=\"1396\" height=\"785\" src=\"https:\/\/www.youtube.com\/embed\/RfNYi8NzQ0M\" title=\"Quebrando o JEJUM INTERMITENTE: o que comer para potencializar o seu emagrecimento?\" frameborder=\"0\" allow=\"accelerometer; autoplay; clipboard-write; encrypted-media; gyroscope; picture-in-picture; web-share\" referrerpolicy=\"strict-origin-when-cross-origin\" allowfullscreen><\/iframe>\n\n\n\n<h2 class=\"wp-block-heading\">Qual \u00e9 a import\u00e2ncia do caldo cozido na reintrodu\u00e7\u00e3o alimentar?<\/h2>\n\n\n\n<p>Os caldos cozidos por longas horas s\u00e3o uma excelente escolha para iniciar a alimenta\u00e7\u00e3o ap\u00f3s o jejum, pois carregam nutrientes de f\u00e1cil absor\u00e7\u00e3o que n\u00e3o exigem grande esfor\u00e7o do sistema digestivo. O tempo de coc\u00e7\u00e3o prolongado permite que minerais como s\u00f3dio, pot\u00e1ssio e magn\u00e9sio sejam liberados no l\u00edquido, o que \u00e9 crucial ap\u00f3s um per\u00edodo sem alimenta\u00e7\u00e3o.<\/p>\n\n\n\n<p>Esse caldo aquecido nutre o corpo e prepara o sistema digestivo para processar alimentos mais s\u00f3lidos nas refei\u00e7\u00f5es futuras. Come\u00e7ar com l\u00edquidos quentes e ricos em nutrientes ajuda o organismo a evitar incha\u00e7os e c\u00f3licas, reduzindo desconfortos comuns quando se retorna de forma brusca a uma alimenta\u00e7\u00e3o tradicional.<\/p>\n\n\n\n<h2 class=\"wp-block-heading\">Quais cuidados tomar e o que evitar ao quebrar o jejum?<\/h2>\n\n\n\n<p>T\u00e3o relevante quanto saber o que consumir \u00e9 estar ciente do que evitar nas horas que sucedem o jejum, especialmente em jejuns mais prolongados. Alguns erros podem comprometer os benef\u00edcios adquiridos e causar desconfortos significativos, exigindo aten\u00e7\u00e3o redobrada ao planejamento da primeira refei\u00e7\u00e3o.<\/p>\n\n\n\n<p>Entre os principais cuidados ao quebrar o jejum, destacam-se:<\/p>\n\n\n\n&#8220;`html\n<style>\n  .make-wrap{\n    max-width: 760px;\n    margin: 26px auto;\n    padding: 18px;\n    border-radius: 18px;\n    background: linear-gradient(135deg,#fff7fb 0%,#f6f2ff 100%);\n    border: 1px solid #f7d4ea;\n    box-shadow: 0 8px 20px rgba(236,72,153,.12);\n    font-family: system-ui, -apple-system, Segoe UI, Roboto, Helvetica, Arial, sans-serif;\n  }\n\n  .make-title{\n    display:flex; \n    align-items:center; \n    gap:10px;\n    margin:0 0 12px 4px;\n    font-size:1.2rem; \n    font-weight:900; \n    color:#9d174d;\n  }\n\n  .make-table{\n    width:100%;\n    border-collapse:separate;\n    border-spacing:0;\n    overflow:hidden;\n    border-radius:16px;\n    border:1px solid #f7d4ea;\n    background:#fff;\n    font-size:.92rem;\n  }\n\n  .make-table thead th{\n    background:linear-gradient(90deg,#fde7f3 0%,#f8e9ff 100%);\n    padding:12px;\n    color:#7a1e63;\n    font-weight:800;\n    text-align:left;\n    border-bottom:1px solid #f7d4ea;\n  }\n\n  .make-table tbody td{\n    padding:12px;\n    color:#374151;\n    vertical-align:top;\n    border-bottom:1px dashed #f7d4ea;\n  }\n\n  .make-table tbody tr:nth-child(odd){\n    background:#fffaff;\n  }\n\n  .price{\n    display:inline-flex;\n    align-items:center;\n    background:#fff7ed;\n    color:#b45309;\n    padding:6px 10px;\n    border-radius:10px;\n    border:1px solid #fed7aa;\n    font-weight:700;\n    white-space:nowrap;\n  }\n\n  .badge{\n    display:inline-block;\n    background:#fde7f3;\n    color:#c026d3;\n    border:1px solid #fecdd3;\n    padding:4px 10px;\n    border-radius:999px;\n    font-weight:700;\n    font-size:.78rem;\n  }\n\n  @media (max-width:720px){\n    .make-table thead{display:none}\n    .make-table, .make-table tbody, .make-table tr, .make-table td{\n      display:block; \n      width:100%;\n    }\n    .make-table tr{\n      margin-bottom:12px;\n      border:1px solid #f7d4ea;\n      border-radius:14px;\n      overflow:hidden;\n      background:#fff;\n    }\n    .make-table td[data-label]:before{\n      content:attr(data-label);\n      display:block;\n      font-weight:800;\n      color:#7a1e63;\n      margin-bottom:4px;\n    }\n    .make-table tbody td:last-child{border-bottom:none}\n  }\n<\/style>\n\n<div class=\"make-wrap\">\n  <h3 class=\"make-title\">\ud83e\udd57\u2728 Cuidados Alimentares para Melhor Recupera\u00e7\u00e3o Digestiva<\/h3>\n\n  <table class=\"make-table\">\n    <thead>\n      <tr>\n        <th>Orienta\u00e7\u00e3o<\/th>\n        <th>Detalhamento<\/th>\n      <\/tr>\n    <\/thead>\n    <tbody>\n      <tr>\n        <td data-label=\"Orienta\u00e7\u00e3o\">Evitar grandes volumes de comida<\/td>\n        <td data-label=\"Detalhamento\">N\u00e3o consumir grandes quantidades de uma s\u00f3 vez, pois o est\u00f4mago permanece contra\u00eddo.<\/td>\n      <\/tr>\n      <tr>\n        <td data-label=\"Orienta\u00e7\u00e3o\">Reduzir ultraprocessados<\/td>\n        <td data-label=\"Detalhamento\">Diminuir ou excluir alimentos ricos em a\u00e7\u00facar e produtos industrializados.<\/td>\n      <\/tr>\n      <tr>\n        <td data-label=\"Orienta\u00e7\u00e3o\">Evitar frituras e gorduras excessivas<\/td>\n        <td data-label=\"Detalhamento\">N\u00e3o consumir frituras e alimentos muito gordurosos para n\u00e3o sobrecarregar o f\u00edgado.<\/td>\n      <\/tr>\n      <tr>\n        <td data-label=\"Orienta\u00e7\u00e3o\">Hidrata\u00e7\u00e3o gradual<\/td>\n        <td data-label=\"Detalhamento\">Manter a ingest\u00e3o de l\u00edquidos ao longo do dia, evitando grandes quantidades de \u00e1gua de uma \u00fanica vez.<\/td>\n      <\/tr>\n    <\/tbody>\n  <\/table>\n\n  <p style=\"margin-top:14px; color:#6b7280; font-size:.9rem;\">\n    \ud83d\udca1 <strong>Dica:<\/strong> Pequenas mudan\u00e7as consistentes na alimenta\u00e7\u00e3o ajudam o sistema digestivo a se recuperar com mais conforto.\n  <\/p>\n<\/div>\n&#8220;`\n\n\n\n\n<h2 class=\"wp-block-heading\">Quando pode ser necess\u00e1rio o acompanhamento profissional?<\/h2>\n\n\n\n<p>O jejum n\u00e3o \u00e9 adequado para todas as pessoas e a reintrodu\u00e7\u00e3o da alimenta\u00e7\u00e3o deve ser moldada \u00e0s necessidades individuais de sa\u00fade. Gr\u00e1vidas, lactantes, diab\u00e9ticos, pessoas com transtornos alimentares, problemas card\u00edacos ou em uso cont\u00ednuo de medicamentos devem evitar jejum sem supervis\u00e3o m\u00e9dica.<\/p>\n\n\n\n<p>Mesmo indiv\u00edduos saud\u00e1veis se beneficiam de orienta\u00e7\u00e3o de um m\u00e9dico ou nutricionista para garantir que o jejum ocorra de forma segura e que a quebra seja feita da forma mais ben\u00e9fica. Consultar um profissional antes de implementar qualquer protocolo de jejum \u00e9 uma decis\u00e3o sensata, que reduz riscos e potencializa os resultados positivos.<\/p>\n\n\n<a href=\"https:\/\/www.instagram.com\/dra.annaluisabf\/\" target=\"_blank\" rel=\"noopener\" style=\"text-decoration: none; color: inherit;\">\n    <span style=\"display: inline-block; border: 1px solid #ccc; border-radius: 10px; padding: 15px; max-width: 550px; font-family: sans-serif; box-shadow: 0 2px 5px rgba(0,0,0,0.1); width: 100%;\">\n\n      <!-- T\u00edtulo -->\n      <span style=\"display: block; margin: 0 0 15px 0; font-weight: bold; color: #2c3e50; text-align: center;\">\n        Entre em contato:\n      <\/span>\n\n      <!-- Linha do perfil -->\n      <span style=\"display: flex; align-items: center; gap: 15px;\">\n        <img decoding=\"async\"\n          src=\"https:\/\/www.correiobraziliense.com.br\/cbradar\/wp-content\/uploads\/2025\/08\/dra_anna_luisa.jpeg\"\n          alt=\"Foto da Dra. Anna Lu\u00edsa\"\n          style=\"border-radius: 50%; width: 80px; height: 80px; object-fit: cover;\"\n        \/>\n        <span style=\"display: flex; flex-direction: column;\">\n          <span style=\"font-size: 18px; font-weight: 700; color: #2c3e50;\">Dra. Anna Lu\u00edsa Barbosa Fernandes<\/span>\n          <span style=\"color: #555;\">CRM-GO 33.271<\/span>\n        <\/span>\n      <\/span>\n\n      <!-- Redes -->\n      <span style=\"display: flex; align-items: center; gap: 10px; margin-top: 12px;\">\n        <img decoding=\"async\" src=\"https:\/\/cdn-icons-png.flaticon.com\/24\/1384\/1384063.png\" alt=\"Instagram\" width=\"24\" height=\"24\" \/>\n        <span style=\"text-decoration: underline; color: #2c3e50;\">@dra.annaluisabf<\/span>\n      <\/span>\n\n    <\/span>\n  <\/a>","protected":false},"excerpt":{"rendered":"<p>Ap\u00f3s um per\u00edodo prolongado sem comer, a reintrodu\u00e7\u00e3o alimentar deve ser realizada com cautela para evitar desconfortos e problemas digestivos. A hidrata\u00e7\u00e3o adequada, a escolha correta dos primeiros alimentos e o acompanhamento profissional s\u00e3o pilares fundamentais para que o organismo retome suas fun\u00e7\u00f5es metab\u00f3licas de maneira segura e equilibrada. Por que a hidrata\u00e7\u00e3o \u00e9 a [&hellip;]<\/p>\n","protected":false},"author":14,"featured_media":149412,"comment_status":"open","ping_status":"open","sticky":false,"template":"","format":"standard","meta":{"_yoast_wpseo_focuskw":"Ap\u00f3s o jejum","_yoast_wpseo_title":"","_yoast_wpseo_metadesc":"Descubra a forma mais segura de retomar a alimenta\u00e7\u00e3o sem sobrecarregar o organismo.","jnews-multi-image_gallery":[],"jnews_single_post":{"format":"standard"},"jnews_primary_category":[],"jnews_social_meta":[],"jnews_override_counter":[],"footnotes":""},"categories":[4404],"post_tag":[120,247,565],"class_list":["post-201805","post","type-post","status-publish","format-standard","has-post-thumbnail","hentry","category-saude","tag-bem-estar","tag-qualidade-de-vida","tag-saude"],"yoast_head":"<!-- This site is optimized with the Yoast SEO plugin v24.6 - https:\/\/yoast.com\/wordpress\/plugins\/seo\/ -->\n<title>Como quebrar o jejum sem causar incha\u00e7o e desconforto digestivo - Correio Braziliense - Radar<\/title>\n<meta name=\"description\" content=\"Descubra a forma mais segura de retomar a alimenta\u00e7\u00e3o sem sobrecarregar o organismo.\" \/>\n<meta name=\"robots\" content=\"index, follow, max-snippet:-1, max-image-preview:large, max-video-preview:-1\" \/>\n<link rel=\"canonical\" href=\"https:\/\/www.correiobraziliense.com.br\/cbradar\/como-quebrar-o-jejum-sem-causar-inchaco-e-desconforto-digestivo\/\" \/>\n<meta property=\"og:locale\" content=\"pt_BR\" \/>\n<meta property=\"og:type\" content=\"article\" \/>\n<meta property=\"og:title\" content=\"Como quebrar o jejum sem causar incha\u00e7o e desconforto digestivo - Correio Braziliense - Radar\" \/>\n<meta property=\"og:description\" content=\"Descubra a forma mais segura de retomar a alimenta\u00e7\u00e3o sem sobrecarregar o organismo.\" \/>\n<meta property=\"og:url\" content=\"https:\/\/www.correiobraziliense.com.br\/cbradar\/como-quebrar-o-jejum-sem-causar-inchaco-e-desconforto-digestivo\/\" \/>\n<meta property=\"og:site_name\" content=\"Correio Braziliense - Radar\" \/>\n<meta property=\"article:published_time\" content=\"2026-03-03T16:15:00+00:00\" \/>\n<meta property=\"og:image\" content=\"https:\/\/www.correiobraziliense.com.br\/cbradar\/wp-content\/uploads\/2025\/12\/Jejum-Intermitente_1764777702816.jpg\" \/>\n\t<meta property=\"og:image:width\" content=\"1280\" \/>\n\t<meta property=\"og:image:height\" content=\"720\" \/>\n\t<meta property=\"og:image:type\" content=\"image\/jpeg\" \/>\n<meta name=\"author\" content=\"guilherme_saude\" \/>\n<meta name=\"twitter:card\" content=\"summary_large_image\" \/>\n<meta name=\"twitter:label1\" content=\"Escrito por\" \/>\n\t<meta name=\"twitter:data1\" content=\"guilherme_saude\" \/>\n\t<meta name=\"twitter:label2\" content=\"Est. tempo de leitura\" \/>\n\t<meta name=\"twitter:data2\" content=\"4 minutos\" \/>\n<!-- \/ Yoast SEO plugin. -->","yoast_head_json":{"title":"Como quebrar o jejum sem causar incha\u00e7o e desconforto digestivo - Correio Braziliense - Radar","description":"Descubra a forma mais segura de retomar a alimenta\u00e7\u00e3o sem sobrecarregar o organismo.","robots":{"index":"index","follow":"follow","max-snippet":"max-snippet:-1","max-image-preview":"max-image-preview:large","max-video-preview":"max-video-preview:-1"},"canonical":"https:\/\/www.correiobraziliense.com.br\/cbradar\/como-quebrar-o-jejum-sem-causar-inchaco-e-desconforto-digestivo\/","og_locale":"pt_BR","og_type":"article","og_title":"Como quebrar o jejum sem causar incha\u00e7o e desconforto digestivo - Correio Braziliense - Radar","og_description":"Descubra a forma mais segura de retomar a alimenta\u00e7\u00e3o sem sobrecarregar o organismo.","og_url":"https:\/\/www.correiobraziliense.com.br\/cbradar\/como-quebrar-o-jejum-sem-causar-inchaco-e-desconforto-digestivo\/","og_site_name":"Correio Braziliense - Radar","article_published_time":"2026-03-03T16:15:00+00:00","og_image":[{"width":1280,"height":720,"url":"https:\/\/www.correiobraziliense.com.br\/cbradar\/wp-content\/uploads\/2025\/12\/Jejum-Intermitente_1764777702816.jpg","type":"image\/jpeg"}],"author":"guilherme_saude","twitter_card":"summary_large_image","twitter_misc":{"Escrito por":"guilherme_saude","Est. tempo de leitura":"4 minutos"},"schema":{"@context":"https:\/\/schema.org","@graph":[{"@type":"WebPage","@id":"https:\/\/www.correiobraziliense.com.br\/cbradar\/como-quebrar-o-jejum-sem-causar-inchaco-e-desconforto-digestivo\/","url":"https:\/\/www.correiobraziliense.com.br\/cbradar\/como-quebrar-o-jejum-sem-causar-inchaco-e-desconforto-digestivo\/","name":"Como quebrar o jejum sem causar incha\u00e7o e desconforto digestivo - Correio Braziliense - Radar","isPartOf":{"@id":"https:\/\/www.correiobraziliense.com.br\/cbradar\/#website"},"primaryImageOfPage":{"@id":"https:\/\/www.correiobraziliense.com.br\/cbradar\/como-quebrar-o-jejum-sem-causar-inchaco-e-desconforto-digestivo\/#primaryimage"},"image":{"@id":"https:\/\/www.correiobraziliense.com.br\/cbradar\/como-quebrar-o-jejum-sem-causar-inchaco-e-desconforto-digestivo\/#primaryimage"},"thumbnailUrl":"https:\/\/www.correiobraziliense.com.br\/cbradar\/wp-content\/uploads\/2025\/12\/Jejum-Intermitente_1764777702816.jpg","datePublished":"2026-03-03T16:15:00+00:00","author":{"@id":"https:\/\/www.correiobraziliense.com.br\/cbradar\/#\/schema\/person\/5aa4bf3c8fa699c267933611de12978b"},"description":"Descubra a forma mais segura de retomar a alimenta\u00e7\u00e3o sem sobrecarregar o organismo.","breadcrumb":{"@id":"https:\/\/www.correiobraziliense.com.br\/cbradar\/como-quebrar-o-jejum-sem-causar-inchaco-e-desconforto-digestivo\/#breadcrumb"},"inLanguage":"pt-BR","potentialAction":[{"@type":"ReadAction","target":["https:\/\/www.correiobraziliense.com.br\/cbradar\/como-quebrar-o-jejum-sem-causar-inchaco-e-desconforto-digestivo\/"]}]},{"@type":"ImageObject","inLanguage":"pt-BR","@id":"https:\/\/www.correiobraziliense.com.br\/cbradar\/como-quebrar-o-jejum-sem-causar-inchaco-e-desconforto-digestivo\/#primaryimage","url":"https:\/\/www.correiobraziliense.com.br\/cbradar\/wp-content\/uploads\/2025\/12\/Jejum-Intermitente_1764777702816.jpg","contentUrl":"https:\/\/www.correiobraziliense.com.br\/cbradar\/wp-content\/uploads\/2025\/12\/Jejum-Intermitente_1764777702816.jpg","width":1280,"height":720,"caption":"O m\u00e9todo alimentar que estimula limpeza celular natural - Cr\u00e9ditos: depositphotos.com \/ Kreminska"},{"@type":"BreadcrumbList","@id":"https:\/\/www.correiobraziliense.com.br\/cbradar\/como-quebrar-o-jejum-sem-causar-inchaco-e-desconforto-digestivo\/#breadcrumb","itemListElement":[{"@type":"ListItem","position":1,"name":"In\u00edcio","item":"https:\/\/www.correiobraziliense.com.br\/cbradar\/"},{"@type":"ListItem","position":2,"name":"Como quebrar o jejum sem causar incha\u00e7o e desconforto digestivo"}]},{"@type":"WebSite","@id":"https:\/\/www.correiobraziliense.com.br\/cbradar\/#website","url":"https:\/\/www.correiobraziliense.com.br\/cbradar\/","name":"Correio Braziliense - Radar","description":"Acompanhe as \u00faltimas not\u00edcias e fique bem informado sobre tudo o que acontece no Brasil e no mundo.","potentialAction":[{"@type":"SearchAction","target":{"@type":"EntryPoint","urlTemplate":"https:\/\/www.correiobraziliense.com.br\/cbradar\/?s={search_term_string}"},"query-input":{"@type":"PropertyValueSpecification","valueRequired":true,"valueName":"search_term_string"}}],"inLanguage":"pt-BR"},{"@type":"Person","@id":"https:\/\/www.correiobraziliense.com.br\/cbradar\/#\/schema\/person\/5aa4bf3c8fa699c267933611de12978b","name":"guilherme_saude","image":{"@type":"ImageObject","inLanguage":"pt-BR","@id":"https:\/\/www.correiobraziliense.com.br\/cbradar\/#\/schema\/person\/image\/","url":"https:\/\/secure.gravatar.com\/avatar\/df9adfb835d344bc0af109d41756253f?s=96&d=mm&r=g","contentUrl":"https:\/\/secure.gravatar.com\/avatar\/df9adfb835d344bc0af109d41756253f?s=96&d=mm&r=g","caption":"guilherme_saude"},"url":"https:\/\/www.correiobraziliense.com.br\/cbradar\/author\/guilherme_saude\/"}]}},"_links":{"self":[{"href":"https:\/\/www.correiobraziliense.com.br\/cbradar\/wp-json\/wp\/v2\/posts\/201805","targetHints":{"allow":["GET"]}}],"collection":[{"href":"https:\/\/www.correiobraziliense.com.br\/cbradar\/wp-json\/wp\/v2\/posts"}],"about":[{"href":"https:\/\/www.correiobraziliense.com.br\/cbradar\/wp-json\/wp\/v2\/types\/post"}],"author":[{"embeddable":true,"href":"https:\/\/www.correiobraziliense.com.br\/cbradar\/wp-json\/wp\/v2\/users\/14"}],"replies":[{"embeddable":true,"href":"https:\/\/www.correiobraziliense.com.br\/cbradar\/wp-json\/wp\/v2\/comments?post=201805"}],"version-history":[{"count":1,"href":"https:\/\/www.correiobraziliense.com.br\/cbradar\/wp-json\/wp\/v2\/posts\/201805\/revisions"}],"predecessor-version":[{"id":201812,"href":"https:\/\/www.correiobraziliense.com.br\/cbradar\/wp-json\/wp\/v2\/posts\/201805\/revisions\/201812"}],"wp:featuredmedia":[{"embeddable":true,"href":"https:\/\/www.correiobraziliense.com.br\/cbradar\/wp-json\/wp\/v2\/media\/149412"}],"wp:attachment":[{"href":"https:\/\/www.correiobraziliense.com.br\/cbradar\/wp-json\/wp\/v2\/media?parent=201805"}],"wp:term":[{"taxonomy":"category","embeddable":true,"href":"https:\/\/www.correiobraziliense.com.br\/cbradar\/wp-json\/wp\/v2\/categories?post=201805"},{"taxonomy":"post_tag","embeddable":true,"href":"https:\/\/www.correiobraziliense.com.br\/cbradar\/wp-json\/wp\/v2\/post_tag?post=201805"}],"curies":[{"name":"wp","href":"https:\/\/api.w.org\/{rel}","templated":true}]}}