{"id":201814,"date":"2026-03-03T11:05:00","date_gmt":"2026-03-03T14:05:00","guid":{"rendered":"https:\/\/www.correiobraziliense.com.br\/cbradar\/?p=201814"},"modified":"2026-03-02T11:47:24","modified_gmt":"2026-03-02T14:47:24","slug":"a-raiz-poderosa-que-reduz-inflamacao-e-estimula-colageno-nas-articulacoes","status":"publish","type":"post","link":"https:\/\/www.correiobraziliense.com.br\/cbradar\/a-raiz-poderosa-que-reduz-inflamacao-e-estimula-colageno-nas-articulacoes\/","title":{"rendered":"A raiz poderosa que reduz inflama\u00e7\u00e3o e estimula col\u00e1geno nas articula\u00e7\u00f5es"},"content":{"rendered":"\n<p>Os problemas articulares s\u00e3o frequentemente subestimados at\u00e9 se tornarem inescap\u00e1veis para aqueles que sofrem com eles, transformando rotinas comuns em desafios di\u00e1rios e impactando diretamente a qualidade de vida. Nesse cen\u00e1rio, a <strong>C\u00farcuma <\/strong>(<em>Curcuma longa<\/em>) surge como uma alternativa natural relevante para o fortalecimento articular e est\u00edmulo ao col\u00e1geno, oferecendo suporte ao al\u00edvio das dores e \u00e0 promo\u00e7\u00e3o da sa\u00fade osteoarticular.<\/p>\n\n\n\n<h2 class=\"wp-block-heading\">O que \u00e9 a c\u00farcuma e por que ela \u00e9 considerada um fitoter\u00e1pico?<\/h2>\n\n\n\n<p>A c\u00farcuma \u00e9 uma raiz cujas propriedades medicinais s\u00e3o impulsionadas pelos curcuminoides, compostos com a\u00e7\u00e3o anti-inflamat\u00f3ria e antioxidante. Esse efeito \u00e9 respaldado por organismos como a Organiza\u00e7\u00e3o Mundial da Sa\u00fade, que reconhecem seu potencial farmacol\u00f3gico na modula\u00e7\u00e3o de citocinas pr\u00f3-inflamat\u00f3rias.<\/p>\n\n\n\n<p>O uso da c\u00farcuma \u00e9 regulamentado em v\u00e1rias partes do mundo, incluindo o Formul\u00e1rio de Fitoter\u00e1picos da Farmacopeia Brasileira. O rizoma seco da&nbsp;<em>Curcuma longa<\/em>&nbsp;\u00e9 utilizado no tratamento de dores osteoarticulares, ajudando a reduzir o estresse oxidativo tecidual, um dos mecanismos envolvidos na degenera\u00e7\u00e3o articular.<\/p>\n\n\n\n<p>No v\u00eddeo <strong>\u201cC\u00farcuma ou A\u00e7afr\u00e3o? Descubra Qual a Diferen\u00e7a Entre C\u00farcuma e A\u00e7afr\u00e3o!\u201d<\/strong>, do canal <strong>Nutri Responde<\/strong>, \u00e9 esclarecida a diferen\u00e7a entre a c\u00farcuma (Curcuma longa) \u2014 tamb\u00e9m chamada de a\u00e7afr\u00e3o-da-terra \u2014 e o a\u00e7afr\u00e3o verdadeiro (Crocus sativus).<\/p>\n\n\n\n<p>O conte\u00fado explica aspectos bot\u00e2nicos, propriedades nutricionais e aplica\u00e7\u00f5es culin\u00e1rias, destacando que, apesar de compartilharem o nome popular, tratam-se de plantas distintas, com compostos bioativos e usos espec\u00edficos na alimenta\u00e7\u00e3o e na sa\u00fade.<\/p>\n\n\n\n<iframe loading=\"lazy\" width=\"1396\" height=\"785\" src=\"https:\/\/www.youtube.com\/embed\/S39EW6bVd7k\" title=\"C\u00farcuma ou A\u00e7afr\u00e3o? Descubra Qual a Diferen\u00e7a Entre C\u00farcuma e A\u00e7afr\u00e3o! [Nutri Responde]\" frameborder=\"0\" allow=\"accelerometer; autoplay; clipboard-write; encrypted-media; gyroscope; picture-in-picture; web-share\" referrerpolicy=\"strict-origin-when-cross-origin\" allowfullscreen><\/iframe>\n\n\n\n<h2 class=\"wp-block-heading\">Como a c\u00farcuma contribui para a prote\u00e7\u00e3o do col\u00e1geno?<\/h2>\n\n\n\n<p>A cartilagem \u00e9 um tecido essencial nas articula\u00e7\u00f5es e pode ser prejudicada quando enzimas, como a colagenase, destroem as fibras de col\u00e1geno tipo II. A curcumina, presente na c\u00farcuma, exerce papel importante na prote\u00e7\u00e3o dos condr\u00f3citos, as c\u00e9lulas da cartilagem, contra essa degrada\u00e7\u00e3o.<\/p>\n\n\n\n<p>Evid\u00eancias cient\u00edficas indicam que essa prote\u00e7\u00e3o contribui para a manuten\u00e7\u00e3o da densidade do col\u00e1geno, o que ajuda a prevenir o atrito excessivo entre os ossos. Essa a\u00e7\u00e3o \u00e9 crucial para evitar les\u00f5es permanentes e preservar a mobilidade, especialmente em pessoas com osteoartrite.<\/p>\n\n\n\n<h2 class=\"wp-block-heading\">Por que a c\u00farcuma auxilia no al\u00edvio da dor articular?<\/h2>\n\n\n\n<p>Anti-inflamat\u00f3rios sint\u00e9ticos s\u00e3o amplamente usados para tratar dores no joelho e quadril, mas a c\u00farcuma oferece uma alternativa natural promissora. Estudos indicam que o extrato de c\u00farcuma pode aliviar a dor e melhorar a fun\u00e7\u00e3o articular de forma compar\u00e1vel a medicamentos tradicionais, por\u00e9m com menor risco de efeitos colaterais g\u00e1stricos.<\/p>\n\n\n\n<p>A planta atua inibindo a enzima COX-2, respons\u00e1vel por provocar dor e incha\u00e7o nas articula\u00e7\u00f5es. Al\u00e9m disso, sua a\u00e7\u00e3o antioxidante contribui para reduzir processos inflamat\u00f3rios cr\u00f4nicos, fator importante na evolu\u00e7\u00e3o de doen\u00e7as articulares degenerativas.<\/p>\n\n\n<div class=\"wp-block-image\">\n<figure class=\"aligncenter size-large\"><img decoding=\"async\" width=\"1024\" height=\"576\" src=\"https:\/\/www.correiobraziliense.com.br\/cbradar\/wp-content\/uploads\/2025\/06\/curcuma_1749495315277-1024x576.jpg\" alt=\"\" class=\"wp-image-50651\" srcset=\"https:\/\/www.correiobraziliense.com.br\/cbradar\/wp-content\/uploads\/2025\/06\/curcuma_1749495315277-1024x576.jpg 1024w, https:\/\/www.correiobraziliense.com.br\/cbradar\/wp-content\/uploads\/2025\/06\/curcuma_1749495315277-300x169.jpg 300w, https:\/\/www.correiobraziliense.com.br\/cbradar\/wp-content\/uploads\/2025\/06\/curcuma_1749495315277-768x432.jpg 768w, https:\/\/www.correiobraziliense.com.br\/cbradar\/wp-content\/uploads\/2025\/06\/curcuma_1749495315277-750x422.jpg 750w, https:\/\/www.correiobraziliense.com.br\/cbradar\/wp-content\/uploads\/2025\/06\/curcuma_1749495315277-1140x641.jpg 1140w, https:\/\/www.correiobraziliense.com.br\/cbradar\/wp-content\/uploads\/2025\/06\/curcuma_1749495315277.jpg 1280w\" sizes=\"(max-width: 1024px) 100vw, 1024px\" \/><figcaption class=\"wp-element-caption\">C\u00farcuma &#8211; Cr\u00e9ditos: depositphotos.com \/ Thamkc<\/figcaption><\/figure><\/div>\n\n\n<h2 class=\"wp-block-heading\">Como consumir a c\u00farcuma de forma eficaz no dia a dia?<\/h2>\n\n\n\n<p>Para maximizar os benef\u00edcios da c\u00farcuma, \u00e9 essencial favorecer sua absor\u00e7\u00e3o pelo organismo, j\u00e1 que a curcumina possui baixa biodisponibilidade. Estudos demonstram que a piperina, presente na pimenta-preta, pode aumentar em at\u00e9 2.000% a biodisponibilidade da curcumina, potencializando seus efeitos.<\/p>\n\n\n\n<p>A seguir est\u00e3o algumas formas pr\u00e1ticas e estrat\u00e9gias recomendadas para inserir a c\u00farcuma na rotina e melhorar sua utiliza\u00e7\u00e3o pelo corpo:<\/p>\n\n\n\n&#8220;`html id=&#8221;c9xv2m&#8221;\n<style>\n  .make-wrap{\n    max-width: 760px;\n    margin: 26px auto;\n    padding: 18px;\n    border-radius: 18px;\n    background: linear-gradient(135deg,#fff7fb 0%,#f6f2ff 100%);\n    border: 1px solid #f7d4ea;\n    box-shadow: 0 8px 20px rgba(236,72,153,.12);\n    font-family: system-ui, -apple-system, Segoe UI, Roboto, Helvetica, Arial, sans-serif;\n  }\n\n  .make-title{\n    display:flex; \n    align-items:center; \n    gap:10px;\n    margin:0 0 12px 4px;\n    font-size:1.2rem; \n    font-weight:900; \n    color:#9d174d;\n  }\n\n  .make-table{\n    width:100%;\n    border-collapse:separate;\n    border-spacing:0;\n    overflow:hidden;\n    border-radius:16px;\n    border:1px solid #f7d4ea;\n    background:#fff;\n    font-size:.92rem;\n  }\n\n  .make-table thead th{\n    background:linear-gradient(90deg,#fde7f3 0%,#f8e9ff 100%);\n    padding:12px;\n    color:#7a1e63;\n    font-weight:800;\n    text-align:left;\n    border-bottom:1px solid #f7d4ea;\n  }\n\n  .make-table tbody td{\n    padding:12px;\n    color:#374151;\n    vertical-align:top;\n    border-bottom:1px dashed #f7d4ea;\n  }\n\n  .make-table tbody tr:nth-child(odd){\n    background:#fffaff;\n  }\n\n  .price{\n    display:inline-flex;\n    align-items:center;\n    background:#fff7ed;\n    color:#b45309;\n    padding:6px 10px;\n    border-radius:10px;\n    border:1px solid #fed7aa;\n    font-weight:700;\n    white-space:nowrap;\n  }\n\n  .badge{\n    display:inline-block;\n    background:#fde7f3;\n    color:#c026d3;\n    border:1px solid #fecdd3;\n    padding:4px 10px;\n    border-radius:999px;\n    font-weight:700;\n    font-size:.78rem;\n  }\n\n  @media (max-width:720px){\n    .make-table thead{display:none}\n    .make-table, .make-table tbody, .make-table tr, .make-table td{\n      display:block; \n      width:100%;\n    }\n    .make-table tr{\n      margin-bottom:12px;\n      border:1px solid #f7d4ea;\n      border-radius:14px;\n      overflow:hidden;\n      background:#fff;\n    }\n    .make-table td[data-label]:before{\n      content:attr(data-label);\n      display:block;\n      font-weight:800;\n      color:#7a1e63;\n      margin-bottom:4px;\n    }\n    .make-table tbody td:last-child{border-bottom:none}\n  }\n<\/style>\n\n<div class=\"make-wrap\">\n  <h3 class=\"make-title\">\ud83c\udf3f\u2728 Como Potencializar os Benef\u00edcios da C\u00farcuma<\/h3>\n\n  <table class=\"make-table\">\n    <thead>\n      <tr>\n        <th>Aspecto<\/th>\n        <th>Orienta\u00e7\u00e3o<\/th>\n      <\/tr>\n    <\/thead>\n    <tbody>\n      <tr>\n        <td data-label=\"Aspecto\">Biodisponibilidade<\/td>\n        <td data-label=\"Orienta\u00e7\u00e3o\">Consumir c\u00farcuma junto a gorduras saud\u00e1veis, como azeite ou \u00f3leo de coco, favorece a absor\u00e7\u00e3o de nutrientes lipossol\u00faveis.<\/td>\n      <\/tr>\n      <tr>\n        <td data-label=\"Aspecto\">Sinergia<\/td>\n        <td data-label=\"Orienta\u00e7\u00e3o\">O \u201cshot de c\u00farcuma\u201d com pimenta-preta e lim\u00e3o, ingerido em jejum, pode amplificar sua capacidade antioxidante.<\/td>\n      <\/tr>\n      <tr>\n        <td data-label=\"Aspecto\">Culin\u00e1ria<\/td>\n        <td data-label=\"Orienta\u00e7\u00e3o\">Adicionar a c\u00farcuma em p\u00f3 no final do cozimento ajuda a preservar suas propriedades, que s\u00e3o sens\u00edveis ao calor excessivo.<\/td>\n      <\/tr>\n      <tr>\n        <td data-label=\"Aspecto\">Dosagem terap\u00eautica<\/td>\n        <td data-label=\"Orienta\u00e7\u00e3o\">Doses di\u00e1rias entre 500 mg e 2.000 mg de extrato padronizado s\u00e3o frequentemente utilizadas em estudos, especialmente em casos de osteoartrite.<\/td>\n      <\/tr>\n    <\/tbody>\n  <\/table>\n\n  <p style=\"margin-top:14px; color:#6b7280; font-size:.9rem;\">\n    \ud83d\udca1 <strong>Dica:<\/strong> Para uso terap\u00eautico, a orienta\u00e7\u00e3o de um profissional de sa\u00fade \u00e9 fundamental para seguran\u00e7a e efic\u00e1cia.\n  <\/p>\n<\/div>\n&#8220;`\n\n\n\n\n<p>A inser\u00e7\u00e3o da c\u00farcuma em dietas regulares oferece suporte importante para a sa\u00fade articular a longo prazo. Mesmo sendo um recurso natural com benef\u00edcios comprovados, o acompanhamento m\u00e9dico \u00e9 recomendado para garantir diagn\u00f3stico adequado, seguran\u00e7a no uso e combina\u00e7\u00e3o correta com outros tratamentos.<\/p>\n\n\n<a href=\"https:\/\/www.instagram.com\/dra.annaluisabf\/\" target=\"_blank\" rel=\"noopener\" style=\"text-decoration: none; color: inherit;\">\n    <span style=\"display: inline-block; border: 1px solid #ccc; border-radius: 10px; padding: 15px; max-width: 550px; font-family: sans-serif; box-shadow: 0 2px 5px rgba(0,0,0,0.1); width: 100%;\">\n\n      <!-- T\u00edtulo -->\n      <span style=\"display: block; margin: 0 0 15px 0; font-weight: bold; color: #2c3e50; text-align: center;\">\n        Entre em contato:\n      <\/span>\n\n      <!-- Linha do perfil -->\n      <span style=\"display: flex; align-items: center; gap: 15px;\">\n        <img decoding=\"async\"\n          src=\"https:\/\/www.correiobraziliense.com.br\/cbradar\/wp-content\/uploads\/2025\/08\/dra_anna_luisa.jpeg\"\n          alt=\"Foto da Dra. Anna Lu\u00edsa\"\n          style=\"border-radius: 50%; width: 80px; height: 80px; object-fit: cover;\"\n        \/>\n        <span style=\"display: flex; flex-direction: column;\">\n          <span style=\"font-size: 18px; font-weight: 700; color: #2c3e50;\">Dra. Anna Lu\u00edsa Barbosa Fernandes<\/span>\n          <span style=\"color: #555;\">CRM-GO 33.271<\/span>\n        <\/span>\n      <\/span>\n\n      <!-- Redes -->\n      <span style=\"display: flex; align-items: center; gap: 10px; margin-top: 12px;\">\n        <img decoding=\"async\" src=\"https:\/\/cdn-icons-png.flaticon.com\/24\/1384\/1384063.png\" alt=\"Instagram\" width=\"24\" height=\"24\" \/>\n        <span style=\"text-decoration: underline; color: #2c3e50;\">@dra.annaluisabf<\/span>\n      <\/span>\n\n    <\/span>\n  <\/a>","protected":false},"excerpt":{"rendered":"<p>Os problemas articulares s\u00e3o frequentemente subestimados at\u00e9 se tornarem inescap\u00e1veis para aqueles que sofrem com eles, transformando rotinas comuns em desafios di\u00e1rios e impactando diretamente a qualidade de vida. Nesse cen\u00e1rio, a C\u00farcuma (Curcuma longa) surge como uma alternativa natural relevante para o fortalecimento articular e est\u00edmulo ao col\u00e1geno, oferecendo suporte ao al\u00edvio das dores [&hellip;]<\/p>\n","protected":false},"author":14,"featured_media":50646,"comment_status":"open","ping_status":"open","sticky":false,"template":"","format":"standard","meta":{"_yoast_wpseo_focuskw":"c\u00farcuma","_yoast_wpseo_title":"","_yoast_wpseo_metadesc":"A c\u00farcuma pode fortalecer articula\u00e7\u00f5es e proteger o col\u00e1geno. Descubra como potencializar seus efeitos e aliviar dores naturalmente.","jnews-multi-image_gallery":[],"jnews_single_post":{"format":"standard"},"jnews_primary_category":[],"jnews_social_meta":[],"jnews_override_counter":[],"footnotes":""},"categories":[4404],"post_tag":[281,120,247,1318],"class_list":["post-201814","post","type-post","status-publish","format-standard","has-post-thumbnail","hentry","category-saude","tag-alimentacao","tag-bem-estar","tag-qualidade-de-vida","tag-saude-2"],"yoast_head":"<!-- This site is optimized with the Yoast SEO plugin v24.6 - https:\/\/yoast.com\/wordpress\/plugins\/seo\/ -->\n<title>A raiz poderosa que reduz inflama\u00e7\u00e3o e estimula col\u00e1geno nas articula\u00e7\u00f5es - Correio Braziliense - Radar<\/title>\n<meta name=\"description\" content=\"A c\u00farcuma pode fortalecer articula\u00e7\u00f5es e proteger o col\u00e1geno. Descubra como potencializar seus efeitos e aliviar dores naturalmente.\" \/>\n<meta name=\"robots\" content=\"index, follow, max-snippet:-1, max-image-preview:large, max-video-preview:-1\" \/>\n<link rel=\"canonical\" href=\"https:\/\/www.correiobraziliense.com.br\/cbradar\/a-raiz-poderosa-que-reduz-inflamacao-e-estimula-colageno-nas-articulacoes\/\" \/>\n<meta property=\"og:locale\" content=\"pt_BR\" \/>\n<meta property=\"og:type\" content=\"article\" \/>\n<meta property=\"og:title\" content=\"A raiz poderosa que reduz inflama\u00e7\u00e3o e estimula col\u00e1geno nas articula\u00e7\u00f5es - Correio Braziliense - Radar\" \/>\n<meta property=\"og:description\" content=\"A c\u00farcuma pode fortalecer articula\u00e7\u00f5es e proteger o col\u00e1geno. Descubra como potencializar seus efeitos e aliviar dores naturalmente.\" \/>\n<meta property=\"og:url\" content=\"https:\/\/www.correiobraziliense.com.br\/cbradar\/a-raiz-poderosa-que-reduz-inflamacao-e-estimula-colageno-nas-articulacoes\/\" \/>\n<meta property=\"og:site_name\" content=\"Correio Braziliense - Radar\" \/>\n<meta property=\"article:published_time\" content=\"2026-03-03T14:05:00+00:00\" \/>\n<meta property=\"og:image\" content=\"https:\/\/www.correiobraziliense.com.br\/cbradar\/wp-content\/uploads\/2025\/06\/curcuma_1749493897945.jpg\" \/>\n\t<meta property=\"og:image:width\" content=\"1280\" \/>\n\t<meta property=\"og:image:height\" content=\"720\" \/>\n\t<meta property=\"og:image:type\" content=\"image\/jpeg\" \/>\n<meta name=\"author\" content=\"guilherme_saude\" \/>\n<meta name=\"twitter:card\" content=\"summary_large_image\" \/>\n<meta name=\"twitter:label1\" content=\"Escrito por\" \/>\n\t<meta name=\"twitter:data1\" content=\"guilherme_saude\" \/>\n\t<meta name=\"twitter:label2\" content=\"Est. tempo de leitura\" \/>\n\t<meta name=\"twitter:data2\" content=\"5 minutos\" \/>\n<!-- \/ Yoast SEO plugin. -->","yoast_head_json":{"title":"A raiz poderosa que reduz inflama\u00e7\u00e3o e estimula col\u00e1geno nas articula\u00e7\u00f5es - Correio Braziliense - Radar","description":"A c\u00farcuma pode fortalecer articula\u00e7\u00f5es e proteger o col\u00e1geno. Descubra como potencializar seus efeitos e aliviar dores naturalmente.","robots":{"index":"index","follow":"follow","max-snippet":"max-snippet:-1","max-image-preview":"max-image-preview:large","max-video-preview":"max-video-preview:-1"},"canonical":"https:\/\/www.correiobraziliense.com.br\/cbradar\/a-raiz-poderosa-que-reduz-inflamacao-e-estimula-colageno-nas-articulacoes\/","og_locale":"pt_BR","og_type":"article","og_title":"A raiz poderosa que reduz inflama\u00e7\u00e3o e estimula col\u00e1geno nas articula\u00e7\u00f5es - Correio Braziliense - Radar","og_description":"A c\u00farcuma pode fortalecer articula\u00e7\u00f5es e proteger o col\u00e1geno. Descubra como potencializar seus efeitos e aliviar dores naturalmente.","og_url":"https:\/\/www.correiobraziliense.com.br\/cbradar\/a-raiz-poderosa-que-reduz-inflamacao-e-estimula-colageno-nas-articulacoes\/","og_site_name":"Correio Braziliense - Radar","article_published_time":"2026-03-03T14:05:00+00:00","og_image":[{"width":1280,"height":720,"url":"https:\/\/www.correiobraziliense.com.br\/cbradar\/wp-content\/uploads\/2025\/06\/curcuma_1749493897945.jpg","type":"image\/jpeg"}],"author":"guilherme_saude","twitter_card":"summary_large_image","twitter_misc":{"Escrito por":"guilherme_saude","Est. tempo de leitura":"5 minutos"},"schema":{"@context":"https:\/\/schema.org","@graph":[{"@type":"WebPage","@id":"https:\/\/www.correiobraziliense.com.br\/cbradar\/a-raiz-poderosa-que-reduz-inflamacao-e-estimula-colageno-nas-articulacoes\/","url":"https:\/\/www.correiobraziliense.com.br\/cbradar\/a-raiz-poderosa-que-reduz-inflamacao-e-estimula-colageno-nas-articulacoes\/","name":"A raiz poderosa que reduz inflama\u00e7\u00e3o e estimula col\u00e1geno nas articula\u00e7\u00f5es - Correio Braziliense - Radar","isPartOf":{"@id":"https:\/\/www.correiobraziliense.com.br\/cbradar\/#website"},"primaryImageOfPage":{"@id":"https:\/\/www.correiobraziliense.com.br\/cbradar\/a-raiz-poderosa-que-reduz-inflamacao-e-estimula-colageno-nas-articulacoes\/#primaryimage"},"image":{"@id":"https:\/\/www.correiobraziliense.com.br\/cbradar\/a-raiz-poderosa-que-reduz-inflamacao-e-estimula-colageno-nas-articulacoes\/#primaryimage"},"thumbnailUrl":"https:\/\/www.correiobraziliense.com.br\/cbradar\/wp-content\/uploads\/2025\/06\/curcuma_1749493897945.jpg","datePublished":"2026-03-03T14:05:00+00:00","author":{"@id":"https:\/\/www.correiobraziliense.com.br\/cbradar\/#\/schema\/person\/5aa4bf3c8fa699c267933611de12978b"},"description":"A c\u00farcuma pode fortalecer articula\u00e7\u00f5es e proteger o col\u00e1geno. Descubra como potencializar seus efeitos e aliviar dores naturalmente.","breadcrumb":{"@id":"https:\/\/www.correiobraziliense.com.br\/cbradar\/a-raiz-poderosa-que-reduz-inflamacao-e-estimula-colageno-nas-articulacoes\/#breadcrumb"},"inLanguage":"pt-BR","potentialAction":[{"@type":"ReadAction","target":["https:\/\/www.correiobraziliense.com.br\/cbradar\/a-raiz-poderosa-que-reduz-inflamacao-e-estimula-colageno-nas-articulacoes\/"]}]},{"@type":"ImageObject","inLanguage":"pt-BR","@id":"https:\/\/www.correiobraziliense.com.br\/cbradar\/a-raiz-poderosa-que-reduz-inflamacao-e-estimula-colageno-nas-articulacoes\/#primaryimage","url":"https:\/\/www.correiobraziliense.com.br\/cbradar\/wp-content\/uploads\/2025\/06\/curcuma_1749493897945.jpg","contentUrl":"https:\/\/www.correiobraziliense.com.br\/cbradar\/wp-content\/uploads\/2025\/06\/curcuma_1749493897945.jpg","width":1280,"height":720,"caption":"C\u00farcuma - Cr\u00e9ditos: depositphotos.com \/ IgorTishenko"},{"@type":"BreadcrumbList","@id":"https:\/\/www.correiobraziliense.com.br\/cbradar\/a-raiz-poderosa-que-reduz-inflamacao-e-estimula-colageno-nas-articulacoes\/#breadcrumb","itemListElement":[{"@type":"ListItem","position":1,"name":"In\u00edcio","item":"https:\/\/www.correiobraziliense.com.br\/cbradar\/"},{"@type":"ListItem","position":2,"name":"A raiz poderosa que reduz inflama\u00e7\u00e3o e estimula col\u00e1geno nas articula\u00e7\u00f5es"}]},{"@type":"WebSite","@id":"https:\/\/www.correiobraziliense.com.br\/cbradar\/#website","url":"https:\/\/www.correiobraziliense.com.br\/cbradar\/","name":"Correio Braziliense - Radar","description":"Acompanhe as \u00faltimas not\u00edcias e fique bem informado sobre tudo o que acontece no Brasil e no mundo.","potentialAction":[{"@type":"SearchAction","target":{"@type":"EntryPoint","urlTemplate":"https:\/\/www.correiobraziliense.com.br\/cbradar\/?s={search_term_string}"},"query-input":{"@type":"PropertyValueSpecification","valueRequired":true,"valueName":"search_term_string"}}],"inLanguage":"pt-BR"},{"@type":"Person","@id":"https:\/\/www.correiobraziliense.com.br\/cbradar\/#\/schema\/person\/5aa4bf3c8fa699c267933611de12978b","name":"guilherme_saude","image":{"@type":"ImageObject","inLanguage":"pt-BR","@id":"https:\/\/www.correiobraziliense.com.br\/cbradar\/#\/schema\/person\/image\/","url":"https:\/\/secure.gravatar.com\/avatar\/df9adfb835d344bc0af109d41756253f?s=96&d=mm&r=g","contentUrl":"https:\/\/secure.gravatar.com\/avatar\/df9adfb835d344bc0af109d41756253f?s=96&d=mm&r=g","caption":"guilherme_saude"},"url":"https:\/\/www.correiobraziliense.com.br\/cbradar\/author\/guilherme_saude\/"}]}},"_links":{"self":[{"href":"https:\/\/www.correiobraziliense.com.br\/cbradar\/wp-json\/wp\/v2\/posts\/201814","targetHints":{"allow":["GET"]}}],"collection":[{"href":"https:\/\/www.correiobraziliense.com.br\/cbradar\/wp-json\/wp\/v2\/posts"}],"about":[{"href":"https:\/\/www.correiobraziliense.com.br\/cbradar\/wp-json\/wp\/v2\/types\/post"}],"author":[{"embeddable":true,"href":"https:\/\/www.correiobraziliense.com.br\/cbradar\/wp-json\/wp\/v2\/users\/14"}],"replies":[{"embeddable":true,"href":"https:\/\/www.correiobraziliense.com.br\/cbradar\/wp-json\/wp\/v2\/comments?post=201814"}],"version-history":[{"count":1,"href":"https:\/\/www.correiobraziliense.com.br\/cbradar\/wp-json\/wp\/v2\/posts\/201814\/revisions"}],"predecessor-version":[{"id":201824,"href":"https:\/\/www.correiobraziliense.com.br\/cbradar\/wp-json\/wp\/v2\/posts\/201814\/revisions\/201824"}],"wp:featuredmedia":[{"embeddable":true,"href":"https:\/\/www.correiobraziliense.com.br\/cbradar\/wp-json\/wp\/v2\/media\/50646"}],"wp:attachment":[{"href":"https:\/\/www.correiobraziliense.com.br\/cbradar\/wp-json\/wp\/v2\/media?parent=201814"}],"wp:term":[{"taxonomy":"category","embeddable":true,"href":"https:\/\/www.correiobraziliense.com.br\/cbradar\/wp-json\/wp\/v2\/categories?post=201814"},{"taxonomy":"post_tag","embeddable":true,"href":"https:\/\/www.correiobraziliense.com.br\/cbradar\/wp-json\/wp\/v2\/post_tag?post=201814"}],"curies":[{"name":"wp","href":"https:\/\/api.w.org\/{rel}","templated":true}]}}