{"id":201819,"date":"2026-03-03T06:45:00","date_gmt":"2026-03-03T09:45:00","guid":{"rendered":"https:\/\/www.correiobraziliense.com.br\/cbradar\/?p=201819"},"modified":"2026-03-02T12:29:11","modified_gmt":"2026-03-02T15:29:11","slug":"a-forca-e-o-charme-dos-nomes-femininos-iniciados-com-j-na-atualidade","status":"publish","type":"post","link":"https:\/\/www.correiobraziliense.com.br\/cbradar\/a-forca-e-o-charme-dos-nomes-femininos-iniciados-com-j-na-atualidade\/","title":{"rendered":"A for\u00e7a e o charme dos nomes femininos iniciados com J na atualidade"},"content":{"rendered":"\n<p>A escolha de um nome feminino iniciado pela letra <strong>J<\/strong> carrega uma sonoridade vibrante e cheia de personalidade que atravessa gera\u00e7\u00f5es na nossa cultura hoje. Essa letra oferece um equil\u00edbrio perfeito entre o peso das tradi\u00e7\u00f5es milenares e o frescor das novas tend\u00eancias est\u00e9ticas de 2026. Selecionar o nome ideal \u00e9 uma <strong>estrat\u00e9gia de identidade<\/strong> que moldar\u00e1 a percep\u00e7\u00e3o social e a autoconfian\u00e7a da crian\u00e7a no futuro.<\/p>\n\n\n\n<h2 class=\"wp-block-heading\">Por que os nomes com J possuem uma sonoridade t\u00e3o marcante?<\/h2>\n\n\n\n<p>A letra J representa uma das consoantes mais fortes foneticamente no portugu\u00eas, conferindo energia e presen\u00e7a imediata ao nome escolhido em qualquer ambiente. Nomes como <strong>Joana<\/strong> ou <strong>J\u00falia<\/strong> mant\u00eam sua popularidade h\u00e1 d\u00e9cadas justamente por essa estabilidade sonora que transmite confian\u00e7a e clareza. \u00c9 uma escolha que raramente passa despercebida em chamadas escolares ou futuras apresenta\u00e7\u00f5es profissionais.<\/p>\n\n\n\n<p>Historicamente, essa letra introduz nomes com significados profundos, muitas vezes ligados \u00e0 for\u00e7a, \u00e0 gra\u00e7a ou a elementos da natureza. No contexto atual, a busca por nomes que soem bem tanto no Brasil quanto no exterior coloca o &#8220;J&#8221; em evid\u00eancia, j\u00e1 que muitas de suas varia\u00e7\u00f5es s\u00e3o facilmente pronunci\u00e1veis em diferentes idiomas. \u00c9 o <strong>equil\u00edbrio ideal entre o local e o global<\/strong> na comunica\u00e7\u00e3o interpessoal cotidiana.<\/p>\n\n\n\n<figure class=\"wp-block-image size-large\"><img decoding=\"async\" width=\"1024\" height=\"576\" src=\"https:\/\/www.correiobraziliense.com.br\/cbradar\/wp-content\/uploads\/2026\/03\/Gemini_Generated_Image_u8qgsvu8qgsvu8qg-1-1-1024x576.png\" alt=\"A for\u00e7a e o charme dos nomes femininos iniciados com J na atualidade\" class=\"wp-image-201826\" srcset=\"https:\/\/www.correiobraziliense.com.br\/cbradar\/wp-content\/uploads\/2026\/03\/Gemini_Generated_Image_u8qgsvu8qgsvu8qg-1-1-1024x576.png 1024w, https:\/\/www.correiobraziliense.com.br\/cbradar\/wp-content\/uploads\/2026\/03\/Gemini_Generated_Image_u8qgsvu8qgsvu8qg-1-1-300x169.png 300w, https:\/\/www.correiobraziliense.com.br\/cbradar\/wp-content\/uploads\/2026\/03\/Gemini_Generated_Image_u8qgsvu8qgsvu8qg-1-1-768x432.png 768w, https:\/\/www.correiobraziliense.com.br\/cbradar\/wp-content\/uploads\/2026\/03\/Gemini_Generated_Image_u8qgsvu8qgsvu8qg-1-1-750x422.png 750w, https:\/\/www.correiobraziliense.com.br\/cbradar\/wp-content\/uploads\/2026\/03\/Gemini_Generated_Image_u8qgsvu8qgsvu8qg-1-1-1140x641.png 1140w, https:\/\/www.correiobraziliense.com.br\/cbradar\/wp-content\/uploads\/2026\/03\/Gemini_Generated_Image_u8qgsvu8qgsvu8qg-1-1.png 1280w\" sizes=\"(max-width: 1024px) 100vw, 1024px\" \/><figcaption class=\"wp-element-caption\">Op\u00e7\u00f5es com sonoridade forte que equilibram tradi\u00e7\u00e3o e estilo atual<\/figcaption><\/figure>\n\n\n\n<h2 class=\"wp-block-heading\">Como a tend\u00eancia dos nomes curtos est\u00e1 resgatando o charme dessa letra?<\/h2>\n\n\n\n<p>A est\u00e9tica minimalista que domina o design e a moda tamb\u00e9m chegou aos registros civis, priorizando nomes com poucas s\u00edlabas e impacto imediato no interlocutor. Nomes como <strong>Jade<\/strong> e <strong>Juna<\/strong> est\u00e3o ganhando espa\u00e7o por serem f\u00e1ceis de escrever e memorizar, adaptando-se perfeitamente ao ritmo acelerado da era digital. Essa simplicidade n\u00e3o retira a eleg\u00e2ncia, pelo contr\u00e1rio, refor\u00e7a a modernidade da escolha.<\/p>\n\n\n\n<p>Essas op\u00e7\u00f5es curtas costumam carregar significados ligados a pedras preciosas ou fen\u00f4menos naturais, o que gera uma conex\u00e3o imediata com a sensibilidade contempor\u00e2nea por preserva\u00e7\u00e3o. Optar por um nome minimalista com J \u00e9 uma forma de garantir que a crian\u00e7a tenha uma assinatura marcante e pr\u00e1tica em um mundo cada vez mais visual. A familiaridade sonora \u00e9 a chave para uma <strong>identidade forte e aut\u00eantica<\/strong>.<\/p>\n\n\n\n<h2 class=\"wp-block-heading\">Quais s\u00e3o as op\u00e7\u00f5es que unem eleg\u00e2ncia, tradi\u00e7\u00e3o e modernidade?<\/h2>\n\n\n\n<p>Selecionar o nome perfeito exige olhar para o passado em busca de significado e para o futuro em busca de relev\u00e2ncia social e fon\u00e9tica. As op\u00e7\u00f5es com J permitem navegar por esses dois mundos sem perder a harmonia ou a eufonia necess\u00e1ria para combinar com o sobrenome da fam\u00edlia. Cada nome possui uma &#8220;aura&#8221; pr\u00f3pria que ajuda a definir a personalidade que se deseja homenagear no nascimento.<\/p>\n\n\n\n<p>Confira a lista abaixo:<\/p>\n\n\n\n<ul class=\"wp-block-list\">\n<li><strong>J\u00falia:<\/strong> &#8220;Cheia de juventude e vitalidade eterna&#8221;.<\/li>\n\n\n\n<li><strong>Jade:<\/strong> &#8220;Pedra preciosa de cor verde e brilhante&#8221;.<\/li>\n\n\n\n<li><strong>Jasmim:<\/strong> &#8220;Flor delicada, pura e muito perfumada&#8221;.<\/li>\n\n\n\n<li><strong>Joana:<\/strong> &#8220;Deus \u00e9 gracioso e sempre misericordioso&#8221;.<\/li>\n\n\n\n<li><strong>Juna:<\/strong> &#8220;Remete \u00e0 renova\u00e7\u00e3o, for\u00e7a e juventude&#8221;.<\/li>\n<\/ul>\n\n\n\n<h2 class=\"wp-block-heading\">Qual \u00e9 o papel da etimologia na constru\u00e7\u00e3o da autoimagem feminina?<\/h2>\n\n\n\n<p>Entender a origem do nome ajuda a crian\u00e7a a construir uma narrativa pessoal sobre suas ra\u00edzes e os valores que seus pais desejavam transmitir desde o in\u00edcio. Quando um nome tem um significado ligado \u00e0 coragem ou \u00e0 beleza, ele atua como um refor\u00e7o positivo constante durante o desenvolvimento da autoestima na inf\u00e2ncia. O autoconhecimento come\u00e7a pelo pr\u00f3prio nome que carregamos e assinamos diariamente.<\/p>\n\n\n\n<p>Nomes de origem latina ou hebraica costumam ter interpreta\u00e7\u00f5es muito claras, o que facilita essa conex\u00e3o hist\u00f3rica e emocional profunda com a ancestralidade. J\u00e1 nomes de origem tupi-guarani, como <strong>Jacira<\/strong>, trazem uma carga de brasilidade e respeito \u00e0 terra que \u00e9 muito valorizada na cultura atual. O nome \u00e9 o primeiro presente que define o caminho de uma vida inteira de descobertas e tamb\u00e9m de conquistas.<\/p>\n\n\n\n<p>No v\u00eddeo abaixo do TikTok <strong><em>Babynameees<\/em><\/strong>, que conta com mais de <strong><em>335 mil <\/em><\/strong>seguidores, cita os nomes de meninas para voc\u00ea se inspirar com a letra J:<\/p>\n\n\n\n<blockquote class=\"tiktok-embed\" cite=\"https:\/\/www.tiktok.com\/@babynameees\/video\/7341423437094685958\" data-video-id=\"7341423437094685958\" style=\"max-width: 605px;min-width: 325px;\" > <section> <a target=\"_blank\" title=\"@babynameees\" href=\"https:\/\/www.tiktok.com\/@babynameees?refer=embed\">@babynameees<\/a> Nomes lindos para meninas com a letra J\ud83d\udc96\u2728 . . <a title=\"nomesdemeninas\" target=\"_blank\" href=\"https:\/\/www.tiktok.com\/tag\/nomesdemeninas?refer=embed\">#nomesdemeninas<\/a> <a title=\"nomesdebebes\" target=\"_blank\" href=\"https:\/\/www.tiktok.com\/tag\/nomesdebebes?refer=embed\">#nomesdebebes<\/a> <a title=\"bebe\" target=\"_blank\" href=\"https:\/\/www.tiktok.com\/tag\/bebe?refer=embed\">#bebe<\/a>  <a title=\"gravidasnotiktok\" target=\"_blank\" href=\"https:\/\/www.tiktok.com\/tag\/gravidasnotiktok?refer=embed\">#gravidasnotiktok<\/a> <a title=\"maeefilha\" target=\"_blank\" href=\"https:\/\/www.tiktok.com\/tag\/maeefilha?refer=embed\">#maeefilha<\/a> <a title=\"nomesparameninas\" target=\"_blank\" href=\"https:\/\/www.tiktok.com\/tag\/nomesparameninas?refer=embed\">#nomesparameninas<\/a> <a title=\"nomeslindos\" target=\"_blank\" href=\"https:\/\/www.tiktok.com\/tag\/nomeslindos?refer=embed\">#nomeslindos<\/a> <a title=\"bebestiktoks\" target=\"_blank\" href=\"https:\/\/www.tiktok.com\/tag\/bebestiktoks?refer=embed\">#bebestiktoks<\/a>  <a title=\"capcut\" target=\"_blank\" href=\"https:\/\/www.tiktok.com\/tag\/capcut?refer=embed\">#capcut<\/a> <a title=\"nomes\" target=\"_blank\" href=\"https:\/\/www.tiktok.com\/tag\/nomes?refer=embed\">#nomes<\/a> <a title=\"inspiracion\" target=\"_blank\" href=\"https:\/\/www.tiktok.com\/tag\/inspiracion?refer=embed\">#inspiracion<\/a> <a target=\"_blank\" title=\"\u266c Stories 2 - Danilo Stankovic\" href=\"https:\/\/www.tiktok.com\/music\/Stories-2-6777279827805390850?refer=embed\">\u266c Stories 2 &#8211; Danilo Stankovic<\/a> <\/section> <\/blockquote> <script async src=\"https:\/\/www.tiktok.com\/embed.js\"><\/script>\n\n\n\n<p>Leia tamb\u00e9m: <a href=\"https:\/\/www.correiobraziliense.com.br\/cbradar\/5-nomes-masculinos-de-avos-que-quase-nao-aparecem-mais-nos-registros-brasileiros\/\" target=\"_blank\" rel=\"noreferrer noopener\">5 nomes masculinos de av\u00f4s que quase n\u00e3o aparecem mais nos registros brasileiros<\/a><\/p>\n\n\n\n<h2 class=\"wp-block-heading\">Como garantir que a grafia do nome siga as normas oficiais do idioma?<\/h2>\n\n\n\n<p>Consultar as bases de dados lingu\u00edsticas \u00e9 fundamental para evitar grafias confusas que possam gerar problemas burocr\u00e1ticos ou sociais ao longo da vida civil. A padroniza\u00e7\u00e3o ortogr\u00e1fica garante que o nome seja reconhecido em documentos oficiais sem erros de interpreta\u00e7\u00e3o por parte de terceiros. A clareza na escrita \u00e9 um <strong>pilar da cidadania<\/strong> moderna, eficiente e livre de ambiguidades desnecess\u00e1rias.<\/p>\n\n\n\n<p>A <strong>Academia Brasileira de Letras<\/strong> (ABL) fornece orienta\u00e7\u00f5es preciosas sobre a evolu\u00e7\u00e3o dos nomes pr\u00f3prios e as regras de acentua\u00e7\u00e3o vigentes em nosso pa\u00eds. Para verificar a grafia oficial e a hist\u00f3ria de nomes brasileiros, voc\u00ea pode consultar o Vocabul\u00e1rio Ortogr\u00e1fico da L\u00edngua Portuguesa dispon\u00edvel no site oficial da institui\u00e7\u00e3o em <a target=\"_blank\" rel=\"noreferrer noopener\" href=\"https:\/\/www.academia.org.br\/nossa-lingua\/busca-no-vocabulario\">academia.org.br<\/a>. Escolher com base em dados \u00e9 a <strong>estrat\u00e9gia mais segura<\/strong> para o futuro.<\/p>\n","protected":false},"excerpt":{"rendered":"<p>A escolha de um nome feminino iniciado pela letra J carrega uma sonoridade vibrante e cheia de personalidade que atravessa gera\u00e7\u00f5es na nossa cultura hoje. Essa letra oferece um equil\u00edbrio perfeito entre o peso das tradi\u00e7\u00f5es milenares e o frescor das novas tend\u00eancias est\u00e9ticas de 2026. Selecionar o nome ideal \u00e9 uma estrat\u00e9gia de identidade [&hellip;]<\/p>\n","protected":false},"author":21,"featured_media":201825,"comment_status":"open","ping_status":"open","sticky":false,"template":"","format":"standard","meta":{"_yoast_wpseo_focuskw":"Nomes de meninas com J","_yoast_wpseo_title":"","_yoast_wpseo_metadesc":"Nomes femininos com J unem for\u00e7a sonora, tradi\u00e7\u00e3o e estilo contempor\u00e2neo para uma escolha marcante e atemporal","jnews-multi-image_gallery":[],"jnews_single_post":{"format":"standard"},"jnews_primary_category":[],"jnews_social_meta":[],"jnews_override_counter":[],"footnotes":""},"categories":[112],"tags":[5901,5202,11783,13687],"class_list":["post-201819","post","type-post","status-publish","format-standard","has-post-thumbnail","hentry","category-curiosidades","tag-bebes","tag-nomes","tag-nomes-de-bebes","tag-nomes-para-meninas"],"yoast_head":"<!-- This site is optimized with the Yoast SEO plugin v24.6 - https:\/\/yoast.com\/wordpress\/plugins\/seo\/ -->\n<title>A for\u00e7a e o charme dos nomes femininos iniciados com J na atualidade - Correio Braziliense - Radar<\/title>\n<meta name=\"description\" content=\"Nomes femininos com J unem for\u00e7a sonora, tradi\u00e7\u00e3o e estilo contempor\u00e2neo para uma escolha marcante e atemporal\" \/>\n<meta name=\"robots\" content=\"index, follow, max-snippet:-1, max-image-preview:large, max-video-preview:-1\" \/>\n<link rel=\"canonical\" href=\"https:\/\/www.correiobraziliense.com.br\/cbradar\/a-forca-e-o-charme-dos-nomes-femininos-iniciados-com-j-na-atualidade\/\" \/>\n<meta property=\"og:locale\" content=\"pt_BR\" \/>\n<meta property=\"og:type\" content=\"article\" \/>\n<meta property=\"og:title\" content=\"A for\u00e7a e o charme dos nomes femininos iniciados com J na atualidade - Correio Braziliense - Radar\" \/>\n<meta property=\"og:description\" content=\"Nomes femininos com J unem for\u00e7a sonora, tradi\u00e7\u00e3o e estilo contempor\u00e2neo para uma escolha marcante e atemporal\" \/>\n<meta property=\"og:url\" content=\"https:\/\/www.correiobraziliense.com.br\/cbradar\/a-forca-e-o-charme-dos-nomes-femininos-iniciados-com-j-na-atualidade\/\" \/>\n<meta property=\"og:site_name\" content=\"Correio Braziliense - Radar\" \/>\n<meta property=\"article:published_time\" content=\"2026-03-03T09:45:00+00:00\" \/>\n<meta property=\"og:image\" content=\"https:\/\/www.correiobraziliense.com.br\/cbradar\/wp-content\/uploads\/2026\/03\/Gemini_Generated_Image_p65y3ip65y3ip65y-1-1.png\" \/>\n\t<meta property=\"og:image:width\" content=\"1280\" \/>\n\t<meta property=\"og:image:height\" content=\"720\" \/>\n\t<meta property=\"og:image:type\" content=\"image\/png\" \/>\n<meta name=\"author\" content=\"Patrick Silva\" \/>\n<meta name=\"twitter:card\" content=\"summary_large_image\" \/>\n<meta name=\"twitter:label1\" content=\"Escrito por\" \/>\n\t<meta name=\"twitter:data1\" content=\"Patrick Silva\" \/>\n\t<meta name=\"twitter:label2\" content=\"Est. tempo de leitura\" \/>\n\t<meta name=\"twitter:data2\" content=\"5 minutos\" \/>\n<!-- \/ Yoast SEO plugin. -->","yoast_head_json":{"title":"A for\u00e7a e o charme dos nomes femininos iniciados com J na atualidade - Correio Braziliense - Radar","description":"Nomes femininos com J unem for\u00e7a sonora, tradi\u00e7\u00e3o e estilo contempor\u00e2neo para uma escolha marcante e atemporal","robots":{"index":"index","follow":"follow","max-snippet":"max-snippet:-1","max-image-preview":"max-image-preview:large","max-video-preview":"max-video-preview:-1"},"canonical":"https:\/\/www.correiobraziliense.com.br\/cbradar\/a-forca-e-o-charme-dos-nomes-femininos-iniciados-com-j-na-atualidade\/","og_locale":"pt_BR","og_type":"article","og_title":"A for\u00e7a e o charme dos nomes femininos iniciados com J na atualidade - Correio Braziliense - Radar","og_description":"Nomes femininos com J unem for\u00e7a sonora, tradi\u00e7\u00e3o e estilo contempor\u00e2neo para uma escolha marcante e atemporal","og_url":"https:\/\/www.correiobraziliense.com.br\/cbradar\/a-forca-e-o-charme-dos-nomes-femininos-iniciados-com-j-na-atualidade\/","og_site_name":"Correio Braziliense - Radar","article_published_time":"2026-03-03T09:45:00+00:00","og_image":[{"width":1280,"height":720,"url":"https:\/\/www.correiobraziliense.com.br\/cbradar\/wp-content\/uploads\/2026\/03\/Gemini_Generated_Image_p65y3ip65y3ip65y-1-1.png","type":"image\/png"}],"author":"Patrick Silva","twitter_card":"summary_large_image","twitter_misc":{"Escrito por":"Patrick Silva","Est. tempo de leitura":"5 minutos"},"schema":{"@context":"https:\/\/schema.org","@graph":[{"@type":"WebPage","@id":"https:\/\/www.correiobraziliense.com.br\/cbradar\/a-forca-e-o-charme-dos-nomes-femininos-iniciados-com-j-na-atualidade\/","url":"https:\/\/www.correiobraziliense.com.br\/cbradar\/a-forca-e-o-charme-dos-nomes-femininos-iniciados-com-j-na-atualidade\/","name":"A for\u00e7a e o charme dos nomes femininos iniciados com J na atualidade - Correio Braziliense - Radar","isPartOf":{"@id":"https:\/\/www.correiobraziliense.com.br\/cbradar\/#website"},"primaryImageOfPage":{"@id":"https:\/\/www.correiobraziliense.com.br\/cbradar\/a-forca-e-o-charme-dos-nomes-femininos-iniciados-com-j-na-atualidade\/#primaryimage"},"image":{"@id":"https:\/\/www.correiobraziliense.com.br\/cbradar\/a-forca-e-o-charme-dos-nomes-femininos-iniciados-com-j-na-atualidade\/#primaryimage"},"thumbnailUrl":"https:\/\/www.correiobraziliense.com.br\/cbradar\/wp-content\/uploads\/2026\/03\/Gemini_Generated_Image_p65y3ip65y3ip65y-1-1.png","datePublished":"2026-03-03T09:45:00+00:00","author":{"@id":"https:\/\/www.correiobraziliense.com.br\/cbradar\/#\/schema\/person\/5440b72be9c7eb74f446c846479dc4da"},"description":"Nomes femininos com J unem for\u00e7a sonora, tradi\u00e7\u00e3o e estilo contempor\u00e2neo para uma escolha marcante e atemporal","breadcrumb":{"@id":"https:\/\/www.correiobraziliense.com.br\/cbradar\/a-forca-e-o-charme-dos-nomes-femininos-iniciados-com-j-na-atualidade\/#breadcrumb"},"inLanguage":"pt-BR","potentialAction":[{"@type":"ReadAction","target":["https:\/\/www.correiobraziliense.com.br\/cbradar\/a-forca-e-o-charme-dos-nomes-femininos-iniciados-com-j-na-atualidade\/"]}]},{"@type":"ImageObject","inLanguage":"pt-BR","@id":"https:\/\/www.correiobraziliense.com.br\/cbradar\/a-forca-e-o-charme-dos-nomes-femininos-iniciados-com-j-na-atualidade\/#primaryimage","url":"https:\/\/www.correiobraziliense.com.br\/cbradar\/wp-content\/uploads\/2026\/03\/Gemini_Generated_Image_p65y3ip65y3ip65y-1-1.png","contentUrl":"https:\/\/www.correiobraziliense.com.br\/cbradar\/wp-content\/uploads\/2026\/03\/Gemini_Generated_Image_p65y3ip65y3ip65y-1-1.png","width":1280,"height":720,"caption":"Op\u00e7\u00f5es com sonoridade forte que equilibram tradi\u00e7\u00e3o e estilo atual"},{"@type":"BreadcrumbList","@id":"https:\/\/www.correiobraziliense.com.br\/cbradar\/a-forca-e-o-charme-dos-nomes-femininos-iniciados-com-j-na-atualidade\/#breadcrumb","itemListElement":[{"@type":"ListItem","position":1,"name":"In\u00edcio","item":"https:\/\/www.correiobraziliense.com.br\/cbradar\/"},{"@type":"ListItem","position":2,"name":"A for\u00e7a e o charme dos nomes femininos iniciados com J na atualidade"}]},{"@type":"WebSite","@id":"https:\/\/www.correiobraziliense.com.br\/cbradar\/#website","url":"https:\/\/www.correiobraziliense.com.br\/cbradar\/","name":"Correio Braziliense - Radar","description":"Acompanhe as \u00faltimas not\u00edcias e fique bem informado sobre tudo o que acontece no Brasil e no mundo.","potentialAction":[{"@type":"SearchAction","target":{"@type":"EntryPoint","urlTemplate":"https:\/\/www.correiobraziliense.com.br\/cbradar\/?s={search_term_string}"},"query-input":{"@type":"PropertyValueSpecification","valueRequired":true,"valueName":"search_term_string"}}],"inLanguage":"pt-BR"},{"@type":"Person","@id":"https:\/\/www.correiobraziliense.com.br\/cbradar\/#\/schema\/person\/5440b72be9c7eb74f446c846479dc4da","name":"Patrick Silva","image":{"@type":"ImageObject","inLanguage":"pt-BR","@id":"https:\/\/www.correiobraziliense.com.br\/cbradar\/#\/schema\/person\/image\/","url":"https:\/\/secure.gravatar.com\/avatar\/944109df296fc087785c9715fd5f80b2?s=96&d=mm&r=g","contentUrl":"https:\/\/secure.gravatar.com\/avatar\/944109df296fc087785c9715fd5f80b2?s=96&d=mm&r=g","caption":"Patrick Silva"},"sameAs":["https:\/\/www.correiobraziliense.com.br\/cbradar\/"],"url":"https:\/\/www.correiobraziliense.com.br\/cbradar\/author\/patrick-silva\/"}]}},"_links":{"self":[{"href":"https:\/\/www.correiobraziliense.com.br\/cbradar\/wp-json\/wp\/v2\/posts\/201819","targetHints":{"allow":["GET"]}}],"collection":[{"href":"https:\/\/www.correiobraziliense.com.br\/cbradar\/wp-json\/wp\/v2\/posts"}],"about":[{"href":"https:\/\/www.correiobraziliense.com.br\/cbradar\/wp-json\/wp\/v2\/types\/post"}],"author":[{"embeddable":true,"href":"https:\/\/www.correiobraziliense.com.br\/cbradar\/wp-json\/wp\/v2\/users\/21"}],"replies":[{"embeddable":true,"href":"https:\/\/www.correiobraziliense.com.br\/cbradar\/wp-json\/wp\/v2\/comments?post=201819"}],"version-history":[{"count":1,"href":"https:\/\/www.correiobraziliense.com.br\/cbradar\/wp-json\/wp\/v2\/posts\/201819\/revisions"}],"predecessor-version":[{"id":201827,"href":"https:\/\/www.correiobraziliense.com.br\/cbradar\/wp-json\/wp\/v2\/posts\/201819\/revisions\/201827"}],"wp:featuredmedia":[{"embeddable":true,"href":"https:\/\/www.correiobraziliense.com.br\/cbradar\/wp-json\/wp\/v2\/media\/201825"}],"wp:attachment":[{"href":"https:\/\/www.correiobraziliense.com.br\/cbradar\/wp-json\/wp\/v2\/media?parent=201819"}],"wp:term":[{"taxonomy":"category","embeddable":true,"href":"https:\/\/www.correiobraziliense.com.br\/cbradar\/wp-json\/wp\/v2\/categories?post=201819"},{"taxonomy":"post_tag","embeddable":true,"href":"https:\/\/www.correiobraziliense.com.br\/cbradar\/wp-json\/wp\/v2\/tags?post=201819"}],"curies":[{"name":"wp","href":"https:\/\/api.w.org\/{rel}","templated":true}]}}