{"id":201848,"date":"2026-03-03T18:25:00","date_gmt":"2026-03-03T21:25:00","guid":{"rendered":"https:\/\/www.correiobraziliense.com.br\/cbradar\/?p=201848"},"modified":"2026-03-02T14:22:08","modified_gmt":"2026-03-02T17:22:08","slug":"alimentos-simples-no-cafe-da-manha-que-reduzem-picos-de-glicose-e-aumentam-energia","status":"publish","type":"post","link":"https:\/\/www.correiobraziliense.com.br\/cbradar\/alimentos-simples-no-cafe-da-manha-que-reduzem-picos-de-glicose-e-aumentam-energia\/","title":{"rendered":"Alimentos simples no caf\u00e9 da manh\u00e3 que reduzem picos de glicose e aumentam energia"},"content":{"rendered":"\n<p>Sentir-se cansado ao despertar ou enfrentar uma fome intensa logo ap\u00f3s as refei\u00e7\u00f5es pode indicar instabilidades nos <strong>n\u00edveis de glicose<\/strong>. Pequenas mudan\u00e7as alimentares, como substituir itens do caf\u00e9 da manh\u00e3 por op\u00e7\u00f5es mais saud\u00e1veis, podem ajudar a estabilizar o a\u00e7\u00facar no sangue, restaurando a energia necess\u00e1ria para o dia a dia e contribuindo para a preven\u00e7\u00e3o de doen\u00e7as metab\u00f3licas.<\/p>\n\n\n\n<h2 class=\"wp-block-heading\">Qual \u00e9 o impacto do consumo de a\u00e7\u00facar na sa\u00fade?<\/h2>\n\n\n\n<p>O consumo excessivo de a\u00e7\u00facar pode induzir picos de insulina, sobrecarregando o p\u00e2ncreas e inflamando as c\u00e9lulas. A Organiza\u00e7\u00e3o Mundial da Sa\u00fade recomenda que menos de 10% da ingest\u00e3o cal\u00f3rica di\u00e1ria venha de a\u00e7\u00facares livres, a fim de prevenir problemas metab\u00f3licos.<\/p>\n\n\n\n<p>Especialistas apontam que varia\u00e7\u00f5es r\u00e1pidas nos n\u00edveis de glicose podem estar associadas a cansa\u00e7o mental, compuls\u00e3o alimentar e ganho de peso. Mantendo a glicemia estabilizada, o corpo utiliza energia de forma eficiente, protegendo o cora\u00e7\u00e3o e evitando o excesso de armazenamento de gordura.<\/p>\n\n\n\n<p>No v\u00eddeo <strong>\u201cA onda de evitar picos de glicose para emagrecer \u2014 e por que ela faz sentido\u201d<\/strong>, \u00e9 discutida a estrat\u00e9gia de controlar eleva\u00e7\u00f5es r\u00e1pidas da glicose no sangue como forma de favorecer o emagrecimento e o equil\u00edbrio metab\u00f3lico. O conte\u00fado explica como oscila\u00e7\u00f5es bruscas de a\u00e7\u00facar podem influenciar fome, armazenamento de gordura e resist\u00eancia \u00e0 insulina, al\u00e9m de apresentar medidas pr\u00e1ticas para manter n\u00edveis glic\u00eamicos mais est\u00e1veis ao longo do dia.<\/p>\n\n\n\n<iframe loading=\"lazy\" width=\"1396\" height=\"785\" src=\"https:\/\/www.youtube.com\/embed\/7cIT9BKIFik\" title=\"A onda de evitar picos de glicose para emagrecer \u2014 e por que ela faz sentido\" frameborder=\"0\" allow=\"accelerometer; autoplay; clipboard-write; encrypted-media; gyroscope; picture-in-picture; web-share\" referrerpolicy=\"strict-origin-when-cross-origin\" allowfullscreen><\/iframe>\n\n\n\n<h2 class=\"wp-block-heading\">Como evitar picos glic\u00eamicos no caf\u00e9 da manh\u00e3?<\/h2>\n\n\n\n<p>Substituir carboidratos processados por combina\u00e7\u00f5es de fibras, prote\u00ednas e gorduras saud\u00e1veis no caf\u00e9 da manh\u00e3 transforma a resposta do corpo \u00e0 glicose. Ao priorizar alimentos integrais e ricos em nutrientes, a libera\u00e7\u00e3o de a\u00e7\u00facar no sangue torna-se mais lenta e controlada.<\/p>\n\n\n\n<p>Algumas dicas pr\u00e1ticas para montar um caf\u00e9 da manh\u00e3 que favore\u00e7a o controle glic\u00eamico e aumente a saciedade incluem:<\/p>\n\n\n\n\n<style>\n  .make-wrap{\n    max-width: 760px;\n    margin: 26px auto;\n    padding: 18px;\n    border-radius: 18px;\n    background: linear-gradient(135deg,#fff7fb 0%,#f6f2ff 100%);\n    border: 1px solid #f7d4ea;\n    box-shadow: 0 8px 20px rgba(236,72,153,.12);\n    font-family: system-ui, -apple-system, Segoe UI, Roboto, Helvetica, Arial, sans-serif;\n  }\n\n  .make-title{\n    display:flex; \n    align-items:center; \n    gap:10px;\n    margin:0 0 12px 4px;\n    font-size:1.2rem; \n    font-weight:900; \n    color:#9d174d;\n  }\n\n  .make-table{\n    width:100%;\n    border-collapse:separate;\n    border-spacing:0;\n    overflow:hidden;\n    border-radius:16px;\n    border:1px solid #f7d4ea;\n    background:#fff;\n    font-size:.92rem;\n  }\n\n  .make-table thead th{\n    background:linear-gradient(90deg,#fde7f3 0%,#f8e9ff 100%);\n    padding:12px;\n    color:#7a1e63;\n    font-weight:800;\n    text-align:left;\n    border-bottom:1px solid #f7d4ea;\n  }\n\n  .make-table tbody td{\n    padding:12px;\n    color:#374151;\n    vertical-align:top;\n    border-bottom:1px dashed #f7d4ea;\n  }\n\n  .make-table tbody tr:nth-child(odd){\n    background:#fffaff;\n  }\n\n  .price{\n    display:inline-flex;\n    align-items:center;\n    background:#fff7ed;\n    color:#b45309;\n    padding:6px 10px;\n    border-radius:10px;\n    border:1px solid #fed7aa;\n    font-weight:700;\n    white-space:nowrap;\n  }\n\n  .badge{\n    display:inline-block;\n    background:#fde7f3;\n    color:#c026d3;\n    border:1px solid #fecdd3;\n    padding:4px 10px;\n    border-radius:999px;\n    font-weight:700;\n    font-size:.78rem;\n  }\n\n  @media (max-width:720px){\n    .make-table thead{display:none}\n    .make-table, .make-table tbody, .make-table tr, .make-table td{\n      display:block; \n      width:100%;\n    }\n    .make-table tr{\n      margin-bottom:12px;\n      border:1px solid #f7d4ea;\n      border-radius:14px;\n      overflow:hidden;\n      background:#fff;\n    }\n    .make-table td[data-label]:before{\n      content:attr(data-label);\n      display:block;\n      font-weight:800;\n      color:#7a1e63;\n      margin-bottom:4px;\n    }\n    .make-table tbody td:last-child{border-bottom:none}\n  }\n<\/style>\n\n<div class=\"make-wrap\">\n  <h3 class=\"make-title\">\ud83e\udd51\u2728 Ajustes Inteligentes para Melhor Controle Glic\u00eamico<\/h3>\n\n  <table class=\"make-table\">\n    <thead>\n      <tr>\n        <th>Categoria<\/th>\n        <th>Orienta\u00e7\u00e3o<\/th>\n      <\/tr>\n    <\/thead>\n    <tbody>\n      <tr>\n        <td data-label=\"Categoria\">Fibras<\/td>\n        <td data-label=\"Orienta\u00e7\u00e3o\">Substituir geleias por frutas inteiras, que auxiliam no controle glic\u00eamico por meio das fibras.<\/td>\n      <\/tr>\n      <tr>\n        <td data-label=\"Categoria\">Gorduras saud\u00e1veis<\/td>\n        <td data-label=\"Orienta\u00e7\u00e3o\">Optar por alimentos como abacate ou ovos em vez de margarinas, proporcionando sensa\u00e7\u00e3o de saciedade prolongada.<\/td>\n      <\/tr>\n      <tr>\n        <td data-label=\"Categoria\">\u00cdndice glic\u00eamico<\/td>\n        <td data-label=\"Orienta\u00e7\u00e3o\">Preferir cereais integrais a p\u00e3es brancos para reduzir a velocidade da absor\u00e7\u00e3o de a\u00e7\u00facar.<\/td>\n      <\/tr>\n      <tr>\n        <td data-label=\"Categoria\">Bebidas<\/td>\n        <td data-label=\"Orienta\u00e7\u00e3o\">Escolher caf\u00e9 puro ou ch\u00e1s sem a\u00e7\u00facar, o que pode potencializar a sensibilidade \u00e0 insulina.<\/td>\n      <\/tr>\n    <\/tbody>\n  <\/table>\n\n  <p style=\"margin-top:14px; color:#6b7280; font-size:.9rem;\">\n    \ud83d\udca1 <strong>Dica:<\/strong> Pequenas substitui\u00e7\u00f5es no dia a dia podem gerar grandes impactos no equil\u00edbrio metab\u00f3lico.\n  <\/p>\n<\/div>\n\n\n\n<h2 class=\"wp-block-heading\">Por que consumir fibras \u00e9 ben\u00e9fico para o controle da glicose?<\/h2>\n\n\n\n<p>As fibras atuam como moderadoras, regulando a absor\u00e7\u00e3o de glicose no sangue e diminuindo o risco de desenvolver diabetes tipo 2. Leguminosas, vegetais, frutas com casca e aveia s\u00e3o eficazes em controlar tanto a glicose quanto o colesterol.<\/p>\n\n\n\n<p>Misturar sementes como linha\u00e7a e chia no iogurte pode prolongar a sensa\u00e7\u00e3o de saciedade e contribuir para a sa\u00fade geral. Esse h\u00e1bito tamb\u00e9m favorece o equil\u00edbrio da microbiota intestinal, o que influencia positivamente o metabolismo da glicose.<\/p>\n\n\n\n<h2 class=\"wp-block-heading\">Qual \u00e9 o papel do exerc\u00edcio f\u00edsico no controle do a\u00e7\u00facar?<\/h2>\n\n\n\n<p>Atividades f\u00edsicas ajudam os m\u00fasculos a utilizarem a glicose dispon\u00edvel no sangue, aliviando a press\u00e3o sobre a insulina. Pesquisas apontam que mudan\u00e7as consistentes na rotina de exerc\u00edcios podem ser t\u00e3o ou mais eficazes do que alguns medicamentos para evitar a progress\u00e3o de doen\u00e7as relacionadas com a glicose.<\/p>\n\n\n\n<p>Recomenda-se combinar estrat\u00e9gias simples ao longo do dia para favorecer o equil\u00edbrio glic\u00eamico e o bem-estar global:<\/p>\n\n\n\n<ol class=\"wp-block-list\">\n<li>Caminhadas leves ap\u00f3s as refei\u00e7\u00f5es para auxiliar na redu\u00e7\u00e3o da glicose.<\/li>\n\n\n\n<li>Combina\u00e7\u00e3o de exerc\u00edcios de for\u00e7a e aer\u00f3bicos para uma queima de a\u00e7\u00facar mais eficaz.<\/li>\n\n\n\n<li>Hidrata\u00e7\u00e3o adequada para ajudar os rins a processarem o excesso de glicose.<\/li>\n\n\n\n<li>Um bom descanso para evitar aumento na resist\u00eancia \u00e0 insulina.<\/li>\n<\/ol>\n\n\n\n<p>A incorpora\u00e7\u00e3o de h\u00e1bitos mais saud\u00e1veis pode ser feita de maneira gradual e n\u00e3o precisa ser dif\u00edcil. Escolher alimentos que respeitem o metabolismo natural do corpo e manter uma rotina de movimento ajuda a promover sa\u00fade e energia sustent\u00e1vel, sendo fundamental consultar profissionais de sa\u00fade para orienta\u00e7\u00f5es apropriadas e seguras.<\/p>\n\n\n<a href=\"https:\/\/www.instagram.com\/dra.annaluisabf\/\" target=\"_blank\" rel=\"noopener\" style=\"text-decoration: none; color: inherit;\">\n    <span style=\"display: inline-block; border: 1px solid #ccc; border-radius: 10px; padding: 15px; max-width: 550px; font-family: sans-serif; box-shadow: 0 2px 5px rgba(0,0,0,0.1); width: 100%;\">\n\n      <!-- T\u00edtulo -->\n      <span style=\"display: block; margin: 0 0 15px 0; font-weight: bold; color: #2c3e50; text-align: center;\">\n        Entre em contato:\n      <\/span>\n\n      <!-- Linha do perfil -->\n      <span style=\"display: flex; align-items: center; gap: 15px;\">\n        <img decoding=\"async\"\n          src=\"https:\/\/www.correiobraziliense.com.br\/cbradar\/wp-content\/uploads\/2025\/08\/dra_anna_luisa.jpeg\"\n          alt=\"Foto da Dra. Anna Lu\u00edsa\"\n          style=\"border-radius: 50%; width: 80px; height: 80px; object-fit: cover;\"\n        \/>\n        <span style=\"display: flex; flex-direction: column;\">\n          <span style=\"font-size: 18px; font-weight: 700; color: #2c3e50;\">Dra. Anna Lu\u00edsa Barbosa Fernandes<\/span>\n          <span style=\"color: #555;\">CRM-GO 33.271<\/span>\n        <\/span>\n      <\/span>\n\n      <!-- Redes -->\n      <span style=\"display: flex; align-items: center; gap: 10px; margin-top: 12px;\">\n        <img decoding=\"async\" src=\"https:\/\/cdn-icons-png.flaticon.com\/24\/1384\/1384063.png\" alt=\"Instagram\" width=\"24\" height=\"24\" \/>\n        <span style=\"text-decoration: underline; color: #2c3e50;\">@dra.annaluisabf<\/span>\n      <\/span>\n\n    <\/span>\n  <\/a>","protected":false},"excerpt":{"rendered":"<p>Sentir-se cansado ao despertar ou enfrentar uma fome intensa logo ap\u00f3s as refei\u00e7\u00f5es pode indicar instabilidades nos n\u00edveis de glicose. Pequenas mudan\u00e7as alimentares, como substituir itens do caf\u00e9 da manh\u00e3 por op\u00e7\u00f5es mais saud\u00e1veis, podem ajudar a estabilizar o a\u00e7\u00facar no sangue, restaurando a energia necess\u00e1ria para o dia a dia e contribuindo para a [&hellip;]<\/p>\n","protected":false},"author":14,"featured_media":69598,"comment_status":"open","ping_status":"open","sticky":false,"template":"","format":"standard","meta":{"_yoast_wpseo_focuskw":"n\u00edveis de glicose","_yoast_wpseo_title":"","_yoast_wpseo_metadesc":"Glicose desregulada pode causar cansa\u00e7o e fome intensa. Descubra como ajustar o caf\u00e9 da manh\u00e3 e evitar picos perigosos.","jnews-multi-image_gallery":[],"jnews_single_post":{"format":"standard"},"jnews_primary_category":[],"jnews_social_meta":[],"jnews_override_counter":[],"footnotes":""},"categories":[4404],"post_tag":[120,247,1318],"class_list":["post-201848","post","type-post","status-publish","format-standard","has-post-thumbnail","hentry","category-saude","tag-bem-estar","tag-qualidade-de-vida","tag-saude-2"],"yoast_head":"<!-- This site is optimized with the Yoast SEO plugin v24.6 - https:\/\/yoast.com\/wordpress\/plugins\/seo\/ -->\n<title>Alimentos simples no caf\u00e9 da manh\u00e3 que reduzem picos de glicose e aumentam energia - Correio Braziliense - Radar<\/title>\n<meta name=\"description\" content=\"Glicose desregulada pode causar cansa\u00e7o e fome intensa. Descubra como ajustar o caf\u00e9 da manh\u00e3 e evitar picos perigosos.\" \/>\n<meta name=\"robots\" content=\"index, follow, max-snippet:-1, max-image-preview:large, max-video-preview:-1\" \/>\n<link rel=\"canonical\" href=\"https:\/\/www.correiobraziliense.com.br\/cbradar\/alimentos-simples-no-cafe-da-manha-que-reduzem-picos-de-glicose-e-aumentam-energia\/\" \/>\n<meta property=\"og:locale\" content=\"pt_BR\" \/>\n<meta property=\"og:type\" content=\"article\" \/>\n<meta property=\"og:title\" content=\"Alimentos simples no caf\u00e9 da manh\u00e3 que reduzem picos de glicose e aumentam energia - Correio Braziliense - Radar\" \/>\n<meta property=\"og:description\" content=\"Glicose desregulada pode causar cansa\u00e7o e fome intensa. Descubra como ajustar o caf\u00e9 da manh\u00e3 e evitar picos perigosos.\" \/>\n<meta property=\"og:url\" content=\"https:\/\/www.correiobraziliense.com.br\/cbradar\/alimentos-simples-no-cafe-da-manha-que-reduzem-picos-de-glicose-e-aumentam-energia\/\" \/>\n<meta property=\"og:site_name\" content=\"Correio Braziliense - Radar\" \/>\n<meta property=\"article:published_time\" content=\"2026-03-03T21:25:00+00:00\" \/>\n<meta property=\"og:image\" content=\"https:\/\/www.correiobraziliense.com.br\/cbradar\/wp-content\/uploads\/2025\/07\/cafe-da-manha_1752495921537.jpg\" \/>\n\t<meta property=\"og:image:width\" content=\"1280\" \/>\n\t<meta property=\"og:image:height\" content=\"720\" \/>\n\t<meta property=\"og:image:type\" content=\"image\/jpeg\" \/>\n<meta name=\"author\" content=\"guilherme_saude\" \/>\n<meta name=\"twitter:card\" content=\"summary_large_image\" \/>\n<meta name=\"twitter:label1\" content=\"Escrito por\" \/>\n\t<meta name=\"twitter:data1\" content=\"guilherme_saude\" \/>\n\t<meta name=\"twitter:label2\" content=\"Est. tempo de leitura\" \/>\n\t<meta name=\"twitter:data2\" content=\"5 minutos\" \/>\n<!-- \/ Yoast SEO plugin. -->","yoast_head_json":{"title":"Alimentos simples no caf\u00e9 da manh\u00e3 que reduzem picos de glicose e aumentam energia - Correio Braziliense - Radar","description":"Glicose desregulada pode causar cansa\u00e7o e fome intensa. Descubra como ajustar o caf\u00e9 da manh\u00e3 e evitar picos perigosos.","robots":{"index":"index","follow":"follow","max-snippet":"max-snippet:-1","max-image-preview":"max-image-preview:large","max-video-preview":"max-video-preview:-1"},"canonical":"https:\/\/www.correiobraziliense.com.br\/cbradar\/alimentos-simples-no-cafe-da-manha-que-reduzem-picos-de-glicose-e-aumentam-energia\/","og_locale":"pt_BR","og_type":"article","og_title":"Alimentos simples no caf\u00e9 da manh\u00e3 que reduzem picos de glicose e aumentam energia - Correio Braziliense - Radar","og_description":"Glicose desregulada pode causar cansa\u00e7o e fome intensa. Descubra como ajustar o caf\u00e9 da manh\u00e3 e evitar picos perigosos.","og_url":"https:\/\/www.correiobraziliense.com.br\/cbradar\/alimentos-simples-no-cafe-da-manha-que-reduzem-picos-de-glicose-e-aumentam-energia\/","og_site_name":"Correio Braziliense - Radar","article_published_time":"2026-03-03T21:25:00+00:00","og_image":[{"width":1280,"height":720,"url":"https:\/\/www.correiobraziliense.com.br\/cbradar\/wp-content\/uploads\/2025\/07\/cafe-da-manha_1752495921537.jpg","type":"image\/jpeg"}],"author":"guilherme_saude","twitter_card":"summary_large_image","twitter_misc":{"Escrito por":"guilherme_saude","Est. tempo de leitura":"5 minutos"},"schema":{"@context":"https:\/\/schema.org","@graph":[{"@type":"WebPage","@id":"https:\/\/www.correiobraziliense.com.br\/cbradar\/alimentos-simples-no-cafe-da-manha-que-reduzem-picos-de-glicose-e-aumentam-energia\/","url":"https:\/\/www.correiobraziliense.com.br\/cbradar\/alimentos-simples-no-cafe-da-manha-que-reduzem-picos-de-glicose-e-aumentam-energia\/","name":"Alimentos simples no caf\u00e9 da manh\u00e3 que reduzem picos de glicose e aumentam energia - Correio Braziliense - Radar","isPartOf":{"@id":"https:\/\/www.correiobraziliense.com.br\/cbradar\/#website"},"primaryImageOfPage":{"@id":"https:\/\/www.correiobraziliense.com.br\/cbradar\/alimentos-simples-no-cafe-da-manha-que-reduzem-picos-de-glicose-e-aumentam-energia\/#primaryimage"},"image":{"@id":"https:\/\/www.correiobraziliense.com.br\/cbradar\/alimentos-simples-no-cafe-da-manha-que-reduzem-picos-de-glicose-e-aumentam-energia\/#primaryimage"},"thumbnailUrl":"https:\/\/www.correiobraziliense.com.br\/cbradar\/wp-content\/uploads\/2025\/07\/cafe-da-manha_1752495921537.jpg","datePublished":"2026-03-03T21:25:00+00:00","author":{"@id":"https:\/\/www.correiobraziliense.com.br\/cbradar\/#\/schema\/person\/5aa4bf3c8fa699c267933611de12978b"},"description":"Glicose desregulada pode causar cansa\u00e7o e fome intensa. Descubra como ajustar o caf\u00e9 da manh\u00e3 e evitar picos perigosos.","breadcrumb":{"@id":"https:\/\/www.correiobraziliense.com.br\/cbradar\/alimentos-simples-no-cafe-da-manha-que-reduzem-picos-de-glicose-e-aumentam-energia\/#breadcrumb"},"inLanguage":"pt-BR","potentialAction":[{"@type":"ReadAction","target":["https:\/\/www.correiobraziliense.com.br\/cbradar\/alimentos-simples-no-cafe-da-manha-que-reduzem-picos-de-glicose-e-aumentam-energia\/"]}]},{"@type":"ImageObject","inLanguage":"pt-BR","@id":"https:\/\/www.correiobraziliense.com.br\/cbradar\/alimentos-simples-no-cafe-da-manha-que-reduzem-picos-de-glicose-e-aumentam-energia\/#primaryimage","url":"https:\/\/www.correiobraziliense.com.br\/cbradar\/wp-content\/uploads\/2025\/07\/cafe-da-manha_1752495921537.jpg","contentUrl":"https:\/\/www.correiobraziliense.com.br\/cbradar\/wp-content\/uploads\/2025\/07\/cafe-da-manha_1752495921537.jpg","width":1280,"height":720,"caption":"Caf\u00e9 da manh\u00e3 - Cr\u00e9ditos: depositphotos.com \/ VadimVasenin"},{"@type":"BreadcrumbList","@id":"https:\/\/www.correiobraziliense.com.br\/cbradar\/alimentos-simples-no-cafe-da-manha-que-reduzem-picos-de-glicose-e-aumentam-energia\/#breadcrumb","itemListElement":[{"@type":"ListItem","position":1,"name":"In\u00edcio","item":"https:\/\/www.correiobraziliense.com.br\/cbradar\/"},{"@type":"ListItem","position":2,"name":"Alimentos simples no caf\u00e9 da manh\u00e3 que reduzem picos de glicose e aumentam energia"}]},{"@type":"WebSite","@id":"https:\/\/www.correiobraziliense.com.br\/cbradar\/#website","url":"https:\/\/www.correiobraziliense.com.br\/cbradar\/","name":"Correio Braziliense - Radar","description":"Acompanhe as \u00faltimas not\u00edcias e fique bem informado sobre tudo o que acontece no Brasil e no mundo.","potentialAction":[{"@type":"SearchAction","target":{"@type":"EntryPoint","urlTemplate":"https:\/\/www.correiobraziliense.com.br\/cbradar\/?s={search_term_string}"},"query-input":{"@type":"PropertyValueSpecification","valueRequired":true,"valueName":"search_term_string"}}],"inLanguage":"pt-BR"},{"@type":"Person","@id":"https:\/\/www.correiobraziliense.com.br\/cbradar\/#\/schema\/person\/5aa4bf3c8fa699c267933611de12978b","name":"guilherme_saude","image":{"@type":"ImageObject","inLanguage":"pt-BR","@id":"https:\/\/www.correiobraziliense.com.br\/cbradar\/#\/schema\/person\/image\/","url":"https:\/\/secure.gravatar.com\/avatar\/df9adfb835d344bc0af109d41756253f?s=96&d=mm&r=g","contentUrl":"https:\/\/secure.gravatar.com\/avatar\/df9adfb835d344bc0af109d41756253f?s=96&d=mm&r=g","caption":"guilherme_saude"},"url":"https:\/\/www.correiobraziliense.com.br\/cbradar\/author\/guilherme_saude\/"}]}},"_links":{"self":[{"href":"https:\/\/www.correiobraziliense.com.br\/cbradar\/wp-json\/wp\/v2\/posts\/201848","targetHints":{"allow":["GET"]}}],"collection":[{"href":"https:\/\/www.correiobraziliense.com.br\/cbradar\/wp-json\/wp\/v2\/posts"}],"about":[{"href":"https:\/\/www.correiobraziliense.com.br\/cbradar\/wp-json\/wp\/v2\/types\/post"}],"author":[{"embeddable":true,"href":"https:\/\/www.correiobraziliense.com.br\/cbradar\/wp-json\/wp\/v2\/users\/14"}],"replies":[{"embeddable":true,"href":"https:\/\/www.correiobraziliense.com.br\/cbradar\/wp-json\/wp\/v2\/comments?post=201848"}],"version-history":[{"count":1,"href":"https:\/\/www.correiobraziliense.com.br\/cbradar\/wp-json\/wp\/v2\/posts\/201848\/revisions"}],"predecessor-version":[{"id":201849,"href":"https:\/\/www.correiobraziliense.com.br\/cbradar\/wp-json\/wp\/v2\/posts\/201848\/revisions\/201849"}],"wp:featuredmedia":[{"embeddable":true,"href":"https:\/\/www.correiobraziliense.com.br\/cbradar\/wp-json\/wp\/v2\/media\/69598"}],"wp:attachment":[{"href":"https:\/\/www.correiobraziliense.com.br\/cbradar\/wp-json\/wp\/v2\/media?parent=201848"}],"wp:term":[{"taxonomy":"category","embeddable":true,"href":"https:\/\/www.correiobraziliense.com.br\/cbradar\/wp-json\/wp\/v2\/categories?post=201848"},{"taxonomy":"post_tag","embeddable":true,"href":"https:\/\/www.correiobraziliense.com.br\/cbradar\/wp-json\/wp\/v2\/post_tag?post=201848"}],"curies":[{"name":"wp","href":"https:\/\/api.w.org\/{rel}","templated":true}]}}