{"id":201892,"date":"2026-03-04T07:25:00","date_gmt":"2026-03-04T10:25:00","guid":{"rendered":"https:\/\/www.correiobraziliense.com.br\/cbradar\/?p=201892"},"modified":"2026-03-03T11:35:01","modified_gmt":"2026-03-03T14:35:01","slug":"o-truque-de-misturar-essa-erva-aromatica-nos-ovos-mexidos-para-blindar-o-estomago-logo-cedo","status":"publish","type":"post","link":"https:\/\/www.correiobraziliense.com.br\/cbradar\/o-truque-de-misturar-essa-erva-aromatica-nos-ovos-mexidos-para-blindar-o-estomago-logo-cedo\/","title":{"rendered":"O truque de misturar essa erva arom\u00e1tica nos ovos mexidos para blindar o est\u00f4mago logo cedo"},"content":{"rendered":"\n<p>Adicionar <strong>or\u00e9gano nos ovos mexidos<\/strong> logo cedo \u00e9 o truque perfeito para quem busca aliviar desconfortos g\u00e1stricos e melhorar a digest\u00e3o. Esse h\u00e1bito simples ativa compostos potentes que preparam e protegem todo o seu trato gastrointestinal para os desafios do dia.<\/p>\n\n\n\n<h2 class=\"wp-block-heading\">Por que usar or\u00e9gano nos ovos mexidos transforma a sua digest\u00e3o matinal?<\/h2>\n\n\n\n<p>Essa erva arom\u00e1tica \u00e9 muito rica em <strong>carvacrol e timol<\/strong>, dois \u00f3leos essenciais com forte a\u00e7\u00e3o antioxidante. Quando voc\u00ea consome esses nutrientes no desjejum, eles ajudam a reduzir a inflama\u00e7\u00e3o da mucosa g\u00e1strica e facilitam a quebra das gorduras e prote\u00ednas da refei\u00e7\u00e3o.<\/p>\n\n\n\n<p>A gordura natural presente na gema do ovo atua como um excelente ve\u00edculo para absorver esses \u00f3leos essenciais lipossol\u00faveis. Essa combina\u00e7\u00e3o garante que os <strong>compostos bioativos<\/strong> cheguem intactos ao est\u00f4mago, criando uma camada protetora que previne a azia e a sensa\u00e7\u00e3o de estufamento.<\/p>\n\n\n\n<figure class=\"wp-block-image aligncenter size-large\"><img decoding=\"async\" width=\"1024\" height=\"576\" src=\"https:\/\/www.correiobraziliense.com.br\/cbradar\/wp-content\/uploads\/2025\/12\/imagem_2025-12-28_211140222-1024x576.png\" alt=\"Combina\u00e7\u00e3o de ovo com or\u00e9gano no caf\u00e9 da manh\u00e3 associada a benef\u00edcios \u00e0 sa\u00fade\" class=\"wp-image-164796\" srcset=\"https:\/\/www.correiobraziliense.com.br\/cbradar\/wp-content\/uploads\/2025\/12\/imagem_2025-12-28_211140222-1024x576.png 1024w, https:\/\/www.correiobraziliense.com.br\/cbradar\/wp-content\/uploads\/2025\/12\/imagem_2025-12-28_211140222-300x169.png 300w, https:\/\/www.correiobraziliense.com.br\/cbradar\/wp-content\/uploads\/2025\/12\/imagem_2025-12-28_211140222-768x432.png 768w, https:\/\/www.correiobraziliense.com.br\/cbradar\/wp-content\/uploads\/2025\/12\/imagem_2025-12-28_211140222-750x422.png 750w, https:\/\/www.correiobraziliense.com.br\/cbradar\/wp-content\/uploads\/2025\/12\/imagem_2025-12-28_211140222-1140x641.png 1140w, https:\/\/www.correiobraziliense.com.br\/cbradar\/wp-content\/uploads\/2025\/12\/imagem_2025-12-28_211140222.png 1280w\" sizes=\"(max-width: 1024px) 100vw, 1024px\" \/><figcaption class=\"wp-element-caption\">Combina\u00e7\u00e3o de ovo com or\u00e9gano no caf\u00e9 da manh\u00e3 associada a benef\u00edcios \u00e0 sa\u00fade\n<\/figcaption><\/figure>\n\n\n\n<h2 class=\"wp-block-heading\">Como um estudo cient\u00edfico corrobora a a\u00e7\u00e3o protetora dessa erva?<\/h2>\n\n\n\n<p>A literatura m\u00e9dica demonstra que o uso regular dos compostos presentes na planta realmente entrega um efeito terap\u00eautico direto na parede estomacal. Uma <a href=\"https:\/\/pubmed.ncbi.nlm.nih.gov\/22892022\/\" target=\"_blank\" rel=\"noreferrer noopener\">pesquisa revisada por pares publicada na base <\/a><strong><a href=\"https:\/\/pubmed.ncbi.nlm.nih.gov\/22892022\/\" target=\"_blank\" rel=\"noreferrer noopener\">PubMed<\/a> <\/strong>refor\u00e7a que a subst\u00e2ncia age bloqueando mediadores inflamat\u00f3rios.<\/p>\n\n\n\n<p>Segundo o estudo <strong><a href=\"https:\/\/pubmed.ncbi.nlm.nih.gov\/22892022\/\" target=\"_blank\" rel=\"noreferrer noopener\"><em>Anti-inflammatory and anti-ulcer activities of carvacrol<\/em> publicado no Journal of Medicinal Food<\/a><\/strong>, o carvacrol possui forte capacidade de cicatriza\u00e7\u00e3o de les\u00f5es g\u00e1stricas. A pesquisa aponta que esse monoterpeno favorece a sa\u00fade do est\u00f4mago ao agir diretamente contra a forma\u00e7\u00e3o de \u00falceras e edemas.<\/p>\n\n\n\n<p>Leia tamb\u00e9m: <a href=\"https:\/\/www.correiobraziliense.com.br\/cbradar\/o-sinal-discreto-na-sola-dos-pes-que-indica-que-o-seu-corpo-esta-inflamado-e-como-resolver-com-um-ajuste-na-dieta\/\" target=\"_blank\" rel=\"noreferrer noopener\">O sinal discreto na sola dos p\u00e9s que indica que o seu corpo est\u00e1 inflamado e como resolver com um ajuste na dieta<\/a><\/p>\n\n\n\n<h2 class=\"wp-block-heading\">Quais outras ervas matinais se comparam ao poder desse tempero?<\/h2>\n\n\n\n<p>A concentra\u00e7\u00e3o de propriedades biol\u00f3gicas varia bastante dependendo da planta escolhida para temperar a primeira refei\u00e7\u00e3o do dia.<\/p>\n\n\n\n<p>O quadro abaixo compara a a\u00e7\u00e3o digestiva das op\u00e7\u00f5es mais comuns para o caf\u00e9 da manh\u00e3.<\/p>\n\n\n\n<figure class=\"wp-block-table\"><table class=\"has-fixed-layout\"><tbody><tr><th>Erva arom\u00e1tica<\/th><th>Composto principal<\/th><th>Benef\u00edcio digestivo central<\/th><\/tr><tr><td><strong>Or\u00e9gano<\/strong><\/td><td>Carvacrol e timol<\/td><td>Prote\u00e7\u00e3o da mucosa e a\u00e7\u00e3o anti\u00falcera<\/td><\/tr><tr><td>Alecrim<\/td><td>\u00c1cido rosmar\u00ednico<\/td><td>Al\u00edvio de gases e redu\u00e7\u00e3o de c\u00f3licas<\/td><\/tr><tr><td>Manjeric\u00e3o<\/td><td>Eugenol<\/td><td>A\u00e7\u00e3o antiespasm\u00f3dica leve no intestino<\/td><\/tr><\/tbody><\/table><\/figure>\n\n\n\n<h2 class=\"wp-block-heading\">Qual o jeito certo de preparar a refei\u00e7\u00e3o para extrair os benef\u00edcios?<\/h2>\n\n\n\n<p>O calor excessivo pode destruir parte dos \u00f3leos essenciais, reduzindo bastante o efeito terap\u00eautico da sua refei\u00e7\u00e3o. O ideal \u00e9 incorporar o tempero arom\u00e1tico no momento exato em que a coc\u00e7\u00e3o dos alimentos estiver quase finalizada.<\/p>\n\n\n\n<p>Siga estas orienta\u00e7\u00f5es pr\u00e1ticas para manter os nutrientes intactos na sua panela:<\/p>\n\n\n\n<ul class=\"wp-block-list\">\n<li>Bata as claras e as gemas antes de levar ao fogo baixo<\/li>\n\n\n\n<li>Adicione uma colher de ch\u00e1 da erva desidratada apenas no \u00faltimo minuto<\/li>\n\n\n\n<li>Desligue o fogo quando a mistura ainda estiver \u00famida e sirva em seguida<\/li>\n<\/ul>\n\n\n\n<p>No v\u00eddeo a seguir, o perfil <strong><em>Cl\u00e1udia Benevides<\/em><\/strong>, com mais de 2 milh\u00f5es de seguidores, fala um pouco sobre:<\/p>\n\n\n\n<blockquote class=\"instagram-media\" data-instgrm-captioned data-instgrm-permalink=\"https:\/\/www.instagram.com\/reel\/DTL9i7kERp7\/?utm_source=ig_embed&amp;utm_campaign=loading\" data-instgrm-version=\"14\" style=\" background:#FFF; border:0; border-radius:3px; box-shadow:0 0 1px 0 rgba(0,0,0,0.5),0 1px 10px 0 rgba(0,0,0,0.15); margin: 1px; max-width:540px; min-width:326px; padding:0; width:99.375%; width:-webkit-calc(100% - 2px); width:calc(100% - 2px);\"><div style=\"padding:16px;\"> <a href=\"https:\/\/www.instagram.com\/reel\/DTL9i7kERp7\/?utm_source=ig_embed&amp;utm_campaign=loading\" style=\" background:#FFFFFF; line-height:0; padding:0 0; text-align:center; text-decoration:none; width:100%;\" target=\"_blank\"> <div style=\" display: flex; flex-direction: row; align-items: center;\"> <div style=\"background-color: #F4F4F4; border-radius: 50%; flex-grow: 0; height: 40px; margin-right: 14px; width: 40px;\"><\/div> <div style=\"display: flex; flex-direction: column; flex-grow: 1; justify-content: center;\"> <div style=\" background-color: #F4F4F4; border-radius: 4px; flex-grow: 0; height: 14px; margin-bottom: 6px; width: 100px;\"><\/div> <div style=\" background-color: #F4F4F4; border-radius: 4px; flex-grow: 0; height: 14px; width: 60px;\"><\/div><\/div><\/div><div style=\"padding: 19% 0;\"><\/div> <div style=\"display:block; height:50px; margin:0 auto 12px; width:50px;\"><svg width=\"50px\" height=\"50px\" viewBox=\"0 0 60 60\" version=\"1.1\" xmlns=\"https:\/\/www.w3.org\/2000\/svg\" xmlns:xlink=\"https:\/\/www.w3.org\/1999\/xlink\"><g stroke=\"none\" stroke-width=\"1\" fill=\"none\" fill-rule=\"evenodd\"><g transform=\"translate(-511.000000, -20.000000)\" fill=\"#000000\"><g><path d=\"M556.869,30.41 C554.814,30.41 553.148,32.076 553.148,34.131 C553.148,36.186 554.814,37.852 556.869,37.852 C558.924,37.852 560.59,36.186 560.59,34.131 C560.59,32.076 558.924,30.41 556.869,30.41 M541,60.657 C535.114,60.657 530.342,55.887 530.342,50 C530.342,44.114 535.114,39.342 541,39.342 C546.887,39.342 551.658,44.114 551.658,50 C551.658,55.887 546.887,60.657 541,60.657 M541,33.886 C532.1,33.886 524.886,41.1 524.886,50 C524.886,58.899 532.1,66.113 541,66.113 C549.9,66.113 557.115,58.899 557.115,50 C557.115,41.1 549.9,33.886 541,33.886 M565.378,62.101 C565.244,65.022 564.756,66.606 564.346,67.663 C563.803,69.06 563.154,70.057 562.106,71.106 C561.058,72.155 560.06,72.803 558.662,73.347 C557.607,73.757 556.021,74.244 553.102,74.378 C549.944,74.521 548.997,74.552 541,74.552 C533.003,74.552 532.056,74.521 528.898,74.378 C525.979,74.244 524.393,73.757 523.338,73.347 C521.94,72.803 520.942,72.155 519.894,71.106 C518.846,70.057 518.197,69.06 517.654,67.663 C517.244,66.606 516.755,65.022 516.623,62.101 C516.479,58.943 516.448,57.996 516.448,50 C516.448,42.003 516.479,41.056 516.623,37.899 C516.755,34.978 517.244,33.391 517.654,32.338 C518.197,30.938 518.846,29.942 519.894,28.894 C520.942,27.846 521.94,27.196 523.338,26.654 C524.393,26.244 525.979,25.756 528.898,25.623 C532.057,25.479 533.004,25.448 541,25.448 C548.997,25.448 549.943,25.479 553.102,25.623 C556.021,25.756 557.607,26.244 558.662,26.654 C560.06,27.196 561.058,27.846 562.106,28.894 C563.154,29.942 563.803,30.938 564.346,32.338 C564.756,33.391 565.244,34.978 565.378,37.899 C565.522,41.056 565.552,42.003 565.552,50 C565.552,57.996 565.522,58.943 565.378,62.101 M570.82,37.631 C570.674,34.438 570.167,32.258 569.425,30.349 C568.659,28.377 567.633,26.702 565.965,25.035 C564.297,23.368 562.623,22.342 560.652,21.575 C558.743,20.834 556.562,20.326 553.369,20.18 C550.169,20.033 549.148,20 541,20 C532.853,20 531.831,20.033 528.631,20.18 C525.438,20.326 523.257,20.834 521.349,21.575 C519.376,22.342 517.703,23.368 516.035,25.035 C514.368,26.702 513.342,28.377 512.574,30.349 C511.834,32.258 511.326,34.438 511.181,37.631 C511.035,40.831 511,41.851 511,50 C511,58.147 511.035,59.17 511.181,62.369 C511.326,65.562 511.834,67.743 512.574,69.651 C513.342,71.625 514.368,73.296 516.035,74.965 C517.703,76.634 519.376,77.658 521.349,78.425 C523.257,79.167 525.438,79.673 528.631,79.82 C531.831,79.965 532.853,80.001 541,80.001 C549.148,80.001 550.169,79.965 553.369,79.82 C556.562,79.673 558.743,79.167 560.652,78.425 C562.623,77.658 564.297,76.634 565.965,74.965 C567.633,73.296 568.659,71.625 569.425,69.651 C570.167,67.743 570.674,65.562 570.82,62.369 C570.966,59.17 571,58.147 571,50 C571,41.851 570.966,40.831 570.82,37.631\"><\/path><\/g><\/g><\/g><\/svg><\/div><div style=\"padding-top: 8px;\"> <div style=\" color:#3897f0; font-family:Arial,sans-serif; font-size:14px; font-style:normal; font-weight:550; line-height:18px;\">Ver essa foto no Instagram<\/div><\/div><div style=\"padding: 12.5% 0;\"><\/div> <div style=\"display: flex; flex-direction: row; margin-bottom: 14px; align-items: center;\"><div> <div style=\"background-color: #F4F4F4; border-radius: 50%; height: 12.5px; width: 12.5px; transform: translateX(0px) translateY(7px);\"><\/div> <div style=\"background-color: #F4F4F4; height: 12.5px; transform: rotate(-45deg) translateX(3px) translateY(1px); width: 12.5px; flex-grow: 0; margin-right: 14px; margin-left: 2px;\"><\/div> <div style=\"background-color: #F4F4F4; border-radius: 50%; height: 12.5px; width: 12.5px; transform: translateX(9px) translateY(-18px);\"><\/div><\/div><div style=\"margin-left: 8px;\"> <div style=\" background-color: #F4F4F4; border-radius: 50%; flex-grow: 0; height: 20px; width: 20px;\"><\/div> <div style=\" width: 0; height: 0; border-top: 2px solid transparent; border-left: 6px solid #f4f4f4; border-bottom: 2px solid transparent; transform: translateX(16px) translateY(-4px) rotate(30deg)\"><\/div><\/div><div style=\"margin-left: auto;\"> <div style=\" width: 0px; border-top: 8px solid #F4F4F4; border-right: 8px solid transparent; transform: translateY(16px);\"><\/div> <div style=\" background-color: #F4F4F4; flex-grow: 0; height: 12px; width: 16px; transform: translateY(-4px);\"><\/div> <div style=\" width: 0; height: 0; border-top: 8px solid #F4F4F4; border-left: 8px solid transparent; transform: translateY(-4px) translateX(8px);\"><\/div><\/div><\/div> <div style=\"display: flex; flex-direction: column; flex-grow: 1; justify-content: center; margin-bottom: 24px;\"> <div style=\" background-color: #F4F4F4; border-radius: 4px; flex-grow: 0; height: 14px; margin-bottom: 6px; width: 224px;\"><\/div> <div style=\" background-color: #F4F4F4; border-radius: 4px; flex-grow: 0; height: 14px; width: 144px;\"><\/div><\/div><\/a><p style=\" color:#c9c8cd; font-family:Arial,sans-serif; font-size:14px; line-height:17px; margin-bottom:0; margin-top:8px; overflow:hidden; padding:8px 0 7px; text-align:center; text-overflow:ellipsis; white-space:nowrap;\"><a href=\"https:\/\/www.instagram.com\/reel\/DTL9i7kERp7\/?utm_source=ig_embed&amp;utm_campaign=loading\" style=\" color:#c9c8cd; font-family:Arial,sans-serif; font-size:14px; font-style:normal; font-weight:normal; line-height:17px; text-decoration:none;\" target=\"_blank\">Um post compartilhado por Cla\u0301udia Benevides | Nutr\u00f3loga (@draclaudiabenevides)<\/a><\/p><\/div><\/blockquote>\n<script async src=\"\/\/www.instagram.com\/embed.js\"><\/script>\n\n\n\n<h2 class=\"wp-block-heading\">Como agir de forma segura para blindar a sa\u00fade do trato digestivo?<\/h2>\n\n\n\n<p>Aposte sempre na modera\u00e7\u00e3o, pois o excesso de qualquer tempero pode irritar a parede do intestino em pessoas mais sens\u00edveis. Ajustar a dieta logo cedo \u00e9 um \u00f3timo primeiro passo, mas n\u00e3o substitui a necessidade de investigar dores agudas ou queima\u00e7\u00f5es que insistem em n\u00e3o passar.<\/p>\n\n\n\n<p>Caso os sintomas de m\u00e1 digest\u00e3o ou refluxo sejam uma constante na sua rotina, n\u00e3o tente resolver tudo apenas com mudan\u00e7as no prato. Busque sempre a <strong>orienta\u00e7\u00e3o m\u00e9dica profissional<\/strong> ou o suporte de um gastroenterologista para avaliar o seu quadro cl\u00ednico com exatid\u00e3o.<\/p>\n","protected":false},"excerpt":{"rendered":"<p>Adicionar or\u00e9gano nos ovos mexidos logo cedo \u00e9 o truque perfeito para quem busca aliviar desconfortos g\u00e1stricos e melhorar a digest\u00e3o. Esse h\u00e1bito simples ativa compostos potentes que preparam e protegem todo o seu trato gastrointestinal para os desafios do dia. Por que usar or\u00e9gano nos ovos mexidos transforma a sua digest\u00e3o matinal? Essa erva [&hellip;]<\/p>\n","protected":false},"author":11,"featured_media":202316,"comment_status":"open","ping_status":"open","sticky":false,"template":"","format":"standard","meta":{"_yoast_wpseo_focuskw":"or\u00e9gano nos ovos mexidos","_yoast_wpseo_title":"","_yoast_wpseo_metadesc":"Colocar or\u00e9gano nos ovos mexidos logo no caf\u00e9 da manh\u00e3 protege o seu est\u00f4mago e melhora a digest\u00e3o. Veja como esse h\u00e1bito fortalece a sua sa\u00fade.","jnews-multi-image_gallery":[],"jnews_single_post":{"format":"standard"},"jnews_primary_category":[],"jnews_social_meta":[],"jnews_override_counter":[],"footnotes":""},"categories":[119],"tags":[5501,409,10969],"class_list":["post-201892","post","type-post","status-publish","format-standard","has-post-thumbnail","hentry","category-bem-estar","tag-erva","tag-ovo","tag-truque"],"yoast_head":"<!-- This site is optimized with the Yoast SEO plugin v24.6 - https:\/\/yoast.com\/wordpress\/plugins\/seo\/ -->\n<title>O truque de misturar essa erva arom\u00e1tica nos ovos mexidos para blindar o est\u00f4mago logo cedo - Correio Braziliense - Radar<\/title>\n<meta name=\"description\" content=\"Colocar or\u00e9gano nos ovos mexidos logo no caf\u00e9 da manh\u00e3 protege o seu est\u00f4mago e melhora a digest\u00e3o. Veja como esse h\u00e1bito fortalece a sua sa\u00fade.\" \/>\n<meta name=\"robots\" content=\"index, follow, max-snippet:-1, max-image-preview:large, max-video-preview:-1\" \/>\n<link rel=\"canonical\" href=\"https:\/\/www.correiobraziliense.com.br\/cbradar\/o-truque-de-misturar-essa-erva-aromatica-nos-ovos-mexidos-para-blindar-o-estomago-logo-cedo\/\" \/>\n<meta property=\"og:locale\" content=\"pt_BR\" \/>\n<meta property=\"og:type\" content=\"article\" \/>\n<meta property=\"og:title\" content=\"O truque de misturar essa erva arom\u00e1tica nos ovos mexidos para blindar o est\u00f4mago logo cedo - Correio Braziliense - Radar\" \/>\n<meta property=\"og:description\" content=\"Colocar or\u00e9gano nos ovos mexidos logo no caf\u00e9 da manh\u00e3 protege o seu est\u00f4mago e melhora a digest\u00e3o. Veja como esse h\u00e1bito fortalece a sua sa\u00fade.\" \/>\n<meta property=\"og:url\" content=\"https:\/\/www.correiobraziliense.com.br\/cbradar\/o-truque-de-misturar-essa-erva-aromatica-nos-ovos-mexidos-para-blindar-o-estomago-logo-cedo\/\" \/>\n<meta property=\"og:site_name\" content=\"Correio Braziliense - Radar\" \/>\n<meta property=\"article:published_time\" content=\"2026-03-04T10:25:00+00:00\" \/>\n<meta property=\"og:image\" content=\"https:\/\/www.correiobraziliense.com.br\/cbradar\/wp-content\/uploads\/2026\/03\/freepik__prato-de-caf-da-manh-visto-de-cima-com-ovos-mexido__65689.jpeg\" \/>\n\t<meta property=\"og:image:width\" content=\"1280\" \/>\n\t<meta property=\"og:image:height\" content=\"720\" \/>\n\t<meta property=\"og:image:type\" content=\"image\/jpeg\" \/>\n<meta name=\"author\" content=\"Paulo Custodio\" \/>\n<meta name=\"twitter:card\" content=\"summary_large_image\" \/>\n<meta name=\"twitter:label1\" content=\"Escrito por\" \/>\n\t<meta name=\"twitter:data1\" content=\"Paulo Custodio\" \/>\n\t<meta name=\"twitter:label2\" content=\"Est. tempo de leitura\" \/>\n\t<meta name=\"twitter:data2\" content=\"4 minutos\" \/>\n<!-- \/ Yoast SEO plugin. -->","yoast_head_json":{"title":"O truque de misturar essa erva arom\u00e1tica nos ovos mexidos para blindar o est\u00f4mago logo cedo - Correio Braziliense - Radar","description":"Colocar or\u00e9gano nos ovos mexidos logo no caf\u00e9 da manh\u00e3 protege o seu est\u00f4mago e melhora a digest\u00e3o. Veja como esse h\u00e1bito fortalece a sua sa\u00fade.","robots":{"index":"index","follow":"follow","max-snippet":"max-snippet:-1","max-image-preview":"max-image-preview:large","max-video-preview":"max-video-preview:-1"},"canonical":"https:\/\/www.correiobraziliense.com.br\/cbradar\/o-truque-de-misturar-essa-erva-aromatica-nos-ovos-mexidos-para-blindar-o-estomago-logo-cedo\/","og_locale":"pt_BR","og_type":"article","og_title":"O truque de misturar essa erva arom\u00e1tica nos ovos mexidos para blindar o est\u00f4mago logo cedo - Correio Braziliense - Radar","og_description":"Colocar or\u00e9gano nos ovos mexidos logo no caf\u00e9 da manh\u00e3 protege o seu est\u00f4mago e melhora a digest\u00e3o. Veja como esse h\u00e1bito fortalece a sua sa\u00fade.","og_url":"https:\/\/www.correiobraziliense.com.br\/cbradar\/o-truque-de-misturar-essa-erva-aromatica-nos-ovos-mexidos-para-blindar-o-estomago-logo-cedo\/","og_site_name":"Correio Braziliense - Radar","article_published_time":"2026-03-04T10:25:00+00:00","og_image":[{"width":1280,"height":720,"url":"https:\/\/www.correiobraziliense.com.br\/cbradar\/wp-content\/uploads\/2026\/03\/freepik__prato-de-caf-da-manh-visto-de-cima-com-ovos-mexido__65689.jpeg","type":"image\/jpeg"}],"author":"Paulo Custodio","twitter_card":"summary_large_image","twitter_misc":{"Escrito por":"Paulo Custodio","Est. tempo de leitura":"4 minutos"},"schema":{"@context":"https:\/\/schema.org","@graph":[{"@type":"WebPage","@id":"https:\/\/www.correiobraziliense.com.br\/cbradar\/o-truque-de-misturar-essa-erva-aromatica-nos-ovos-mexidos-para-blindar-o-estomago-logo-cedo\/","url":"https:\/\/www.correiobraziliense.com.br\/cbradar\/o-truque-de-misturar-essa-erva-aromatica-nos-ovos-mexidos-para-blindar-o-estomago-logo-cedo\/","name":"O truque de misturar essa erva arom\u00e1tica nos ovos mexidos para blindar o est\u00f4mago logo cedo - Correio Braziliense - Radar","isPartOf":{"@id":"https:\/\/www.correiobraziliense.com.br\/cbradar\/#website"},"primaryImageOfPage":{"@id":"https:\/\/www.correiobraziliense.com.br\/cbradar\/o-truque-de-misturar-essa-erva-aromatica-nos-ovos-mexidos-para-blindar-o-estomago-logo-cedo\/#primaryimage"},"image":{"@id":"https:\/\/www.correiobraziliense.com.br\/cbradar\/o-truque-de-misturar-essa-erva-aromatica-nos-ovos-mexidos-para-blindar-o-estomago-logo-cedo\/#primaryimage"},"thumbnailUrl":"https:\/\/www.correiobraziliense.com.br\/cbradar\/wp-content\/uploads\/2026\/03\/freepik__prato-de-caf-da-manh-visto-de-cima-com-ovos-mexido__65689.jpeg","datePublished":"2026-03-04T10:25:00+00:00","author":{"@id":"https:\/\/www.correiobraziliense.com.br\/cbradar\/#\/schema\/person\/4cec7857301a9a1a2ef249893cd908d3"},"description":"Colocar or\u00e9gano nos ovos mexidos logo no caf\u00e9 da manh\u00e3 protege o seu est\u00f4mago e melhora a digest\u00e3o. Veja como esse h\u00e1bito fortalece a sua sa\u00fade.","breadcrumb":{"@id":"https:\/\/www.correiobraziliense.com.br\/cbradar\/o-truque-de-misturar-essa-erva-aromatica-nos-ovos-mexidos-para-blindar-o-estomago-logo-cedo\/#breadcrumb"},"inLanguage":"pt-BR","potentialAction":[{"@type":"ReadAction","target":["https:\/\/www.correiobraziliense.com.br\/cbradar\/o-truque-de-misturar-essa-erva-aromatica-nos-ovos-mexidos-para-blindar-o-estomago-logo-cedo\/"]}]},{"@type":"ImageObject","inLanguage":"pt-BR","@id":"https:\/\/www.correiobraziliense.com.br\/cbradar\/o-truque-de-misturar-essa-erva-aromatica-nos-ovos-mexidos-para-blindar-o-estomago-logo-cedo\/#primaryimage","url":"https:\/\/www.correiobraziliense.com.br\/cbradar\/wp-content\/uploads\/2026\/03\/freepik__prato-de-caf-da-manh-visto-de-cima-com-ovos-mexido__65689.jpeg","contentUrl":"https:\/\/www.correiobraziliense.com.br\/cbradar\/wp-content\/uploads\/2026\/03\/freepik__prato-de-caf-da-manh-visto-de-cima-com-ovos-mexido__65689.jpeg","width":1280,"height":720,"caption":"O or\u00e9gano possui propriedades antioxidantes e antimicrobianas naturais"},{"@type":"BreadcrumbList","@id":"https:\/\/www.correiobraziliense.com.br\/cbradar\/o-truque-de-misturar-essa-erva-aromatica-nos-ovos-mexidos-para-blindar-o-estomago-logo-cedo\/#breadcrumb","itemListElement":[{"@type":"ListItem","position":1,"name":"In\u00edcio","item":"https:\/\/www.correiobraziliense.com.br\/cbradar\/"},{"@type":"ListItem","position":2,"name":"O truque de misturar essa erva arom\u00e1tica nos ovos mexidos para blindar o est\u00f4mago logo cedo"}]},{"@type":"WebSite","@id":"https:\/\/www.correiobraziliense.com.br\/cbradar\/#website","url":"https:\/\/www.correiobraziliense.com.br\/cbradar\/","name":"Correio Braziliense - Radar","description":"Acompanhe as \u00faltimas not\u00edcias e fique bem informado sobre tudo o que acontece no Brasil e no mundo.","potentialAction":[{"@type":"SearchAction","target":{"@type":"EntryPoint","urlTemplate":"https:\/\/www.correiobraziliense.com.br\/cbradar\/?s={search_term_string}"},"query-input":{"@type":"PropertyValueSpecification","valueRequired":true,"valueName":"search_term_string"}}],"inLanguage":"pt-BR"},{"@type":"Person","@id":"https:\/\/www.correiobraziliense.com.br\/cbradar\/#\/schema\/person\/4cec7857301a9a1a2ef249893cd908d3","name":"Paulo Custodio","image":{"@type":"ImageObject","inLanguage":"pt-BR","@id":"https:\/\/www.correiobraziliense.com.br\/cbradar\/#\/schema\/person\/image\/","url":"https:\/\/secure.gravatar.com\/avatar\/bcd67168d1534e8fcf4f45c726a87cea?s=96&d=mm&r=g","contentUrl":"https:\/\/secure.gravatar.com\/avatar\/bcd67168d1534e8fcf4f45c726a87cea?s=96&d=mm&r=g","caption":"Paulo Custodio"},"sameAs":["https:\/\/www.correiobraziliense.com.br\/cbradar"],"url":"https:\/\/www.correiobraziliense.com.br\/cbradar\/author\/paulomyth\/"}]}},"_links":{"self":[{"href":"https:\/\/www.correiobraziliense.com.br\/cbradar\/wp-json\/wp\/v2\/posts\/201892","targetHints":{"allow":["GET"]}}],"collection":[{"href":"https:\/\/www.correiobraziliense.com.br\/cbradar\/wp-json\/wp\/v2\/posts"}],"about":[{"href":"https:\/\/www.correiobraziliense.com.br\/cbradar\/wp-json\/wp\/v2\/types\/post"}],"author":[{"embeddable":true,"href":"https:\/\/www.correiobraziliense.com.br\/cbradar\/wp-json\/wp\/v2\/users\/11"}],"replies":[{"embeddable":true,"href":"https:\/\/www.correiobraziliense.com.br\/cbradar\/wp-json\/wp\/v2\/comments?post=201892"}],"version-history":[{"count":2,"href":"https:\/\/www.correiobraziliense.com.br\/cbradar\/wp-json\/wp\/v2\/posts\/201892\/revisions"}],"predecessor-version":[{"id":201894,"href":"https:\/\/www.correiobraziliense.com.br\/cbradar\/wp-json\/wp\/v2\/posts\/201892\/revisions\/201894"}],"wp:featuredmedia":[{"embeddable":true,"href":"https:\/\/www.correiobraziliense.com.br\/cbradar\/wp-json\/wp\/v2\/media\/202316"}],"wp:attachment":[{"href":"https:\/\/www.correiobraziliense.com.br\/cbradar\/wp-json\/wp\/v2\/media?parent=201892"}],"wp:term":[{"taxonomy":"category","embeddable":true,"href":"https:\/\/www.correiobraziliense.com.br\/cbradar\/wp-json\/wp\/v2\/categories?post=201892"},{"taxonomy":"post_tag","embeddable":true,"href":"https:\/\/www.correiobraziliense.com.br\/cbradar\/wp-json\/wp\/v2\/tags?post=201892"}],"curies":[{"name":"wp","href":"https:\/\/api.w.org\/{rel}","templated":true}]}}