{"id":202060,"date":"2026-03-04T20:55:00","date_gmt":"2026-03-04T23:55:00","guid":{"rendered":"https:\/\/www.correiobraziliense.com.br\/cbradar\/?p=202060"},"modified":"2026-03-03T11:39:55","modified_gmt":"2026-03-03T14:39:55","slug":"o-substituto-da-air-fryer-o-novo-aparelho-de-12-litros-que-faz-o-trabalho-de-9-eletrodomesticos-na-cozinha","status":"publish","type":"post","link":"https:\/\/www.correiobraziliense.com.br\/cbradar\/o-substituto-da-air-fryer-o-novo-aparelho-de-12-litros-que-faz-o-trabalho-de-9-eletrodomesticos-na-cozinha\/","title":{"rendered":"O substituto da air fryer: o novo aparelho de 12 litros que faz o trabalho de 9 eletrodom\u00e9sticos na cozinha"},"content":{"rendered":"\n<p>O <strong>substituto da air fryer<\/strong> com capacidade de 12 litros chegou para mudar a rotina e liberar espa\u00e7o valioso na sua bancada pequena. Esse forno el\u00e9trico multifun\u00e7\u00f5es potente assa, frita sem \u00f3leo e desidrata os alimentos em minutos, substituindo de vez 9 aparelhos antigos que s\u00f3 juntam poeira.<\/p>\n\n\n\n<h2 class=\"wp-block-heading\">Por que o substituto da air fryer vale a pena?<\/h2>\n\n\n\n<p>O novo <strong>Silvercrest de 1800W<\/strong> junta a pot\u00eancia de uma fritadeira profissional com o tamanho exato de um forno familiar compacto. Voc\u00ea consegue preparar um frango inteiro girando no espeto e uma assadeira de legumes ao mesmo tempo sem sujar v\u00e1rias panelas sujas de \u00f3leo.<\/p>\n\n\n\n<p>Essa tecnologia de <strong>circula\u00e7\u00e3o de ar quente 360 graus<\/strong> gasta menos energia el\u00e9trica do que usar o fog\u00e3o a g\u00e1s convencional. O resultado \u00e9 uma comida dourada por fora e suculenta por dentro, mantendo a conta de luz da sua casa sob controle no final do m\u00eas.<\/p>\n\n\n<div class=\"wp-block-image\">\n<figure class=\"aligncenter size-large\"><img decoding=\"async\" width=\"1024\" height=\"576\" src=\"https:\/\/www.correiobraziliense.com.br\/cbradar\/wp-content\/uploads\/2026\/03\/imagem_2026-03-02_231729076-1024x576.png\" alt=\"Forno 12L assando frango dourado na rotisseria com luz solar\" class=\"wp-image-202067\" srcset=\"https:\/\/www.correiobraziliense.com.br\/cbradar\/wp-content\/uploads\/2026\/03\/imagem_2026-03-02_231729076-1024x576.png 1024w, https:\/\/www.correiobraziliense.com.br\/cbradar\/wp-content\/uploads\/2026\/03\/imagem_2026-03-02_231729076-300x169.png 300w, https:\/\/www.correiobraziliense.com.br\/cbradar\/wp-content\/uploads\/2026\/03\/imagem_2026-03-02_231729076-768x432.png 768w, https:\/\/www.correiobraziliense.com.br\/cbradar\/wp-content\/uploads\/2026\/03\/imagem_2026-03-02_231729076-750x422.png 750w, https:\/\/www.correiobraziliense.com.br\/cbradar\/wp-content\/uploads\/2026\/03\/imagem_2026-03-02_231729076-1140x641.png 1140w, https:\/\/www.correiobraziliense.com.br\/cbradar\/wp-content\/uploads\/2026\/03\/imagem_2026-03-02_231729076.png 1280w\" sizes=\"(max-width: 1024px) 100vw, 1024px\" \/><figcaption class=\"wp-element-caption\">Forno 12L assando frango dourado na rotisseria com luz solar<\/figcaption><\/figure><\/div>\n\n\n<h2 class=\"wp-block-heading\">Quais fun\u00e7\u00f5es o aparelho de 12 litros entrega no dia a dia?<\/h2>\n\n\n\n<p>A grande vantagem dessa m\u00e1quina moderna \u00e9 limpar a bagun\u00e7a dos arm\u00e1rios e centralizar todas as tarefas em um \u00fanico <strong>painel digital intuitivo<\/strong>. Voc\u00ea aperta um bot\u00e3o e ele ajusta sozinho a temperatura ideal para cada tipo de preparo da sua dieta.<\/p>\n\n\n\n<p>Anote as fun\u00e7\u00f5es principais que o equipamento executa:<\/p>\n\n\n\n<ul class=\"wp-block-list\">\n<li><strong>Fritar sem \u00f3leo<\/strong> batatas e salgadinhos<\/li>\n\n\n\n<li><strong>Assar bolos<\/strong> e tortas altas com perfei\u00e7\u00e3o<\/li>\n\n\n\n<li><strong>Desidratar frutas<\/strong> e ervas frescas para ch\u00e1s<\/li>\n\n\n\n<li><strong>Grelhar carnes<\/strong> no espeto girat\u00f3rio autom\u00e1tico<\/li>\n<\/ul>\n\n\n<div class=\"wp-block-image\">\n<figure class=\"aligncenter size-large\"><img decoding=\"async\" width=\"1024\" height=\"576\" src=\"https:\/\/www.correiobraziliense.com.br\/cbradar\/wp-content\/uploads\/2026\/03\/imagem_2026-03-02_231738384-1024x576.png\" alt=\"Forno 12L encaixado sob arm\u00e1rio em cozinha brasileira organizada\" class=\"wp-image-202068\" srcset=\"https:\/\/www.correiobraziliense.com.br\/cbradar\/wp-content\/uploads\/2026\/03\/imagem_2026-03-02_231738384-1024x576.png 1024w, https:\/\/www.correiobraziliense.com.br\/cbradar\/wp-content\/uploads\/2026\/03\/imagem_2026-03-02_231738384-300x169.png 300w, https:\/\/www.correiobraziliense.com.br\/cbradar\/wp-content\/uploads\/2026\/03\/imagem_2026-03-02_231738384-768x432.png 768w, https:\/\/www.correiobraziliense.com.br\/cbradar\/wp-content\/uploads\/2026\/03\/imagem_2026-03-02_231738384-750x422.png 750w, https:\/\/www.correiobraziliense.com.br\/cbradar\/wp-content\/uploads\/2026\/03\/imagem_2026-03-02_231738384-1140x641.png 1140w, https:\/\/www.correiobraziliense.com.br\/cbradar\/wp-content\/uploads\/2026\/03\/imagem_2026-03-02_231738384.png 1280w\" sizes=\"(max-width: 1024px) 100vw, 1024px\" \/><figcaption class=\"wp-element-caption\">Forno 12L encaixado sob arm\u00e1rio em cozinha brasileira organizada<\/figcaption><\/figure><\/div>\n\n\n<h2 class=\"wp-block-heading\">Como a pot\u00eancia de 1800W acelera suas receitas?<\/h2>\n\n\n\n<p>Ter <strong>1800W de pot\u00eancia<\/strong> significa que a resist\u00eancia interna esquenta r\u00e1pido e n\u00e3o deixa a temperatura cair quando voc\u00ea abre a porta de vidro. Esse calor constante cria aquela casquinha crocante nas carnes muito mais r\u00e1pido do que um forno comum de embutir.<\/p>\n\n\n\n<p>Voc\u00ea poupa quase a metade do tempo na cozinha preparando o almo\u00e7o de domingo para a fam\u00edlia toda sem fazer esfor\u00e7o. Al\u00e9m disso, as bandejas de <strong>a\u00e7o inoxid\u00e1vel<\/strong> antiaderentes s\u00e3o muito f\u00e1ceis de lavar na pia e n\u00e3o deixam a gordura grudar no fundo.<\/p>\n\n\n<div class=\"wp-block-image\">\n<figure class=\"aligncenter size-large\"><img decoding=\"async\" width=\"1024\" height=\"576\" src=\"https:\/\/www.correiobraziliense.com.br\/cbradar\/wp-content\/uploads\/2026\/03\/imagem_2026-03-02_231733587-1024x576.png\" alt=\"M\u00e3o colocando bandeja de batatas crocantes no forno multifun\u00e7\u00f5es.\" class=\"wp-image-202066\" srcset=\"https:\/\/www.correiobraziliense.com.br\/cbradar\/wp-content\/uploads\/2026\/03\/imagem_2026-03-02_231733587-1024x576.png 1024w, https:\/\/www.correiobraziliense.com.br\/cbradar\/wp-content\/uploads\/2026\/03\/imagem_2026-03-02_231733587-300x169.png 300w, https:\/\/www.correiobraziliense.com.br\/cbradar\/wp-content\/uploads\/2026\/03\/imagem_2026-03-02_231733587-768x432.png 768w, https:\/\/www.correiobraziliense.com.br\/cbradar\/wp-content\/uploads\/2026\/03\/imagem_2026-03-02_231733587-750x422.png 750w, https:\/\/www.correiobraziliense.com.br\/cbradar\/wp-content\/uploads\/2026\/03\/imagem_2026-03-02_231733587-1140x641.png 1140w, https:\/\/www.correiobraziliense.com.br\/cbradar\/wp-content\/uploads\/2026\/03\/imagem_2026-03-02_231733587.png 1280w\" sizes=\"(max-width: 1024px) 100vw, 1024px\" \/><figcaption class=\"wp-element-caption\">M\u00e3o colocando bandeja de batatas crocantes no forno multifun\u00e7\u00f5es.<\/figcaption><\/figure><\/div>\n\n\n<p>Leia tamb\u00e9m: <a href=\"https:\/\/www.correiobraziliense.com.br\/cbradar\/o-sinal-discreto-na-sola-dos-pes-que-indica-que-o-seu-corpo-esta-inflamado-e-como-resolver-com-um-ajuste-na-dieta\/\" target=\"_blank\" rel=\"noreferrer noopener\">O sinal discreto na sola dos p\u00e9s que indica que o seu corpo est\u00e1 inflamado e como resolver com um ajuste na dieta<\/a><\/p>\n\n\n\n<h2 class=\"wp-block-heading\">Qual a diferen\u00e7a de consumo entre os aparelhos?<\/h2>\n\n\n\n<p>Muita gente acha que um aparelho maior vai disparar o consumo de energia, mas a engenharia desse forno otimiza cada minuto de uso cont\u00ednuo. Ao inv\u00e9s de ligar o micro-ondas, a torradeira e a fritadeira antiga, voc\u00ea usa apenas <strong>uma tomada<\/strong> para resolver tudo.<\/p>\n\n\n\n<p>Analise a compara\u00e7\u00e3o de desempenho na tabela abaixo:<\/p>\n\n\n\n<figure class=\"wp-block-table\"><table class=\"has-fixed-layout\"><tbody><tr><th>Caracter\u00edstica<\/th><th>Fritadeira de Gaveta (4L)<\/th><th>Forno Multifun\u00e7\u00f5es (12L)<\/th><\/tr><tr><td><strong>Preparo simult\u00e2neo<\/strong><\/td><td>Apenas 1 tipo de alimento<\/td><td>At\u00e9 3 andares de comida<\/td><\/tr><tr><td><strong>Consumo el\u00e9trico m\u00e9dio<\/strong><\/td><td>Alto, precisa de v\u00e1rios ciclos<\/td><td>Baixo, assa tudo de uma vez s\u00f3<\/td><\/tr><tr><td><strong>Visibilidade da receita<\/strong><\/td><td>Nenhuma, gaveta fechada e escura<\/td><td>Total, com porta de vidro e luz<\/td><\/tr><\/tbody><\/table><\/figure>\n\n\n\n<p>No v\u00eddeo a seguir, o canal <strong>TechGuru Andrew<\/strong>, com mais de 70 mil inscritos, mostra um pouco sobre o produto:<\/p>\n\n\n\n<figure class=\"wp-block-embed is-type-video is-provider-youtube wp-block-embed-youtube wp-embed-aspect-16-9 wp-has-aspect-ratio\"><div class=\"wp-block-embed__wrapper\">\n<div class=\"jeg_video_container jeg_video_content\"><iframe loading=\"lazy\" title=\"Silvercrest 9 in 1 Air Fryer SHF 1800 C1\" width=\"500\" height=\"281\" src=\"https:\/\/www.youtube.com\/embed\/mEe3pBC-PS0?feature=oembed\" frameborder=\"0\" allow=\"accelerometer; autoplay; clipboard-write; encrypted-media; gyroscope; picture-in-picture; web-share\" referrerpolicy=\"strict-origin-when-cross-origin\" allowfullscreen><\/iframe><\/div>\n<\/div><\/figure>\n\n\n\n<h2 class=\"wp-block-heading\">Onde guardar esse novo eletrodom\u00e9stico na cozinha?<\/h2>\n\n\n\n<p>O design quadrado desse forno inteligente foi pensado justamente para encaixar perfeitamente debaixo dos <strong>arm\u00e1rios a\u00e9reos<\/strong> padronizados do Brasil. Ele usa mais a altura do que a largura da sua bancada de granito, liberando espa\u00e7o para voc\u00ea picar os ingredientes frescos.<\/p>\n\n\n\n<p>O ideal \u00e9 manter um palmo de dist\u00e2ncia da parede para o motor respirar tranquilo durante os preparos mais longos e pesados de carnes. Doar seus equipamentos antigos e encostados tamb\u00e9m ajuda a organizar a casa e aproveitar ao m\u00e1ximo esse <strong>investimento certeiro<\/strong> para a sa\u00fade da fam\u00edlia.<\/p>\n","protected":false},"excerpt":{"rendered":"<p>O substituto da air fryer com capacidade de 12 litros chegou para mudar a rotina e liberar espa\u00e7o valioso na sua bancada pequena. Esse forno el\u00e9trico multifun\u00e7\u00f5es potente assa, frita sem \u00f3leo e desidrata os alimentos em minutos, substituindo de vez 9 aparelhos antigos que s\u00f3 juntam poeira. Por que o substituto da air fryer [&hellip;]<\/p>\n","protected":false},"author":11,"featured_media":202312,"comment_status":"open","ping_status":"open","sticky":false,"template":"","format":"standard","meta":{"_yoast_wpseo_focuskw":"substituto da air fryer","_yoast_wpseo_title":"","_yoast_wpseo_metadesc":"Procurando o substituto da air fryer ideal? O novo forno multifun\u00e7\u00f5es de 12 litros da Silvercrest economiza espa\u00e7o e faz o trabalho de 9 aparelhos.","jnews-multi-image_gallery":[],"jnews_single_post":{"format":"standard"},"jnews_primary_category":[],"jnews_social_meta":[],"jnews_override_counter":[],"footnotes":""},"categories":[143],"post_tag":[15705,15706],"class_list":["post-202060","post","type-post","status-publish","format-standard","has-post-thumbnail","hentry","category-casa-e-decoracao","tag-air-frayer","tag-eletrodomestico-2"],"yoast_head":"<!-- This site is optimized with the Yoast SEO plugin v24.6 - https:\/\/yoast.com\/wordpress\/plugins\/seo\/ -->\n<title>O substituto da air fryer: o novo aparelho de 12 litros que faz o trabalho de 9 eletrodom\u00e9sticos na cozinha - Correio Braziliense - Radar<\/title>\n<meta name=\"description\" content=\"Procurando o substituto da air fryer ideal? O novo forno multifun\u00e7\u00f5es de 12 litros da Silvercrest economiza espa\u00e7o e faz o trabalho de 9 aparelhos.\" \/>\n<meta name=\"robots\" content=\"index, follow, max-snippet:-1, max-image-preview:large, max-video-preview:-1\" \/>\n<link rel=\"canonical\" href=\"https:\/\/www.correiobraziliense.com.br\/cbradar\/o-substituto-da-air-fryer-o-novo-aparelho-de-12-litros-que-faz-o-trabalho-de-9-eletrodomesticos-na-cozinha\/\" \/>\n<meta property=\"og:locale\" content=\"pt_BR\" \/>\n<meta property=\"og:type\" content=\"article\" \/>\n<meta property=\"og:title\" content=\"O substituto da air fryer: o novo aparelho de 12 litros que faz o trabalho de 9 eletrodom\u00e9sticos na cozinha - Correio Braziliense - Radar\" \/>\n<meta property=\"og:description\" content=\"Procurando o substituto da air fryer ideal? O novo forno multifun\u00e7\u00f5es de 12 litros da Silvercrest economiza espa\u00e7o e faz o trabalho de 9 aparelhos.\" \/>\n<meta property=\"og:url\" content=\"https:\/\/www.correiobraziliense.com.br\/cbradar\/o-substituto-da-air-fryer-o-novo-aparelho-de-12-litros-que-faz-o-trabalho-de-9-eletrodomesticos-na-cozinha\/\" \/>\n<meta property=\"og:site_name\" content=\"Correio Braziliense - Radar\" \/>\n<meta property=\"article:published_time\" content=\"2026-03-04T23:55:00+00:00\" \/>\n<meta property=\"og:image\" content=\"https:\/\/www.correiobraziliense.com.br\/cbradar\/wp-content\/uploads\/2026\/03\/freepik__forno-eltrico-multifunes-12-litros-preto-com-porta__65697.jpeg\" \/>\n\t<meta property=\"og:image:width\" content=\"1280\" \/>\n\t<meta property=\"og:image:height\" content=\"720\" \/>\n\t<meta property=\"og:image:type\" content=\"image\/jpeg\" \/>\n<meta name=\"author\" content=\"Paulo Custodio\" \/>\n<meta name=\"twitter:card\" content=\"summary_large_image\" \/>\n<meta name=\"twitter:label1\" content=\"Escrito por\" \/>\n\t<meta name=\"twitter:data1\" content=\"Paulo Custodio\" \/>\n\t<meta name=\"twitter:label2\" content=\"Est. tempo de leitura\" \/>\n\t<meta name=\"twitter:data2\" content=\"4 minutos\" \/>\n<!-- \/ Yoast SEO plugin. -->","yoast_head_json":{"title":"O substituto da air fryer: o novo aparelho de 12 litros que faz o trabalho de 9 eletrodom\u00e9sticos na cozinha - Correio Braziliense - Radar","description":"Procurando o substituto da air fryer ideal? O novo forno multifun\u00e7\u00f5es de 12 litros da Silvercrest economiza espa\u00e7o e faz o trabalho de 9 aparelhos.","robots":{"index":"index","follow":"follow","max-snippet":"max-snippet:-1","max-image-preview":"max-image-preview:large","max-video-preview":"max-video-preview:-1"},"canonical":"https:\/\/www.correiobraziliense.com.br\/cbradar\/o-substituto-da-air-fryer-o-novo-aparelho-de-12-litros-que-faz-o-trabalho-de-9-eletrodomesticos-na-cozinha\/","og_locale":"pt_BR","og_type":"article","og_title":"O substituto da air fryer: o novo aparelho de 12 litros que faz o trabalho de 9 eletrodom\u00e9sticos na cozinha - Correio Braziliense - Radar","og_description":"Procurando o substituto da air fryer ideal? O novo forno multifun\u00e7\u00f5es de 12 litros da Silvercrest economiza espa\u00e7o e faz o trabalho de 9 aparelhos.","og_url":"https:\/\/www.correiobraziliense.com.br\/cbradar\/o-substituto-da-air-fryer-o-novo-aparelho-de-12-litros-que-faz-o-trabalho-de-9-eletrodomesticos-na-cozinha\/","og_site_name":"Correio Braziliense - Radar","article_published_time":"2026-03-04T23:55:00+00:00","og_image":[{"width":1280,"height":720,"url":"https:\/\/www.correiobraziliense.com.br\/cbradar\/wp-content\/uploads\/2026\/03\/freepik__forno-eltrico-multifunes-12-litros-preto-com-porta__65697.jpeg","type":"image\/jpeg"}],"author":"Paulo Custodio","twitter_card":"summary_large_image","twitter_misc":{"Escrito por":"Paulo Custodio","Est. tempo de leitura":"4 minutos"},"schema":{"@context":"https:\/\/schema.org","@graph":[{"@type":"WebPage","@id":"https:\/\/www.correiobraziliense.com.br\/cbradar\/o-substituto-da-air-fryer-o-novo-aparelho-de-12-litros-que-faz-o-trabalho-de-9-eletrodomesticos-na-cozinha\/","url":"https:\/\/www.correiobraziliense.com.br\/cbradar\/o-substituto-da-air-fryer-o-novo-aparelho-de-12-litros-que-faz-o-trabalho-de-9-eletrodomesticos-na-cozinha\/","name":"O substituto da air fryer: o novo aparelho de 12 litros que faz o trabalho de 9 eletrodom\u00e9sticos na cozinha - Correio Braziliense - Radar","isPartOf":{"@id":"https:\/\/www.correiobraziliense.com.br\/cbradar\/#website"},"primaryImageOfPage":{"@id":"https:\/\/www.correiobraziliense.com.br\/cbradar\/o-substituto-da-air-fryer-o-novo-aparelho-de-12-litros-que-faz-o-trabalho-de-9-eletrodomesticos-na-cozinha\/#primaryimage"},"image":{"@id":"https:\/\/www.correiobraziliense.com.br\/cbradar\/o-substituto-da-air-fryer-o-novo-aparelho-de-12-litros-que-faz-o-trabalho-de-9-eletrodomesticos-na-cozinha\/#primaryimage"},"thumbnailUrl":"https:\/\/www.correiobraziliense.com.br\/cbradar\/wp-content\/uploads\/2026\/03\/freepik__forno-eltrico-multifunes-12-litros-preto-com-porta__65697.jpeg","datePublished":"2026-03-04T23:55:00+00:00","author":{"@id":"https:\/\/www.correiobraziliense.com.br\/cbradar\/#\/schema\/person\/4cec7857301a9a1a2ef249893cd908d3"},"description":"Procurando o substituto da air fryer ideal? O novo forno multifun\u00e7\u00f5es de 12 litros da Silvercrest economiza espa\u00e7o e faz o trabalho de 9 aparelhos.","breadcrumb":{"@id":"https:\/\/www.correiobraziliense.com.br\/cbradar\/o-substituto-da-air-fryer-o-novo-aparelho-de-12-litros-que-faz-o-trabalho-de-9-eletrodomesticos-na-cozinha\/#breadcrumb"},"inLanguage":"pt-BR","potentialAction":[{"@type":"ReadAction","target":["https:\/\/www.correiobraziliense.com.br\/cbradar\/o-substituto-da-air-fryer-o-novo-aparelho-de-12-litros-que-faz-o-trabalho-de-9-eletrodomesticos-na-cozinha\/"]}]},{"@type":"ImageObject","inLanguage":"pt-BR","@id":"https:\/\/www.correiobraziliense.com.br\/cbradar\/o-substituto-da-air-fryer-o-novo-aparelho-de-12-litros-que-faz-o-trabalho-de-9-eletrodomesticos-na-cozinha\/#primaryimage","url":"https:\/\/www.correiobraziliense.com.br\/cbradar\/wp-content\/uploads\/2026\/03\/freepik__forno-eltrico-multifunes-12-litros-preto-com-porta__65697.jpeg","contentUrl":"https:\/\/www.correiobraziliense.com.br\/cbradar\/wp-content\/uploads\/2026\/03\/freepik__forno-eltrico-multifunes-12-litros-preto-com-porta__65697.jpeg","width":1280,"height":720,"caption":"Fornos el\u00e9tricos multifun\u00e7\u00f5es combinam diferentes modos como assar, grelhar e desidratar"},{"@type":"BreadcrumbList","@id":"https:\/\/www.correiobraziliense.com.br\/cbradar\/o-substituto-da-air-fryer-o-novo-aparelho-de-12-litros-que-faz-o-trabalho-de-9-eletrodomesticos-na-cozinha\/#breadcrumb","itemListElement":[{"@type":"ListItem","position":1,"name":"In\u00edcio","item":"https:\/\/www.correiobraziliense.com.br\/cbradar\/"},{"@type":"ListItem","position":2,"name":"O substituto da air fryer: o novo aparelho de 12 litros que faz o trabalho de 9 eletrodom\u00e9sticos na cozinha"}]},{"@type":"WebSite","@id":"https:\/\/www.correiobraziliense.com.br\/cbradar\/#website","url":"https:\/\/www.correiobraziliense.com.br\/cbradar\/","name":"Correio Braziliense - Radar","description":"Acompanhe as \u00faltimas not\u00edcias e fique bem informado sobre tudo o que acontece no Brasil e no mundo.","potentialAction":[{"@type":"SearchAction","target":{"@type":"EntryPoint","urlTemplate":"https:\/\/www.correiobraziliense.com.br\/cbradar\/?s={search_term_string}"},"query-input":{"@type":"PropertyValueSpecification","valueRequired":true,"valueName":"search_term_string"}}],"inLanguage":"pt-BR"},{"@type":"Person","@id":"https:\/\/www.correiobraziliense.com.br\/cbradar\/#\/schema\/person\/4cec7857301a9a1a2ef249893cd908d3","name":"Paulo Custodio","image":{"@type":"ImageObject","inLanguage":"pt-BR","@id":"https:\/\/www.correiobraziliense.com.br\/cbradar\/#\/schema\/person\/image\/","url":"https:\/\/secure.gravatar.com\/avatar\/bcd67168d1534e8fcf4f45c726a87cea?s=96&d=mm&r=g","contentUrl":"https:\/\/secure.gravatar.com\/avatar\/bcd67168d1534e8fcf4f45c726a87cea?s=96&d=mm&r=g","caption":"Paulo Custodio"},"sameAs":["https:\/\/www.correiobraziliense.com.br\/cbradar"],"url":"https:\/\/www.correiobraziliense.com.br\/cbradar\/author\/paulomyth\/"}]}},"_links":{"self":[{"href":"https:\/\/www.correiobraziliense.com.br\/cbradar\/wp-json\/wp\/v2\/posts\/202060","targetHints":{"allow":["GET"]}}],"collection":[{"href":"https:\/\/www.correiobraziliense.com.br\/cbradar\/wp-json\/wp\/v2\/posts"}],"about":[{"href":"https:\/\/www.correiobraziliense.com.br\/cbradar\/wp-json\/wp\/v2\/types\/post"}],"author":[{"embeddable":true,"href":"https:\/\/www.correiobraziliense.com.br\/cbradar\/wp-json\/wp\/v2\/users\/11"}],"replies":[{"embeddable":true,"href":"https:\/\/www.correiobraziliense.com.br\/cbradar\/wp-json\/wp\/v2\/comments?post=202060"}],"version-history":[{"count":1,"href":"https:\/\/www.correiobraziliense.com.br\/cbradar\/wp-json\/wp\/v2\/posts\/202060\/revisions"}],"predecessor-version":[{"id":202085,"href":"https:\/\/www.correiobraziliense.com.br\/cbradar\/wp-json\/wp\/v2\/posts\/202060\/revisions\/202085"}],"wp:featuredmedia":[{"embeddable":true,"href":"https:\/\/www.correiobraziliense.com.br\/cbradar\/wp-json\/wp\/v2\/media\/202312"}],"wp:attachment":[{"href":"https:\/\/www.correiobraziliense.com.br\/cbradar\/wp-json\/wp\/v2\/media?parent=202060"}],"wp:term":[{"taxonomy":"category","embeddable":true,"href":"https:\/\/www.correiobraziliense.com.br\/cbradar\/wp-json\/wp\/v2\/categories?post=202060"},{"taxonomy":"post_tag","embeddable":true,"href":"https:\/\/www.correiobraziliense.com.br\/cbradar\/wp-json\/wp\/v2\/post_tag?post=202060"}],"curies":[{"name":"wp","href":"https:\/\/api.w.org\/{rel}","templated":true}]}}