{"id":202115,"date":"2026-03-04T14:25:00","date_gmt":"2026-03-04T17:25:00","guid":{"rendered":"https:\/\/www.correiobraziliense.com.br\/cbradar\/?p=202115"},"modified":"2026-03-03T18:41:57","modified_gmt":"2026-03-03T21:41:57","slug":"fruta-amazonica-com-altissima-vitamina-c-pode-virar-renda-no-campo-e-reforcar-a-imunidade","status":"publish","type":"post","link":"https:\/\/www.correiobraziliense.com.br\/cbradar\/fruta-amazonica-com-altissima-vitamina-c-pode-virar-renda-no-campo-e-reforcar-a-imunidade\/","title":{"rendered":"Fruta amaz\u00f4nica com alt\u00edssima vitamina C pode virar renda no campo e refor\u00e7ar a imunidade"},"content":{"rendered":"\n<p>Imagine caminhar \u00e0s margens de um rio na Amaz\u00f4nia e encontrar pequenos frutos avermelhados, azedinhos, que parecem discretos, mas escondem uma verdadeira \u201cbomba\u201d de <b>vitamina C<\/b>: esse \u00e9 o <b>camu-camu<\/b>, cada vez mais conhecido por quem busca melhorar a <b>alimenta\u00e7\u00e3o<\/b> e, ao mesmo tempo, diversificar a produ\u00e7\u00e3o rural. Essa fruta amaz\u00f4nica, de sabor marcante e tamanho reduzido, j\u00e1 aparece em sucos, polpas congeladas e produtos naturais, chamando a aten\u00e7\u00e3o tanto de consumidores quanto de pequenos produtores interessados em aprender como plantar camu-camu de forma simples e eficiente.<\/p>\n\n\n\n<h2 class=\"wp-block-heading\">Quais s\u00e3o as principais caracter\u00edsticas da planta de camu-camu<\/h2>\n\n\n\n<p>A planta do camu-camu \u00e9 um <b>arbusto<\/b> ou pequena \u00e1rvore t\u00edpica de \u00e1reas alagadas, principalmente \u00e0s margens de rios e igarap\u00e9s. Por gostar de \u00e1gua em abund\u00e2ncia, adapta-se bem a solos <b>encharcados<\/b> ou com alta umidade, algo que muitas culturas n\u00e3o suportam t\u00e3o bem.<\/p>\n\n\n\n<p>Embora seja nativa da Amaz\u00f4nia, o <b>cultivo<\/b> n\u00e3o precisa ficar restrito \u00e0 floresta: com irriga\u00e7\u00e3o frequente e prote\u00e7\u00e3o contra clima muito seco ou frio intenso, \u00e9 poss\u00edvel formar <b>pomares<\/b> em outras regi\u00f5es \u00famidas do Brasil. Assim, o camu-camu se torna uma op\u00e7\u00e3o interessante para aproveitar baixadas e \u00e1reas \u00famidas em pequenas <b>propriedades<\/b>.<\/p>\n\n\n<div class=\"wp-block-image\">\n<figure class=\"aligncenter size-large\"><img decoding=\"async\" width=\"1024\" height=\"576\" src=\"https:\/\/www.correiobraziliense.com.br\/cbradar\/wp-content\/uploads\/2026\/01\/Gemini_Generated_Image_nzge62nzge62nzge-1-1024x576.png\" alt=\"\" class=\"wp-image-176934\" srcset=\"https:\/\/www.correiobraziliense.com.br\/cbradar\/wp-content\/uploads\/2026\/01\/Gemini_Generated_Image_nzge62nzge62nzge-1-1024x576.png 1024w, https:\/\/www.correiobraziliense.com.br\/cbradar\/wp-content\/uploads\/2026\/01\/Gemini_Generated_Image_nzge62nzge62nzge-1-300x169.png 300w, https:\/\/www.correiobraziliense.com.br\/cbradar\/wp-content\/uploads\/2026\/01\/Gemini_Generated_Image_nzge62nzge62nzge-1-768x432.png 768w, https:\/\/www.correiobraziliense.com.br\/cbradar\/wp-content\/uploads\/2026\/01\/Gemini_Generated_Image_nzge62nzge62nzge-1-750x422.png 750w, https:\/\/www.correiobraziliense.com.br\/cbradar\/wp-content\/uploads\/2026\/01\/Gemini_Generated_Image_nzge62nzge62nzge-1-1140x641.png 1140w, https:\/\/www.correiobraziliense.com.br\/cbradar\/wp-content\/uploads\/2026\/01\/Gemini_Generated_Image_nzge62nzge62nzge-1.png 1280w\" sizes=\"(max-width: 1024px) 100vw, 1024px\" \/><figcaption class=\"wp-element-caption\">\u00c9 comum que a ind\u00fastria ajuste o sabor do camu-camu, j\u00e1 que o fruto apresenta acidez marcante<\/figcaption><\/figure><\/div>\n\n\n<p>Leia tamb\u00e9m:&nbsp;<a href=\"https:\/\/www.correiobraziliense.com.br\/cbradar\/como-plantar-morangos-em-canos-de-pvc-e-colher-o-ano-todo-em-apartamentos\/\" target=\"_blank\" rel=\"noopener\">Como plantar morangos em canos de PVC e colher o ano todo em apartamentos<\/a><\/p>\n\n\n\n<h2 class=\"wp-block-heading\">Quais s\u00e3o as propriedades nutricionais e o papel da vitamina C no camu-camu<\/h2>\n\n\n\n<p>Quando se fala em camu-camu, a primeira associa\u00e7\u00e3o costuma ser vitamina C em alta dose. A polpa fresca pode apresentar teores muito superiores aos da <b>laranja<\/b> e do lim\u00e3o, o que transforma a fruta em uma grande aliada para quem procura alimentos naturais com alto <b>valor nutricional<\/b> no dia a dia. Em algumas comunidades amaz\u00f4nicas, o camu-camu j\u00e1 \u00e9 usado como <b>ingrediente<\/b> base em bebidas tradicionais e preparados medicinais caseiros.<\/p>\n\n\n\n<p>Al\u00e9m da vitamina C, o camu-camu oferece <b>antioxidantes<\/b>, fibras e pequenas quantidades de minerais, ajudando a compor uma alimenta\u00e7\u00e3o mais equilibrada. Seus compostos fen\u00f3licos, como antocianinas e <b>flavonoides<\/b>, atuam na prote\u00e7\u00e3o das c\u00e9lulas contra danos oxidativos, enquanto o baixo teor <b>cal\u00f3rico<\/b> facilita o consumo em diferentes tipos de dieta.<\/p>\n\n\n\n<h2 class=\"wp-block-heading\">Quais s\u00e3o os principais nutrientes do camu-camu por 100 g de polpa<\/h2>\n\n\n\n<p>Para entender melhor por que o camu-camu vem ganhando espa\u00e7o, vale olhar um resumo dos nutrientes presentes na polpa in natura. Os valores abaixo s\u00e3o m\u00e9dias aproximadas, que podem variar conforme a <b>origem<\/b> do fruto, o ponto de colheita e o tipo de <b>an\u00e1lise<\/b> realizada. Em produtos processados, como polpas congeladas, esses teores podem mudar devido ao <b>armazenamento<\/b> e ao tempo de estocagem.<\/p>\n\n\n\n<figure class=\"wp-block-table\"><table class=\"has-fixed-layout\"><tbody><tr><th>Componente<\/th><th>Quantidade aproximada por 100 g<\/th><\/tr><tr><td>Energia (calorias)<\/td><td>15\u201325 kcal<\/td><\/tr><tr><td>Vitamina C<\/td><td>1.800\u20132.500 mg<\/td><\/tr><tr><td>Carboidratos totais<\/td><td>3\u20136 g<\/td><\/tr><tr><td>Prote\u00ednas<\/td><td>0,5\u20131 g<\/td><\/tr><tr><td>Fibras totais<\/td><td>1\u20132 g<\/td><\/tr><tr><td>C\u00e1lcio<\/td><td>5\u201315 mg<\/td><\/tr><tr><td>Pot\u00e1ssio<\/td><td>60\u2013100 mg<\/td><\/tr><\/tbody><\/table><\/figure>\n\n\n\n<p>Essas informa\u00e7\u00f5es servem de base para <b>nutricionistas<\/b>, t\u00e9cnicos e agricultores planejarem melhor o uso da fruta, seja em sucos concentrados, polpas congeladas ou p\u00f3s, em que o teor de vitamina C pode mudar bastante conforme o <b>processamento<\/b> e a dilui\u00e7\u00e3o. Para fins de <b>rotulagem<\/b> nutricional, muitos produtores utilizam esses dados m\u00e9dios como refer\u00eancia.<\/p>\n\n\n\n<h2 class=\"wp-block-heading\">Como plantar camu-camu de forma simples e eficiente<\/h2>\n\n\n\n<p>O plantio come\u00e7a pela escolha de <b>mudas<\/b> saud\u00e1veis, compradas de viveiros confi\u00e1veis ou projetos de pesquisa, o que diminui o risco de problemas no pomar. A propaga\u00e7\u00e3o pode ser por sementes ou t\u00e9cnicas como <b>estacas<\/b> e enxertia, que costumam gerar plantas mais parecidas entre si e com produ\u00e7\u00e3o mais <b>uniforme<\/b>.<\/p>\n\n\n\n<p>O ideal \u00e9 usar solo \u00famido, rico em <b>mat\u00e9ria org\u00e2nica<\/b> e com pH levemente \u00e1cido a neutro, de prefer\u00eancia em \u00e1reas pr\u00f3ximas a corpos d\u2019\u00e1gua ou sujeitas a encharcamento peri\u00f3dico. Onde n\u00e3o h\u00e1 alagamentos naturais, a irriga\u00e7\u00e3o constante e o uso de <b>cobertura morta<\/b> ajudam a manter a umidade, seguindo um roteiro pr\u00e1tico que inclui an\u00e1lise do solo, corre\u00e7\u00e3o da <b>acidez<\/b>, plantio em covas profundas e aduba\u00e7\u00e3o de manuten\u00e7\u00e3o orientada por recomenda\u00e7\u00e3o t\u00e9cnica.<\/p>\n\n\n\n<p>Se voc\u00ea gosta de cultivo, separamos esse v\u00eddeo do canal <a href=\"https:\/\/www.youtube.com\/@VamosFalardasFlores\" target=\"_blank\" rel=\"noreferrer noopener\">Vamos falar das flores<\/a> ensinando a plantar essa fruta em casa:<\/p>\n\n\n\n<figure class=\"wp-block-embed is-type-video is-provider-youtube wp-block-embed-youtube wp-embed-aspect-16-9 wp-has-aspect-ratio\"><div class=\"wp-block-embed__wrapper\">\n<div class=\"jeg_video_container jeg_video_content\"><iframe loading=\"lazy\" title=\"Tudo Sobre Camu Camu: O Fruto com Mais Vitamina C do Mundo!\" width=\"500\" height=\"281\" src=\"https:\/\/www.youtube.com\/embed\/0wVm4qvCLi0?feature=oembed\" frameborder=\"0\" allow=\"accelerometer; autoplay; clipboard-write; encrypted-media; gyroscope; picture-in-picture; web-share\" referrerpolicy=\"strict-origin-when-cross-origin\" allowfullscreen><\/iframe><\/div>\n<\/div><\/figure>\n\n\n\n<h2 class=\"wp-block-heading\">Quais cuidados tomar no manejo, colheita e uso do camu-camu<\/h2>\n\n\n\n<p>Depois que o pomar est\u00e1 estabelecido, alguns cuidados simples fazem diferen\u00e7a: a poda de <b>forma\u00e7\u00e3o<\/b> ajuda a controlar a altura da planta e melhora a entrada de luz, enquanto a retirada de ramos doentes ou mal posicionados reduz o risco de <b>pragas<\/b> e doen\u00e7as. Como muitos problemas ainda est\u00e3o em estudo, observar as plantas com frequ\u00eancia \u00e9 uma pr\u00e1tica <b>valiosa<\/b>.<\/p>\n\n\n\n<p>A colheita ocorre quando os frutos ficam uniformemente avermelhados e firmes, sendo feita de forma manual por causa da sensibilidade da fruta. Para aproveitar bem o camu-camu na rotina, ele pode ser usado de v\u00e1rias maneiras, que se encaixam tanto no consumo dom\u00e9stico quanto em pequenos <b>empreendimentos<\/b> locais. Em regi\u00f5es tur\u00edsticas, a fruta j\u00e1 \u00e9 destaque em <b>feiras<\/b> de produtos regionais e pode estimular o agroturismo em propriedades <b>familiares<\/b>.<\/p>\n\n\n\n<ul class=\"wp-block-list\">\n<li>Suco puro ou misturado com outras <b>frutas<\/b> para suavizar a acidez.<\/li>\n\n\n\n<li>Polpa congelada em <b>vitaminas<\/b>, sorvetes e sobremesas caseiras.<\/li>\n\n\n\n<li>Extratos secos em c\u00e1psulas e suplementos de vitamina C de origem <b>vegetal<\/b>.<\/li>\n\n\n\n<li>Compotas, geleias e <b>caldas<\/b> artesanais para agregar valor \u00e0 produ\u00e7\u00e3o.<\/li>\n<\/ul>\n\n\n\n<p>Combinando boa <b>nutri\u00e7\u00e3o<\/b>, manejo adequado e aproveitamento criativo na cozinha, o camu-camu se mostra uma alternativa promissora para agricultores de regi\u00f5es \u00famidas e para quem valoriza alimentos <b>funcionais<\/b>. Pesquisas em andamento, at\u00e9 2026, continuam buscando formas de aumentar a <b>produtividade<\/b>, adaptar o cultivo a novas \u00e1reas e melhorar a renda de quem aposta nessa fruta t\u00edpica da Amaz\u00f4nia.<\/p>\n","protected":false},"excerpt":{"rendered":"<p>Imagine caminhar \u00e0s margens de um rio na Amaz\u00f4nia e encontrar pequenos frutos avermelhados, azedinhos, que parecem discretos, mas escondem uma verdadeira \u201cbomba\u201d de vitamina C: esse \u00e9 o camu-camu, cada vez mais conhecido por quem busca melhorar a alimenta\u00e7\u00e3o e, ao mesmo tempo, diversificar a produ\u00e7\u00e3o rural. Essa fruta amaz\u00f4nica, de sabor marcante e [&hellip;]<\/p>\n","protected":false},"author":9,"featured_media":202490,"comment_status":"open","ping_status":"open","sticky":false,"template":"","format":"standard","meta":{"_yoast_wpseo_focuskw":"plantar camu-camu em casa","_yoast_wpseo_title":"","_yoast_wpseo_metadesc":"Uma fruta amaz\u00f4nica rica em vitamina C ganha destaque tanto na alimenta\u00e7\u00e3o quanto no plantio em regi\u00f5es \u00famidas do Brasil.","jnews-multi-image_gallery":[],"jnews_single_post":{"format":"standard"},"jnews_primary_category":[],"jnews_social_meta":[],"jnews_override_counter":[],"footnotes":""},"categories":[119,4404],"post_tag":[12137,15164,4258],"class_list":["post-202115","post","type-post","status-publish","format-standard","has-post-thumbnail","hentry","category-bem-estar","category-saude","tag-camu-camu","tag-superfruta","tag-vitamina-c"],"yoast_head":"<!-- This site is optimized with the Yoast SEO plugin v24.6 - https:\/\/yoast.com\/wordpress\/plugins\/seo\/ -->\n<title>Fruta amaz\u00f4nica com alt\u00edssima vitamina C pode virar renda no campo e refor\u00e7ar a imunidade - Correio Braziliense - Radar<\/title>\n<meta name=\"description\" content=\"Uma fruta amaz\u00f4nica rica em vitamina C ganha destaque tanto na alimenta\u00e7\u00e3o quanto no plantio em regi\u00f5es \u00famidas do Brasil.\" \/>\n<meta name=\"robots\" content=\"index, follow, max-snippet:-1, max-image-preview:large, max-video-preview:-1\" \/>\n<link rel=\"canonical\" href=\"https:\/\/www.correiobraziliense.com.br\/cbradar\/fruta-amazonica-com-altissima-vitamina-c-pode-virar-renda-no-campo-e-reforcar-a-imunidade\/\" \/>\n<meta property=\"og:locale\" content=\"pt_BR\" \/>\n<meta property=\"og:type\" content=\"article\" \/>\n<meta property=\"og:title\" content=\"Fruta amaz\u00f4nica com alt\u00edssima vitamina C pode virar renda no campo e refor\u00e7ar a imunidade - Correio Braziliense - Radar\" \/>\n<meta property=\"og:description\" content=\"Uma fruta amaz\u00f4nica rica em vitamina C ganha destaque tanto na alimenta\u00e7\u00e3o quanto no plantio em regi\u00f5es \u00famidas do Brasil.\" \/>\n<meta property=\"og:url\" content=\"https:\/\/www.correiobraziliense.com.br\/cbradar\/fruta-amazonica-com-altissima-vitamina-c-pode-virar-renda-no-campo-e-reforcar-a-imunidade\/\" \/>\n<meta property=\"og:site_name\" content=\"Correio Braziliense - Radar\" \/>\n<meta property=\"article:published_time\" content=\"2026-03-04T17:25:00+00:00\" \/>\n<meta property=\"og:image\" content=\"https:\/\/www.correiobraziliense.com.br\/cbradar\/wp-content\/uploads\/2026\/03\/freepik__ramo-de-camucamu-beira-de-rio-amaznico-com-vrios-f__71649.jpeg\" \/>\n\t<meta property=\"og:image:width\" content=\"1280\" \/>\n\t<meta property=\"og:image:height\" content=\"720\" \/>\n\t<meta property=\"og:image:type\" content=\"image\/jpeg\" \/>\n<meta name=\"author\" content=\"Daniely Cardoso\" \/>\n<meta name=\"twitter:card\" content=\"summary_large_image\" \/>\n<meta name=\"twitter:label1\" content=\"Escrito por\" \/>\n\t<meta name=\"twitter:data1\" content=\"Daniely Cardoso\" \/>\n\t<meta name=\"twitter:label2\" content=\"Est. tempo de leitura\" \/>\n\t<meta name=\"twitter:data2\" content=\"6 minutos\" \/>\n<!-- \/ Yoast SEO plugin. -->","yoast_head_json":{"title":"Fruta amaz\u00f4nica com alt\u00edssima vitamina C pode virar renda no campo e refor\u00e7ar a imunidade - Correio Braziliense - Radar","description":"Uma fruta amaz\u00f4nica rica em vitamina C ganha destaque tanto na alimenta\u00e7\u00e3o quanto no plantio em regi\u00f5es \u00famidas do Brasil.","robots":{"index":"index","follow":"follow","max-snippet":"max-snippet:-1","max-image-preview":"max-image-preview:large","max-video-preview":"max-video-preview:-1"},"canonical":"https:\/\/www.correiobraziliense.com.br\/cbradar\/fruta-amazonica-com-altissima-vitamina-c-pode-virar-renda-no-campo-e-reforcar-a-imunidade\/","og_locale":"pt_BR","og_type":"article","og_title":"Fruta amaz\u00f4nica com alt\u00edssima vitamina C pode virar renda no campo e refor\u00e7ar a imunidade - Correio Braziliense - Radar","og_description":"Uma fruta amaz\u00f4nica rica em vitamina C ganha destaque tanto na alimenta\u00e7\u00e3o quanto no plantio em regi\u00f5es \u00famidas do Brasil.","og_url":"https:\/\/www.correiobraziliense.com.br\/cbradar\/fruta-amazonica-com-altissima-vitamina-c-pode-virar-renda-no-campo-e-reforcar-a-imunidade\/","og_site_name":"Correio Braziliense - Radar","article_published_time":"2026-03-04T17:25:00+00:00","og_image":[{"width":1280,"height":720,"url":"https:\/\/www.correiobraziliense.com.br\/cbradar\/wp-content\/uploads\/2026\/03\/freepik__ramo-de-camucamu-beira-de-rio-amaznico-com-vrios-f__71649.jpeg","type":"image\/jpeg"}],"author":"Daniely Cardoso","twitter_card":"summary_large_image","twitter_misc":{"Escrito por":"Daniely Cardoso","Est. tempo de leitura":"6 minutos"},"schema":{"@context":"https:\/\/schema.org","@graph":[{"@type":"WebPage","@id":"https:\/\/www.correiobraziliense.com.br\/cbradar\/fruta-amazonica-com-altissima-vitamina-c-pode-virar-renda-no-campo-e-reforcar-a-imunidade\/","url":"https:\/\/www.correiobraziliense.com.br\/cbradar\/fruta-amazonica-com-altissima-vitamina-c-pode-virar-renda-no-campo-e-reforcar-a-imunidade\/","name":"Fruta amaz\u00f4nica com alt\u00edssima vitamina C pode virar renda no campo e refor\u00e7ar a imunidade - Correio Braziliense - Radar","isPartOf":{"@id":"https:\/\/www.correiobraziliense.com.br\/cbradar\/#website"},"primaryImageOfPage":{"@id":"https:\/\/www.correiobraziliense.com.br\/cbradar\/fruta-amazonica-com-altissima-vitamina-c-pode-virar-renda-no-campo-e-reforcar-a-imunidade\/#primaryimage"},"image":{"@id":"https:\/\/www.correiobraziliense.com.br\/cbradar\/fruta-amazonica-com-altissima-vitamina-c-pode-virar-renda-no-campo-e-reforcar-a-imunidade\/#primaryimage"},"thumbnailUrl":"https:\/\/www.correiobraziliense.com.br\/cbradar\/wp-content\/uploads\/2026\/03\/freepik__ramo-de-camucamu-beira-de-rio-amaznico-com-vrios-f__71649.jpeg","datePublished":"2026-03-04T17:25:00+00:00","author":{"@id":"https:\/\/www.correiobraziliense.com.br\/cbradar\/#\/schema\/person\/7356666e12ec0ee53f348ee5db227032"},"description":"Uma fruta amaz\u00f4nica rica em vitamina C ganha destaque tanto na alimenta\u00e7\u00e3o quanto no plantio em regi\u00f5es \u00famidas do Brasil.","breadcrumb":{"@id":"https:\/\/www.correiobraziliense.com.br\/cbradar\/fruta-amazonica-com-altissima-vitamina-c-pode-virar-renda-no-campo-e-reforcar-a-imunidade\/#breadcrumb"},"inLanguage":"pt-BR","potentialAction":[{"@type":"ReadAction","target":["https:\/\/www.correiobraziliense.com.br\/cbradar\/fruta-amazonica-com-altissima-vitamina-c-pode-virar-renda-no-campo-e-reforcar-a-imunidade\/"]}]},{"@type":"ImageObject","inLanguage":"pt-BR","@id":"https:\/\/www.correiobraziliense.com.br\/cbradar\/fruta-amazonica-com-altissima-vitamina-c-pode-virar-renda-no-campo-e-reforcar-a-imunidade\/#primaryimage","url":"https:\/\/www.correiobraziliense.com.br\/cbradar\/wp-content\/uploads\/2026\/03\/freepik__ramo-de-camucamu-beira-de-rio-amaznico-com-vrios-f__71649.jpeg","contentUrl":"https:\/\/www.correiobraziliense.com.br\/cbradar\/wp-content\/uploads\/2026\/03\/freepik__ramo-de-camucamu-beira-de-rio-amaznico-com-vrios-f__71649.jpeg","width":1280,"height":720,"caption":"O camu-camu \u00e9 uma fruta amaz\u00f4nica conhecida cientificamente como Myrciaria dubia"},{"@type":"BreadcrumbList","@id":"https:\/\/www.correiobraziliense.com.br\/cbradar\/fruta-amazonica-com-altissima-vitamina-c-pode-virar-renda-no-campo-e-reforcar-a-imunidade\/#breadcrumb","itemListElement":[{"@type":"ListItem","position":1,"name":"In\u00edcio","item":"https:\/\/www.correiobraziliense.com.br\/cbradar\/"},{"@type":"ListItem","position":2,"name":"Fruta amaz\u00f4nica com alt\u00edssima vitamina C pode virar renda no campo e refor\u00e7ar a imunidade"}]},{"@type":"WebSite","@id":"https:\/\/www.correiobraziliense.com.br\/cbradar\/#website","url":"https:\/\/www.correiobraziliense.com.br\/cbradar\/","name":"Correio Braziliense - Radar","description":"Acompanhe as \u00faltimas not\u00edcias e fique bem informado sobre tudo o que acontece no Brasil e no mundo.","potentialAction":[{"@type":"SearchAction","target":{"@type":"EntryPoint","urlTemplate":"https:\/\/www.correiobraziliense.com.br\/cbradar\/?s={search_term_string}"},"query-input":{"@type":"PropertyValueSpecification","valueRequired":true,"valueName":"search_term_string"}}],"inLanguage":"pt-BR"},{"@type":"Person","@id":"https:\/\/www.correiobraziliense.com.br\/cbradar\/#\/schema\/person\/7356666e12ec0ee53f348ee5db227032","name":"Daniely Cardoso","image":{"@type":"ImageObject","inLanguage":"pt-BR","@id":"https:\/\/www.correiobraziliense.com.br\/cbradar\/#\/schema\/person\/image\/","url":"https:\/\/secure.gravatar.com\/avatar\/4b80ddbd124d1f071b626d52d62e5dff?s=96&d=mm&r=g","contentUrl":"https:\/\/secure.gravatar.com\/avatar\/4b80ddbd124d1f071b626d52d62e5dff?s=96&d=mm&r=g","caption":"Daniely Cardoso"},"description":"Redatora nos portais CB Radar e EM Foco, formada pela Universidade Federal de Goi\u00e1s, em Goi\u00e2nia. Apaixonada por comunica\u00e7\u00e3o, arte, decora\u00e7\u00e3o e tend\u00eancias, atuo na produ\u00e7\u00e3o de conte\u00fados envolventes sobre curiosidades, moda, beleza e paisagismo, sempre com um olhar atento \u00e0s novidades do momento.","sameAs":["https:\/\/www.correiobraziliense.com.br\/cbradar"],"url":"https:\/\/www.correiobraziliense.com.br\/cbradar\/author\/danielymyth\/"}]}},"_links":{"self":[{"href":"https:\/\/www.correiobraziliense.com.br\/cbradar\/wp-json\/wp\/v2\/posts\/202115","targetHints":{"allow":["GET"]}}],"collection":[{"href":"https:\/\/www.correiobraziliense.com.br\/cbradar\/wp-json\/wp\/v2\/posts"}],"about":[{"href":"https:\/\/www.correiobraziliense.com.br\/cbradar\/wp-json\/wp\/v2\/types\/post"}],"author":[{"embeddable":true,"href":"https:\/\/www.correiobraziliense.com.br\/cbradar\/wp-json\/wp\/v2\/users\/9"}],"replies":[{"embeddable":true,"href":"https:\/\/www.correiobraziliense.com.br\/cbradar\/wp-json\/wp\/v2\/comments?post=202115"}],"version-history":[{"count":2,"href":"https:\/\/www.correiobraziliense.com.br\/cbradar\/wp-json\/wp\/v2\/posts\/202115\/revisions"}],"predecessor-version":[{"id":202127,"href":"https:\/\/www.correiobraziliense.com.br\/cbradar\/wp-json\/wp\/v2\/posts\/202115\/revisions\/202127"}],"wp:featuredmedia":[{"embeddable":true,"href":"https:\/\/www.correiobraziliense.com.br\/cbradar\/wp-json\/wp\/v2\/media\/202490"}],"wp:attachment":[{"href":"https:\/\/www.correiobraziliense.com.br\/cbradar\/wp-json\/wp\/v2\/media?parent=202115"}],"wp:term":[{"taxonomy":"category","embeddable":true,"href":"https:\/\/www.correiobraziliense.com.br\/cbradar\/wp-json\/wp\/v2\/categories?post=202115"},{"taxonomy":"post_tag","embeddable":true,"href":"https:\/\/www.correiobraziliense.com.br\/cbradar\/wp-json\/wp\/v2\/post_tag?post=202115"}],"curies":[{"name":"wp","href":"https:\/\/api.w.org\/{rel}","templated":true}]}}