{"id":202251,"date":"2026-03-04T18:45:00","date_gmt":"2026-03-04T21:45:00","guid":{"rendered":"https:\/\/www.correiobraziliense.com.br\/cbradar\/?p=202251"},"modified":"2026-03-03T11:10:32","modified_gmt":"2026-03-03T14:10:32","slug":"a-psicologia-revela-que-pessoas-que-nao-discutem-para-ter-razao-costumam-ter-maior-inteligencia-emocional","status":"publish","type":"post","link":"https:\/\/www.correiobraziliense.com.br\/cbradar\/a-psicologia-revela-que-pessoas-que-nao-discutem-para-ter-razao-costumam-ter-maior-inteligencia-emocional\/","title":{"rendered":"A psicologia revela que pessoas que n\u00e3o discutem para \u201cter raz\u00e3o\u201d costumam ter maior intelig\u00eancia emocional"},"content":{"rendered":"\n<p>Priorizar a paz interior em vez da vit\u00f3ria intelectual \u00e9 uma marca registrada de quem possui estabilidade psicol\u00f3gica profunda. Discuss\u00f5es in\u00fateis consomem energia vital e desgastam la\u00e7os afetivos que deveriam ser preservados a todo custo. Escolher n\u00e3o alimentar conflitos desnecess\u00e1rios reflete uma maturidade que valoriza o bem-estar coletivo acima do ego individual persistente.<\/p>\n\n\n\n<h2 class=\"wp-block-heading\">Por que o ego atrapalha a resolu\u00e7\u00e3o de conflitos?<\/h2>\n\n\n\n<p>O desejo de estar sempre certo cria barreiras intranspon\u00edveis na comunica\u00e7\u00e3o interpessoal, impedindo que solu\u00e7\u00f5es pr\u00e1ticas surjam naturalmente durante um embate. Quando o ego domina a conversa, o foco muda da resolu\u00e7\u00e3o do problema para a valida\u00e7\u00e3o da pr\u00f3pria superioridade intelectual perante os outros envolvidos. Essa necessidade de afirma\u00e7\u00e3o constante revela uma inseguran\u00e7a oculta que prejudica as rela\u00e7\u00f5es.<\/p>\n\n\n\n<p>Manter-se r\u00edgido em opini\u00f5es pessoais gera um clima de tens\u00e3o que afasta colaboradores e amigos pr\u00f3ximos em diversos contextos sociais contempor\u00e2neos. Indiv\u00edduos que n\u00e3o admitem falhas raramente conseguem evoluir, pois est\u00e3o constantemente ocupados defendendo posi\u00e7\u00f5es obsoletas apenas para n\u00e3o parecerem vulner\u00e1veis ou ignorantes. Aceitar a perspectiva alheia \u00e9 o primeiro passo para o crescimento pessoal e a sabedoria.<\/p>\n\n\n<div class=\"wp-block-image\">\n<figure class=\"aligncenter size-large\"><img decoding=\"async\" width=\"1024\" height=\"576\" src=\"https:\/\/www.correiobraziliense.com.br\/cbradar\/wp-content\/uploads\/2026\/03\/Gemini_Generated_Image_7nhv2z7nhv2z7nhv-1-1-1024x576.png\" alt=\"A psicologia revela que pessoas que n\u00e3o discutem para \u201cter raz\u00e3o\u201d costumam ter maior intelig\u00eancia emocional\" class=\"wp-image-202264\" srcset=\"https:\/\/www.correiobraziliense.com.br\/cbradar\/wp-content\/uploads\/2026\/03\/Gemini_Generated_Image_7nhv2z7nhv2z7nhv-1-1-1024x576.png 1024w, https:\/\/www.correiobraziliense.com.br\/cbradar\/wp-content\/uploads\/2026\/03\/Gemini_Generated_Image_7nhv2z7nhv2z7nhv-1-1-300x169.png 300w, https:\/\/www.correiobraziliense.com.br\/cbradar\/wp-content\/uploads\/2026\/03\/Gemini_Generated_Image_7nhv2z7nhv2z7nhv-1-1-768x432.png 768w, https:\/\/www.correiobraziliense.com.br\/cbradar\/wp-content\/uploads\/2026\/03\/Gemini_Generated_Image_7nhv2z7nhv2z7nhv-1-1-750x422.png 750w, https:\/\/www.correiobraziliense.com.br\/cbradar\/wp-content\/uploads\/2026\/03\/Gemini_Generated_Image_7nhv2z7nhv2z7nhv-1-1-1140x641.png 1140w, https:\/\/www.correiobraziliense.com.br\/cbradar\/wp-content\/uploads\/2026\/03\/Gemini_Generated_Image_7nhv2z7nhv2z7nhv-1-1.png 1280w\" sizes=\"(max-width: 1024px) 100vw, 1024px\" \/><figcaption class=\"wp-element-caption\">Escolher n\u00e3o discutir para ter raz\u00e3o pode revelar um n\u00edvel elevado de maturidade emocional<\/figcaption><\/figure><\/div>\n\n\n<h2 class=\"wp-block-heading\">Como o desapego da raz\u00e3o fortalece os v\u00ednculos?<\/h2>\n\n\n\n<p>Ao abrir m\u00e3o da necessidade de vencer todas as discuss\u00f5es, o indiv\u00edduo demonstra que valoriza o outro acima da pr\u00f3pria vaidade pessoal. Essa atitude gera uma atmosfera de seguran\u00e7a emocional onde as pessoas se sentem \u00e0 vontade para expressar pensamentos divergentes sem medo de julgamentos severos. O desapego da raz\u00e3o absoluta facilita a constru\u00e7\u00e3o de pontes s\u00f3lidas entre diferentes mundos.<\/p>\n\n\n\n<p>A conex\u00e3o genu\u00edna floresce quando as partes envolvidas buscam o entendimento m\u00fatuo em vez da capitula\u00e7\u00e3o do oponente verbal durante os conflitos. Abandonar a disputa pela raz\u00e3o absoluta permite que di\u00e1logos construtivos substituam confrontos agressivos, fortalecendo a confian\u00e7a e a lealdade entre os parceiros de longa data. Rela\u00e7\u00f5es baseadas na flexibilidade mental s\u00e3o muito mais resistentes ao desgaste do tempo e das crises.<\/p>\n\n\n\n<p>Leia tamb\u00e9m: <a href=\"https:\/\/www.correiobraziliense.com.br\/cbradar\/por-que-algumas-pessoas-se-sentem-atacadas-quando-recebem-feedback-no-relacionamento\/\" target=\"_blank\" rel=\"noreferrer noopener\">Por que algumas pessoas se sentem atacadas quando recebem feedback no relacionamento<\/a><\/p>\n\n\n\n<h2 class=\"wp-block-heading\">Quais comportamentos definem o comunicador s\u00e1bio?<\/h2>\n\n\n\n<p>O comunicador s\u00e1bio utiliza a escuta ativa para compreender as motiva\u00e7\u00f5es profundas por tr\u00e1s das palavras de seu interlocutor direto no cotidiano. Ele reconhece que a verdade costuma ter m\u00faltiplas perspectivas v\u00e1lidas e que o sil\u00eancio estrat\u00e9gico pode ser muito mais eficaz do que qualquer argumento l\u00f3gico. Dominar a arte de ouvir \u00e9 essencial para quem busca influenciar positivamente o seu meio.<\/p>\n\n\n\n<p>Confira a lista abaixo:<\/p>\n\n\n\n<ul class=\"wp-block-list\">\n<li>Foco em encontrar solu\u00e7\u00f5es colaborativas r\u00e1pidas.<\/li>\n\n\n\n<li>Uso frequente da comunica\u00e7\u00e3o n\u00e3o violenta assertiva.<\/li>\n\n\n\n<li>Capacidade de pedir desculpas sinceramente aos outros.<\/li>\n\n\n\n<li>Respeito absoluto pelo ponto de vista alheio divergente.<\/li>\n<\/ul>\n\n\n\n<h2 class=\"wp-block-heading\">Existe rela\u00e7\u00e3o entre sil\u00eancio e paz interior?<\/h2>\n\n\n\n<p>Saber quando calar \u00e9 uma das maiores demonstra\u00e7\u00f5es de for\u00e7a interior que um ser humano pode exercer em momentos cr\u00edticos de tens\u00e3o. O sil\u00eancio impede que palavras impulsivas causem feridas emocionais dif\u00edceis de cicatrizar, preservando a serenidade necess\u00e1ria para enfrentar grandes desafios com clareza. Pessoas resilientes utilizam a pausa como uma ferramenta de prote\u00e7\u00e3o contra o desgaste das discuss\u00f5es vazias.<\/p>\n\n\n\n<p>A paz interior \u00e9 o resultado direto de n\u00e3o permitir que o caos externo dite as rea\u00e7\u00f5es internas do indiv\u00edduo resiliente e focado. Quem n\u00e3o discute para ter raz\u00e3o economiza energia mental preciosa, utilizando-a para o desenvolvimento de habilidades que realmente agregam valor \u00e0 sua trajet\u00f3ria profissional. Manter o equil\u00edbrio emocional em meio ao barulho das opini\u00f5es alheias \u00e9 uma conquista de <strong>Maturidade Superior<\/strong>.<\/p>\n\n\n<div class=\"wp-block-image\">\n<figure class=\"aligncenter size-large\"><img decoding=\"async\" width=\"1024\" height=\"576\" src=\"https:\/\/www.correiobraziliense.com.br\/cbradar\/wp-content\/uploads\/2026\/03\/Gemini_Generated_Image_277srk277srk277s-1-1-1024x576.png\" alt=\"A psicologia revela que pessoas que n\u00e3o discutem para \u201cter raz\u00e3o\u201d costumam ter maior intelig\u00eancia emocional\" class=\"wp-image-202266\" srcset=\"https:\/\/www.correiobraziliense.com.br\/cbradar\/wp-content\/uploads\/2026\/03\/Gemini_Generated_Image_277srk277srk277s-1-1-1024x576.png 1024w, https:\/\/www.correiobraziliense.com.br\/cbradar\/wp-content\/uploads\/2026\/03\/Gemini_Generated_Image_277srk277srk277s-1-1-300x169.png 300w, https:\/\/www.correiobraziliense.com.br\/cbradar\/wp-content\/uploads\/2026\/03\/Gemini_Generated_Image_277srk277srk277s-1-1-768x432.png 768w, https:\/\/www.correiobraziliense.com.br\/cbradar\/wp-content\/uploads\/2026\/03\/Gemini_Generated_Image_277srk277srk277s-1-1-750x422.png 750w, https:\/\/www.correiobraziliense.com.br\/cbradar\/wp-content\/uploads\/2026\/03\/Gemini_Generated_Image_277srk277srk277s-1-1-1140x641.png 1140w, https:\/\/www.correiobraziliense.com.br\/cbradar\/wp-content\/uploads\/2026\/03\/Gemini_Generated_Image_277srk277srk277s-1-1.png 1280w\" sizes=\"(max-width: 1024px) 100vw, 1024px\" \/><figcaption class=\"wp-element-caption\">Escolher n\u00e3o discutir para ter raz\u00e3o pode revelar um n\u00edvel elevado de maturidade emocional<\/figcaption><\/figure><\/div>\n\n\n<h2 class=\"wp-block-heading\">O que as organiza\u00e7\u00f5es recomendam para di\u00e1logos saud\u00e1veis?<\/h2>\n\n\n\n<p>Entidades focadas em desenvolvimento humano sugerem que a intelig\u00eancia emocional \u00e9 a compet\u00eancia mais valiosa para o sucesso em longo prazo nas carreiras. Praticar a autorregula\u00e7\u00e3o durante conflitos permite que os profissionais mantenham a calma, garantindo um ambiente de trabalho muito mais produtivo e harmonioso para todos. O controle das emo\u00e7\u00f5es reflete um perfil de lideran\u00e7a moderna e inspiradora nas organiza\u00e7\u00f5es atuais.<\/p>\n\n\n\n<p>Para aprofundar o conhecimento sobre como gerenciar as emo\u00e7\u00f5es em intera\u00e7\u00f5es sociais complexas, consulte o guia da <strong>Positive Psychology<\/strong> sobre o tema. O acesso ao portal <a target=\"_blank\" rel=\"noreferrer noopener\" href=\"https:\/\/positivepsychology.com\/emotional-intelligence-relationships\/\">PositivePsychology.com<\/a> oferece estrat\u00e9gias validadas para construir rela\u00e7\u00f5es baseadas no respeito e na <strong>Intelig\u00eancia Emocional<\/strong>. Seguir orienta\u00e7\u00f5es t\u00e9cnicas garante que suas pr\u00e1ticas interpessoais estejam alinhadas com as evid\u00eancias cient\u00edficas globais, promovendo um bem-estar emocional cont\u00ednuo e equilibrado.<\/p>\n","protected":false},"excerpt":{"rendered":"<p>Priorizar a paz interior em vez da vit\u00f3ria intelectual \u00e9 uma marca registrada de quem possui estabilidade psicol\u00f3gica profunda. Discuss\u00f5es in\u00fateis consomem energia vital e desgastam la\u00e7os afetivos que deveriam ser preservados a todo custo. Escolher n\u00e3o alimentar conflitos desnecess\u00e1rios reflete uma maturidade que valoriza o bem-estar coletivo acima do ego individual persistente. Por que [&hellip;]<\/p>\n","protected":false},"author":21,"featured_media":202271,"comment_status":"open","ping_status":"open","sticky":false,"template":"","format":"standard","meta":{"_yoast_wpseo_focuskw":"Escolher a paz em vez de vencer discuss\u00f5es","_yoast_wpseo_title":"","_yoast_wpseo_metadesc":"Priorizar a paz interior pode ser mais inteligente do que insistir em provar que voc\u00ea est\u00e1 certo em toda discuss\u00e3o","jnews-multi-image_gallery":[],"jnews_single_post":{"format":"standard"},"jnews_primary_category":[],"jnews_social_meta":[],"jnews_override_counter":[],"footnotes":""},"categories":[112],"tags":[15718,6220,404],"class_list":["post-202251","post","type-post","status-publish","format-standard","has-post-thumbnail","hentry","category-curiosidades","tag-ter-razao","tag-inteligencia-emocional","tag-psicologia"],"yoast_head":"<!-- This site is optimized with the Yoast SEO plugin v24.6 - https:\/\/yoast.com\/wordpress\/plugins\/seo\/ -->\n<title>A psicologia revela que pessoas que n\u00e3o discutem para \u201cter raz\u00e3o\u201d costumam ter maior intelig\u00eancia emocional - Correio Braziliense - Radar<\/title>\n<meta name=\"description\" content=\"Priorizar a paz interior pode ser mais inteligente do que insistir em provar que voc\u00ea est\u00e1 certo em toda discuss\u00e3o\" \/>\n<meta name=\"robots\" content=\"index, follow, max-snippet:-1, max-image-preview:large, max-video-preview:-1\" \/>\n<link rel=\"canonical\" href=\"https:\/\/www.correiobraziliense.com.br\/cbradar\/a-psicologia-revela-que-pessoas-que-nao-discutem-para-ter-razao-costumam-ter-maior-inteligencia-emocional\/\" \/>\n<meta property=\"og:locale\" content=\"pt_BR\" \/>\n<meta property=\"og:type\" content=\"article\" \/>\n<meta property=\"og:title\" content=\"A psicologia revela que pessoas que n\u00e3o discutem para \u201cter raz\u00e3o\u201d costumam ter maior intelig\u00eancia emocional - Correio Braziliense - Radar\" \/>\n<meta property=\"og:description\" content=\"Priorizar a paz interior pode ser mais inteligente do que insistir em provar que voc\u00ea est\u00e1 certo em toda discuss\u00e3o\" \/>\n<meta property=\"og:url\" content=\"https:\/\/www.correiobraziliense.com.br\/cbradar\/a-psicologia-revela-que-pessoas-que-nao-discutem-para-ter-razao-costumam-ter-maior-inteligencia-emocional\/\" \/>\n<meta property=\"og:site_name\" content=\"Correio Braziliense - Radar\" \/>\n<meta property=\"article:published_time\" content=\"2026-03-04T21:45:00+00:00\" \/>\n<meta property=\"og:image\" content=\"https:\/\/www.correiobraziliense.com.br\/cbradar\/wp-content\/uploads\/2026\/03\/Gemini_Generated_Image_lj5zwflj5zwflj5z-1-1.png\" \/>\n\t<meta property=\"og:image:width\" content=\"1280\" \/>\n\t<meta property=\"og:image:height\" content=\"720\" \/>\n\t<meta property=\"og:image:type\" content=\"image\/png\" \/>\n<meta name=\"author\" content=\"Patrick Silva\" \/>\n<meta name=\"twitter:card\" content=\"summary_large_image\" \/>\n<meta name=\"twitter:label1\" content=\"Escrito por\" \/>\n\t<meta name=\"twitter:data1\" content=\"Patrick Silva\" \/>\n\t<meta name=\"twitter:label2\" content=\"Est. tempo de leitura\" \/>\n\t<meta name=\"twitter:data2\" content=\"5 minutos\" \/>\n<!-- \/ Yoast SEO plugin. -->","yoast_head_json":{"title":"A psicologia revela que pessoas que n\u00e3o discutem para \u201cter raz\u00e3o\u201d costumam ter maior intelig\u00eancia emocional - Correio Braziliense - Radar","description":"Priorizar a paz interior pode ser mais inteligente do que insistir em provar que voc\u00ea est\u00e1 certo em toda discuss\u00e3o","robots":{"index":"index","follow":"follow","max-snippet":"max-snippet:-1","max-image-preview":"max-image-preview:large","max-video-preview":"max-video-preview:-1"},"canonical":"https:\/\/www.correiobraziliense.com.br\/cbradar\/a-psicologia-revela-que-pessoas-que-nao-discutem-para-ter-razao-costumam-ter-maior-inteligencia-emocional\/","og_locale":"pt_BR","og_type":"article","og_title":"A psicologia revela que pessoas que n\u00e3o discutem para \u201cter raz\u00e3o\u201d costumam ter maior intelig\u00eancia emocional - Correio Braziliense - Radar","og_description":"Priorizar a paz interior pode ser mais inteligente do que insistir em provar que voc\u00ea est\u00e1 certo em toda discuss\u00e3o","og_url":"https:\/\/www.correiobraziliense.com.br\/cbradar\/a-psicologia-revela-que-pessoas-que-nao-discutem-para-ter-razao-costumam-ter-maior-inteligencia-emocional\/","og_site_name":"Correio Braziliense - Radar","article_published_time":"2026-03-04T21:45:00+00:00","og_image":[{"width":1280,"height":720,"url":"https:\/\/www.correiobraziliense.com.br\/cbradar\/wp-content\/uploads\/2026\/03\/Gemini_Generated_Image_lj5zwflj5zwflj5z-1-1.png","type":"image\/png"}],"author":"Patrick Silva","twitter_card":"summary_large_image","twitter_misc":{"Escrito por":"Patrick Silva","Est. tempo de leitura":"5 minutos"},"schema":{"@context":"https:\/\/schema.org","@graph":[{"@type":"WebPage","@id":"https:\/\/www.correiobraziliense.com.br\/cbradar\/a-psicologia-revela-que-pessoas-que-nao-discutem-para-ter-razao-costumam-ter-maior-inteligencia-emocional\/","url":"https:\/\/www.correiobraziliense.com.br\/cbradar\/a-psicologia-revela-que-pessoas-que-nao-discutem-para-ter-razao-costumam-ter-maior-inteligencia-emocional\/","name":"A psicologia revela que pessoas que n\u00e3o discutem para \u201cter raz\u00e3o\u201d costumam ter maior intelig\u00eancia emocional - Correio Braziliense - Radar","isPartOf":{"@id":"https:\/\/www.correiobraziliense.com.br\/cbradar\/#website"},"primaryImageOfPage":{"@id":"https:\/\/www.correiobraziliense.com.br\/cbradar\/a-psicologia-revela-que-pessoas-que-nao-discutem-para-ter-razao-costumam-ter-maior-inteligencia-emocional\/#primaryimage"},"image":{"@id":"https:\/\/www.correiobraziliense.com.br\/cbradar\/a-psicologia-revela-que-pessoas-que-nao-discutem-para-ter-razao-costumam-ter-maior-inteligencia-emocional\/#primaryimage"},"thumbnailUrl":"https:\/\/www.correiobraziliense.com.br\/cbradar\/wp-content\/uploads\/2026\/03\/Gemini_Generated_Image_lj5zwflj5zwflj5z-1-1.png","datePublished":"2026-03-04T21:45:00+00:00","author":{"@id":"https:\/\/www.correiobraziliense.com.br\/cbradar\/#\/schema\/person\/5440b72be9c7eb74f446c846479dc4da"},"description":"Priorizar a paz interior pode ser mais inteligente do que insistir em provar que voc\u00ea est\u00e1 certo em toda discuss\u00e3o","breadcrumb":{"@id":"https:\/\/www.correiobraziliense.com.br\/cbradar\/a-psicologia-revela-que-pessoas-que-nao-discutem-para-ter-razao-costumam-ter-maior-inteligencia-emocional\/#breadcrumb"},"inLanguage":"pt-BR","potentialAction":[{"@type":"ReadAction","target":["https:\/\/www.correiobraziliense.com.br\/cbradar\/a-psicologia-revela-que-pessoas-que-nao-discutem-para-ter-razao-costumam-ter-maior-inteligencia-emocional\/"]}]},{"@type":"ImageObject","inLanguage":"pt-BR","@id":"https:\/\/www.correiobraziliense.com.br\/cbradar\/a-psicologia-revela-que-pessoas-que-nao-discutem-para-ter-razao-costumam-ter-maior-inteligencia-emocional\/#primaryimage","url":"https:\/\/www.correiobraziliense.com.br\/cbradar\/wp-content\/uploads\/2026\/03\/Gemini_Generated_Image_lj5zwflj5zwflj5z-1-1.png","contentUrl":"https:\/\/www.correiobraziliense.com.br\/cbradar\/wp-content\/uploads\/2026\/03\/Gemini_Generated_Image_lj5zwflj5zwflj5z-1-1.png","width":1280,"height":720,"caption":"Escolher n\u00e3o discutir para ter raz\u00e3o pode revelar um n\u00edvel elevado de maturidade emocional"},{"@type":"BreadcrumbList","@id":"https:\/\/www.correiobraziliense.com.br\/cbradar\/a-psicologia-revela-que-pessoas-que-nao-discutem-para-ter-razao-costumam-ter-maior-inteligencia-emocional\/#breadcrumb","itemListElement":[{"@type":"ListItem","position":1,"name":"In\u00edcio","item":"https:\/\/www.correiobraziliense.com.br\/cbradar\/"},{"@type":"ListItem","position":2,"name":"A psicologia revela que pessoas que n\u00e3o discutem para \u201cter raz\u00e3o\u201d costumam ter maior intelig\u00eancia emocional"}]},{"@type":"WebSite","@id":"https:\/\/www.correiobraziliense.com.br\/cbradar\/#website","url":"https:\/\/www.correiobraziliense.com.br\/cbradar\/","name":"Correio Braziliense - Radar","description":"Acompanhe as \u00faltimas not\u00edcias e fique bem informado sobre tudo o que acontece no Brasil e no mundo.","potentialAction":[{"@type":"SearchAction","target":{"@type":"EntryPoint","urlTemplate":"https:\/\/www.correiobraziliense.com.br\/cbradar\/?s={search_term_string}"},"query-input":{"@type":"PropertyValueSpecification","valueRequired":true,"valueName":"search_term_string"}}],"inLanguage":"pt-BR"},{"@type":"Person","@id":"https:\/\/www.correiobraziliense.com.br\/cbradar\/#\/schema\/person\/5440b72be9c7eb74f446c846479dc4da","name":"Patrick Silva","image":{"@type":"ImageObject","inLanguage":"pt-BR","@id":"https:\/\/www.correiobraziliense.com.br\/cbradar\/#\/schema\/person\/image\/","url":"https:\/\/secure.gravatar.com\/avatar\/944109df296fc087785c9715fd5f80b2?s=96&d=mm&r=g","contentUrl":"https:\/\/secure.gravatar.com\/avatar\/944109df296fc087785c9715fd5f80b2?s=96&d=mm&r=g","caption":"Patrick Silva"},"sameAs":["https:\/\/www.correiobraziliense.com.br\/cbradar\/"],"url":"https:\/\/www.correiobraziliense.com.br\/cbradar\/author\/patrick-silva\/"}]}},"_links":{"self":[{"href":"https:\/\/www.correiobraziliense.com.br\/cbradar\/wp-json\/wp\/v2\/posts\/202251","targetHints":{"allow":["GET"]}}],"collection":[{"href":"https:\/\/www.correiobraziliense.com.br\/cbradar\/wp-json\/wp\/v2\/posts"}],"about":[{"href":"https:\/\/www.correiobraziliense.com.br\/cbradar\/wp-json\/wp\/v2\/types\/post"}],"author":[{"embeddable":true,"href":"https:\/\/www.correiobraziliense.com.br\/cbradar\/wp-json\/wp\/v2\/users\/21"}],"replies":[{"embeddable":true,"href":"https:\/\/www.correiobraziliense.com.br\/cbradar\/wp-json\/wp\/v2\/comments?post=202251"}],"version-history":[{"count":3,"href":"https:\/\/www.correiobraziliense.com.br\/cbradar\/wp-json\/wp\/v2\/posts\/202251\/revisions"}],"predecessor-version":[{"id":202270,"href":"https:\/\/www.correiobraziliense.com.br\/cbradar\/wp-json\/wp\/v2\/posts\/202251\/revisions\/202270"}],"wp:featuredmedia":[{"embeddable":true,"href":"https:\/\/www.correiobraziliense.com.br\/cbradar\/wp-json\/wp\/v2\/media\/202271"}],"wp:attachment":[{"href":"https:\/\/www.correiobraziliense.com.br\/cbradar\/wp-json\/wp\/v2\/media?parent=202251"}],"wp:term":[{"taxonomy":"category","embeddable":true,"href":"https:\/\/www.correiobraziliense.com.br\/cbradar\/wp-json\/wp\/v2\/categories?post=202251"},{"taxonomy":"post_tag","embeddable":true,"href":"https:\/\/www.correiobraziliense.com.br\/cbradar\/wp-json\/wp\/v2\/tags?post=202251"}],"curies":[{"name":"wp","href":"https:\/\/api.w.org\/{rel}","templated":true}]}}