{"id":202297,"date":"2026-03-04T17:35:00","date_gmt":"2026-03-04T20:35:00","guid":{"rendered":"https:\/\/www.correiobraziliense.com.br\/cbradar\/?p=202297"},"modified":"2026-03-03T11:37:26","modified_gmt":"2026-03-03T14:37:26","slug":"o-que-significa-a-frase-de-sigmund-freud-somos-feitos-de-carne-mas-temos-que-viver-como-se-fossemos-de-ferro","status":"publish","type":"post","link":"https:\/\/www.correiobraziliense.com.br\/cbradar\/o-que-significa-a-frase-de-sigmund-freud-somos-feitos-de-carne-mas-temos-que-viver-como-se-fossemos-de-ferro\/","title":{"rendered":"O que significa a frase de Sigmund Freud: \u201cSomos feitos de carne, mas temos que viver como se f\u00f4ssemos de ferro.\u201d"},"content":{"rendered":"\n<p>A frase de <strong>Sigmund Freud<\/strong> reflete a constante luta humana entre nossa fragilidade biol\u00f3gica e as exig\u00eancias implac\u00e1veis da civiliza\u00e7\u00e3o moderna. Somos seres vulner\u00e1veis, guiados por desejos e dores profundas, mas a sociedade nos obriga a demonstrar uma resist\u00eancia inquebr\u00e1vel. Essa dualidade gera tens\u00f5es ps\u00edquicas que moldam nosso comportamento di\u00e1rio e nossa sa\u00fade mental.<\/p>\n\n\n\n<h2 class=\"wp-block-heading\">Por que a fragilidade humana \u00e9 confrontada pela rigidez social?<\/h2>\n\n\n\n<p>O criador da psican\u00e1lise sugere que, embora sejamos compostos de carne sens\u00edvel e emo\u00e7\u00f5es vol\u00e1teis, o mundo externo exige uma postura de ferro. Essa met\u00e1fora ilustra como reprimimos nossos instintos b\u00e1sicos para nos adaptarmos \u00e0s normas culturais que priorizam a produtividade e a ordem. Viver sob essa press\u00e3o constante exige um esfor\u00e7o mental exaustivo para todos hoje.<\/p>\n\n\n\n<p>Essa exig\u00eancia de for\u00e7a absoluta ignora as necessidades biol\u00f3gicas do corpo e da mente, criando um abismo entre o que sentimos e o que mostramos. Quando tentamos ser de ferro, escondemos vulnerabilidades que s\u00e3o essenciais para a nossa humanidade, resultando em altos n\u00edveis de ang\u00fastia. O conflito entre o desejo interno e a realidade externa \u00e9 permanente e cansativo hoje.<\/p>\n\n\n<div class=\"wp-block-image\">\n<figure class=\"aligncenter size-large\"><img decoding=\"async\" width=\"1024\" height=\"576\" src=\"https:\/\/www.correiobraziliense.com.br\/cbradar\/wp-content\/uploads\/2026\/03\/Gemini_Generated_Image_kfqydnkfqydnkfqy-1-1-1024x576.png\" alt=\"O que significa a frase de Sigmund Freud: \u201cSomos feitos de carne, mas temos que viver como se f\u00f4ssemos de ferro.\u201d\" class=\"wp-image-202306\" srcset=\"https:\/\/www.correiobraziliense.com.br\/cbradar\/wp-content\/uploads\/2026\/03\/Gemini_Generated_Image_kfqydnkfqydnkfqy-1-1-1024x576.png 1024w, https:\/\/www.correiobraziliense.com.br\/cbradar\/wp-content\/uploads\/2026\/03\/Gemini_Generated_Image_kfqydnkfqydnkfqy-1-1-300x169.png 300w, https:\/\/www.correiobraziliense.com.br\/cbradar\/wp-content\/uploads\/2026\/03\/Gemini_Generated_Image_kfqydnkfqydnkfqy-1-1-768x432.png 768w, https:\/\/www.correiobraziliense.com.br\/cbradar\/wp-content\/uploads\/2026\/03\/Gemini_Generated_Image_kfqydnkfqydnkfqy-1-1-750x422.png 750w, https:\/\/www.correiobraziliense.com.br\/cbradar\/wp-content\/uploads\/2026\/03\/Gemini_Generated_Image_kfqydnkfqydnkfqy-1-1-1140x641.png 1140w, https:\/\/www.correiobraziliense.com.br\/cbradar\/wp-content\/uploads\/2026\/03\/Gemini_Generated_Image_kfqydnkfqydnkfqy-1-1.png 1280w\" sizes=\"(max-width: 1024px) 100vw, 1024px\" \/><figcaption class=\"wp-element-caption\">A met\u00e1fora freudiana sobre carne e ferro exp\u00f5e a tens\u00e3o silenciosa entre desejo interno e press\u00e3o social<\/figcaption><\/figure><\/div>\n\n\n<h2 class=\"wp-block-heading\">Como essa dualidade freudiana impacta nosso bem-estar mental?<\/h2>\n\n\n\n<p>A tentativa de sustentar uma fachada de invulnerabilidade pode levar ao esgotamento emocional e ao surgimento de diversos sintomas psicossom\u00e1ticos no organismo. Ao agirmos como se f\u00f4ssemos feitos de metal, negligenciamos o cuidado com a nossa carne, que simboliza nossa ess\u00eancia mais sens\u00edvel e mortal. O equil\u00edbrio entre essas duas for\u00e7as \u00e9 vital para a nossa sa\u00fade mental hoje, sim.<\/p>\n\n\n\n<p>O estresse cr\u00f4nico surge justamente quando a m\u00e1scara de ferro se torna pesada demais para a nossa estrutura de carne suportar no cotidiano. Reconhecer que possu\u00edmos limites f\u00edsicos e emocionais \u00e9 um passo fundamental para evitar o colapso nervoso em ambientes altamente competitivos. A aceita\u00e7\u00e3o da pr\u00f3pria vulnerabilidade permite uma vida muito mais aut\u00eantica, equilibrada e emocionalmente saud\u00e1vel e plena.<\/p>\n\n\n\n<p>Leia tamb\u00e9m: <a href=\"https:\/\/www.correiobraziliense.com.br\/cbradar\/o-que-significa-a-frase-de-viktor-frankl-a-unica-liberdade-que-nos-seres-humanos-temos-e-a-liberdade-de-escolher-a-atitude-com-que-encaramos-as-coisas\/\" target=\"_blank\" rel=\"noreferrer noopener\">O que significa a frase de Viktor Frankl: \u201cA \u00fanica liberdade que n\u00f3s, seres humanos, temos \u00e9 a liberdade de escolher a atitude com que encaramos as coisas.\u201d<\/a><\/p>\n\n\n\n<h2 class=\"wp-block-heading\">Quais comportamentos revelam o peso da armadura emocional?<\/h2>\n\n\n\n<p>Muitas pessoas adotam comportamentos defensivos para manter a apar\u00eancia de for\u00e7a, sacrificando sua espontaneidade em troca de uma aceita\u00e7\u00e3o social vazia. Essa armadura emocional impede a conex\u00e3o verdadeira com os outros, pois o ferro n\u00e3o permite a permeabilidade necess\u00e1ria para a empatia. Identificar esses padr\u00f5es ajuda a desconstruir mecanismos de defesa que j\u00e1 n\u00e3o s\u00e3o \u00fateis na atualidade constante agora sim.<\/p>\n\n\n\n<p>Confira a lista abaixo:<\/p>\n\n\n\n<ul class=\"wp-block-list\">\n<li>Dificuldade extrema em pedir ajuda m\u00e9dica.<\/li>\n\n\n\n<li>Repress\u00e3o constante de sentimentos negativos profundos.<\/li>\n\n\n\n<li>Busca obsessiva por perfei\u00e7\u00e3o t\u00e9cnica profissional.<\/li>\n\n\n\n<li>Neglig\u00eancia sistem\u00e1tica com o descanso reparador.<\/li>\n<\/ul>\n\n\n\n<h2 class=\"wp-block-heading\">Existe espa\u00e7o para a vulnerabilidade no mundo contempor\u00e2neo?<\/h2>\n\n\n\n<p>A psican\u00e1lise ensina que a cura ocorre quando permitimos que a carne fale atrav\u00e9s da palavra, rompendo a rigidez do ferro imposto. Integrar nossas fraquezas ao nosso autoconceito nos torna seres mais completos e resilientes de uma forma genu\u00edna e n\u00e3o mec\u00e2nica. Ser humano envolve aceitar a imperfei\u00e7\u00e3o como parte integrante da nossa jornada terrestre \u00fanica e real hoje sim.<\/p>\n\n\n\n<p>Reconhecer que n\u00e3o somos m\u00e1quinas \u00e9 um ato de rebeldia necess\u00e1rio para preservar a sanidade mental em uma era de hiperconectividade. A vulnerabilidade n\u00e3o deve ser vista como um defeito, mas como o ponto de partida para conex\u00f5es humanas mais profundas e verdadeiras. Aprender a ser de carne \u00e9, paradoxalmente, a nossa maior fonte de for\u00e7a interior constante e equilibrada.<\/p>\n\n\n<div class=\"wp-block-image\">\n<figure class=\"aligncenter size-large\"><img decoding=\"async\" width=\"1024\" height=\"576\" src=\"https:\/\/www.correiobraziliense.com.br\/cbradar\/wp-content\/uploads\/2026\/03\/Gemini_Generated_Image_j05gl3j05gl3j05g-1-1-1024x576.png\" alt=\"O que significa a frase de Sigmund Freud: \u201cSomos feitos de carne, mas temos que viver como se f\u00f4ssemos de ferro.\u201d\" class=\"wp-image-202318\" srcset=\"https:\/\/www.correiobraziliense.com.br\/cbradar\/wp-content\/uploads\/2026\/03\/Gemini_Generated_Image_j05gl3j05gl3j05g-1-1-1024x576.png 1024w, https:\/\/www.correiobraziliense.com.br\/cbradar\/wp-content\/uploads\/2026\/03\/Gemini_Generated_Image_j05gl3j05gl3j05g-1-1-300x169.png 300w, https:\/\/www.correiobraziliense.com.br\/cbradar\/wp-content\/uploads\/2026\/03\/Gemini_Generated_Image_j05gl3j05gl3j05g-1-1-768x432.png 768w, https:\/\/www.correiobraziliense.com.br\/cbradar\/wp-content\/uploads\/2026\/03\/Gemini_Generated_Image_j05gl3j05gl3j05g-1-1-750x422.png 750w, https:\/\/www.correiobraziliense.com.br\/cbradar\/wp-content\/uploads\/2026\/03\/Gemini_Generated_Image_j05gl3j05gl3j05g-1-1-1140x641.png 1140w, https:\/\/www.correiobraziliense.com.br\/cbradar\/wp-content\/uploads\/2026\/03\/Gemini_Generated_Image_j05gl3j05gl3j05g-1-1.png 1280w\" sizes=\"(max-width: 1024px) 100vw, 1024px\" \/><figcaption class=\"wp-element-caption\">A met\u00e1fora freudiana sobre carne e ferro exp\u00f5e a tens\u00e3o silenciosa entre desejo interno e press\u00e3o social<\/figcaption><\/figure><\/div>\n\n\n<h2 class=\"wp-block-heading\">Como a ci\u00eancia explica a repress\u00e3o dos instintos humanos?<\/h2>\n\n\n\n<p>A teoria do aparelho ps\u00edquico explica como o ego tenta mediar as press\u00f5es do id e as exig\u00eancias do superego no cotidiano. Essa din\u00e2mica interna reflete a necessidade de viver como ferro enquanto a nossa ess\u00eancia busca a satisfa\u00e7\u00e3o dos desejos mais b\u00e1sicos. Entender esse funcionamento \u00e9 essencial para lidar com as frustra\u00e7\u00f5es geradas pela vida civilizada e moderna hoje.<\/p>\n\n\n\n<p>Para explorar os conceitos fundamentais sobre o desenvolvimento da personalidade e as defesas do ego, consulte o acervo oficial do <strong>Freud Museum London<\/strong>. O acesso ao portal do <a href=\"https:\/\/www.freud.org.uk\/schools\/resources\/what-is-psychoanalysis-part-4-the-ego-the-id-and-the-superego\/\" target=\"_blank\" rel=\"noreferrer noopener\">Freud Museum<\/a> oferece uma vis\u00e3o hist\u00f3rica detalhada sobre a biografia e os estudos do pai da psican\u00e1lise. Estudar essas bases cient\u00edficas permite compreender melhor a natureza complexa e fascinante da mente humana total.<\/p>\n","protected":false},"excerpt":{"rendered":"<p>A frase de Sigmund Freud reflete a constante luta humana entre nossa fragilidade biol\u00f3gica e as exig\u00eancias implac\u00e1veis da civiliza\u00e7\u00e3o moderna. Somos seres vulner\u00e1veis, guiados por desejos e dores profundas, mas a sociedade nos obriga a demonstrar uma resist\u00eancia inquebr\u00e1vel. Essa dualidade gera tens\u00f5es ps\u00edquicas que moldam nosso comportamento di\u00e1rio e nossa sa\u00fade mental. Por [&hellip;]<\/p>\n","protected":false},"author":21,"featured_media":202319,"comment_status":"open","ping_status":"open","sticky":false,"template":"","format":"standard","meta":{"_yoast_wpseo_focuskw":"Dualidade humana na vis\u00e3o psicanal\u00edtica de Freud","_yoast_wpseo_title":"","_yoast_wpseo_metadesc":"Uma frase de Freud revela o conflito entre nossa fragilidade humana e as exig\u00eancias implac\u00e1veis da sociedade moderna","jnews-multi-image_gallery":[],"jnews_single_post":{"format":"standard"},"jnews_primary_category":[],"jnews_social_meta":[],"jnews_override_counter":[],"footnotes":""},"categories":[112],"tags":[120,5078,9177,8135],"class_list":["post-202297","post","type-post","status-publish","format-standard","has-post-thumbnail","hentry","category-curiosidades","tag-bem-estar","tag-filosofia","tag-mental","tag-sigmund-freud"],"yoast_head":"<!-- This site is optimized with the Yoast SEO plugin v24.6 - https:\/\/yoast.com\/wordpress\/plugins\/seo\/ -->\n<title>O que significa a frase de Sigmund Freud: \u201cSomos feitos de carne, mas temos que viver como se f\u00f4ssemos de ferro.\u201d - Correio Braziliense - Radar<\/title>\n<meta name=\"description\" content=\"Uma frase de Freud revela o conflito entre nossa fragilidade humana e as exig\u00eancias implac\u00e1veis da sociedade moderna\" \/>\n<meta name=\"robots\" content=\"index, follow, max-snippet:-1, max-image-preview:large, max-video-preview:-1\" \/>\n<link rel=\"canonical\" href=\"https:\/\/www.correiobraziliense.com.br\/cbradar\/o-que-significa-a-frase-de-sigmund-freud-somos-feitos-de-carne-mas-temos-que-viver-como-se-fossemos-de-ferro\/\" \/>\n<meta property=\"og:locale\" content=\"pt_BR\" \/>\n<meta property=\"og:type\" content=\"article\" \/>\n<meta property=\"og:title\" content=\"O que significa a frase de Sigmund Freud: \u201cSomos feitos de carne, mas temos que viver como se f\u00f4ssemos de ferro.\u201d - Correio Braziliense - Radar\" \/>\n<meta property=\"og:description\" content=\"Uma frase de Freud revela o conflito entre nossa fragilidade humana e as exig\u00eancias implac\u00e1veis da sociedade moderna\" \/>\n<meta property=\"og:url\" content=\"https:\/\/www.correiobraziliense.com.br\/cbradar\/o-que-significa-a-frase-de-sigmund-freud-somos-feitos-de-carne-mas-temos-que-viver-como-se-fossemos-de-ferro\/\" \/>\n<meta property=\"og:site_name\" content=\"Correio Braziliense - Radar\" \/>\n<meta property=\"article:published_time\" content=\"2026-03-04T20:35:00+00:00\" \/>\n<meta property=\"og:image\" content=\"https:\/\/www.correiobraziliense.com.br\/cbradar\/wp-content\/uploads\/2026\/03\/Gemini_Generated_Image_j46hacj46hacj46h-1-1.png\" \/>\n\t<meta property=\"og:image:width\" content=\"1280\" \/>\n\t<meta property=\"og:image:height\" content=\"720\" \/>\n\t<meta property=\"og:image:type\" content=\"image\/png\" \/>\n<meta name=\"author\" content=\"Patrick Silva\" \/>\n<meta name=\"twitter:card\" content=\"summary_large_image\" \/>\n<meta name=\"twitter:label1\" content=\"Escrito por\" \/>\n\t<meta name=\"twitter:data1\" content=\"Patrick Silva\" \/>\n\t<meta name=\"twitter:label2\" content=\"Est. tempo de leitura\" \/>\n\t<meta name=\"twitter:data2\" content=\"5 minutos\" \/>\n<!-- \/ Yoast SEO plugin. -->","yoast_head_json":{"title":"O que significa a frase de Sigmund Freud: \u201cSomos feitos de carne, mas temos que viver como se f\u00f4ssemos de ferro.\u201d - Correio Braziliense - Radar","description":"Uma frase de Freud revela o conflito entre nossa fragilidade humana e as exig\u00eancias implac\u00e1veis da sociedade moderna","robots":{"index":"index","follow":"follow","max-snippet":"max-snippet:-1","max-image-preview":"max-image-preview:large","max-video-preview":"max-video-preview:-1"},"canonical":"https:\/\/www.correiobraziliense.com.br\/cbradar\/o-que-significa-a-frase-de-sigmund-freud-somos-feitos-de-carne-mas-temos-que-viver-como-se-fossemos-de-ferro\/","og_locale":"pt_BR","og_type":"article","og_title":"O que significa a frase de Sigmund Freud: \u201cSomos feitos de carne, mas temos que viver como se f\u00f4ssemos de ferro.\u201d - Correio Braziliense - Radar","og_description":"Uma frase de Freud revela o conflito entre nossa fragilidade humana e as exig\u00eancias implac\u00e1veis da sociedade moderna","og_url":"https:\/\/www.correiobraziliense.com.br\/cbradar\/o-que-significa-a-frase-de-sigmund-freud-somos-feitos-de-carne-mas-temos-que-viver-como-se-fossemos-de-ferro\/","og_site_name":"Correio Braziliense - Radar","article_published_time":"2026-03-04T20:35:00+00:00","og_image":[{"width":1280,"height":720,"url":"https:\/\/www.correiobraziliense.com.br\/cbradar\/wp-content\/uploads\/2026\/03\/Gemini_Generated_Image_j46hacj46hacj46h-1-1.png","type":"image\/png"}],"author":"Patrick Silva","twitter_card":"summary_large_image","twitter_misc":{"Escrito por":"Patrick Silva","Est. tempo de leitura":"5 minutos"},"schema":{"@context":"https:\/\/schema.org","@graph":[{"@type":"WebPage","@id":"https:\/\/www.correiobraziliense.com.br\/cbradar\/o-que-significa-a-frase-de-sigmund-freud-somos-feitos-de-carne-mas-temos-que-viver-como-se-fossemos-de-ferro\/","url":"https:\/\/www.correiobraziliense.com.br\/cbradar\/o-que-significa-a-frase-de-sigmund-freud-somos-feitos-de-carne-mas-temos-que-viver-como-se-fossemos-de-ferro\/","name":"O que significa a frase de Sigmund Freud: \u201cSomos feitos de carne, mas temos que viver como se f\u00f4ssemos de ferro.\u201d - Correio Braziliense - Radar","isPartOf":{"@id":"https:\/\/www.correiobraziliense.com.br\/cbradar\/#website"},"primaryImageOfPage":{"@id":"https:\/\/www.correiobraziliense.com.br\/cbradar\/o-que-significa-a-frase-de-sigmund-freud-somos-feitos-de-carne-mas-temos-que-viver-como-se-fossemos-de-ferro\/#primaryimage"},"image":{"@id":"https:\/\/www.correiobraziliense.com.br\/cbradar\/o-que-significa-a-frase-de-sigmund-freud-somos-feitos-de-carne-mas-temos-que-viver-como-se-fossemos-de-ferro\/#primaryimage"},"thumbnailUrl":"https:\/\/www.correiobraziliense.com.br\/cbradar\/wp-content\/uploads\/2026\/03\/Gemini_Generated_Image_j46hacj46hacj46h-1-1.png","datePublished":"2026-03-04T20:35:00+00:00","author":{"@id":"https:\/\/www.correiobraziliense.com.br\/cbradar\/#\/schema\/person\/5440b72be9c7eb74f446c846479dc4da"},"description":"Uma frase de Freud revela o conflito entre nossa fragilidade humana e as exig\u00eancias implac\u00e1veis da sociedade moderna","breadcrumb":{"@id":"https:\/\/www.correiobraziliense.com.br\/cbradar\/o-que-significa-a-frase-de-sigmund-freud-somos-feitos-de-carne-mas-temos-que-viver-como-se-fossemos-de-ferro\/#breadcrumb"},"inLanguage":"pt-BR","potentialAction":[{"@type":"ReadAction","target":["https:\/\/www.correiobraziliense.com.br\/cbradar\/o-que-significa-a-frase-de-sigmund-freud-somos-feitos-de-carne-mas-temos-que-viver-como-se-fossemos-de-ferro\/"]}]},{"@type":"ImageObject","inLanguage":"pt-BR","@id":"https:\/\/www.correiobraziliense.com.br\/cbradar\/o-que-significa-a-frase-de-sigmund-freud-somos-feitos-de-carne-mas-temos-que-viver-como-se-fossemos-de-ferro\/#primaryimage","url":"https:\/\/www.correiobraziliense.com.br\/cbradar\/wp-content\/uploads\/2026\/03\/Gemini_Generated_Image_j46hacj46hacj46h-1-1.png","contentUrl":"https:\/\/www.correiobraziliense.com.br\/cbradar\/wp-content\/uploads\/2026\/03\/Gemini_Generated_Image_j46hacj46hacj46h-1-1.png","width":1280,"height":720,"caption":"A met\u00e1fora freudiana sobre carne e ferro exp\u00f5e a tens\u00e3o silenciosa entre desejo interno e press\u00e3o social"},{"@type":"BreadcrumbList","@id":"https:\/\/www.correiobraziliense.com.br\/cbradar\/o-que-significa-a-frase-de-sigmund-freud-somos-feitos-de-carne-mas-temos-que-viver-como-se-fossemos-de-ferro\/#breadcrumb","itemListElement":[{"@type":"ListItem","position":1,"name":"In\u00edcio","item":"https:\/\/www.correiobraziliense.com.br\/cbradar\/"},{"@type":"ListItem","position":2,"name":"O que significa a frase de Sigmund Freud: \u201cSomos feitos de carne, mas temos que viver como se f\u00f4ssemos de ferro.\u201d"}]},{"@type":"WebSite","@id":"https:\/\/www.correiobraziliense.com.br\/cbradar\/#website","url":"https:\/\/www.correiobraziliense.com.br\/cbradar\/","name":"Correio Braziliense - Radar","description":"Acompanhe as \u00faltimas not\u00edcias e fique bem informado sobre tudo o que acontece no Brasil e no mundo.","potentialAction":[{"@type":"SearchAction","target":{"@type":"EntryPoint","urlTemplate":"https:\/\/www.correiobraziliense.com.br\/cbradar\/?s={search_term_string}"},"query-input":{"@type":"PropertyValueSpecification","valueRequired":true,"valueName":"search_term_string"}}],"inLanguage":"pt-BR"},{"@type":"Person","@id":"https:\/\/www.correiobraziliense.com.br\/cbradar\/#\/schema\/person\/5440b72be9c7eb74f446c846479dc4da","name":"Patrick Silva","image":{"@type":"ImageObject","inLanguage":"pt-BR","@id":"https:\/\/www.correiobraziliense.com.br\/cbradar\/#\/schema\/person\/image\/","url":"https:\/\/secure.gravatar.com\/avatar\/944109df296fc087785c9715fd5f80b2?s=96&d=mm&r=g","contentUrl":"https:\/\/secure.gravatar.com\/avatar\/944109df296fc087785c9715fd5f80b2?s=96&d=mm&r=g","caption":"Patrick Silva"},"sameAs":["https:\/\/www.correiobraziliense.com.br\/cbradar\/"],"url":"https:\/\/www.correiobraziliense.com.br\/cbradar\/author\/patrick-silva\/"}]}},"_links":{"self":[{"href":"https:\/\/www.correiobraziliense.com.br\/cbradar\/wp-json\/wp\/v2\/posts\/202297","targetHints":{"allow":["GET"]}}],"collection":[{"href":"https:\/\/www.correiobraziliense.com.br\/cbradar\/wp-json\/wp\/v2\/posts"}],"about":[{"href":"https:\/\/www.correiobraziliense.com.br\/cbradar\/wp-json\/wp\/v2\/types\/post"}],"author":[{"embeddable":true,"href":"https:\/\/www.correiobraziliense.com.br\/cbradar\/wp-json\/wp\/v2\/users\/21"}],"replies":[{"embeddable":true,"href":"https:\/\/www.correiobraziliense.com.br\/cbradar\/wp-json\/wp\/v2\/comments?post=202297"}],"version-history":[{"count":5,"href":"https:\/\/www.correiobraziliense.com.br\/cbradar\/wp-json\/wp\/v2\/posts\/202297\/revisions"}],"predecessor-version":[{"id":202321,"href":"https:\/\/www.correiobraziliense.com.br\/cbradar\/wp-json\/wp\/v2\/posts\/202297\/revisions\/202321"}],"wp:featuredmedia":[{"embeddable":true,"href":"https:\/\/www.correiobraziliense.com.br\/cbradar\/wp-json\/wp\/v2\/media\/202319"}],"wp:attachment":[{"href":"https:\/\/www.correiobraziliense.com.br\/cbradar\/wp-json\/wp\/v2\/media?parent=202297"}],"wp:term":[{"taxonomy":"category","embeddable":true,"href":"https:\/\/www.correiobraziliense.com.br\/cbradar\/wp-json\/wp\/v2\/categories?post=202297"},{"taxonomy":"post_tag","embeddable":true,"href":"https:\/\/www.correiobraziliense.com.br\/cbradar\/wp-json\/wp\/v2\/tags?post=202297"}],"curies":[{"name":"wp","href":"https:\/\/api.w.org\/{rel}","templated":true}]}}