{"id":202358,"date":"2026-03-05T12:25:00","date_gmt":"2026-03-05T15:25:00","guid":{"rendered":"https:\/\/www.correiobraziliense.com.br\/cbradar\/?p=202358"},"modified":"2026-03-04T13:04:13","modified_gmt":"2026-03-04T16:04:13","slug":"o-habito-de-colocar-essa-sementinha-aromatica-no-cozimento-do-feijao-para-acabar-de-vez-com-o-inchaco-e-os-gases","status":"publish","type":"post","link":"https:\/\/www.correiobraziliense.com.br\/cbradar\/o-habito-de-colocar-essa-sementinha-aromatica-no-cozimento-do-feijao-para-acabar-de-vez-com-o-inchaco-e-os-gases\/","title":{"rendered":"Colocar essa sementinha arom\u00e1tica no cozimento do feij\u00e3o pode acabar de vez com o incha\u00e7o e os gases"},"content":{"rendered":"\n<p>Colocar essa <strong>semente no feij\u00e3o<\/strong> durante o cozimento acaba de vez com a barriga estufada e os gases chatos ap\u00f3s as refei\u00e7\u00f5es. A erva-doce e o cominho quebram os compostos pesados do gr\u00e3o e salvam a sua digest\u00e3o di\u00e1ria de um jeito muito f\u00e1cil.<\/p>\n\n\n\n<h2 class=\"wp-block-heading\">Por que a semente arom\u00e1tica melhora tanto a digest\u00e3o?<\/h2>\n\n\n\n<p>Para evitar aquele desconforto brabo, usar a <strong>semente no feij\u00e3o<\/strong> libera propriedades carminativas que desmancham os a\u00e7\u00facares complexos. O nosso corpo n\u00e3o consegue digerir os <strong>oligossacar\u00eddeos<\/strong> direito, e \u00e9 a\u00ed que a<a href=\"https:\/\/pmc.ncbi.nlm.nih.gov\/articles\/PMC11414845\/\" target=\"_blank\" rel=\"noreferrer noopener\"> erva-doce faz o trabalho pesado.<\/a><\/p>\n\n\n\n<p>Al\u00e9m de dar um toque especial no caldo, voc\u00ea previne o ac\u00famulo de ar no intestino. O seu prato de <strong>feij\u00e3o<\/strong> fica muito mais leve e n\u00e3o pesa no est\u00f4mago durante a tarde de trabalho.<\/p>\n\n\n<div class=\"wp-block-image\">\n<figure class=\"aligncenter size-large\"><img decoding=\"async\" width=\"1024\" height=\"576\" src=\"https:\/\/www.correiobraziliense.com.br\/cbradar\/wp-content\/uploads\/2025\/05\/erva-doce_1746458051093-1024x576.jpg\" alt=\"Seu corpo pode apresentar essas rea\u00e7\u00f5es quando voc\u00ea toma ch\u00e1 de erva-doce\" class=\"wp-image-32534\" srcset=\"https:\/\/www.correiobraziliense.com.br\/cbradar\/wp-content\/uploads\/2025\/05\/erva-doce_1746458051093-1024x576.jpg 1024w, https:\/\/www.correiobraziliense.com.br\/cbradar\/wp-content\/uploads\/2025\/05\/erva-doce_1746458051093-300x169.jpg 300w, https:\/\/www.correiobraziliense.com.br\/cbradar\/wp-content\/uploads\/2025\/05\/erva-doce_1746458051093-768x432.jpg 768w, https:\/\/www.correiobraziliense.com.br\/cbradar\/wp-content\/uploads\/2025\/05\/erva-doce_1746458051093-750x422.jpg 750w, https:\/\/www.correiobraziliense.com.br\/cbradar\/wp-content\/uploads\/2025\/05\/erva-doce_1746458051093-1140x642.jpg 1140w, https:\/\/www.correiobraziliense.com.br\/cbradar\/wp-content\/uploads\/2025\/05\/erva-doce_1746458051093.jpg 1279w\" sizes=\"(max-width: 1024px) 100vw, 1024px\" \/><figcaption class=\"wp-element-caption\">Erva-doce &#8211; Cr\u00e9ditos: depositphotos.com \/ vesnac<\/figcaption><\/figure><\/div>\n\n\n<h2 class=\"wp-block-heading\">Quais s\u00e3o as melhores op\u00e7\u00f5es para colocar na panela?<\/h2>\n\n\n\n<p>Na hora de escolher o que jogar na \u00e1gua quente, as estrelas principais para salvar sua barriga s\u00e3o a <strong>erva-doce<\/strong> e o <strong>cominho em gr\u00e3o<\/strong>. Cada uma delas traz benef\u00edcios bem diretos para quem sofre de gases e quer um almo\u00e7o mais tranquilo.<\/p>\n\n\n\n<p>Analise as diferen\u00e7as pr\u00e1ticas entre essas duas op\u00e7\u00f5es naturais de tempero:<\/p>\n\n\n\n<figure class=\"wp-block-table\"><table class=\"has-fixed-layout\"><tbody><tr><th>Semente<\/th><th>Sabor no Caldo<\/th><th>A\u00e7\u00e3o Principal<\/th><\/tr><tr><td><strong>Erva-doce<\/strong><\/td><td>Levemente adocicado<\/td><td>Acalma o est\u00f4mago e reduz c\u00f3licas.<\/td><\/tr><tr><td><strong>Cominho<\/strong><\/td><td>Forte e terroso<\/td><td>Quebra os gases e acelera a digest\u00e3o.<\/td><\/tr><\/tbody><\/table><\/figure>\n\n\n\n<h2 class=\"wp-block-heading\">Como essas especiarias agem no nosso est\u00f4mago?<\/h2>\n\n\n\n<p>O segredo cient\u00edfico por tr\u00e1s delas \u00e9 a a\u00e7\u00e3o <strong>antiespasm\u00f3dica<\/strong>, que relaxa a musculatura da barriga e impede que as dores apare\u00e7am. Quando elas fervem junto com o caldo, soltam <strong>\u00f3leos essenciais<\/strong> poderosos diretamente na \u00e1gua.<\/p>\n\n\n\n<p>Aqui est\u00e3o as principais rea\u00e7\u00f5es que acontecem no seu corpo ap\u00f3s comer:<\/p>\n\n\n\n<ul class=\"wp-block-list\">\n<li>Redu\u00e7\u00e3o dr\u00e1stica das c\u00f3licas intestinais em poucos <strong>minutos<\/strong>.<\/li>\n\n\n\n<li>Quebra r\u00e1pida dos compostos que causam o incha\u00e7o abdominal.<\/li>\n\n\n\n<li>Sensa\u00e7\u00e3o de leveza prolongada mesmo ap\u00f3s comer <strong>150 gramas<\/strong> da leguminosa.<\/li>\n<\/ul>\n\n\n\n<p>No v\u00eddeo a seguir, o canal <strong>Mundo Agro<\/strong>, com mais de 140 mil inscritos, fala um pouco sobre os benef\u00edcios da erva-doce:<\/p>\n\n\n\n<iframe loading=\"lazy\" width=\"342\" height=\"608\" src=\"https:\/\/www.youtube.com\/embed\/y-CSvF6-S9g\" title=\"Propriedades medicinais da ERVA-DOCE\" frameborder=\"0\" allow=\"accelerometer; autoplay; clipboard-write; encrypted-media; gyroscope; picture-in-picture; web-share\" referrerpolicy=\"strict-origin-when-cross-origin\" allowfullscreen><\/iframe>\n\n\n\n<h2 class=\"wp-block-heading\">Qual a quantidade certa para usar na panela de press\u00e3o?<\/h2>\n\n\n\n<p>Para n\u00e3o errar a m\u00e3o e deixar a comida com gosto de ch\u00e1, o ideal \u00e9 usar <strong>uma colher de ch\u00e1<\/strong> rasa para cada <strong>500 gramas<\/strong> de gr\u00e3o cru. Voc\u00ea pode colocar o tempero direto na \u00e1gua do cozimento antes de fechar a tampa da panela de press\u00e3o.<\/p>\n\n\n\n<p>Se voc\u00ea preferir um toque mais discreto, vale colocar as sementes dentro de um saquinho de pano fino. Assim, o aroma passa para a \u00e1gua, mas voc\u00ea tira o pacotinho antes de refogar tudo com <strong>alho e cebola<\/strong> na frigideira.<\/p>\n\n\n\n<p>Leia tamb\u00e9m: <a href=\"https:\/\/www.correiobraziliense.com.br\/cbradar\/o-sinal-discreto-na-sola-dos-pes-que-indica-que-o-seu-corpo-esta-inflamado-e-como-resolver-com-um-ajuste-na-dieta\/\" target=\"_blank\" rel=\"noreferrer noopener\">O sinal discreto na sola dos p\u00e9s que indica que o seu corpo est\u00e1 inflamado e como resolver com um ajuste na dieta<\/a><\/p>\n\n\n\n<h2 class=\"wp-block-heading\">D\u00e1 para usar esse truque em outras leguminosas pesadas?<\/h2>\n\n\n\n<p>Com certeza, voc\u00ea pode aplicar essa mesma l\u00f3gica sempre que for cozinhar pratos com <strong>gr\u00e3o-de-bico<\/strong>, <strong>lentilha<\/strong> ou at\u00e9 mesmo a famosa <strong>fava<\/strong>. O princ\u00edpio qu\u00edmico \u00e9 o mesmo e os compostos v\u00e3o garantir uma absor\u00e7\u00e3o bem mais suave no trato digestivo.<\/p>\n\n\n\n<p>Aproveite essa dica simples e barata para transformar as refei\u00e7\u00f5es da sua casa de um jeito pr\u00e1tico. Fazer as pazes com as leguminosas garante muita <strong>prote\u00edna e ferro<\/strong> no prato, sem cobrar aquele pre\u00e7o alto do desconforto depois do almo\u00e7o.<\/p>\n","protected":false},"excerpt":{"rendered":"<p>Colocar essa semente no feij\u00e3o durante o cozimento acaba de vez com a barriga estufada e os gases chatos ap\u00f3s as refei\u00e7\u00f5es. A erva-doce e o cominho quebram os compostos pesados do gr\u00e3o e salvam a sua digest\u00e3o di\u00e1ria de um jeito muito f\u00e1cil. Por que a semente arom\u00e1tica melhora tanto a digest\u00e3o? Para evitar [&hellip;]<\/p>\n","protected":false},"author":11,"featured_media":203047,"comment_status":"open","ping_status":"open","sticky":false,"template":"","format":"standard","meta":{"_yoast_wpseo_focuskw":"semente no feij\u00e3o","_yoast_wpseo_title":"","_yoast_wpseo_metadesc":"Sofre com barriga estufada? Adicionar uma semente no feij\u00e3o durante o preparo elimina os gases r\u00e1pido. Aprenda a usar erva-doce e cominho no cozimento.","jnews-multi-image_gallery":[],"jnews_single_post":{"format":"standard"},"jnews_primary_category":[],"jnews_social_meta":[],"jnews_override_counter":[],"footnotes":""},"categories":[119],"tags":[4574,8921],"class_list":["post-202358","post","type-post","status-publish","format-standard","has-post-thumbnail","hentry","category-bem-estar","tag-inchaco","tag-semente"],"yoast_head":"<!-- This site is optimized with the Yoast SEO plugin v24.6 - https:\/\/yoast.com\/wordpress\/plugins\/seo\/ -->\n<title>Colocar essa sementinha arom\u00e1tica no cozimento do feij\u00e3o pode acabar de vez com o incha\u00e7o e os gases - Correio Braziliense - Radar<\/title>\n<meta name=\"description\" content=\"Sofre com barriga estufada? Adicionar uma semente no feij\u00e3o durante o preparo elimina os gases r\u00e1pido. Aprenda a usar erva-doce e cominho no cozimento.\" \/>\n<meta name=\"robots\" content=\"index, follow, max-snippet:-1, max-image-preview:large, max-video-preview:-1\" \/>\n<link rel=\"canonical\" href=\"https:\/\/www.correiobraziliense.com.br\/cbradar\/o-habito-de-colocar-essa-sementinha-aromatica-no-cozimento-do-feijao-para-acabar-de-vez-com-o-inchaco-e-os-gases\/\" \/>\n<meta property=\"og:locale\" content=\"pt_BR\" \/>\n<meta property=\"og:type\" content=\"article\" \/>\n<meta property=\"og:title\" content=\"Colocar essa sementinha arom\u00e1tica no cozimento do feij\u00e3o pode acabar de vez com o incha\u00e7o e os gases - Correio Braziliense - Radar\" \/>\n<meta property=\"og:description\" content=\"Sofre com barriga estufada? Adicionar uma semente no feij\u00e3o durante o preparo elimina os gases r\u00e1pido. Aprenda a usar erva-doce e cominho no cozimento.\" \/>\n<meta property=\"og:url\" content=\"https:\/\/www.correiobraziliense.com.br\/cbradar\/o-habito-de-colocar-essa-sementinha-aromatica-no-cozimento-do-feijao-para-acabar-de-vez-com-o-inchaco-e-os-gases\/\" \/>\n<meta property=\"og:site_name\" content=\"Correio Braziliense - Radar\" \/>\n<meta property=\"article:published_time\" content=\"2026-03-05T15:25:00+00:00\" \/>\n<meta property=\"og:image\" content=\"https:\/\/www.correiobraziliense.com.br\/cbradar\/wp-content\/uploads\/2026\/03\/freepik__panela-de-feijo-fervendo-no-fogo-com-sementes-de-e__84693.jpeg\" \/>\n\t<meta property=\"og:image:width\" content=\"1280\" \/>\n\t<meta property=\"og:image:height\" content=\"720\" \/>\n\t<meta property=\"og:image:type\" content=\"image\/jpeg\" \/>\n<meta name=\"author\" content=\"Paulo Custodio\" \/>\n<meta name=\"twitter:card\" content=\"summary_large_image\" \/>\n<meta name=\"twitter:label1\" content=\"Escrito por\" \/>\n\t<meta name=\"twitter:data1\" content=\"Paulo Custodio\" \/>\n\t<meta name=\"twitter:label2\" content=\"Est. tempo de leitura\" \/>\n\t<meta name=\"twitter:data2\" content=\"4 minutos\" \/>\n<!-- \/ Yoast SEO plugin. -->","yoast_head_json":{"title":"Colocar essa sementinha arom\u00e1tica no cozimento do feij\u00e3o pode acabar de vez com o incha\u00e7o e os gases - Correio Braziliense - Radar","description":"Sofre com barriga estufada? Adicionar uma semente no feij\u00e3o durante o preparo elimina os gases r\u00e1pido. Aprenda a usar erva-doce e cominho no cozimento.","robots":{"index":"index","follow":"follow","max-snippet":"max-snippet:-1","max-image-preview":"max-image-preview:large","max-video-preview":"max-video-preview:-1"},"canonical":"https:\/\/www.correiobraziliense.com.br\/cbradar\/o-habito-de-colocar-essa-sementinha-aromatica-no-cozimento-do-feijao-para-acabar-de-vez-com-o-inchaco-e-os-gases\/","og_locale":"pt_BR","og_type":"article","og_title":"Colocar essa sementinha arom\u00e1tica no cozimento do feij\u00e3o pode acabar de vez com o incha\u00e7o e os gases - Correio Braziliense - Radar","og_description":"Sofre com barriga estufada? Adicionar uma semente no feij\u00e3o durante o preparo elimina os gases r\u00e1pido. Aprenda a usar erva-doce e cominho no cozimento.","og_url":"https:\/\/www.correiobraziliense.com.br\/cbradar\/o-habito-de-colocar-essa-sementinha-aromatica-no-cozimento-do-feijao-para-acabar-de-vez-com-o-inchaco-e-os-gases\/","og_site_name":"Correio Braziliense - Radar","article_published_time":"2026-03-05T15:25:00+00:00","og_image":[{"width":1280,"height":720,"url":"https:\/\/www.correiobraziliense.com.br\/cbradar\/wp-content\/uploads\/2026\/03\/freepik__panela-de-feijo-fervendo-no-fogo-com-sementes-de-e__84693.jpeg","type":"image\/jpeg"}],"author":"Paulo Custodio","twitter_card":"summary_large_image","twitter_misc":{"Escrito por":"Paulo Custodio","Est. tempo de leitura":"4 minutos"},"schema":{"@context":"https:\/\/schema.org","@graph":[{"@type":"WebPage","@id":"https:\/\/www.correiobraziliense.com.br\/cbradar\/o-habito-de-colocar-essa-sementinha-aromatica-no-cozimento-do-feijao-para-acabar-de-vez-com-o-inchaco-e-os-gases\/","url":"https:\/\/www.correiobraziliense.com.br\/cbradar\/o-habito-de-colocar-essa-sementinha-aromatica-no-cozimento-do-feijao-para-acabar-de-vez-com-o-inchaco-e-os-gases\/","name":"Colocar essa sementinha arom\u00e1tica no cozimento do feij\u00e3o pode acabar de vez com o incha\u00e7o e os gases - Correio Braziliense - Radar","isPartOf":{"@id":"https:\/\/www.correiobraziliense.com.br\/cbradar\/#website"},"primaryImageOfPage":{"@id":"https:\/\/www.correiobraziliense.com.br\/cbradar\/o-habito-de-colocar-essa-sementinha-aromatica-no-cozimento-do-feijao-para-acabar-de-vez-com-o-inchaco-e-os-gases\/#primaryimage"},"image":{"@id":"https:\/\/www.correiobraziliense.com.br\/cbradar\/o-habito-de-colocar-essa-sementinha-aromatica-no-cozimento-do-feijao-para-acabar-de-vez-com-o-inchaco-e-os-gases\/#primaryimage"},"thumbnailUrl":"https:\/\/www.correiobraziliense.com.br\/cbradar\/wp-content\/uploads\/2026\/03\/freepik__panela-de-feijo-fervendo-no-fogo-com-sementes-de-e__84693.jpeg","datePublished":"2026-03-05T15:25:00+00:00","author":{"@id":"https:\/\/www.correiobraziliense.com.br\/cbradar\/#\/schema\/person\/4cec7857301a9a1a2ef249893cd908d3"},"description":"Sofre com barriga estufada? Adicionar uma semente no feij\u00e3o durante o preparo elimina os gases r\u00e1pido. Aprenda a usar erva-doce e cominho no cozimento.","breadcrumb":{"@id":"https:\/\/www.correiobraziliense.com.br\/cbradar\/o-habito-de-colocar-essa-sementinha-aromatica-no-cozimento-do-feijao-para-acabar-de-vez-com-o-inchaco-e-os-gases\/#breadcrumb"},"inLanguage":"pt-BR","potentialAction":[{"@type":"ReadAction","target":["https:\/\/www.correiobraziliense.com.br\/cbradar\/o-habito-de-colocar-essa-sementinha-aromatica-no-cozimento-do-feijao-para-acabar-de-vez-com-o-inchaco-e-os-gases\/"]}]},{"@type":"ImageObject","inLanguage":"pt-BR","@id":"https:\/\/www.correiobraziliense.com.br\/cbradar\/o-habito-de-colocar-essa-sementinha-aromatica-no-cozimento-do-feijao-para-acabar-de-vez-com-o-inchaco-e-os-gases\/#primaryimage","url":"https:\/\/www.correiobraziliense.com.br\/cbradar\/wp-content\/uploads\/2026\/03\/freepik__panela-de-feijo-fervendo-no-fogo-com-sementes-de-e__84693.jpeg","contentUrl":"https:\/\/www.correiobraziliense.com.br\/cbradar\/wp-content\/uploads\/2026\/03\/freepik__panela-de-feijo-fervendo-no-fogo-com-sementes-de-e__84693.jpeg","width":1280,"height":720,"caption":"Erva-doce e cominho s\u00e3o especiarias carminativas que podem ajudar a reduzir a sensa\u00e7\u00e3o de gases em algumas pessoas"},{"@type":"BreadcrumbList","@id":"https:\/\/www.correiobraziliense.com.br\/cbradar\/o-habito-de-colocar-essa-sementinha-aromatica-no-cozimento-do-feijao-para-acabar-de-vez-com-o-inchaco-e-os-gases\/#breadcrumb","itemListElement":[{"@type":"ListItem","position":1,"name":"In\u00edcio","item":"https:\/\/www.correiobraziliense.com.br\/cbradar\/"},{"@type":"ListItem","position":2,"name":"Colocar essa sementinha arom\u00e1tica no cozimento do feij\u00e3o pode acabar de vez com o incha\u00e7o e os gases"}]},{"@type":"WebSite","@id":"https:\/\/www.correiobraziliense.com.br\/cbradar\/#website","url":"https:\/\/www.correiobraziliense.com.br\/cbradar\/","name":"Correio Braziliense - Radar","description":"Acompanhe as \u00faltimas not\u00edcias e fique bem informado sobre tudo o que acontece no Brasil e no mundo.","potentialAction":[{"@type":"SearchAction","target":{"@type":"EntryPoint","urlTemplate":"https:\/\/www.correiobraziliense.com.br\/cbradar\/?s={search_term_string}"},"query-input":{"@type":"PropertyValueSpecification","valueRequired":true,"valueName":"search_term_string"}}],"inLanguage":"pt-BR"},{"@type":"Person","@id":"https:\/\/www.correiobraziliense.com.br\/cbradar\/#\/schema\/person\/4cec7857301a9a1a2ef249893cd908d3","name":"Paulo Custodio","image":{"@type":"ImageObject","inLanguage":"pt-BR","@id":"https:\/\/www.correiobraziliense.com.br\/cbradar\/#\/schema\/person\/image\/","url":"https:\/\/secure.gravatar.com\/avatar\/bcd67168d1534e8fcf4f45c726a87cea?s=96&d=mm&r=g","contentUrl":"https:\/\/secure.gravatar.com\/avatar\/bcd67168d1534e8fcf4f45c726a87cea?s=96&d=mm&r=g","caption":"Paulo Custodio"},"sameAs":["https:\/\/www.correiobraziliense.com.br\/cbradar"],"url":"https:\/\/www.correiobraziliense.com.br\/cbradar\/author\/paulomyth\/"}]}},"_links":{"self":[{"href":"https:\/\/www.correiobraziliense.com.br\/cbradar\/wp-json\/wp\/v2\/posts\/202358","targetHints":{"allow":["GET"]}}],"collection":[{"href":"https:\/\/www.correiobraziliense.com.br\/cbradar\/wp-json\/wp\/v2\/posts"}],"about":[{"href":"https:\/\/www.correiobraziliense.com.br\/cbradar\/wp-json\/wp\/v2\/types\/post"}],"author":[{"embeddable":true,"href":"https:\/\/www.correiobraziliense.com.br\/cbradar\/wp-json\/wp\/v2\/users\/11"}],"replies":[{"embeddable":true,"href":"https:\/\/www.correiobraziliense.com.br\/cbradar\/wp-json\/wp\/v2\/comments?post=202358"}],"version-history":[{"count":2,"href":"https:\/\/www.correiobraziliense.com.br\/cbradar\/wp-json\/wp\/v2\/posts\/202358\/revisions"}],"predecessor-version":[{"id":202397,"href":"https:\/\/www.correiobraziliense.com.br\/cbradar\/wp-json\/wp\/v2\/posts\/202358\/revisions\/202397"}],"wp:featuredmedia":[{"embeddable":true,"href":"https:\/\/www.correiobraziliense.com.br\/cbradar\/wp-json\/wp\/v2\/media\/203047"}],"wp:attachment":[{"href":"https:\/\/www.correiobraziliense.com.br\/cbradar\/wp-json\/wp\/v2\/media?parent=202358"}],"wp:term":[{"taxonomy":"category","embeddable":true,"href":"https:\/\/www.correiobraziliense.com.br\/cbradar\/wp-json\/wp\/v2\/categories?post=202358"},{"taxonomy":"post_tag","embeddable":true,"href":"https:\/\/www.correiobraziliense.com.br\/cbradar\/wp-json\/wp\/v2\/tags?post=202358"}],"curies":[{"name":"wp","href":"https:\/\/api.w.org\/{rel}","templated":true}]}}