{"id":202422,"date":"2026-03-05T16:05:00","date_gmt":"2026-03-05T19:05:00","guid":{"rendered":"https:\/\/www.correiobraziliense.com.br\/cbradar\/?p=202422"},"modified":"2026-03-04T13:05:18","modified_gmt":"2026-03-04T16:05:18","slug":"a-arvore-perfeita-para-o-quintal-da-sombra-fresca-nao-destroi-a-calcada-e-produz-a-frutinha-vermelha-campea-em-colageno","status":"publish","type":"post","link":"https:\/\/www.correiobraziliense.com.br\/cbradar\/a-arvore-perfeita-para-o-quintal-da-sombra-fresca-nao-destroi-a-calcada-e-produz-a-frutinha-vermelha-campea-em-colageno\/","title":{"rendered":"A \u00e1rvore perfeita para o quintal: d\u00e1 sombra fresca, n\u00e3o destr\u00f3i a cal\u00e7ada e produz a frutinha vermelha campe\u00e3 em col\u00e1geno"},"content":{"rendered":"\n<p>Plantar uma <strong>\u00e1rvore para o quintal<\/strong> que refresca a casa inteira e ainda protege o piso de rachaduras \u00e9 o sonho de muita gente hoje em dia. A pitangueira resolve esse problema com suas ra\u00edzes profundas e entrega uma fruta lotada de col\u00e1geno de brinde.<\/p>\n\n\n\n<h2 class=\"wp-block-heading\">Por que essa \u00e1rvore para o quintal n\u00e3o quebra a cal\u00e7ada?<\/h2>\n\n\n\n<p>A <strong>pitangueira<\/strong> tem um sistema de ra\u00edzes que cresce para baixo em vez de se espalhar pelas laterais, poupando a estrutura da sua casa. Isso significa que o seu muro, a tubula\u00e7\u00e3o e o piso de cimento ficam a salvo de trincas dolorosas para o seu bolso.<\/p>\n\n\n\n<p>Voc\u00ea consegue plantar a muda em um espa\u00e7o pequeno sem se preocupar com buracos no asfalto alguns <strong>anos<\/strong> depois. Essa seguran\u00e7a faz da planta a escolha mais inteligente para quem quer verde na \u00e1rea urbana sem dor de cabe\u00e7a com reformas gigantes.<\/p>\n\n\n<div class=\"wp-block-image\">\n<figure class=\"aligncenter size-large\"><img decoding=\"async\" width=\"1024\" height=\"576\" src=\"https:\/\/www.correiobraziliense.com.br\/cbradar\/wp-content\/uploads\/2026\/03\/imagem_2026-03-03_123726715-1024x576.png\" alt=\"Pitangueira carregada sob a luz dourada em quintal brasileiro\" class=\"wp-image-202431\" srcset=\"https:\/\/www.correiobraziliense.com.br\/cbradar\/wp-content\/uploads\/2026\/03\/imagem_2026-03-03_123726715-1024x576.png 1024w, https:\/\/www.correiobraziliense.com.br\/cbradar\/wp-content\/uploads\/2026\/03\/imagem_2026-03-03_123726715-300x169.png 300w, https:\/\/www.correiobraziliense.com.br\/cbradar\/wp-content\/uploads\/2026\/03\/imagem_2026-03-03_123726715-768x432.png 768w, https:\/\/www.correiobraziliense.com.br\/cbradar\/wp-content\/uploads\/2026\/03\/imagem_2026-03-03_123726715-750x422.png 750w, https:\/\/www.correiobraziliense.com.br\/cbradar\/wp-content\/uploads\/2026\/03\/imagem_2026-03-03_123726715-1140x641.png 1140w, https:\/\/www.correiobraziliense.com.br\/cbradar\/wp-content\/uploads\/2026\/03\/imagem_2026-03-03_123726715.png 1280w\" sizes=\"(max-width: 1024px) 100vw, 1024px\" \/><figcaption class=\"wp-element-caption\">Pitangueira carregada sob a luz dourada em quintal brasileiro<\/figcaption><\/figure><\/div>\n\n\n<h2 class=\"wp-block-heading\">Como a pitanga ajuda na produ\u00e7\u00e3o de col\u00e1geno humano?<\/h2>\n\n\n\n<p>A frutinha vermelha esconde uma quantidade absurda de <strong>vitamina C<\/strong>, que funciona como o combust\u00edvel principal para a sua pele ficar firme. Sem esse nutriente puro, o seu organismo simplesmente trava e n\u00e3o consegue montar as fibras que d\u00e3o elasticidade ao rosto.<\/p>\n\n\n\n<p>Pesquisas rigorosas publicadas pela <a href=\"https:\/\/ods.od.nih.gov\/factsheets\/VitaminC-HealthProfessional\/\" target=\"_blank\" rel=\"noreferrer noopener\"><strong>National Institutes of Health<\/strong><\/a> mostram que o \u00e1cido asc\u00f3rbico \u00e9 o respons\u00e1vel direto pela s\u00edntese natural do <strong>col\u00e1geno<\/strong> no corpo. Comer algumas <strong>pitangas<\/strong> direto do p\u00e9 no meio da tarde \u00e9 o melhor truque de beleza barato que voc\u00ea pode ter.<\/p>\n\n\n<div class=\"wp-block-image\">\n<figure class=\"aligncenter size-large\"><img decoding=\"async\" width=\"1024\" height=\"576\" src=\"https:\/\/www.correiobraziliense.com.br\/cbradar\/wp-content\/uploads\/2026\/03\/imagem_2026-03-03_123731817-1024x576.png\" alt=\"M\u00e3o colhendo pitanga madura com foco total na textura da fruta\" class=\"wp-image-202429\" srcset=\"https:\/\/www.correiobraziliense.com.br\/cbradar\/wp-content\/uploads\/2026\/03\/imagem_2026-03-03_123731817-1024x576.png 1024w, https:\/\/www.correiobraziliense.com.br\/cbradar\/wp-content\/uploads\/2026\/03\/imagem_2026-03-03_123731817-300x169.png 300w, https:\/\/www.correiobraziliense.com.br\/cbradar\/wp-content\/uploads\/2026\/03\/imagem_2026-03-03_123731817-768x432.png 768w, https:\/\/www.correiobraziliense.com.br\/cbradar\/wp-content\/uploads\/2026\/03\/imagem_2026-03-03_123731817-750x422.png 750w, https:\/\/www.correiobraziliense.com.br\/cbradar\/wp-content\/uploads\/2026\/03\/imagem_2026-03-03_123731817-1140x641.png 1140w, https:\/\/www.correiobraziliense.com.br\/cbradar\/wp-content\/uploads\/2026\/03\/imagem_2026-03-03_123731817.png 1280w\" sizes=\"(max-width: 1024px) 100vw, 1024px\" \/><figcaption class=\"wp-element-caption\">M\u00e3o colhendo pitanga madura com foco total na textura da fruta<\/figcaption><\/figure><\/div>\n\n\n<h2 class=\"wp-block-heading\">Quais as diferen\u00e7as entre a pitangueira e outras plantas?<\/h2>\n\n\n\n<p>Escolher a esp\u00e9cie errada para plantar perto de casa traz um preju\u00edzo alto quando a planta decide crescer forte e tomar conta de tudo. A <strong>pitangueira<\/strong> ganha de lavada de outras op\u00e7\u00f5es famosas justamente porque \u00e9 comportada e d\u00e1 pouco trabalho na rotina.<\/p>\n\n\n\n<p>Avalie como ela se sai contra outras \u00e1rvores populares de sombra:<\/p>\n\n\n\n<figure class=\"wp-block-table\"><table class=\"has-fixed-layout\"><tbody><tr><th>Esp\u00e9cie<\/th><th>Risco para a Cal\u00e7ada<\/th><th>Vantagem Principal<\/th><\/tr><tr><td><strong>Pitangueira<\/strong><\/td><td>Risco quase zero<\/td><td>D\u00e1 frutas ricas em <strong>vitamina C<\/strong><\/td><\/tr><tr><td><strong>Ficus<\/strong><\/td><td>Muito alto e agressivo<\/td><td>Sombra r\u00e1pida e folhas densas<\/td><\/tr><tr><td><strong>Mangueira<\/strong><\/td><td>M\u00e9dio a alto com o tempo<\/td><td>Frutas muito grandes e doces<\/td><\/tr><\/tbody><\/table><\/figure>\n\n\n\n<h2 class=\"wp-block-heading\">O que voc\u00ea precisa para plantar a muda do jeito certo?<\/h2>\n\n\n\n<p>O plantio exige pouca frescura, mas voc\u00ea precisa caprichar na cova para que a planta cres\u00e7a firme e com folhas bem brilhantes. O <strong>solo bem drenado<\/strong> e recheado de material org\u00e2nico acelera bastante o enraizamento sadio nos primeiros meses de vida.<\/p>\n\n\n\n<p>Siga estes passos b\u00e1sicos para garantir que a sua muda pegue bem:<\/p>\n\n\n\n<ul class=\"wp-block-list\">\n<li>Crie um buraco de <strong>50 cent\u00edmetros<\/strong> de largura e profundidade no gramado.<\/li>\n\n\n\n<li>Misture a terra de origem com <strong>h\u00famus de minhoca<\/strong> e areia grossa.<\/li>\n\n\n\n<li>Regue o entorno com abund\u00e2ncia pelo menos <strong>tr\u00eas vezes<\/strong> por semana.<\/li>\n<\/ul>\n\n\n<div class=\"wp-block-image\">\n<figure class=\"aligncenter size-large\"><img decoding=\"async\" width=\"1024\" height=\"576\" src=\"https:\/\/www.correiobraziliense.com.br\/cbradar\/wp-content\/uploads\/2026\/03\/imagem_2026-03-03_123736671-1024x576.png\" alt=\"Sombra fresca de pitangueira em cal\u00e7ada preservada e pac\u00edfica\" class=\"wp-image-202430\" srcset=\"https:\/\/www.correiobraziliense.com.br\/cbradar\/wp-content\/uploads\/2026\/03\/imagem_2026-03-03_123736671-1024x576.png 1024w, https:\/\/www.correiobraziliense.com.br\/cbradar\/wp-content\/uploads\/2026\/03\/imagem_2026-03-03_123736671-300x169.png 300w, https:\/\/www.correiobraziliense.com.br\/cbradar\/wp-content\/uploads\/2026\/03\/imagem_2026-03-03_123736671-768x432.png 768w, https:\/\/www.correiobraziliense.com.br\/cbradar\/wp-content\/uploads\/2026\/03\/imagem_2026-03-03_123736671-750x422.png 750w, https:\/\/www.correiobraziliense.com.br\/cbradar\/wp-content\/uploads\/2026\/03\/imagem_2026-03-03_123736671-1140x641.png 1140w, https:\/\/www.correiobraziliense.com.br\/cbradar\/wp-content\/uploads\/2026\/03\/imagem_2026-03-03_123736671.png 1280w\" sizes=\"(max-width: 1024px) 100vw, 1024px\" \/><figcaption class=\"wp-element-caption\">Sombra fresca de pitangueira em cal\u00e7ada preservada e pac\u00edfica<\/figcaption><\/figure><\/div>\n\n\n<p>Leia tamb\u00e9m: <a href=\"https:\/\/www.correiobraziliense.com.br\/cbradar\/o-sinal-discreto-na-sola-dos-pes-que-indica-que-o-seu-corpo-esta-inflamado-e-como-resolver-com-um-ajuste-na-dieta\/\" target=\"_blank\" rel=\"noreferrer noopener\">O sinal discreto na sola dos p\u00e9s que indica que o seu corpo est\u00e1 inflamado e como resolver com um ajuste na dieta<\/a><\/p>\n\n\n\n<h2 class=\"wp-block-heading\">Quanto tempo demora para a \u00e1rvore come\u00e7ar a dar frutas?<\/h2>\n\n\n\n<p>Quem planta essa esp\u00e9cie costuma colher as primeiras frutinhas doces depois de uns <strong>tr\u00eas anos<\/strong> de espera, dependendo da sa\u00fade da muda original. Se voc\u00ea comprar uma planta j\u00e1 enxertada em um viveiro bom, esse prazo cai pela metade e a safra j\u00e1 surge no <strong>ver\u00e3o<\/strong>.<\/p>\n\n\n\n<p>Ter esse frescor natural do lado de fora levanta o astral de qualquer casa e ainda atrai passarinhos cantando soltos logo cedo. Invista em uma muda hoje mesmo e garanta uma sombra gostosa para a fam\u00edlia toda aproveitar de boa, sem medo de destruir a sua garagem.<\/p>\n","protected":false},"excerpt":{"rendered":"<p>Plantar uma \u00e1rvore para o quintal que refresca a casa inteira e ainda protege o piso de rachaduras \u00e9 o sonho de muita gente hoje em dia. A pitangueira resolve esse problema com suas ra\u00edzes profundas e entrega uma fruta lotada de col\u00e1geno de brinde. Por que essa \u00e1rvore para o quintal n\u00e3o quebra a [&hellip;]<\/p>\n","protected":false},"author":11,"featured_media":203051,"comment_status":"open","ping_status":"open","sticky":false,"template":"","format":"standard","meta":{"_yoast_wpseo_focuskw":"\u00e1rvore para o quintal","_yoast_wpseo_title":"","_yoast_wpseo_metadesc":"Quer uma \u00e1rvore para o quintal que n\u00e3o quebra a cal\u00e7ada e d\u00e1 sombra fresca? A pitangueira \u00e9 a escolha perfeita e ainda produz frutas ricas em col\u00e1geno.","jnews-multi-image_gallery":[],"jnews_single_post":{"format":"standard"},"jnews_primary_category":[],"jnews_social_meta":[],"jnews_override_counter":[],"footnotes":""},"categories":[143],"post_tag":[15613,6040],"class_list":["post-202422","post","type-post","status-publish","format-standard","has-post-thumbnail","hentry","category-casa-e-decoracao","tag-arvore-2","tag-quintal"],"yoast_head":"<!-- This site is optimized with the Yoast SEO plugin v24.6 - https:\/\/yoast.com\/wordpress\/plugins\/seo\/ -->\n<title>A \u00e1rvore perfeita para o quintal: d\u00e1 sombra fresca, n\u00e3o destr\u00f3i a cal\u00e7ada e produz a frutinha vermelha campe\u00e3 em col\u00e1geno - Correio Braziliense - Radar<\/title>\n<meta name=\"description\" content=\"Quer uma \u00e1rvore para o quintal que n\u00e3o quebra a cal\u00e7ada e d\u00e1 sombra fresca? A pitangueira \u00e9 a escolha perfeita e ainda produz frutas ricas em col\u00e1geno.\" \/>\n<meta name=\"robots\" content=\"index, follow, max-snippet:-1, max-image-preview:large, max-video-preview:-1\" \/>\n<link rel=\"canonical\" href=\"https:\/\/www.correiobraziliense.com.br\/cbradar\/a-arvore-perfeita-para-o-quintal-da-sombra-fresca-nao-destroi-a-calcada-e-produz-a-frutinha-vermelha-campea-em-colageno\/\" \/>\n<meta property=\"og:locale\" content=\"pt_BR\" \/>\n<meta property=\"og:type\" content=\"article\" \/>\n<meta property=\"og:title\" content=\"A \u00e1rvore perfeita para o quintal: d\u00e1 sombra fresca, n\u00e3o destr\u00f3i a cal\u00e7ada e produz a frutinha vermelha campe\u00e3 em col\u00e1geno - Correio Braziliense - Radar\" \/>\n<meta property=\"og:description\" content=\"Quer uma \u00e1rvore para o quintal que n\u00e3o quebra a cal\u00e7ada e d\u00e1 sombra fresca? A pitangueira \u00e9 a escolha perfeita e ainda produz frutas ricas em col\u00e1geno.\" \/>\n<meta property=\"og:url\" content=\"https:\/\/www.correiobraziliense.com.br\/cbradar\/a-arvore-perfeita-para-o-quintal-da-sombra-fresca-nao-destroi-a-calcada-e-produz-a-frutinha-vermelha-campea-em-colageno\/\" \/>\n<meta property=\"og:site_name\" content=\"Correio Braziliense - Radar\" \/>\n<meta property=\"article:published_time\" content=\"2026-03-05T19:05:00+00:00\" \/>\n<meta property=\"og:image\" content=\"https:\/\/www.correiobraziliense.com.br\/cbradar\/wp-content\/uploads\/2026\/03\/freepik__pitangueira-adulta-carregada-de-frutos-vermelhos-e__84695.jpeg\" \/>\n\t<meta property=\"og:image:width\" content=\"1280\" \/>\n\t<meta property=\"og:image:height\" content=\"720\" \/>\n\t<meta property=\"og:image:type\" content=\"image\/jpeg\" \/>\n<meta name=\"author\" content=\"Paulo Custodio\" \/>\n<meta name=\"twitter:card\" content=\"summary_large_image\" \/>\n<meta name=\"twitter:label1\" content=\"Escrito por\" \/>\n\t<meta name=\"twitter:data1\" content=\"Paulo Custodio\" \/>\n\t<meta name=\"twitter:label2\" content=\"Est. tempo de leitura\" \/>\n\t<meta name=\"twitter:data2\" content=\"5 minutos\" \/>\n<!-- \/ Yoast SEO plugin. -->","yoast_head_json":{"title":"A \u00e1rvore perfeita para o quintal: d\u00e1 sombra fresca, n\u00e3o destr\u00f3i a cal\u00e7ada e produz a frutinha vermelha campe\u00e3 em col\u00e1geno - Correio Braziliense - Radar","description":"Quer uma \u00e1rvore para o quintal que n\u00e3o quebra a cal\u00e7ada e d\u00e1 sombra fresca? A pitangueira \u00e9 a escolha perfeita e ainda produz frutas ricas em col\u00e1geno.","robots":{"index":"index","follow":"follow","max-snippet":"max-snippet:-1","max-image-preview":"max-image-preview:large","max-video-preview":"max-video-preview:-1"},"canonical":"https:\/\/www.correiobraziliense.com.br\/cbradar\/a-arvore-perfeita-para-o-quintal-da-sombra-fresca-nao-destroi-a-calcada-e-produz-a-frutinha-vermelha-campea-em-colageno\/","og_locale":"pt_BR","og_type":"article","og_title":"A \u00e1rvore perfeita para o quintal: d\u00e1 sombra fresca, n\u00e3o destr\u00f3i a cal\u00e7ada e produz a frutinha vermelha campe\u00e3 em col\u00e1geno - Correio Braziliense - Radar","og_description":"Quer uma \u00e1rvore para o quintal que n\u00e3o quebra a cal\u00e7ada e d\u00e1 sombra fresca? A pitangueira \u00e9 a escolha perfeita e ainda produz frutas ricas em col\u00e1geno.","og_url":"https:\/\/www.correiobraziliense.com.br\/cbradar\/a-arvore-perfeita-para-o-quintal-da-sombra-fresca-nao-destroi-a-calcada-e-produz-a-frutinha-vermelha-campea-em-colageno\/","og_site_name":"Correio Braziliense - Radar","article_published_time":"2026-03-05T19:05:00+00:00","og_image":[{"width":1280,"height":720,"url":"https:\/\/www.correiobraziliense.com.br\/cbradar\/wp-content\/uploads\/2026\/03\/freepik__pitangueira-adulta-carregada-de-frutos-vermelhos-e__84695.jpeg","type":"image\/jpeg"}],"author":"Paulo Custodio","twitter_card":"summary_large_image","twitter_misc":{"Escrito por":"Paulo Custodio","Est. tempo de leitura":"5 minutos"},"schema":{"@context":"https:\/\/schema.org","@graph":[{"@type":"WebPage","@id":"https:\/\/www.correiobraziliense.com.br\/cbradar\/a-arvore-perfeita-para-o-quintal-da-sombra-fresca-nao-destroi-a-calcada-e-produz-a-frutinha-vermelha-campea-em-colageno\/","url":"https:\/\/www.correiobraziliense.com.br\/cbradar\/a-arvore-perfeita-para-o-quintal-da-sombra-fresca-nao-destroi-a-calcada-e-produz-a-frutinha-vermelha-campea-em-colageno\/","name":"A \u00e1rvore perfeita para o quintal: d\u00e1 sombra fresca, n\u00e3o destr\u00f3i a cal\u00e7ada e produz a frutinha vermelha campe\u00e3 em col\u00e1geno - Correio Braziliense - Radar","isPartOf":{"@id":"https:\/\/www.correiobraziliense.com.br\/cbradar\/#website"},"primaryImageOfPage":{"@id":"https:\/\/www.correiobraziliense.com.br\/cbradar\/a-arvore-perfeita-para-o-quintal-da-sombra-fresca-nao-destroi-a-calcada-e-produz-a-frutinha-vermelha-campea-em-colageno\/#primaryimage"},"image":{"@id":"https:\/\/www.correiobraziliense.com.br\/cbradar\/a-arvore-perfeita-para-o-quintal-da-sombra-fresca-nao-destroi-a-calcada-e-produz-a-frutinha-vermelha-campea-em-colageno\/#primaryimage"},"thumbnailUrl":"https:\/\/www.correiobraziliense.com.br\/cbradar\/wp-content\/uploads\/2026\/03\/freepik__pitangueira-adulta-carregada-de-frutos-vermelhos-e__84695.jpeg","datePublished":"2026-03-05T19:05:00+00:00","author":{"@id":"https:\/\/www.correiobraziliense.com.br\/cbradar\/#\/schema\/person\/4cec7857301a9a1a2ef249893cd908d3"},"description":"Quer uma \u00e1rvore para o quintal que n\u00e3o quebra a cal\u00e7ada e d\u00e1 sombra fresca? A pitangueira \u00e9 a escolha perfeita e ainda produz frutas ricas em col\u00e1geno.","breadcrumb":{"@id":"https:\/\/www.correiobraziliense.com.br\/cbradar\/a-arvore-perfeita-para-o-quintal-da-sombra-fresca-nao-destroi-a-calcada-e-produz-a-frutinha-vermelha-campea-em-colageno\/#breadcrumb"},"inLanguage":"pt-BR","potentialAction":[{"@type":"ReadAction","target":["https:\/\/www.correiobraziliense.com.br\/cbradar\/a-arvore-perfeita-para-o-quintal-da-sombra-fresca-nao-destroi-a-calcada-e-produz-a-frutinha-vermelha-campea-em-colageno\/"]}]},{"@type":"ImageObject","inLanguage":"pt-BR","@id":"https:\/\/www.correiobraziliense.com.br\/cbradar\/a-arvore-perfeita-para-o-quintal-da-sombra-fresca-nao-destroi-a-calcada-e-produz-a-frutinha-vermelha-campea-em-colageno\/#primaryimage","url":"https:\/\/www.correiobraziliense.com.br\/cbradar\/wp-content\/uploads\/2026\/03\/freepik__pitangueira-adulta-carregada-de-frutos-vermelhos-e__84695.jpeg","contentUrl":"https:\/\/www.correiobraziliense.com.br\/cbradar\/wp-content\/uploads\/2026\/03\/freepik__pitangueira-adulta-carregada-de-frutos-vermelhos-e__84695.jpeg","width":1280,"height":720,"caption":"\u00c1rvores no quintal ajudam a refrescar a casa ao fornecer sombra e aumentar a evapotranspira\u00e7\u00e3o"},{"@type":"BreadcrumbList","@id":"https:\/\/www.correiobraziliense.com.br\/cbradar\/a-arvore-perfeita-para-o-quintal-da-sombra-fresca-nao-destroi-a-calcada-e-produz-a-frutinha-vermelha-campea-em-colageno\/#breadcrumb","itemListElement":[{"@type":"ListItem","position":1,"name":"In\u00edcio","item":"https:\/\/www.correiobraziliense.com.br\/cbradar\/"},{"@type":"ListItem","position":2,"name":"A \u00e1rvore perfeita para o quintal: d\u00e1 sombra fresca, n\u00e3o destr\u00f3i a cal\u00e7ada e produz a frutinha vermelha campe\u00e3 em col\u00e1geno"}]},{"@type":"WebSite","@id":"https:\/\/www.correiobraziliense.com.br\/cbradar\/#website","url":"https:\/\/www.correiobraziliense.com.br\/cbradar\/","name":"Correio Braziliense - Radar","description":"Acompanhe as \u00faltimas not\u00edcias e fique bem informado sobre tudo o que acontece no Brasil e no mundo.","potentialAction":[{"@type":"SearchAction","target":{"@type":"EntryPoint","urlTemplate":"https:\/\/www.correiobraziliense.com.br\/cbradar\/?s={search_term_string}"},"query-input":{"@type":"PropertyValueSpecification","valueRequired":true,"valueName":"search_term_string"}}],"inLanguage":"pt-BR"},{"@type":"Person","@id":"https:\/\/www.correiobraziliense.com.br\/cbradar\/#\/schema\/person\/4cec7857301a9a1a2ef249893cd908d3","name":"Paulo Custodio","image":{"@type":"ImageObject","inLanguage":"pt-BR","@id":"https:\/\/www.correiobraziliense.com.br\/cbradar\/#\/schema\/person\/image\/","url":"https:\/\/secure.gravatar.com\/avatar\/bcd67168d1534e8fcf4f45c726a87cea?s=96&d=mm&r=g","contentUrl":"https:\/\/secure.gravatar.com\/avatar\/bcd67168d1534e8fcf4f45c726a87cea?s=96&d=mm&r=g","caption":"Paulo Custodio"},"sameAs":["https:\/\/www.correiobraziliense.com.br\/cbradar"],"url":"https:\/\/www.correiobraziliense.com.br\/cbradar\/author\/paulomyth\/"}]}},"_links":{"self":[{"href":"https:\/\/www.correiobraziliense.com.br\/cbradar\/wp-json\/wp\/v2\/posts\/202422","targetHints":{"allow":["GET"]}}],"collection":[{"href":"https:\/\/www.correiobraziliense.com.br\/cbradar\/wp-json\/wp\/v2\/posts"}],"about":[{"href":"https:\/\/www.correiobraziliense.com.br\/cbradar\/wp-json\/wp\/v2\/types\/post"}],"author":[{"embeddable":true,"href":"https:\/\/www.correiobraziliense.com.br\/cbradar\/wp-json\/wp\/v2\/users\/11"}],"replies":[{"embeddable":true,"href":"https:\/\/www.correiobraziliense.com.br\/cbradar\/wp-json\/wp\/v2\/comments?post=202422"}],"version-history":[{"count":1,"href":"https:\/\/www.correiobraziliense.com.br\/cbradar\/wp-json\/wp\/v2\/posts\/202422\/revisions"}],"predecessor-version":[{"id":202432,"href":"https:\/\/www.correiobraziliense.com.br\/cbradar\/wp-json\/wp\/v2\/posts\/202422\/revisions\/202432"}],"wp:featuredmedia":[{"embeddable":true,"href":"https:\/\/www.correiobraziliense.com.br\/cbradar\/wp-json\/wp\/v2\/media\/203051"}],"wp:attachment":[{"href":"https:\/\/www.correiobraziliense.com.br\/cbradar\/wp-json\/wp\/v2\/media?parent=202422"}],"wp:term":[{"taxonomy":"category","embeddable":true,"href":"https:\/\/www.correiobraziliense.com.br\/cbradar\/wp-json\/wp\/v2\/categories?post=202422"},{"taxonomy":"post_tag","embeddable":true,"href":"https:\/\/www.correiobraziliense.com.br\/cbradar\/wp-json\/wp\/v2\/post_tag?post=202422"}],"curies":[{"name":"wp","href":"https:\/\/api.w.org\/{rel}","templated":true}]}}