{"id":202433,"date":"2026-03-05T16:55:00","date_gmt":"2026-03-05T19:55:00","guid":{"rendered":"https:\/\/www.correiobraziliense.com.br\/cbradar\/?p=202433"},"modified":"2026-03-04T13:07:38","modified_gmt":"2026-03-04T16:07:38","slug":"facil-de-instalar-muda-sua-parede-da-agua-para-o-vinho-e-substitui-os-acabamentos-caros-so-com-fita-dupla-face","status":"publish","type":"post","link":"https:\/\/www.correiobraziliense.com.br\/cbradar\/facil-de-instalar-muda-sua-parede-da-agua-para-o-vinho-e-substitui-os-acabamentos-caros-so-com-fita-dupla-face\/","title":{"rendered":"F\u00e1cil de instalar, muda sua parede da \u00e1gua para o vinho, e substitui os acabamentos caros s\u00f3 com fita dupla face"},"content":{"rendered":"\n<p>A <strong>placa 3D adesiva<\/strong> muda a sua parede da \u00e1gua para o vinho em poucos minutos e dispensa a contrata\u00e7\u00e3o de pedreiros. Voc\u00ea substitui aqueles acabamentos caros de gesso usando apenas fita dupla face e uma tesoura para cortar os cantos com facilidade.<\/p>\n\n\n\n<h2 class=\"wp-block-heading\">Por que a placa 3D adesiva sai mais barata que o gesso?<\/h2>\n\n\n\n<p>O acabamento tradicional puxa muito dinheiro do seu bolso com m\u00e3o de obra especializada, sujeira e materiais pesados que demoram para secar. Quando voc\u00ea aposta no revestimento de <strong>espuma de EVA ou PVC<\/strong> colado, o gasto cai pela metade porque voc\u00ea mesmo faz o servi\u00e7o.<\/p>\n\n\n\n<p>Al\u00e9m do custo menor das pe\u00e7as, voc\u00ea n\u00e3o precisa comprar massa corrida ou ferramentas caras de corte. A placa j\u00e1 vem pronta da f\u00e1brica, bastando tirar a pel\u00edcula traseira da <strong>fita dupla face<\/strong> e grudar direto na superf\u00edcie lisa.<\/p>\n\n\n<div class=\"wp-block-image\">\n<figure class=\"aligncenter size-large\"><img decoding=\"async\" width=\"1024\" height=\"576\" src=\"https:\/\/www.correiobraziliense.com.br\/cbradar\/wp-content\/uploads\/2026\/03\/imagem_2026-03-03_124643070-1024x576.png\" alt=\"Parede ganhando placas 3D brancas sob luz solar quente e acolhedora\" class=\"wp-image-202436\" srcset=\"https:\/\/www.correiobraziliense.com.br\/cbradar\/wp-content\/uploads\/2026\/03\/imagem_2026-03-03_124643070-1024x576.png 1024w, https:\/\/www.correiobraziliense.com.br\/cbradar\/wp-content\/uploads\/2026\/03\/imagem_2026-03-03_124643070-300x169.png 300w, https:\/\/www.correiobraziliense.com.br\/cbradar\/wp-content\/uploads\/2026\/03\/imagem_2026-03-03_124643070-768x432.png 768w, https:\/\/www.correiobraziliense.com.br\/cbradar\/wp-content\/uploads\/2026\/03\/imagem_2026-03-03_124643070-750x422.png 750w, https:\/\/www.correiobraziliense.com.br\/cbradar\/wp-content\/uploads\/2026\/03\/imagem_2026-03-03_124643070-1140x641.png 1140w, https:\/\/www.correiobraziliense.com.br\/cbradar\/wp-content\/uploads\/2026\/03\/imagem_2026-03-03_124643070.png 1280w\" sizes=\"(max-width: 1024px) 100vw, 1024px\" \/><figcaption class=\"wp-element-caption\">Parede ganhando placas 3D brancas sob luz solar quente e acolhedora<\/figcaption><\/figure><\/div>\n\n\n<h2 class=\"wp-block-heading\">Como esse material afeta a ac\u00fastica e a temperatura local?<\/h2>\n\n\n\n<p>Muita gente n\u00e3o sabe, mas esse tipo de material alveolar cria uma pequena barreira isolante entre o bloco de alvenaria e o ambiente interno. A estrutura porosa bloqueia parte da troca de calor e absorve pequenos impactos sonoros, deixando o seu quarto um pouco mais confort\u00e1vel.<\/p>\n\n\n\n<p>Um estudo sobre materiais de espuma polim\u00e9rica publicado no<strong> <a href=\"https:\/\/www.energy.gov\/energysaver\/types-insulation\" target=\"_blank\" rel=\"noreferrer noopener\">Department of Energy<\/a><\/strong> mostra que o ar preso nas bolhas atua como um retardante t\u00e9rmico eficiente. Isso quer dizer que o seu c\u00f4modo n\u00e3o vira um forno no <strong>ver\u00e3o<\/strong> com tanta facilidade.<\/p>\n\n\n<div class=\"wp-block-image\">\n<figure class=\"aligncenter size-large\"><img decoding=\"async\" width=\"1024\" height=\"576\" src=\"https:\/\/www.correiobraziliense.com.br\/cbradar\/wp-content\/uploads\/2026\/03\/imagem_2026-03-03_124649978-1024x576.png\" alt=\"M\u00e3o retirando a pel\u00edcula adesiva da placa 3D em detalhe macro\" class=\"wp-image-202435\" srcset=\"https:\/\/www.correiobraziliense.com.br\/cbradar\/wp-content\/uploads\/2026\/03\/imagem_2026-03-03_124649978-1024x576.png 1024w, https:\/\/www.correiobraziliense.com.br\/cbradar\/wp-content\/uploads\/2026\/03\/imagem_2026-03-03_124649978-300x169.png 300w, https:\/\/www.correiobraziliense.com.br\/cbradar\/wp-content\/uploads\/2026\/03\/imagem_2026-03-03_124649978-768x432.png 768w, https:\/\/www.correiobraziliense.com.br\/cbradar\/wp-content\/uploads\/2026\/03\/imagem_2026-03-03_124649978-750x422.png 750w, https:\/\/www.correiobraziliense.com.br\/cbradar\/wp-content\/uploads\/2026\/03\/imagem_2026-03-03_124649978-1140x641.png 1140w, https:\/\/www.correiobraziliense.com.br\/cbradar\/wp-content\/uploads\/2026\/03\/imagem_2026-03-03_124649978.png 1280w\" sizes=\"(max-width: 1024px) 100vw, 1024px\" \/><figcaption class=\"wp-element-caption\">M\u00e3o retirando a pel\u00edcula adesiva da placa 3D em detalhe macro<\/figcaption><\/figure><\/div>\n\n\n<h2 class=\"wp-block-heading\">Vale mais a pena usar EVA, PVC ou o papel de parede comum?<\/h2>\n\n\n\n<p>Na hora de bater o martelo na loja de constru\u00e7\u00e3o, voc\u00ea precisa avaliar se o ambiente pega umidade ou se exige apenas um trato visual r\u00e1pido. Cada material entrega um resultado diferente no seu <strong>projeto de decora\u00e7\u00e3o<\/strong> e cobra um pre\u00e7o distinto na etiqueta.<\/p>\n\n\n\n<p>Compare as op\u00e7\u00f5es mais famosas para decidir qual produto salva a sua reforma:<\/p>\n\n\n\n<figure class=\"wp-block-table\"><table class=\"has-fixed-layout\"><tbody><tr><th>Material<\/th><th>Resist\u00eancia \u00e0 \u00c1gua<\/th><th>Aplica\u00e7\u00e3o<\/th><\/tr><tr><td><strong>Placa 3D de EVA<\/strong><\/td><td>M\u00e9dia, limpa com pano \u00famido<\/td><td>Autocolante e muito flex\u00edvel<\/td><\/tr><tr><td><strong>Placa 3D de PVC<\/strong><\/td><td>Alta, pode molhar sem medo<\/td><td>Exige <strong>fita dupla face<\/strong> extra<\/td><\/tr><tr><td><strong>Papel de parede<\/strong><\/td><td>Baixa, rasga e estraga f\u00e1cil<\/td><td>Exige cola em pasta na base<\/td><\/tr><\/tbody><\/table><\/figure>\n\n\n\n<p>Leia tamb\u00e9m: <a href=\"https:\/\/www.correiobraziliense.com.br\/cbradar\/quanto-custa-transformar-o-banheiro-antigo-em-um-espaco-moderno-trocando-apenas-a-bancada-e-o-sistema-de-iluminacao\/\" target=\"_blank\" rel=\"noreferrer noopener\">Quanto custa transformar o banheiro antigo em um espa\u00e7o moderno trocando apenas a bancada e o sistema de ilumina\u00e7\u00e3o<\/a><\/p>\n\n\n\n<h2 class=\"wp-block-heading\">O que voc\u00ea precisa fazer antes de colar o revestimento?<\/h2>\n\n\n\n<p>A cola da <strong>fita dupla face<\/strong> \u00e9 muito forte, mas ela perde a ader\u00eancia se encontrar poeira ou umidade na hora da instala\u00e7\u00e3o. Por isso, preparar o terreno \u00e9 o passo que garante que as suas pe\u00e7as n\u00e3o comecem a despencar da parede no meio da noite.<\/p>\n\n\n\n<p>Siga estes passos b\u00e1sicos para deixar a base perfeita antes de colar:<\/p>\n\n\n\n<ul class=\"wp-block-list\">\n<li>Passe um pano \u00famido com <strong>\u00e1lcool<\/strong> para tirar toda a gordura do reboco.<\/li>\n\n\n\n<li>Tape buracos grandes com um pouco de <strong>massa corrida<\/strong> e lixe bem.<\/li>\n\n\n\n<li>Marque uma linha reta com um <strong>n\u00edvel ou r\u00e9gua<\/strong> para n\u00e3o entortar o desenho.<\/li>\n<\/ul>\n\n\n<div class=\"wp-block-image\">\n<figure class=\"aligncenter size-large\"><img decoding=\"async\" width=\"1024\" height=\"576\" src=\"https:\/\/www.correiobraziliense.com.br\/cbradar\/wp-content\/uploads\/2026\/03\/imagem_2026-03-03_124628160-1024x576.png\" alt=\"Mulher admirando sua nova parede 3D finalizada no quarto iluminado\" class=\"wp-image-202434\" srcset=\"https:\/\/www.correiobraziliense.com.br\/cbradar\/wp-content\/uploads\/2026\/03\/imagem_2026-03-03_124628160-1024x576.png 1024w, https:\/\/www.correiobraziliense.com.br\/cbradar\/wp-content\/uploads\/2026\/03\/imagem_2026-03-03_124628160-300x169.png 300w, https:\/\/www.correiobraziliense.com.br\/cbradar\/wp-content\/uploads\/2026\/03\/imagem_2026-03-03_124628160-768x432.png 768w, https:\/\/www.correiobraziliense.com.br\/cbradar\/wp-content\/uploads\/2026\/03\/imagem_2026-03-03_124628160-750x422.png 750w, https:\/\/www.correiobraziliense.com.br\/cbradar\/wp-content\/uploads\/2026\/03\/imagem_2026-03-03_124628160-1140x641.png 1140w, https:\/\/www.correiobraziliense.com.br\/cbradar\/wp-content\/uploads\/2026\/03\/imagem_2026-03-03_124628160.png 1280w\" sizes=\"(max-width: 1024px) 100vw, 1024px\" \/><figcaption class=\"wp-element-caption\">Mulher admirando sua nova parede 3D finalizada no quarto iluminado<\/figcaption><\/figure><\/div>\n\n\n<h2 class=\"wp-block-heading\">Como cortar e fazer os acabamentos nos cantos da sala?<\/h2>\n\n\n\n<p>Quando voc\u00ea chega na quina da parede ou nos espelhos de tomada, o desespero bate r\u00e1pido, mas o corte \u00e9 moleza se voc\u00ea usar as ferramentas certas. Para as pe\u00e7as de espuma, um <strong>estilete afiado e uma r\u00e9gua de metal<\/strong> garantem um risco reto sem mastigar as bordas do produto.<\/p>\n\n\n\n<p>No caso do pl\u00e1stico r\u00edgido, uma tesoura forte resolve o problema de forma limpa, sem levantar poeira branca pela casa toda. Depois de colar tudo com capricho, a sua sala ganha uma cara de novela gastando quase nada, pronta para receber as visitas no <strong>fim de semana<\/strong>.<\/p>\n","protected":false},"excerpt":{"rendered":"<p>A placa 3D adesiva muda a sua parede da \u00e1gua para o vinho em poucos minutos e dispensa a contrata\u00e7\u00e3o de pedreiros. Voc\u00ea substitui aqueles acabamentos caros de gesso usando apenas fita dupla face e uma tesoura para cortar os cantos com facilidade. Por que a placa 3D adesiva sai mais barata que o gesso? [&hellip;]<\/p>\n","protected":false},"author":11,"featured_media":203049,"comment_status":"open","ping_status":"open","sticky":false,"template":"","format":"standard","meta":{"_yoast_wpseo_focuskw":"placa 3D adesiva","_yoast_wpseo_title":"","_yoast_wpseo_metadesc":"A placa 3D adesiva transforma a sua parede da \u00e1gua para o vinho em poucos minutos. Renove a decora\u00e7\u00e3o de casa gastando muito pouco e sem quebra-quebra.","jnews-multi-image_gallery":[],"jnews_single_post":{"format":"standard"},"jnews_primary_category":[],"jnews_social_meta":[],"jnews_override_counter":[],"footnotes":""},"categories":[143],"post_tag":[15281,10176],"class_list":["post-202433","post","type-post","status-publish","format-standard","has-post-thumbnail","hentry","category-casa-e-decoracao","tag-acabamento","tag-parede"],"yoast_head":"<!-- This site is optimized with the Yoast SEO plugin v24.6 - https:\/\/yoast.com\/wordpress\/plugins\/seo\/ -->\n<title>F\u00e1cil de instalar, muda sua parede da \u00e1gua para o vinho, e substitui os acabamentos caros s\u00f3 com fita dupla face - Correio Braziliense - Radar<\/title>\n<meta name=\"description\" content=\"A placa 3D adesiva transforma a sua parede da \u00e1gua para o vinho em poucos minutos. Renove a decora\u00e7\u00e3o de casa gastando muito pouco e sem quebra-quebra.\" \/>\n<meta name=\"robots\" content=\"index, follow, max-snippet:-1, max-image-preview:large, max-video-preview:-1\" \/>\n<link rel=\"canonical\" href=\"https:\/\/www.correiobraziliense.com.br\/cbradar\/facil-de-instalar-muda-sua-parede-da-agua-para-o-vinho-e-substitui-os-acabamentos-caros-so-com-fita-dupla-face\/\" \/>\n<meta property=\"og:locale\" content=\"pt_BR\" \/>\n<meta property=\"og:type\" content=\"article\" \/>\n<meta property=\"og:title\" content=\"F\u00e1cil de instalar, muda sua parede da \u00e1gua para o vinho, e substitui os acabamentos caros s\u00f3 com fita dupla face - Correio Braziliense - Radar\" \/>\n<meta property=\"og:description\" content=\"A placa 3D adesiva transforma a sua parede da \u00e1gua para o vinho em poucos minutos. Renove a decora\u00e7\u00e3o de casa gastando muito pouco e sem quebra-quebra.\" \/>\n<meta property=\"og:url\" content=\"https:\/\/www.correiobraziliense.com.br\/cbradar\/facil-de-instalar-muda-sua-parede-da-agua-para-o-vinho-e-substitui-os-acabamentos-caros-so-com-fita-dupla-face\/\" \/>\n<meta property=\"og:site_name\" content=\"Correio Braziliense - Radar\" \/>\n<meta property=\"article:published_time\" content=\"2026-03-05T19:55:00+00:00\" \/>\n<meta property=\"og:image\" content=\"https:\/\/www.correiobraziliense.com.br\/cbradar\/wp-content\/uploads\/2026\/03\/freepik__parede-interna-recebendo-placas-3d-brancas-autocol__84696.jpeg\" \/>\n\t<meta property=\"og:image:width\" content=\"1280\" \/>\n\t<meta property=\"og:image:height\" content=\"720\" \/>\n\t<meta property=\"og:image:type\" content=\"image\/jpeg\" \/>\n<meta name=\"author\" content=\"Paulo Custodio\" \/>\n<meta name=\"twitter:card\" content=\"summary_large_image\" \/>\n<meta name=\"twitter:label1\" content=\"Escrito por\" \/>\n\t<meta name=\"twitter:data1\" content=\"Paulo Custodio\" \/>\n\t<meta name=\"twitter:label2\" content=\"Est. tempo de leitura\" \/>\n\t<meta name=\"twitter:data2\" content=\"5 minutos\" \/>\n<!-- \/ Yoast SEO plugin. -->","yoast_head_json":{"title":"F\u00e1cil de instalar, muda sua parede da \u00e1gua para o vinho, e substitui os acabamentos caros s\u00f3 com fita dupla face - Correio Braziliense - Radar","description":"A placa 3D adesiva transforma a sua parede da \u00e1gua para o vinho em poucos minutos. Renove a decora\u00e7\u00e3o de casa gastando muito pouco e sem quebra-quebra.","robots":{"index":"index","follow":"follow","max-snippet":"max-snippet:-1","max-image-preview":"max-image-preview:large","max-video-preview":"max-video-preview:-1"},"canonical":"https:\/\/www.correiobraziliense.com.br\/cbradar\/facil-de-instalar-muda-sua-parede-da-agua-para-o-vinho-e-substitui-os-acabamentos-caros-so-com-fita-dupla-face\/","og_locale":"pt_BR","og_type":"article","og_title":"F\u00e1cil de instalar, muda sua parede da \u00e1gua para o vinho, e substitui os acabamentos caros s\u00f3 com fita dupla face - Correio Braziliense - Radar","og_description":"A placa 3D adesiva transforma a sua parede da \u00e1gua para o vinho em poucos minutos. Renove a decora\u00e7\u00e3o de casa gastando muito pouco e sem quebra-quebra.","og_url":"https:\/\/www.correiobraziliense.com.br\/cbradar\/facil-de-instalar-muda-sua-parede-da-agua-para-o-vinho-e-substitui-os-acabamentos-caros-so-com-fita-dupla-face\/","og_site_name":"Correio Braziliense - Radar","article_published_time":"2026-03-05T19:55:00+00:00","og_image":[{"width":1280,"height":720,"url":"https:\/\/www.correiobraziliense.com.br\/cbradar\/wp-content\/uploads\/2026\/03\/freepik__parede-interna-recebendo-placas-3d-brancas-autocol__84696.jpeg","type":"image\/jpeg"}],"author":"Paulo Custodio","twitter_card":"summary_large_image","twitter_misc":{"Escrito por":"Paulo Custodio","Est. tempo de leitura":"5 minutos"},"schema":{"@context":"https:\/\/schema.org","@graph":[{"@type":"WebPage","@id":"https:\/\/www.correiobraziliense.com.br\/cbradar\/facil-de-instalar-muda-sua-parede-da-agua-para-o-vinho-e-substitui-os-acabamentos-caros-so-com-fita-dupla-face\/","url":"https:\/\/www.correiobraziliense.com.br\/cbradar\/facil-de-instalar-muda-sua-parede-da-agua-para-o-vinho-e-substitui-os-acabamentos-caros-so-com-fita-dupla-face\/","name":"F\u00e1cil de instalar, muda sua parede da \u00e1gua para o vinho, e substitui os acabamentos caros s\u00f3 com fita dupla face - Correio Braziliense - Radar","isPartOf":{"@id":"https:\/\/www.correiobraziliense.com.br\/cbradar\/#website"},"primaryImageOfPage":{"@id":"https:\/\/www.correiobraziliense.com.br\/cbradar\/facil-de-instalar-muda-sua-parede-da-agua-para-o-vinho-e-substitui-os-acabamentos-caros-so-com-fita-dupla-face\/#primaryimage"},"image":{"@id":"https:\/\/www.correiobraziliense.com.br\/cbradar\/facil-de-instalar-muda-sua-parede-da-agua-para-o-vinho-e-substitui-os-acabamentos-caros-so-com-fita-dupla-face\/#primaryimage"},"thumbnailUrl":"https:\/\/www.correiobraziliense.com.br\/cbradar\/wp-content\/uploads\/2026\/03\/freepik__parede-interna-recebendo-placas-3d-brancas-autocol__84696.jpeg","datePublished":"2026-03-05T19:55:00+00:00","author":{"@id":"https:\/\/www.correiobraziliense.com.br\/cbradar\/#\/schema\/person\/4cec7857301a9a1a2ef249893cd908d3"},"description":"A placa 3D adesiva transforma a sua parede da \u00e1gua para o vinho em poucos minutos. Renove a decora\u00e7\u00e3o de casa gastando muito pouco e sem quebra-quebra.","breadcrumb":{"@id":"https:\/\/www.correiobraziliense.com.br\/cbradar\/facil-de-instalar-muda-sua-parede-da-agua-para-o-vinho-e-substitui-os-acabamentos-caros-so-com-fita-dupla-face\/#breadcrumb"},"inLanguage":"pt-BR","potentialAction":[{"@type":"ReadAction","target":["https:\/\/www.correiobraziliense.com.br\/cbradar\/facil-de-instalar-muda-sua-parede-da-agua-para-o-vinho-e-substitui-os-acabamentos-caros-so-com-fita-dupla-face\/"]}]},{"@type":"ImageObject","inLanguage":"pt-BR","@id":"https:\/\/www.correiobraziliense.com.br\/cbradar\/facil-de-instalar-muda-sua-parede-da-agua-para-o-vinho-e-substitui-os-acabamentos-caros-so-com-fita-dupla-face\/#primaryimage","url":"https:\/\/www.correiobraziliense.com.br\/cbradar\/wp-content\/uploads\/2026\/03\/freepik__parede-interna-recebendo-placas-3d-brancas-autocol__84696.jpeg","contentUrl":"https:\/\/www.correiobraziliense.com.br\/cbradar\/wp-content\/uploads\/2026\/03\/freepik__parede-interna-recebendo-placas-3d-brancas-autocol__84696.jpeg","width":1280,"height":720,"caption":"Placas 3D adesivas s\u00e3o um revestimento decorativo leve que pode ser aplicado sem obra pesada em paredes lisas e secas"},{"@type":"BreadcrumbList","@id":"https:\/\/www.correiobraziliense.com.br\/cbradar\/facil-de-instalar-muda-sua-parede-da-agua-para-o-vinho-e-substitui-os-acabamentos-caros-so-com-fita-dupla-face\/#breadcrumb","itemListElement":[{"@type":"ListItem","position":1,"name":"In\u00edcio","item":"https:\/\/www.correiobraziliense.com.br\/cbradar\/"},{"@type":"ListItem","position":2,"name":"F\u00e1cil de instalar, muda sua parede da \u00e1gua para o vinho, e substitui os acabamentos caros s\u00f3 com fita dupla face"}]},{"@type":"WebSite","@id":"https:\/\/www.correiobraziliense.com.br\/cbradar\/#website","url":"https:\/\/www.correiobraziliense.com.br\/cbradar\/","name":"Correio Braziliense - Radar","description":"Acompanhe as \u00faltimas not\u00edcias e fique bem informado sobre tudo o que acontece no Brasil e no mundo.","potentialAction":[{"@type":"SearchAction","target":{"@type":"EntryPoint","urlTemplate":"https:\/\/www.correiobraziliense.com.br\/cbradar\/?s={search_term_string}"},"query-input":{"@type":"PropertyValueSpecification","valueRequired":true,"valueName":"search_term_string"}}],"inLanguage":"pt-BR"},{"@type":"Person","@id":"https:\/\/www.correiobraziliense.com.br\/cbradar\/#\/schema\/person\/4cec7857301a9a1a2ef249893cd908d3","name":"Paulo Custodio","image":{"@type":"ImageObject","inLanguage":"pt-BR","@id":"https:\/\/www.correiobraziliense.com.br\/cbradar\/#\/schema\/person\/image\/","url":"https:\/\/secure.gravatar.com\/avatar\/bcd67168d1534e8fcf4f45c726a87cea?s=96&d=mm&r=g","contentUrl":"https:\/\/secure.gravatar.com\/avatar\/bcd67168d1534e8fcf4f45c726a87cea?s=96&d=mm&r=g","caption":"Paulo Custodio"},"sameAs":["https:\/\/www.correiobraziliense.com.br\/cbradar"],"url":"https:\/\/www.correiobraziliense.com.br\/cbradar\/author\/paulomyth\/"}]}},"_links":{"self":[{"href":"https:\/\/www.correiobraziliense.com.br\/cbradar\/wp-json\/wp\/v2\/posts\/202433","targetHints":{"allow":["GET"]}}],"collection":[{"href":"https:\/\/www.correiobraziliense.com.br\/cbradar\/wp-json\/wp\/v2\/posts"}],"about":[{"href":"https:\/\/www.correiobraziliense.com.br\/cbradar\/wp-json\/wp\/v2\/types\/post"}],"author":[{"embeddable":true,"href":"https:\/\/www.correiobraziliense.com.br\/cbradar\/wp-json\/wp\/v2\/users\/11"}],"replies":[{"embeddable":true,"href":"https:\/\/www.correiobraziliense.com.br\/cbradar\/wp-json\/wp\/v2\/comments?post=202433"}],"version-history":[{"count":1,"href":"https:\/\/www.correiobraziliense.com.br\/cbradar\/wp-json\/wp\/v2\/posts\/202433\/revisions"}],"predecessor-version":[{"id":202441,"href":"https:\/\/www.correiobraziliense.com.br\/cbradar\/wp-json\/wp\/v2\/posts\/202433\/revisions\/202441"}],"wp:featuredmedia":[{"embeddable":true,"href":"https:\/\/www.correiobraziliense.com.br\/cbradar\/wp-json\/wp\/v2\/media\/203049"}],"wp:attachment":[{"href":"https:\/\/www.correiobraziliense.com.br\/cbradar\/wp-json\/wp\/v2\/media?parent=202433"}],"wp:term":[{"taxonomy":"category","embeddable":true,"href":"https:\/\/www.correiobraziliense.com.br\/cbradar\/wp-json\/wp\/v2\/categories?post=202433"},{"taxonomy":"post_tag","embeddable":true,"href":"https:\/\/www.correiobraziliense.com.br\/cbradar\/wp-json\/wp\/v2\/post_tag?post=202433"}],"curies":[{"name":"wp","href":"https:\/\/api.w.org\/{rel}","templated":true}]}}