{"id":202461,"date":"2026-03-05T20:55:00","date_gmt":"2026-03-05T23:55:00","guid":{"rendered":"https:\/\/www.correiobraziliense.com.br\/cbradar\/?p=202461"},"modified":"2026-03-04T13:08:55","modified_gmt":"2026-03-04T16:08:55","slug":"truque-simples-para-afiar-a-faca-em-menos-de-50-segundos-em-casa","status":"publish","type":"post","link":"https:\/\/www.correiobraziliense.com.br\/cbradar\/truque-simples-para-afiar-a-faca-em-menos-de-50-segundos-em-casa\/","title":{"rendered":"Truque simples para afiar a faca em menos de 50 segundos em casa"},"content":{"rendered":"\n<p>Saber como <strong>afiar a faca<\/strong> em casa com rapidez salva o seu churrasco e agiliza muito o preparo das refei\u00e7\u00f5es do dia a dia. Com um truque muito simples de menos de 50 segundos, voc\u00ea recupera o corte perfeito sem precisar de pedras caras ou ferramentas pesadas.<\/p>\n\n\n\n<h2 class=\"wp-block-heading\">Como afiar a faca usando o fundo de uma x\u00edcara?<\/h2>\n\n\n\n<p>O m\u00e9todo mais pr\u00e1tico para salvar a l\u00e2mina cega \u00e9 usar o fundo \u00e1spero de uma <strong>x\u00edcara de cer\u00e2mica<\/strong> comum da sua estante. Esse material n\u00e3o polido tem uma dureza muito alta e consegue desgastar o a\u00e7o rapidamente, agindo como uma lixa natural.<\/p>\n\n\n\n<p>Basta virar a caneca de cabe\u00e7a para baixo e passar a l\u00e2mina em um \u00e2ngulo de <strong>20 graus<\/strong> por toda a borda r\u00fastica. Fa\u00e7a o movimento puxando o metal contra a cer\u00e2mica de forma cont\u00ednua, repetindo a fric\u00e7\u00e3o de cinco a dez vezes de cada lado.<\/p>\n\n\n<div class=\"wp-block-image\">\n<figure class=\"aligncenter size-large\"><img decoding=\"async\" width=\"1024\" height=\"576\" src=\"https:\/\/www.correiobraziliense.com.br\/cbradar\/wp-content\/uploads\/2026\/03\/imagem_2026-03-03_131506856-1024x576.png\" alt=\"Faca de a\u00e7o sendo afiada no fundo de uma caneca sob luz solar.\" class=\"wp-image-202477\" srcset=\"https:\/\/www.correiobraziliense.com.br\/cbradar\/wp-content\/uploads\/2026\/03\/imagem_2026-03-03_131506856-1024x576.png 1024w, https:\/\/www.correiobraziliense.com.br\/cbradar\/wp-content\/uploads\/2026\/03\/imagem_2026-03-03_131506856-300x169.png 300w, https:\/\/www.correiobraziliense.com.br\/cbradar\/wp-content\/uploads\/2026\/03\/imagem_2026-03-03_131506856-768x432.png 768w, https:\/\/www.correiobraziliense.com.br\/cbradar\/wp-content\/uploads\/2026\/03\/imagem_2026-03-03_131506856-750x422.png 750w, https:\/\/www.correiobraziliense.com.br\/cbradar\/wp-content\/uploads\/2026\/03\/imagem_2026-03-03_131506856-1140x641.png 1140w, https:\/\/www.correiobraziliense.com.br\/cbradar\/wp-content\/uploads\/2026\/03\/imagem_2026-03-03_131506856.png 1280w\" sizes=\"(max-width: 1024px) 100vw, 1024px\" \/><figcaption class=\"wp-element-caption\">Faca de a\u00e7o sendo afiada no fundo de uma caneca sob luz solar.<\/figcaption><\/figure><\/div>\n\n\n<h2 class=\"wp-block-heading\">Quais as diferen\u00e7as entre a cer\u00e2mica e a chaira de a\u00e7o?<\/h2>\n\n\n\n<p>Compare como cada material reage no fio da sua ferramenta de corte na hora de preparar a comida da semana:<\/p>\n\n\n\n<figure class=\"wp-block-table\"><table class=\"has-fixed-layout\"><tbody><tr><th>Material Usado<\/th><th>Fun\u00e7\u00e3o Principal<\/th><th>Desgaste do A\u00e7o<\/th><\/tr><tr><td><strong>Fundo de cer\u00e2mica<\/strong><\/td><td>Refaz o fio de corte do zero<\/td><td>Alto e eficiente<\/td><\/tr><tr><td><strong>Chaira estriada<\/strong><\/td><td>Apenas alinha a l\u00e2mina torta<\/td><td>Muito baixo<\/td><\/tr><tr><td><strong>Pedra dupla face<\/strong><\/td><td>Afia\u00e7\u00e3o profissional completa<\/td><td>M\u00e9dio a alto<\/td><\/tr><\/tbody><\/table><\/figure>\n\n\n\n<p>A <strong>chaira<\/strong> serve apenas para manter o corte no dia a dia, enquanto a cer\u00e2mica cria um fio totalmente novo. Por isso, recorrer \u00e0 x\u00edcara \u00e9 a sa\u00edda ideal quando a sua ferramenta velha j\u00e1 n\u00e3o corta absolutamente nada.<\/p>\n\n\n\n<p>Leia tamb\u00e9m: <a href=\"https:\/\/www.correiobraziliense.com.br\/cbradar\/o-sinal-discreto-na-sola-dos-pes-que-indica-que-o-seu-corpo-esta-inflamado-e-como-resolver-com-um-ajuste-na-dieta\/\" target=\"_blank\" rel=\"noreferrer noopener\">O sinal discreto na sola dos p\u00e9s que indica que o seu corpo est\u00e1 inflamado e como resolver com um ajuste na dieta<\/a><\/p>\n\n\n\n<h2 class=\"wp-block-heading\">O que voc\u00ea precisa fazer antes de come\u00e7ar o atrito?<\/h2>\n\n\n\n<p>Antes de esfregar o a\u00e7o, lave a l\u00e2mina com <strong>\u00e1gua e sab\u00e3o neutro<\/strong> para remover qualquer gordura acumulada do almo\u00e7o. A sujeira cria uma pel\u00edcula escorregadia que impede a base \u00e1spera de morder o metal do jeito certo.<\/p>\n\n\n\n<p>Siga estes passos r\u00e1pidos de prepara\u00e7\u00e3o para garantir um fio de navalha limpo na sua pia da cozinha:<\/p>\n\n\n\n<ul class=\"wp-block-list\">\n<li>Seque bem a pe\u00e7a de metal com um <strong>pano de prato<\/strong> limpo.<\/li>\n\n\n\n<li>Apoie a x\u00edcara em cima de um pano \u00famido para ela n\u00e3o escorregar e causar acidentes.<\/li>\n\n\n\n<li>Encontre o \u00e2ngulo ideal de <strong>20 graus<\/strong> deitando um pouco a l\u00e2mina.<\/li>\n<\/ul>\n\n\n<div class=\"wp-block-image\">\n<figure class=\"aligncenter size-large\"><img decoding=\"async\" width=\"1024\" height=\"576\" src=\"https:\/\/www.correiobraziliense.com.br\/cbradar\/wp-content\/uploads\/2026\/03\/imagem_2026-03-03_131512401-1024x576.png\" alt=\"Detalhe macro do \u00e2ngulo de 20 graus entre a l\u00e2mina e a cer\u00e2mica\" class=\"wp-image-202475\" srcset=\"https:\/\/www.correiobraziliense.com.br\/cbradar\/wp-content\/uploads\/2026\/03\/imagem_2026-03-03_131512401-1024x576.png 1024w, https:\/\/www.correiobraziliense.com.br\/cbradar\/wp-content\/uploads\/2026\/03\/imagem_2026-03-03_131512401-300x169.png 300w, https:\/\/www.correiobraziliense.com.br\/cbradar\/wp-content\/uploads\/2026\/03\/imagem_2026-03-03_131512401-768x432.png 768w, https:\/\/www.correiobraziliense.com.br\/cbradar\/wp-content\/uploads\/2026\/03\/imagem_2026-03-03_131512401-750x422.png 750w, https:\/\/www.correiobraziliense.com.br\/cbradar\/wp-content\/uploads\/2026\/03\/imagem_2026-03-03_131512401-1140x641.png 1140w, https:\/\/www.correiobraziliense.com.br\/cbradar\/wp-content\/uploads\/2026\/03\/imagem_2026-03-03_131512401.png 1280w\" sizes=\"(max-width: 1024px) 100vw, 1024px\" \/><figcaption class=\"wp-element-caption\">Detalhe macro do \u00e2ngulo de 20 graus entre a l\u00e2mina e a cer\u00e2mica<\/figcaption><\/figure><\/div>\n\n\n<h2 class=\"wp-block-heading\">Por que o \u00e2ngulo de atrito muda o resultado do corte?<\/h2>\n\n\n\n<p>Manter a inclina\u00e7\u00e3o correta \u00e9 o segredo para n\u00e3o estragar a geometria da sua ferramenta e perder o fio de vez. Se voc\u00ea deitar demais a m\u00e3o, a cer\u00e2mica apenas risca a lateral brilhante do a\u00e7o em vez de afinar a ponta de impacto da l\u00e2mina.<\/p>\n\n\n\n<p>O \u00e2ngulo de desbaste define a durabilidade do fio e a sua precis\u00e3o de corte. Manter a const\u00e2ncia no movimento deslizante \u00e9 muito mais importante do que colocar for\u00e7a bruta em cima da lou\u00e7a.<\/p>\n\n\n<div class=\"wp-block-image\">\n<figure class=\"aligncenter size-large\"><img decoding=\"async\" width=\"1024\" height=\"576\" src=\"https:\/\/www.correiobraziliense.com.br\/cbradar\/wp-content\/uploads\/2026\/03\/imagem_2026-03-03_131519046-1024x576.png\" alt=\"Faca afiada fatiando tomate com perfei\u00e7\u00e3o em cozinha iluminada\" class=\"wp-image-202473\" srcset=\"https:\/\/www.correiobraziliense.com.br\/cbradar\/wp-content\/uploads\/2026\/03\/imagem_2026-03-03_131519046-1024x576.png 1024w, https:\/\/www.correiobraziliense.com.br\/cbradar\/wp-content\/uploads\/2026\/03\/imagem_2026-03-03_131519046-300x169.png 300w, https:\/\/www.correiobraziliense.com.br\/cbradar\/wp-content\/uploads\/2026\/03\/imagem_2026-03-03_131519046-768x432.png 768w, https:\/\/www.correiobraziliense.com.br\/cbradar\/wp-content\/uploads\/2026\/03\/imagem_2026-03-03_131519046-750x422.png 750w, https:\/\/www.correiobraziliense.com.br\/cbradar\/wp-content\/uploads\/2026\/03\/imagem_2026-03-03_131519046-1140x641.png 1140w, https:\/\/www.correiobraziliense.com.br\/cbradar\/wp-content\/uploads\/2026\/03\/imagem_2026-03-03_131519046.png 1280w\" sizes=\"(max-width: 1024px) 100vw, 1024px\" \/><figcaption class=\"wp-element-caption\">Faca afiada fatiando tomate com perfei\u00e7\u00e3o em cozinha iluminada<\/figcaption><\/figure><\/div>\n\n\n<h2 class=\"wp-block-heading\">Como testar a afia\u00e7\u00e3o depois do truque de 50 segundos?<\/h2>\n\n\n\n<p>O teste definitivo para saber se o atrito funcionou \u00e9 cortar uma folha de <strong>papel sulfite<\/strong> no ar usando apenas o peso da sua pr\u00f3pria m\u00e3o. Se a l\u00e2mina rasgar a folha de forma irregular em vez de fatiar liso, voc\u00ea precisa repetir o movimento na cer\u00e2mica por mais alguns <strong>segundos<\/strong>.<\/p>\n\n\n\n<p>Outra op\u00e7\u00e3o cl\u00e1ssica para provar a efic\u00e1cia \u00e9 fatiar um tomate maduro sem precisar fazer press\u00e3o contra a pele vermelha da fruta. Dominar esse macete r\u00e1pido resolve os perrengues di\u00e1rios e garante fatias muito mais finas para as suas receitas renderem.<\/p>\n","protected":false},"excerpt":{"rendered":"<p>Saber como afiar a faca em casa com rapidez salva o seu churrasco e agiliza muito o preparo das refei\u00e7\u00f5es do dia a dia. Com um truque muito simples de menos de 50 segundos, voc\u00ea recupera o corte perfeito sem precisar de pedras caras ou ferramentas pesadas. Como afiar a faca usando o fundo de [&hellip;]<\/p>\n","protected":false},"author":11,"featured_media":203045,"comment_status":"open","ping_status":"open","sticky":false,"template":"","format":"standard","meta":{"_yoast_wpseo_focuskw":"afiar a faca","_yoast_wpseo_title":"","_yoast_wpseo_metadesc":"A l\u00e2mina n\u00e3o corta nem tomate? Aprende um truque caseiro para afiar a faca em menos de 50 segundos usando apenas uma x\u00edcara comum.","jnews-multi-image_gallery":[],"jnews_single_post":{"format":"standard"},"jnews_primary_category":[],"jnews_social_meta":[],"jnews_override_counter":[],"footnotes":""},"categories":[143],"post_tag":[15728,15727],"class_list":["post-202461","post","type-post","status-publish","format-standard","has-post-thumbnail","hentry","category-casa-e-decoracao","tag-afiar","tag-faca"],"yoast_head":"<!-- This site is optimized with the Yoast SEO plugin v24.6 - https:\/\/yoast.com\/wordpress\/plugins\/seo\/ -->\n<title>Truque simples para afiar a faca em menos de 50 segundos em casa - Correio Braziliense - Radar<\/title>\n<meta name=\"description\" content=\"A l\u00e2mina n\u00e3o corta nem tomate? Aprende um truque caseiro para afiar a faca em menos de 50 segundos usando apenas uma x\u00edcara comum.\" \/>\n<meta name=\"robots\" content=\"index, follow, max-snippet:-1, max-image-preview:large, max-video-preview:-1\" \/>\n<link rel=\"canonical\" href=\"https:\/\/www.correiobraziliense.com.br\/cbradar\/truque-simples-para-afiar-a-faca-em-menos-de-50-segundos-em-casa\/\" \/>\n<meta property=\"og:locale\" content=\"pt_BR\" \/>\n<meta property=\"og:type\" content=\"article\" \/>\n<meta property=\"og:title\" content=\"Truque simples para afiar a faca em menos de 50 segundos em casa - Correio Braziliense - Radar\" \/>\n<meta property=\"og:description\" content=\"A l\u00e2mina n\u00e3o corta nem tomate? Aprende um truque caseiro para afiar a faca em menos de 50 segundos usando apenas uma x\u00edcara comum.\" \/>\n<meta property=\"og:url\" content=\"https:\/\/www.correiobraziliense.com.br\/cbradar\/truque-simples-para-afiar-a-faca-em-menos-de-50-segundos-em-casa\/\" \/>\n<meta property=\"og:site_name\" content=\"Correio Braziliense - Radar\" \/>\n<meta property=\"article:published_time\" content=\"2026-03-05T23:55:00+00:00\" \/>\n<meta property=\"og:image\" content=\"https:\/\/www.correiobraziliense.com.br\/cbradar\/wp-content\/uploads\/2026\/03\/freepik__faca-de-cozinha-sendo-afiada-no-fundo-spero-de-uma__84698.jpeg\" \/>\n\t<meta property=\"og:image:width\" content=\"1280\" \/>\n\t<meta property=\"og:image:height\" content=\"720\" \/>\n\t<meta property=\"og:image:type\" content=\"image\/jpeg\" \/>\n<meta name=\"author\" content=\"Paulo Custodio\" \/>\n<meta name=\"twitter:card\" content=\"summary_large_image\" \/>\n<meta name=\"twitter:label1\" content=\"Escrito por\" \/>\n\t<meta name=\"twitter:data1\" content=\"Paulo Custodio\" \/>\n\t<meta name=\"twitter:label2\" content=\"Est. tempo de leitura\" \/>\n\t<meta name=\"twitter:data2\" content=\"5 minutos\" \/>\n<!-- \/ Yoast SEO plugin. -->","yoast_head_json":{"title":"Truque simples para afiar a faca em menos de 50 segundos em casa - Correio Braziliense - Radar","description":"A l\u00e2mina n\u00e3o corta nem tomate? Aprende um truque caseiro para afiar a faca em menos de 50 segundos usando apenas uma x\u00edcara comum.","robots":{"index":"index","follow":"follow","max-snippet":"max-snippet:-1","max-image-preview":"max-image-preview:large","max-video-preview":"max-video-preview:-1"},"canonical":"https:\/\/www.correiobraziliense.com.br\/cbradar\/truque-simples-para-afiar-a-faca-em-menos-de-50-segundos-em-casa\/","og_locale":"pt_BR","og_type":"article","og_title":"Truque simples para afiar a faca em menos de 50 segundos em casa - Correio Braziliense - Radar","og_description":"A l\u00e2mina n\u00e3o corta nem tomate? Aprende um truque caseiro para afiar a faca em menos de 50 segundos usando apenas uma x\u00edcara comum.","og_url":"https:\/\/www.correiobraziliense.com.br\/cbradar\/truque-simples-para-afiar-a-faca-em-menos-de-50-segundos-em-casa\/","og_site_name":"Correio Braziliense - Radar","article_published_time":"2026-03-05T23:55:00+00:00","og_image":[{"width":1280,"height":720,"url":"https:\/\/www.correiobraziliense.com.br\/cbradar\/wp-content\/uploads\/2026\/03\/freepik__faca-de-cozinha-sendo-afiada-no-fundo-spero-de-uma__84698.jpeg","type":"image\/jpeg"}],"author":"Paulo Custodio","twitter_card":"summary_large_image","twitter_misc":{"Escrito por":"Paulo Custodio","Est. tempo de leitura":"5 minutos"},"schema":{"@context":"https:\/\/schema.org","@graph":[{"@type":"WebPage","@id":"https:\/\/www.correiobraziliense.com.br\/cbradar\/truque-simples-para-afiar-a-faca-em-menos-de-50-segundos-em-casa\/","url":"https:\/\/www.correiobraziliense.com.br\/cbradar\/truque-simples-para-afiar-a-faca-em-menos-de-50-segundos-em-casa\/","name":"Truque simples para afiar a faca em menos de 50 segundos em casa - Correio Braziliense - Radar","isPartOf":{"@id":"https:\/\/www.correiobraziliense.com.br\/cbradar\/#website"},"primaryImageOfPage":{"@id":"https:\/\/www.correiobraziliense.com.br\/cbradar\/truque-simples-para-afiar-a-faca-em-menos-de-50-segundos-em-casa\/#primaryimage"},"image":{"@id":"https:\/\/www.correiobraziliense.com.br\/cbradar\/truque-simples-para-afiar-a-faca-em-menos-de-50-segundos-em-casa\/#primaryimage"},"thumbnailUrl":"https:\/\/www.correiobraziliense.com.br\/cbradar\/wp-content\/uploads\/2026\/03\/freepik__faca-de-cozinha-sendo-afiada-no-fundo-spero-de-uma__84698.jpeg","datePublished":"2026-03-05T23:55:00+00:00","author":{"@id":"https:\/\/www.correiobraziliense.com.br\/cbradar\/#\/schema\/person\/4cec7857301a9a1a2ef249893cd908d3"},"description":"A l\u00e2mina n\u00e3o corta nem tomate? Aprende um truque caseiro para afiar a faca em menos de 50 segundos usando apenas uma x\u00edcara comum.","breadcrumb":{"@id":"https:\/\/www.correiobraziliense.com.br\/cbradar\/truque-simples-para-afiar-a-faca-em-menos-de-50-segundos-em-casa\/#breadcrumb"},"inLanguage":"pt-BR","potentialAction":[{"@type":"ReadAction","target":["https:\/\/www.correiobraziliense.com.br\/cbradar\/truque-simples-para-afiar-a-faca-em-menos-de-50-segundos-em-casa\/"]}]},{"@type":"ImageObject","inLanguage":"pt-BR","@id":"https:\/\/www.correiobraziliense.com.br\/cbradar\/truque-simples-para-afiar-a-faca-em-menos-de-50-segundos-em-casa\/#primaryimage","url":"https:\/\/www.correiobraziliense.com.br\/cbradar\/wp-content\/uploads\/2026\/03\/freepik__faca-de-cozinha-sendo-afiada-no-fundo-spero-de-uma__84698.jpeg","contentUrl":"https:\/\/www.correiobraziliense.com.br\/cbradar\/wp-content\/uploads\/2026\/03\/freepik__faca-de-cozinha-sendo-afiada-no-fundo-spero-de-uma__84698.jpeg","width":1280,"height":720,"caption":"Uma faca bem afiada corta com menos esfor\u00e7o e reduz o risco de escorregar e causar acidentes na cozinha"},{"@type":"BreadcrumbList","@id":"https:\/\/www.correiobraziliense.com.br\/cbradar\/truque-simples-para-afiar-a-faca-em-menos-de-50-segundos-em-casa\/#breadcrumb","itemListElement":[{"@type":"ListItem","position":1,"name":"In\u00edcio","item":"https:\/\/www.correiobraziliense.com.br\/cbradar\/"},{"@type":"ListItem","position":2,"name":"Truque simples para afiar a faca em menos de 50 segundos em casa"}]},{"@type":"WebSite","@id":"https:\/\/www.correiobraziliense.com.br\/cbradar\/#website","url":"https:\/\/www.correiobraziliense.com.br\/cbradar\/","name":"Correio Braziliense - Radar","description":"Acompanhe as \u00faltimas not\u00edcias e fique bem informado sobre tudo o que acontece no Brasil e no mundo.","potentialAction":[{"@type":"SearchAction","target":{"@type":"EntryPoint","urlTemplate":"https:\/\/www.correiobraziliense.com.br\/cbradar\/?s={search_term_string}"},"query-input":{"@type":"PropertyValueSpecification","valueRequired":true,"valueName":"search_term_string"}}],"inLanguage":"pt-BR"},{"@type":"Person","@id":"https:\/\/www.correiobraziliense.com.br\/cbradar\/#\/schema\/person\/4cec7857301a9a1a2ef249893cd908d3","name":"Paulo Custodio","image":{"@type":"ImageObject","inLanguage":"pt-BR","@id":"https:\/\/www.correiobraziliense.com.br\/cbradar\/#\/schema\/person\/image\/","url":"https:\/\/secure.gravatar.com\/avatar\/bcd67168d1534e8fcf4f45c726a87cea?s=96&d=mm&r=g","contentUrl":"https:\/\/secure.gravatar.com\/avatar\/bcd67168d1534e8fcf4f45c726a87cea?s=96&d=mm&r=g","caption":"Paulo Custodio"},"sameAs":["https:\/\/www.correiobraziliense.com.br\/cbradar"],"url":"https:\/\/www.correiobraziliense.com.br\/cbradar\/author\/paulomyth\/"}]}},"_links":{"self":[{"href":"https:\/\/www.correiobraziliense.com.br\/cbradar\/wp-json\/wp\/v2\/posts\/202461","targetHints":{"allow":["GET"]}}],"collection":[{"href":"https:\/\/www.correiobraziliense.com.br\/cbradar\/wp-json\/wp\/v2\/posts"}],"about":[{"href":"https:\/\/www.correiobraziliense.com.br\/cbradar\/wp-json\/wp\/v2\/types\/post"}],"author":[{"embeddable":true,"href":"https:\/\/www.correiobraziliense.com.br\/cbradar\/wp-json\/wp\/v2\/users\/11"}],"replies":[{"embeddable":true,"href":"https:\/\/www.correiobraziliense.com.br\/cbradar\/wp-json\/wp\/v2\/comments?post=202461"}],"version-history":[{"count":1,"href":"https:\/\/www.correiobraziliense.com.br\/cbradar\/wp-json\/wp\/v2\/posts\/202461\/revisions"}],"predecessor-version":[{"id":202478,"href":"https:\/\/www.correiobraziliense.com.br\/cbradar\/wp-json\/wp\/v2\/posts\/202461\/revisions\/202478"}],"wp:featuredmedia":[{"embeddable":true,"href":"https:\/\/www.correiobraziliense.com.br\/cbradar\/wp-json\/wp\/v2\/media\/203045"}],"wp:attachment":[{"href":"https:\/\/www.correiobraziliense.com.br\/cbradar\/wp-json\/wp\/v2\/media?parent=202461"}],"wp:term":[{"taxonomy":"category","embeddable":true,"href":"https:\/\/www.correiobraziliense.com.br\/cbradar\/wp-json\/wp\/v2\/categories?post=202461"},{"taxonomy":"post_tag","embeddable":true,"href":"https:\/\/www.correiobraziliense.com.br\/cbradar\/wp-json\/wp\/v2\/post_tag?post=202461"}],"curies":[{"name":"wp","href":"https:\/\/api.w.org\/{rel}","templated":true}]}}