{"id":202575,"date":"2026-03-09T07:05:00","date_gmt":"2026-03-09T10:05:00","guid":{"rendered":"https:\/\/www.correiobraziliense.com.br\/cbradar\/?p=202575"},"modified":"2026-03-08T17:41:33","modified_gmt":"2026-03-08T20:41:33","slug":"por-que-sentimos-a-sensacao-de-cair-enquanto-dormimos","status":"publish","type":"post","link":"https:\/\/www.correiobraziliense.com.br\/cbradar\/por-que-sentimos-a-sensacao-de-cair-enquanto-dormimos\/","title":{"rendered":"Por que sentimos a sensa\u00e7\u00e3o de &#8220;cair&#8221; enquanto dormimos?"},"content":{"rendered":"\n<p>A sensa\u00e7\u00e3o de <strong>cair durante o sono<\/strong>, tamb\u00e9m conhecida como <strong>espasmo h\u00edpnico<\/strong>, \u00e9 um fen\u00f4meno comum que ocorre em diferentes fases do descanso. Ela acontece quando o corpo reage a mudan\u00e7as s\u00fabitas na atividade cerebral, confundindo o c\u00e9rebro sobre a posi\u00e7\u00e3o do corpo. Embora seja inofensiva na maioria dos casos, essa sensa\u00e7\u00e3o desperta curiosidade e questionamentos sobre sua origem e rela\u00e7\u00e3o com o sono profundo.<\/p>\n\n\n\n<h2 class=\"wp-block-heading\">Por que o corpo reage com a sensa\u00e7\u00e3o de queda durante o sono<\/h2>\n\n\n\n<p>O espasmo h\u00edpnico ocorre geralmente nas primeiras fases do sono, quando o corpo relaxa rapidamente. O c\u00e9rebro interpreta o relaxamento muscular como uma poss\u00edvel queda, desencadeando <strong>contra\u00e7\u00f5es involunt\u00e1rias<\/strong>. Segundo um estudo publicado pela<a href=\"https:\/\/www.sleepfoundation.org\/parasomnias\/hypnic-jerks\" target=\"_blank\" rel=\"noreferrer noopener\"> <strong>National Sleep Foundation<\/strong><\/a>, essas contra\u00e7\u00f5es podem ser uma forma de alerta evolutivo que ajuda a evitar quedas reais durante o repouso profundo.<\/p>\n\n\n\n<p>Al\u00e9m da rea\u00e7\u00e3o neurol\u00f3gica, fatores como <a href=\"https:\/\/www.correiobraziliense.com.br\/cbradar\/o-cha-aromatico-que-virou-aliado-contra-estresse-leve-e-desconforto-apos-as-refeicoes\/\" target=\"_blank\" rel=\"noreferrer noopener\">estresse<\/a>, fadiga e consumo de cafe\u00edna podem intensificar a sensa\u00e7\u00e3o. O corpo altamente excitado ou cansado responde de forma mais intensa aos sinais de relaxamento muscular, aumentando a frequ\u00eancia desses espasmos e tornando-os mais percept\u00edveis durante o in\u00edcio do sono.<\/p>\n\n\n\n<figure class=\"wp-block-image size-large\"><img decoding=\"async\" width=\"1024\" height=\"577\" src=\"https:\/\/www.correiobraziliense.com.br\/cbradar\/wp-content\/uploads\/2026\/03\/pessoa-se-assustando-enquanto-dorme-1-1024x577.png\" alt=\"Por que sentimos a sensa\u00e7\u00e3o de &quot;cair&quot; enquanto dormimos?\" class=\"wp-image-202581\" srcset=\"https:\/\/www.correiobraziliense.com.br\/cbradar\/wp-content\/uploads\/2026\/03\/pessoa-se-assustando-enquanto-dorme-1-1024x577.png 1024w, https:\/\/www.correiobraziliense.com.br\/cbradar\/wp-content\/uploads\/2026\/03\/pessoa-se-assustando-enquanto-dorme-1-300x169.png 300w, https:\/\/www.correiobraziliense.com.br\/cbradar\/wp-content\/uploads\/2026\/03\/pessoa-se-assustando-enquanto-dorme-1-768x433.png 768w, https:\/\/www.correiobraziliense.com.br\/cbradar\/wp-content\/uploads\/2026\/03\/pessoa-se-assustando-enquanto-dorme-1-750x422.png 750w, https:\/\/www.correiobraziliense.com.br\/cbradar\/wp-content\/uploads\/2026\/03\/pessoa-se-assustando-enquanto-dorme-1-1140x642.png 1140w, https:\/\/www.correiobraziliense.com.br\/cbradar\/wp-content\/uploads\/2026\/03\/pessoa-se-assustando-enquanto-dorme-1.png 1280w\" sizes=\"(max-width: 1024px) 100vw, 1024px\" \/><figcaption class=\"wp-element-caption\">Voc\u00ea sente que cai ao dormir e n\u00e3o sabe o motivo<\/figcaption><\/figure>\n\n\n\n<h2 class=\"wp-block-heading\">Quais h\u00e1bitos podem intensificar a sensa\u00e7\u00e3o de cair durante o sono<\/h2>\n\n\n\n<p>Algumas atitudes di\u00e1rias e condi\u00e7\u00f5es do sono podem aumentar a ocorr\u00eancia do espasmo h\u00edpnico. A falta de rotina, excesso de estimulantes ou sono fragmentado deixam o corpo mais suscet\u00edvel a <strong>reagir de forma exagerada<\/strong> durante o relaxamento. Pequenos ajustes podem reduzir a frequ\u00eancia desses epis\u00f3dios e melhorar a qualidade do descanso:<\/p>\n\n\n\n<ul class=\"wp-block-list\">\n<li>Consumo elevado de caf\u00e9, ch\u00e1 preto ou energ\u00e9ticos \u00e0 noite<\/li>\n\n\n\n<li>Sono irregular ou hor\u00e1rios inconsistentes de dormir<\/li>\n\n\n\n<li>Estresse elevado ou ansiedade acumulada durante o dia<\/li>\n\n\n\n<li>Atividade f\u00edsica intensa imediatamente antes de deitar<\/li>\n<\/ul>\n\n\n\n<h2 class=\"wp-block-heading\">Como o c\u00e9rebro interpreta o relaxamento corporal de forma equivocada<\/h2>\n\n\n\n<p>Durante a transi\u00e7\u00e3o entre vig\u00edlia e sono, o c\u00e9rebro recebe sinais conflitantes dos m\u00fasculos e do sistema vestibular. Essa interpreta\u00e7\u00e3o err\u00f4nea provoca a sensa\u00e7\u00e3o de queda, acompanhada de um <strong>sobressalto involunt\u00e1rio<\/strong>. A rea\u00e7\u00e3o \u00e9 r\u00e1pida, dura apenas segundos e \u00e9 considerada um reflexo normal, sem risco \u00e0 sa\u00fade ou fun\u00e7\u00e3o motora durante o sono.<\/p>\n\n\n\n<p>Pesquisas apontam que a sensa\u00e7\u00e3o de cair \u00e9 mais comum em pessoas jovens e em adultos que enfrentam <strong>per\u00edodos de estresse elevado<\/strong>, refor\u00e7ando que o fen\u00f4meno est\u00e1 ligado \u00e0 atividade neurol\u00f3gica e n\u00e3o a condi\u00e7\u00f5es m\u00e9dicas graves. Ajustes simples na rotina podem minimizar sua ocorr\u00eancia e tornar o sono mais tranquilo.<\/p>\n\n\n\n<p>Se voc\u00ea quer entender melhor aquela sensa\u00e7\u00e3o de \u201ccair\u201d enquanto dorme, este v\u00eddeo do canal Regenerati &#8211; Dr. Willian Rezende, com 1,03 milh\u00e3o de subscritores, foi escolhido especialmente para voc\u00ea. Ele explica o que s\u00e3o os espasmos do sono e por que eles acontecem.<\/p>\n\n\n\n<figure class=\"wp-block-embed is-type-video is-provider-youtube wp-block-embed-youtube wp-embed-aspect-16-9 wp-has-aspect-ratio\"><div class=\"wp-block-embed__wrapper\">\n<div class=\"jeg_video_container jeg_video_content\"><iframe loading=\"lazy\" title=\"Espasmo do Sono - Sensa\u00e7\u00e3o de Cair Durante o Sono\" width=\"500\" height=\"281\" src=\"https:\/\/www.youtube.com\/embed\/KNAO-x1gAuk?feature=oembed\" frameborder=\"0\" allow=\"accelerometer; autoplay; clipboard-write; encrypted-media; gyroscope; picture-in-picture; web-share\" referrerpolicy=\"strict-origin-when-cross-origin\" allowfullscreen><\/iframe><\/div>\n<\/div><\/figure>\n\n\n\n<h2 class=\"wp-block-heading\">Quando a sensa\u00e7\u00e3o de cair pode indicar algo mais s\u00e9rio<\/h2>\n\n\n\n<p>Embora na maioria dos casos seja inofensiva, a sensa\u00e7\u00e3o de queda acompanhada de ins\u00f4nia severa, pesadelos frequentes ou outros dist\u00farbios do sono pode requerer avalia\u00e7\u00e3o profissional. Especialistas em <strong>neurologia e medicina do sono<\/strong> podem identificar se h\u00e1 condi\u00e7\u00f5es subjacentes que aumentam a excitabilidade neurol\u00f3gica durante a noite. Interven\u00e7\u00f5es simples, como higiene do sono e t\u00e9cnicas de relaxamento, costumam trazer resultados eficazes.<\/p>\n\n\n\n<h2 class=\"wp-block-heading\">Como reduzir a frequ\u00eancia da sensa\u00e7\u00e3o de cair enquanto dorme<\/h2>\n\n\n\n<p>Pequenas mudan\u00e7as no estilo de vida ajudam a minimizar os espasmos h\u00edpnicos e proporcionam noites mais tranquilas. Estrat\u00e9gias simples podem reduzir a excitabilidade do corpo e do c\u00e9rebro, prevenindo o desconforto. Entre as medidas mais eficazes est\u00e3o:<\/p>\n\n\n\n<ul class=\"wp-block-list\">\n<li>Manter hor\u00e1rios regulares de sono<\/li>\n\n\n\n<li>Evitar cafe\u00edna e estimulantes \u00e0 noite<\/li>\n\n\n\n<li>Praticar t\u00e9cnicas de relaxamento, como respira\u00e7\u00e3o profunda<\/li>\n\n\n\n<li>Reduzir estresse com medita\u00e7\u00e3o ou alongamento leve<\/li>\n\n\n\n<li>Criar um ambiente silencioso e escuro para dormir<\/li>\n<\/ul>\n","protected":false},"excerpt":{"rendered":"<p>Veja o que provoca o espasmo h\u00edpnico e por que seu corpo reage com sensa\u00e7\u00e3o de queda durante o sono, al\u00e9m de dicas para reduzir o efeito<\/p>\n","protected":false},"author":23,"featured_media":202579,"comment_status":"open","ping_status":"open","sticky":false,"template":"","format":"standard","meta":{"_yoast_wpseo_focuskw":"Cair enquanto dormimos","_yoast_wpseo_title":"","_yoast_wpseo_metadesc":"Veja o que provoca o espasmo h\u00edpnico e por que seu corpo reage com sensa\u00e7\u00e3o de queda durante o sono, al\u00e9m de dicas para reduzir o efeito","jnews-multi-image_gallery":[],"jnews_single_post":{"format":"standard"},"jnews_primary_category":[],"jnews_social_meta":[],"jnews_override_counter":[],"footnotes":""},"categories":[112],"tags":[144,564,1313],"class_list":["post-202575","post","type-post","status-publish","format-standard","has-post-thumbnail","hentry","category-curiosidades","tag-curiosidades","tag-dormir","tag-sono"],"yoast_head":"<!-- This site is optimized with the Yoast SEO plugin v24.6 - https:\/\/yoast.com\/wordpress\/plugins\/seo\/ -->\n<title>Por que sentimos a sensa\u00e7\u00e3o de &quot;cair&quot; enquanto dormimos? - Correio Braziliense - Radar<\/title>\n<meta name=\"description\" content=\"Veja o que provoca o espasmo h\u00edpnico e por que seu corpo reage com sensa\u00e7\u00e3o de queda durante o sono, al\u00e9m de dicas para reduzir o efeito\" \/>\n<meta name=\"robots\" content=\"index, follow, max-snippet:-1, max-image-preview:large, max-video-preview:-1\" \/>\n<link rel=\"canonical\" href=\"https:\/\/www.correiobraziliense.com.br\/cbradar\/por-que-sentimos-a-sensacao-de-cair-enquanto-dormimos\/\" \/>\n<meta property=\"og:locale\" content=\"pt_BR\" \/>\n<meta property=\"og:type\" content=\"article\" \/>\n<meta property=\"og:title\" content=\"Por que sentimos a sensa\u00e7\u00e3o de &quot;cair&quot; enquanto dormimos? - Correio Braziliense - Radar\" \/>\n<meta property=\"og:description\" content=\"Veja o que provoca o espasmo h\u00edpnico e por que seu corpo reage com sensa\u00e7\u00e3o de queda durante o sono, al\u00e9m de dicas para reduzir o efeito\" \/>\n<meta property=\"og:url\" content=\"https:\/\/www.correiobraziliense.com.br\/cbradar\/por-que-sentimos-a-sensacao-de-cair-enquanto-dormimos\/\" \/>\n<meta property=\"og:site_name\" content=\"Correio Braziliense - Radar\" \/>\n<meta property=\"article:published_time\" content=\"2026-03-09T10:05:00+00:00\" \/>\n<meta property=\"og:image\" content=\"https:\/\/www.correiobraziliense.com.br\/cbradar\/wp-content\/uploads\/2026\/03\/pessoa-se-assustando-enquanto-dorme.png\" \/>\n\t<meta property=\"og:image:width\" content=\"1280\" \/>\n\t<meta property=\"og:image:height\" content=\"721\" \/>\n\t<meta property=\"og:image:type\" content=\"image\/png\" \/>\n<meta name=\"author\" content=\"Nicolas Otto\" \/>\n<meta name=\"twitter:card\" content=\"summary_large_image\" \/>\n<meta name=\"twitter:label1\" content=\"Escrito por\" \/>\n\t<meta name=\"twitter:data1\" content=\"Nicolas Otto\" \/>\n\t<meta name=\"twitter:label2\" content=\"Est. tempo de leitura\" \/>\n\t<meta name=\"twitter:data2\" content=\"4 minutos\" \/>\n<!-- \/ Yoast SEO plugin. -->","yoast_head_json":{"title":"Por que sentimos a sensa\u00e7\u00e3o de \"cair\" enquanto dormimos? - Correio Braziliense - Radar","description":"Veja o que provoca o espasmo h\u00edpnico e por que seu corpo reage com sensa\u00e7\u00e3o de queda durante o sono, al\u00e9m de dicas para reduzir o efeito","robots":{"index":"index","follow":"follow","max-snippet":"max-snippet:-1","max-image-preview":"max-image-preview:large","max-video-preview":"max-video-preview:-1"},"canonical":"https:\/\/www.correiobraziliense.com.br\/cbradar\/por-que-sentimos-a-sensacao-de-cair-enquanto-dormimos\/","og_locale":"pt_BR","og_type":"article","og_title":"Por que sentimos a sensa\u00e7\u00e3o de \"cair\" enquanto dormimos? - Correio Braziliense - Radar","og_description":"Veja o que provoca o espasmo h\u00edpnico e por que seu corpo reage com sensa\u00e7\u00e3o de queda durante o sono, al\u00e9m de dicas para reduzir o efeito","og_url":"https:\/\/www.correiobraziliense.com.br\/cbradar\/por-que-sentimos-a-sensacao-de-cair-enquanto-dormimos\/","og_site_name":"Correio Braziliense - Radar","article_published_time":"2026-03-09T10:05:00+00:00","og_image":[{"width":1280,"height":721,"url":"https:\/\/www.correiobraziliense.com.br\/cbradar\/wp-content\/uploads\/2026\/03\/pessoa-se-assustando-enquanto-dorme.png","type":"image\/png"}],"author":"Nicolas Otto","twitter_card":"summary_large_image","twitter_misc":{"Escrito por":"Nicolas Otto","Est. tempo de leitura":"4 minutos"},"schema":{"@context":"https:\/\/schema.org","@graph":[{"@type":"WebPage","@id":"https:\/\/www.correiobraziliense.com.br\/cbradar\/por-que-sentimos-a-sensacao-de-cair-enquanto-dormimos\/","url":"https:\/\/www.correiobraziliense.com.br\/cbradar\/por-que-sentimos-a-sensacao-de-cair-enquanto-dormimos\/","name":"Por que sentimos a sensa\u00e7\u00e3o de \"cair\" enquanto dormimos? - Correio Braziliense - Radar","isPartOf":{"@id":"https:\/\/www.correiobraziliense.com.br\/cbradar\/#website"},"primaryImageOfPage":{"@id":"https:\/\/www.correiobraziliense.com.br\/cbradar\/por-que-sentimos-a-sensacao-de-cair-enquanto-dormimos\/#primaryimage"},"image":{"@id":"https:\/\/www.correiobraziliense.com.br\/cbradar\/por-que-sentimos-a-sensacao-de-cair-enquanto-dormimos\/#primaryimage"},"thumbnailUrl":"https:\/\/www.correiobraziliense.com.br\/cbradar\/wp-content\/uploads\/2026\/03\/pessoa-se-assustando-enquanto-dorme.png","datePublished":"2026-03-09T10:05:00+00:00","author":{"@id":"https:\/\/www.correiobraziliense.com.br\/cbradar\/#\/schema\/person\/3221b250518e74ac52c442d1c1236aaa"},"description":"Veja o que provoca o espasmo h\u00edpnico e por que seu corpo reage com sensa\u00e7\u00e3o de queda durante o sono, al\u00e9m de dicas para reduzir o efeito","breadcrumb":{"@id":"https:\/\/www.correiobraziliense.com.br\/cbradar\/por-que-sentimos-a-sensacao-de-cair-enquanto-dormimos\/#breadcrumb"},"inLanguage":"pt-BR","potentialAction":[{"@type":"ReadAction","target":["https:\/\/www.correiobraziliense.com.br\/cbradar\/por-que-sentimos-a-sensacao-de-cair-enquanto-dormimos\/"]}]},{"@type":"ImageObject","inLanguage":"pt-BR","@id":"https:\/\/www.correiobraziliense.com.br\/cbradar\/por-que-sentimos-a-sensacao-de-cair-enquanto-dormimos\/#primaryimage","url":"https:\/\/www.correiobraziliense.com.br\/cbradar\/wp-content\/uploads\/2026\/03\/pessoa-se-assustando-enquanto-dorme.png","contentUrl":"https:\/\/www.correiobraziliense.com.br\/cbradar\/wp-content\/uploads\/2026\/03\/pessoa-se-assustando-enquanto-dorme.png","width":1280,"height":721,"caption":"Voc\u00ea sente que cai ao dormir e n\u00e3o sabe o motivo"},{"@type":"BreadcrumbList","@id":"https:\/\/www.correiobraziliense.com.br\/cbradar\/por-que-sentimos-a-sensacao-de-cair-enquanto-dormimos\/#breadcrumb","itemListElement":[{"@type":"ListItem","position":1,"name":"In\u00edcio","item":"https:\/\/www.correiobraziliense.com.br\/cbradar\/"},{"@type":"ListItem","position":2,"name":"Por que sentimos a sensa\u00e7\u00e3o de &#8220;cair&#8221; enquanto dormimos?"}]},{"@type":"WebSite","@id":"https:\/\/www.correiobraziliense.com.br\/cbradar\/#website","url":"https:\/\/www.correiobraziliense.com.br\/cbradar\/","name":"Correio Braziliense - Radar","description":"Acompanhe as \u00faltimas not\u00edcias e fique bem informado sobre tudo o que acontece no Brasil e no mundo.","potentialAction":[{"@type":"SearchAction","target":{"@type":"EntryPoint","urlTemplate":"https:\/\/www.correiobraziliense.com.br\/cbradar\/?s={search_term_string}"},"query-input":{"@type":"PropertyValueSpecification","valueRequired":true,"valueName":"search_term_string"}}],"inLanguage":"pt-BR"},{"@type":"Person","@id":"https:\/\/www.correiobraziliense.com.br\/cbradar\/#\/schema\/person\/3221b250518e74ac52c442d1c1236aaa","name":"Nicolas Otto","image":{"@type":"ImageObject","inLanguage":"pt-BR","@id":"https:\/\/www.correiobraziliense.com.br\/cbradar\/#\/schema\/person\/image\/","url":"https:\/\/secure.gravatar.com\/avatar\/05925f730d72f0ea0df144f236adfb18?s=96&d=mm&r=g","contentUrl":"https:\/\/secure.gravatar.com\/avatar\/05925f730d72f0ea0df144f236adfb18?s=96&d=mm&r=g","caption":"Nicolas Otto"},"sameAs":["https:\/\/www.correiobraziliense.com.br\/cbradar\/"],"url":"https:\/\/www.correiobraziliense.com.br\/cbradar\/author\/nicolas-otto\/"}]}},"_links":{"self":[{"href":"https:\/\/www.correiobraziliense.com.br\/cbradar\/wp-json\/wp\/v2\/posts\/202575","targetHints":{"allow":["GET"]}}],"collection":[{"href":"https:\/\/www.correiobraziliense.com.br\/cbradar\/wp-json\/wp\/v2\/posts"}],"about":[{"href":"https:\/\/www.correiobraziliense.com.br\/cbradar\/wp-json\/wp\/v2\/types\/post"}],"author":[{"embeddable":true,"href":"https:\/\/www.correiobraziliense.com.br\/cbradar\/wp-json\/wp\/v2\/users\/23"}],"replies":[{"embeddable":true,"href":"https:\/\/www.correiobraziliense.com.br\/cbradar\/wp-json\/wp\/v2\/comments?post=202575"}],"version-history":[{"count":3,"href":"https:\/\/www.correiobraziliense.com.br\/cbradar\/wp-json\/wp\/v2\/posts\/202575\/revisions"}],"predecessor-version":[{"id":204222,"href":"https:\/\/www.correiobraziliense.com.br\/cbradar\/wp-json\/wp\/v2\/posts\/202575\/revisions\/204222"}],"wp:featuredmedia":[{"embeddable":true,"href":"https:\/\/www.correiobraziliense.com.br\/cbradar\/wp-json\/wp\/v2\/media\/202579"}],"wp:attachment":[{"href":"https:\/\/www.correiobraziliense.com.br\/cbradar\/wp-json\/wp\/v2\/media?parent=202575"}],"wp:term":[{"taxonomy":"category","embeddable":true,"href":"https:\/\/www.correiobraziliense.com.br\/cbradar\/wp-json\/wp\/v2\/categories?post=202575"},{"taxonomy":"post_tag","embeddable":true,"href":"https:\/\/www.correiobraziliense.com.br\/cbradar\/wp-json\/wp\/v2\/tags?post=202575"}],"curies":[{"name":"wp","href":"https:\/\/api.w.org\/{rel}","templated":true}]}}