{"id":202584,"date":"2026-03-03T15:38:00","date_gmt":"2026-03-03T18:38:00","guid":{"rendered":"https:\/\/www.correiobraziliense.com.br\/cbradar\/?p=202584"},"modified":"2026-03-03T15:33:41","modified_gmt":"2026-03-03T18:33:41","slug":"sentir-sono-logo-apos-o-almoco-tem-explicacao-e-prevencao-simples-segundo-nutricionistas","status":"publish","type":"post","link":"https:\/\/www.correiobraziliense.com.br\/cbradar\/sentir-sono-logo-apos-o-almoco-tem-explicacao-e-prevencao-simples-segundo-nutricionistas\/","title":{"rendered":"Sentir sono logo ap\u00f3s o almo\u00e7o tem explica\u00e7\u00e3o e preven\u00e7\u00e3o simples segundo nutricionistas"},"content":{"rendered":"\n<p>Sentir sono logo ap\u00f3s o almo\u00e7o \u00e9 uma das queixas mais comuns nos consult\u00f3rios de nutri\u00e7\u00e3o, e a explica\u00e7\u00e3o est\u00e1 diretamente ligada ao metabolismo e \u00e0s escolhas alimentares feitas durante a refei\u00e7\u00e3o. Esse cansa\u00e7o p\u00f3s-refei\u00e7\u00e3o, conhecido tecnicamente como sonol\u00eancia p\u00f3s-prandial, afeta a produtividade, a concentra\u00e7\u00e3o e o bem-estar de milh\u00f5es de brasileiros todos os dias. A boa not\u00edcia \u00e9 que ajustes simples na alimenta\u00e7\u00e3o podem resolver o problema de forma eficaz.<\/p>\n\n\n\n<h2 class=\"wp-block-heading\">Por que o sono aparece logo depois de comer?<\/h2>\n\n\n\n<p>O metabolismo trabalha intensamente durante a digest\u00e3o, direcionando maior fluxo sangu\u00edneo para o sistema gastrointestinal. Esse processo exige energia consider\u00e1vel do organismo, e o resultado \u00e9 uma sensa\u00e7\u00e3o de fadiga e sonol\u00eancia que pode durar de 30 minutos a duas horas ap\u00f3s a refei\u00e7\u00e3o.<\/p>\n\n\n\n<p>Al\u00e9m do esfor\u00e7o digestivo, refei\u00e7\u00f5es ricas em carboidratos simples provocam picos de glicemia seguidos de quedas bruscas, o que intensifica o sono. A libera\u00e7\u00e3o de horm\u00f4nios como a colecistocinina e o aumento do triptofano no c\u00e9rebro, precursor da serotonina e da melatonina, tamb\u00e9m contribuem para essa vontade de dormir depois do almo\u00e7o.<\/p>\n\n\n\n<h2 class=\"wp-block-heading\">Quais alimentos aceleram o metabolismo e reduzem a sonol\u00eancia?<\/h2>\n\n\n\n<p>A composi\u00e7\u00e3o do prato \u00e9 determinante para manter a energia est\u00e1vel ao longo da tarde. Nutricionistas recomendam priorizar nutrientes que sustentem o metabolismo sem sobrecarregar a digest\u00e3o. Veja os grupos alimentares mais indicados:<\/p>\n\n\n\n<ul class=\"wp-block-list\">\n<li>Prote\u00ednas magras como frango, peixe e ovos, que promovem saciedade prolongada sem picos glic\u00eamicos<\/li>\n\n\n\n<li>Fibras presentes em vegetais, folhas verdes e gr\u00e3os integrais, que desaceleram a absor\u00e7\u00e3o de a\u00e7\u00facar<\/li>\n\n\n\n<li>Gorduras saud\u00e1veis de fontes como azeite, abacate e castanhas, que fornecem energia de forma gradual<\/li>\n\n\n\n<li>Carboidratos complexos como arroz integral, batata-doce e quinoa, que evitam oscila\u00e7\u00f5es bruscas de glicose<\/li>\n<\/ul>\n\n\n<div class=\"wp-block-image\">\n<figure class=\"aligncenter size-large\"><img decoding=\"async\" width=\"1024\" height=\"558\" src=\"https:\/\/www.correiobraziliense.com.br\/cbradar\/wp-content\/uploads\/2026\/03\/Gemini_Generated_Image_fig3p6fig3p6fig3-1024x558.jpg\" alt=\"Sonol\u00eancia na mesa de trabalho ap\u00f3s refei\u00e7\u00e3o pesada ilustra os efeitos da alimenta\u00e7\u00e3o inadequada no per\u00edodo da tarde.\" class=\"wp-image-202616\" srcset=\"https:\/\/www.correiobraziliense.com.br\/cbradar\/wp-content\/uploads\/2026\/03\/Gemini_Generated_Image_fig3p6fig3p6fig3-1024x558.jpg 1024w, https:\/\/www.correiobraziliense.com.br\/cbradar\/wp-content\/uploads\/2026\/03\/Gemini_Generated_Image_fig3p6fig3p6fig3-300x164.jpg 300w, https:\/\/www.correiobraziliense.com.br\/cbradar\/wp-content\/uploads\/2026\/03\/Gemini_Generated_Image_fig3p6fig3p6fig3-768x419.jpg 768w, https:\/\/www.correiobraziliense.com.br\/cbradar\/wp-content\/uploads\/2026\/03\/Gemini_Generated_Image_fig3p6fig3p6fig3-750x409.jpg 750w, https:\/\/www.correiobraziliense.com.br\/cbradar\/wp-content\/uploads\/2026\/03\/Gemini_Generated_Image_fig3p6fig3p6fig3-1140x622.jpg 1140w, https:\/\/www.correiobraziliense.com.br\/cbradar\/wp-content\/uploads\/2026\/03\/Gemini_Generated_Image_fig3p6fig3p6fig3.jpg 1280w\" sizes=\"(max-width: 1024px) 100vw, 1024px\" \/><figcaption class=\"wp-element-caption\">Sonol\u00eancia na mesa de trabalho ap\u00f3s refei\u00e7\u00e3o pesada ilustra os efeitos da alimenta\u00e7\u00e3o inadequada no per\u00edodo da tarde.<\/figcaption><\/figure><\/div>\n\n\n<h2 class=\"wp-block-heading\">O que a ci\u00eancia diz sobre sono e alimenta\u00e7\u00e3o?<\/h2>\n\n\n\n<p>Um estudo piloto publicado em 2024 no peri\u00f3dico <em>American Journal of Lifestyle Medicine<\/em>, conduzido por pesquisadores da Mayo Clinic e da Northern Arizona University, investigou a rela\u00e7\u00e3o entre padr\u00e3o alimentar e sonol\u00eancia p\u00f3s-prandial. Os participantes que adotaram uma dieta baseada em alimentos vegetais integrais por 21 dias apresentaram redu\u00e7\u00e3o significativa nos \u00edndices de sono ap\u00f3s as refei\u00e7\u00f5es, medidos pela Escala de Sonol\u00eancia de Epworth. Os resultados refor\u00e7am que a qualidade nutricional do prato influencia diretamente o n\u00edvel de energia e disposi\u00e7\u00e3o no per\u00edodo p\u00f3s-almo\u00e7o. Confira o estudo completo em: <a href=\"https:\/\/pmc.ncbi.nlm.nih.gov\/articles\/PMC11562320\/\" target=\"_blank\" rel=\"noreferrer noopener\">Effect of a Whole-Food Plant-Based Diet on Postprandial Sleepiness (PMC\/PubMed)<\/a>.<\/p>\n\n\n\n<h2 class=\"wp-block-heading\">Quais h\u00e1bitos alimentares ajudam a evitar o sono depois do almo\u00e7o?<\/h2>\n\n\n\n<p>Al\u00e9m de escolher os alimentos certos, a forma como voc\u00ea organiza suas refei\u00e7\u00f5es impacta diretamente o metabolismo e a disposi\u00e7\u00e3o. Nutricionistas destacam algumas pr\u00e1ticas essenciais para combater a sonol\u00eancia p\u00f3s-prandial:<\/p>\n\n\n\n<ul class=\"wp-block-list\">\n<li>Fazer refei\u00e7\u00f5es moderadas, evitando volumes excessivos que sobrecarreguem o sistema digestivo<\/li>\n\n\n\n<li>Mastigar devagar para facilitar a digest\u00e3o e melhorar a absor\u00e7\u00e3o dos nutrientes<\/li>\n\n\n\n<li>Manter a hidrata\u00e7\u00e3o adequada antes e durante o almo\u00e7o, pois a desidrata\u00e7\u00e3o intensifica o cansa\u00e7o<\/li>\n\n\n\n<li>Evitar sobremesas a\u00e7ucaradas e refrigerantes, que provocam picos e quedas r\u00e1pidas de glicemia<\/li>\n<\/ul>\n\n\n\n<h2 class=\"wp-block-heading\">Como montar um prato equilibrado para manter a energia?<\/h2>\n\n\n\n<p>O sono ap\u00f3s o almo\u00e7o pode ser minimizado com um prato nutricionalmente balanceado. Nutricionistas sugerem dividir o prato da seguinte forma: metade com vegetais e salada, um quarto com prote\u00edna magra e um quarto com carboidrato complexo. Essa propor\u00e7\u00e3o otimiza o metabolismo e fornece energia sustentada.<\/p>\n\n\n\n<p>Incluir alimentos ricos em ferro, magn\u00e9sio e vitaminas do complexo B tamb\u00e9m \u00e9 uma estrat\u00e9gia importante, j\u00e1 que defici\u00eancias nesses micronutrientes est\u00e3o associadas a fadiga cr\u00f4nica. Com escolhas alimentares conscientes e h\u00e1bitos saud\u00e1veis \u00e0 mesa, \u00e9 poss\u00edvel eliminar a sonol\u00eancia p\u00f3s-prandial e aproveitar a tarde com disposi\u00e7\u00e3o e produtividade, mantendo o metabolismo funcionando de forma equilibrada.<\/p>\n","protected":false},"excerpt":{"rendered":"<p>Sentir sono logo ap\u00f3s o almo\u00e7o \u00e9 uma das queixas mais comuns nos consult\u00f3rios de nutri\u00e7\u00e3o, e a explica\u00e7\u00e3o est\u00e1 diretamente ligada ao metabolismo e \u00e0s escolhas alimentares feitas durante a refei\u00e7\u00e3o. Esse cansa\u00e7o p\u00f3s-refei\u00e7\u00e3o, conhecido tecnicamente como sonol\u00eancia p\u00f3s-prandial, afeta a produtividade, a concentra\u00e7\u00e3o e o bem-estar de milh\u00f5es de brasileiros todos os dias. [&hellip;]<\/p>\n","protected":false},"author":12,"featured_media":202615,"comment_status":"open","ping_status":"open","sticky":false,"template":"","format":"standard","meta":{"_yoast_wpseo_focuskw":"sono p\u00f3s almo\u00e7o","_yoast_wpseo_title":"","_yoast_wpseo_metadesc":"Sono ap\u00f3s o almo\u00e7o tem explica\u00e7\u00e3o cient\u00edfica e pode ser evitado com ajustes simples na alimenta\u00e7\u00e3o. Veja o que nutricionistas recomendam para manter a disposi\u00e7\u00e3o.","jnews-multi-image_gallery":[],"jnews_single_post":{"format":"standard"},"jnews_primary_category":[],"jnews_social_meta":[],"jnews_override_counter":[],"footnotes":""},"categories":[112],"tags":[5546,1313,15241],"class_list":["post-202584","post","type-post","status-publish","format-standard","has-post-thumbnail","hentry","category-curiosidades","tag-almoco","tag-sono","tag-sono-apos-o-almoco"],"yoast_head":"<!-- This site is optimized with the Yoast SEO plugin v24.6 - https:\/\/yoast.com\/wordpress\/plugins\/seo\/ -->\n<title>Sentir sono logo ap\u00f3s o almo\u00e7o tem explica\u00e7\u00e3o e preven\u00e7\u00e3o simples segundo nutricionistas - Correio Braziliense - Radar<\/title>\n<meta name=\"description\" content=\"Sono ap\u00f3s o almo\u00e7o tem explica\u00e7\u00e3o cient\u00edfica e pode ser evitado com ajustes simples na alimenta\u00e7\u00e3o. Veja o que nutricionistas recomendam para manter a disposi\u00e7\u00e3o.\" \/>\n<meta name=\"robots\" content=\"index, follow, max-snippet:-1, max-image-preview:large, max-video-preview:-1\" \/>\n<link rel=\"canonical\" href=\"https:\/\/www.correiobraziliense.com.br\/cbradar\/sentir-sono-logo-apos-o-almoco-tem-explicacao-e-prevencao-simples-segundo-nutricionistas\/\" \/>\n<meta property=\"og:locale\" content=\"pt_BR\" \/>\n<meta property=\"og:type\" content=\"article\" \/>\n<meta property=\"og:title\" content=\"Sentir sono logo ap\u00f3s o almo\u00e7o tem explica\u00e7\u00e3o e preven\u00e7\u00e3o simples segundo nutricionistas - Correio Braziliense - Radar\" \/>\n<meta property=\"og:description\" content=\"Sono ap\u00f3s o almo\u00e7o tem explica\u00e7\u00e3o cient\u00edfica e pode ser evitado com ajustes simples na alimenta\u00e7\u00e3o. Veja o que nutricionistas recomendam para manter a disposi\u00e7\u00e3o.\" \/>\n<meta property=\"og:url\" content=\"https:\/\/www.correiobraziliense.com.br\/cbradar\/sentir-sono-logo-apos-o-almoco-tem-explicacao-e-prevencao-simples-segundo-nutricionistas\/\" \/>\n<meta property=\"og:site_name\" content=\"Correio Braziliense - Radar\" \/>\n<meta property=\"article:published_time\" content=\"2026-03-03T18:38:00+00:00\" \/>\n<meta property=\"og:image\" content=\"https:\/\/www.correiobraziliense.com.br\/cbradar\/wp-content\/uploads\/2026\/03\/Gemini_Generated_Image_ce3katce3katce3k.jpg\" \/>\n\t<meta property=\"og:image:width\" content=\"1280\" \/>\n\t<meta property=\"og:image:height\" content=\"698\" \/>\n\t<meta property=\"og:image:type\" content=\"image\/jpeg\" \/>\n<meta name=\"author\" content=\"Gabriel Leme\" \/>\n<meta name=\"twitter:card\" content=\"summary_large_image\" \/>\n<meta name=\"twitter:label1\" content=\"Escrito por\" \/>\n\t<meta name=\"twitter:data1\" content=\"Gabriel Leme\" \/>\n\t<meta name=\"twitter:label2\" content=\"Est. tempo de leitura\" \/>\n\t<meta name=\"twitter:data2\" content=\"4 minutos\" \/>\n<!-- \/ Yoast SEO plugin. -->","yoast_head_json":{"title":"Sentir sono logo ap\u00f3s o almo\u00e7o tem explica\u00e7\u00e3o e preven\u00e7\u00e3o simples segundo nutricionistas - Correio Braziliense - Radar","description":"Sono ap\u00f3s o almo\u00e7o tem explica\u00e7\u00e3o cient\u00edfica e pode ser evitado com ajustes simples na alimenta\u00e7\u00e3o. Veja o que nutricionistas recomendam para manter a disposi\u00e7\u00e3o.","robots":{"index":"index","follow":"follow","max-snippet":"max-snippet:-1","max-image-preview":"max-image-preview:large","max-video-preview":"max-video-preview:-1"},"canonical":"https:\/\/www.correiobraziliense.com.br\/cbradar\/sentir-sono-logo-apos-o-almoco-tem-explicacao-e-prevencao-simples-segundo-nutricionistas\/","og_locale":"pt_BR","og_type":"article","og_title":"Sentir sono logo ap\u00f3s o almo\u00e7o tem explica\u00e7\u00e3o e preven\u00e7\u00e3o simples segundo nutricionistas - Correio Braziliense - Radar","og_description":"Sono ap\u00f3s o almo\u00e7o tem explica\u00e7\u00e3o cient\u00edfica e pode ser evitado com ajustes simples na alimenta\u00e7\u00e3o. Veja o que nutricionistas recomendam para manter a disposi\u00e7\u00e3o.","og_url":"https:\/\/www.correiobraziliense.com.br\/cbradar\/sentir-sono-logo-apos-o-almoco-tem-explicacao-e-prevencao-simples-segundo-nutricionistas\/","og_site_name":"Correio Braziliense - Radar","article_published_time":"2026-03-03T18:38:00+00:00","og_image":[{"width":1280,"height":698,"url":"https:\/\/www.correiobraziliense.com.br\/cbradar\/wp-content\/uploads\/2026\/03\/Gemini_Generated_Image_ce3katce3katce3k.jpg","type":"image\/jpeg"}],"author":"Gabriel Leme","twitter_card":"summary_large_image","twitter_misc":{"Escrito por":"Gabriel Leme","Est. tempo de leitura":"4 minutos"},"schema":{"@context":"https:\/\/schema.org","@graph":[{"@type":"WebPage","@id":"https:\/\/www.correiobraziliense.com.br\/cbradar\/sentir-sono-logo-apos-o-almoco-tem-explicacao-e-prevencao-simples-segundo-nutricionistas\/","url":"https:\/\/www.correiobraziliense.com.br\/cbradar\/sentir-sono-logo-apos-o-almoco-tem-explicacao-e-prevencao-simples-segundo-nutricionistas\/","name":"Sentir sono logo ap\u00f3s o almo\u00e7o tem explica\u00e7\u00e3o e preven\u00e7\u00e3o simples segundo nutricionistas - Correio Braziliense - Radar","isPartOf":{"@id":"https:\/\/www.correiobraziliense.com.br\/cbradar\/#website"},"primaryImageOfPage":{"@id":"https:\/\/www.correiobraziliense.com.br\/cbradar\/sentir-sono-logo-apos-o-almoco-tem-explicacao-e-prevencao-simples-segundo-nutricionistas\/#primaryimage"},"image":{"@id":"https:\/\/www.correiobraziliense.com.br\/cbradar\/sentir-sono-logo-apos-o-almoco-tem-explicacao-e-prevencao-simples-segundo-nutricionistas\/#primaryimage"},"thumbnailUrl":"https:\/\/www.correiobraziliense.com.br\/cbradar\/wp-content\/uploads\/2026\/03\/Gemini_Generated_Image_ce3katce3katce3k.jpg","datePublished":"2026-03-03T18:38:00+00:00","author":{"@id":"https:\/\/www.correiobraziliense.com.br\/cbradar\/#\/schema\/person\/67a081d63a0fe55fb267145a7be2f7c1"},"description":"Sono ap\u00f3s o almo\u00e7o tem explica\u00e7\u00e3o cient\u00edfica e pode ser evitado com ajustes simples na alimenta\u00e7\u00e3o. Veja o que nutricionistas recomendam para manter a disposi\u00e7\u00e3o.","breadcrumb":{"@id":"https:\/\/www.correiobraziliense.com.br\/cbradar\/sentir-sono-logo-apos-o-almoco-tem-explicacao-e-prevencao-simples-segundo-nutricionistas\/#breadcrumb"},"inLanguage":"pt-BR","potentialAction":[{"@type":"ReadAction","target":["https:\/\/www.correiobraziliense.com.br\/cbradar\/sentir-sono-logo-apos-o-almoco-tem-explicacao-e-prevencao-simples-segundo-nutricionistas\/"]}]},{"@type":"ImageObject","inLanguage":"pt-BR","@id":"https:\/\/www.correiobraziliense.com.br\/cbradar\/sentir-sono-logo-apos-o-almoco-tem-explicacao-e-prevencao-simples-segundo-nutricionistas\/#primaryimage","url":"https:\/\/www.correiobraziliense.com.br\/cbradar\/wp-content\/uploads\/2026\/03\/Gemini_Generated_Image_ce3katce3katce3k.jpg","contentUrl":"https:\/\/www.correiobraziliense.com.br\/cbradar\/wp-content\/uploads\/2026\/03\/Gemini_Generated_Image_ce3katce3katce3k.jpg","width":1280,"height":698,"caption":"Prato equilibrado com salada, prote\u00edna magra e arroz integral ajuda a manter a energia e evitar o sono ap\u00f3s o almo\u00e7o."},{"@type":"BreadcrumbList","@id":"https:\/\/www.correiobraziliense.com.br\/cbradar\/sentir-sono-logo-apos-o-almoco-tem-explicacao-e-prevencao-simples-segundo-nutricionistas\/#breadcrumb","itemListElement":[{"@type":"ListItem","position":1,"name":"In\u00edcio","item":"https:\/\/www.correiobraziliense.com.br\/cbradar\/"},{"@type":"ListItem","position":2,"name":"Sentir sono logo ap\u00f3s o almo\u00e7o tem explica\u00e7\u00e3o e preven\u00e7\u00e3o simples segundo nutricionistas"}]},{"@type":"WebSite","@id":"https:\/\/www.correiobraziliense.com.br\/cbradar\/#website","url":"https:\/\/www.correiobraziliense.com.br\/cbradar\/","name":"Correio Braziliense - Radar","description":"Acompanhe as \u00faltimas not\u00edcias e fique bem informado sobre tudo o que acontece no Brasil e no mundo.","potentialAction":[{"@type":"SearchAction","target":{"@type":"EntryPoint","urlTemplate":"https:\/\/www.correiobraziliense.com.br\/cbradar\/?s={search_term_string}"},"query-input":{"@type":"PropertyValueSpecification","valueRequired":true,"valueName":"search_term_string"}}],"inLanguage":"pt-BR"},{"@type":"Person","@id":"https:\/\/www.correiobraziliense.com.br\/cbradar\/#\/schema\/person\/67a081d63a0fe55fb267145a7be2f7c1","name":"Gabriel Leme","image":{"@type":"ImageObject","inLanguage":"pt-BR","@id":"https:\/\/www.correiobraziliense.com.br\/cbradar\/#\/schema\/person\/image\/","url":"https:\/\/secure.gravatar.com\/avatar\/85bf2e3517d27149969b72412b460c20?s=96&d=mm&r=g","contentUrl":"https:\/\/secure.gravatar.com\/avatar\/85bf2e3517d27149969b72412b460c20?s=96&d=mm&r=g","caption":"Gabriel Leme"},"sameAs":["https:\/\/www.correiobraziliense.com.br\/"],"url":"https:\/\/www.correiobraziliense.com.br\/cbradar\/author\/gabrielmyth\/"}]}},"_links":{"self":[{"href":"https:\/\/www.correiobraziliense.com.br\/cbradar\/wp-json\/wp\/v2\/posts\/202584","targetHints":{"allow":["GET"]}}],"collection":[{"href":"https:\/\/www.correiobraziliense.com.br\/cbradar\/wp-json\/wp\/v2\/posts"}],"about":[{"href":"https:\/\/www.correiobraziliense.com.br\/cbradar\/wp-json\/wp\/v2\/types\/post"}],"author":[{"embeddable":true,"href":"https:\/\/www.correiobraziliense.com.br\/cbradar\/wp-json\/wp\/v2\/users\/12"}],"replies":[{"embeddable":true,"href":"https:\/\/www.correiobraziliense.com.br\/cbradar\/wp-json\/wp\/v2\/comments?post=202584"}],"version-history":[{"count":1,"href":"https:\/\/www.correiobraziliense.com.br\/cbradar\/wp-json\/wp\/v2\/posts\/202584\/revisions"}],"predecessor-version":[{"id":202622,"href":"https:\/\/www.correiobraziliense.com.br\/cbradar\/wp-json\/wp\/v2\/posts\/202584\/revisions\/202622"}],"wp:featuredmedia":[{"embeddable":true,"href":"https:\/\/www.correiobraziliense.com.br\/cbradar\/wp-json\/wp\/v2\/media\/202615"}],"wp:attachment":[{"href":"https:\/\/www.correiobraziliense.com.br\/cbradar\/wp-json\/wp\/v2\/media?parent=202584"}],"wp:term":[{"taxonomy":"category","embeddable":true,"href":"https:\/\/www.correiobraziliense.com.br\/cbradar\/wp-json\/wp\/v2\/categories?post=202584"},{"taxonomy":"post_tag","embeddable":true,"href":"https:\/\/www.correiobraziliense.com.br\/cbradar\/wp-json\/wp\/v2\/tags?post=202584"}],"curies":[{"name":"wp","href":"https:\/\/api.w.org\/{rel}","templated":true}]}}