{"id":202634,"date":"2026-03-09T08:05:00","date_gmt":"2026-03-09T11:05:00","guid":{"rendered":"https:\/\/www.correiobraziliense.com.br\/cbradar\/?p=202634"},"modified":"2026-03-08T17:41:42","modified_gmt":"2026-03-08T20:41:42","slug":"por-que-o-gato-preto-e-associado-a-ma-sorte","status":"publish","type":"post","link":"https:\/\/www.correiobraziliense.com.br\/cbradar\/por-que-o-gato-preto-e-associado-a-ma-sorte\/","title":{"rendered":"Por que o gato preto \u00e9 associado \u00e0 m\u00e1 sorte?"},"content":{"rendered":"\n<p>Desde a Idade M\u00e9dia, o <strong>gato preto<\/strong> tem sido cercado de supersti\u00e7\u00e3o. Diversas culturas associaram sua presen\u00e7a a press\u00e1gios de azar ou feiti\u00e7aria. Apesar de serem animais d\u00f3ceis e inteligentes, essas cren\u00e7as se espalharam ao longo do tempo, influenciando h\u00e1bitos e comportamentos humanos. O medo irracional tornou-se um estigma que ainda persiste em algumas regi\u00f5es do mundo, afetando at\u00e9 ado\u00e7\u00f5es em abrigos.<\/p>\n\n\n\n<h2 class=\"wp-block-heading\">Como a hist\u00f3ria contribuiu para a fama do gato preto<\/h2>\n\n\n\n<p>A reputa\u00e7\u00e3o do <a href=\"https:\/\/www.correiobraziliense.com.br\/cbradar\/o-que-significa-seu-gato-estar-mais-perto-de-voce-do-que-o-normal\/\" target=\"_blank\" rel=\"noreferrer noopener\">gato <\/a>preto como sinal de m\u00e1 sorte come\u00e7ou na Europa medieval. Durante o per\u00edodo da ca\u00e7a \u00e0s bruxas, acreditava-se que esses animais eram companheiros de feiticeiros ou possu\u00eddos por esp\u00edritos malignos. Pesquisas hist\u00f3ricas mostram que essa associa\u00e7\u00e3o aumentou a persegui\u00e7\u00e3o de gatos negros, resultando em mortes em massa, o que intensificou o estigma.<\/p>\n\n\n\n<p>Al\u00e9m disso, o folclore popular refor\u00e7ou a cren\u00e7a. Contos e lendas transmitidos de gera\u00e7\u00e3o em gera\u00e7\u00e3o associaram gatos pretos a acontecimentos negativos, tornando-os s\u00edmbolos de azar, mesmo sem qualquer base cient\u00edfica. Essa vis\u00e3o distorcida perpetuou mitos que persistem at\u00e9 os dias atuais.<\/p>\n\n\n\n<figure class=\"wp-block-image size-large\"><img decoding=\"async\" width=\"1024\" height=\"576\" src=\"https:\/\/www.correiobraziliense.com.br\/cbradar\/wp-content\/uploads\/2026\/03\/gato-preto_1772564887578-1024x576.jpg\" alt=\"Por que o gato preto \u00e9 associado \u00e0 m\u00e1 sorte?\" class=\"wp-image-202636\" srcset=\"https:\/\/www.correiobraziliense.com.br\/cbradar\/wp-content\/uploads\/2026\/03\/gato-preto_1772564887578-1024x576.jpg 1024w, https:\/\/www.correiobraziliense.com.br\/cbradar\/wp-content\/uploads\/2026\/03\/gato-preto_1772564887578-300x169.jpg 300w, https:\/\/www.correiobraziliense.com.br\/cbradar\/wp-content\/uploads\/2026\/03\/gato-preto_1772564887578-768x432.jpg 768w, https:\/\/www.correiobraziliense.com.br\/cbradar\/wp-content\/uploads\/2026\/03\/gato-preto_1772564887578-750x422.jpg 750w, https:\/\/www.correiobraziliense.com.br\/cbradar\/wp-content\/uploads\/2026\/03\/gato-preto_1772564887578-1140x641.jpg 1140w, https:\/\/www.correiobraziliense.com.br\/cbradar\/wp-content\/uploads\/2026\/03\/gato-preto_1772564887578.jpg 1280w\" sizes=\"(max-width: 1024px) 100vw, 1024px\" \/><figcaption class=\"wp-element-caption\">O que ningu\u00e9m te contou sobre a fama de azar dos gatos pretos &#8211; Cr\u00e9ditos: depositphotos.com \/ AllaSerebrina<\/figcaption><\/figure>\n\n\n\n<h2 class=\"wp-block-heading\">Quais s\u00e3o as supersti\u00e7\u00f5es mais comuns sobre gatos pretos<\/h2>\n\n\n\n<p>As supersti\u00e7\u00f5es variam entre culturas e regi\u00f5es. Alguns acreditam que cruzar com um gato preto traz azar, enquanto outros veem o animal como guardi\u00e3o espiritual. A tradi\u00e7\u00e3o oral e eventos hist\u00f3ricos contribu\u00edram para consolidar esses mitos. Entre as cren\u00e7as mais conhecidas est\u00e3o:<\/p>\n\n\n\n<ul class=\"wp-block-list\">\n<li>Passar por um gato preto traz infort\u00fanio<\/li>\n\n\n\n<li>Gatos pretos s\u00e3o companheiros de bruxas<\/li>\n\n\n\n<li>Ver um gato preto \u00e0 noite anuncia problemas<\/li>\n\n\n\n<li>Evitar adotar gatos pretos para n\u00e3o atrair azar<\/li>\n\n\n\n<li>Gatos pretos em navios eram considerados m\u00e1 sorte<\/li>\n<\/ul>\n\n\n\n<p>Esses mitos persistem at\u00e9 os dias de hoje:<\/p>\n\n\n\n<h2 class=\"wp-block-heading\">Como a cor influencia a percep\u00e7\u00e3o humana<\/h2>\n\n\n\n<p>O impacto da cor preta na psicologia humana refor\u00e7ou o estigma. O <strong>preto<\/strong> \u00e9 frequentemente associado \u00e0 noite, mist\u00e9rio e desconhecido, gerando medo ou cautela inconsciente. Essa percep\u00e7\u00e3o visual, combinada com hist\u00f3rias de bruxaria e azar, criou um v\u00ednculo psicol\u00f3gico que persiste, influenciando atitudes em rela\u00e7\u00e3o aos gatos pretos em lares e ambientes urbanos.<\/p>\n\n\n\n<p>Pesquisas de comportamento animal indicam que gatos pretos n\u00e3o apresentam diferen\u00e7as de temperamento em rela\u00e7\u00e3o a outros gatos. Entretanto, a discrimina\u00e7\u00e3o visual afeta ado\u00e7\u00f5es e a maneira como as pessoas interagem com eles, prejudicando a imagem desses animais no imagin\u00e1rio coletivo.<\/p>\n\n\n\n<p>Se voc\u00ea quer entender a origem das supersti\u00e7\u00f5es envolvendo gatos pretos, este v\u00eddeo do canal<a href=\"https:\/\/www.youtube.com\/@QuaseMineira\" target=\"_blank\" rel=\"noreferrer noopener\"> <strong>Quase Mineira<\/strong><\/a>, com 93,3 mil subscritores, foi escolhido especialmente para voc\u00ea. Ele explora se essa ideia de azar \u00e9 mito ou verdade e o contexto hist\u00f3rico por tr\u00e1s dela.<\/p>\n\n\n\n<figure class=\"wp-block-embed is-type-video is-provider-youtube wp-block-embed-youtube wp-embed-aspect-16-9 wp-has-aspect-ratio\"><div class=\"wp-block-embed__wrapper\">\n<div class=\"jeg_video_container jeg_video_content\"><iframe loading=\"lazy\" title=\"GATO PRETO D\u00c1 AZAR? MITO OU VERDADE?\" width=\"500\" height=\"281\" src=\"https:\/\/www.youtube.com\/embed\/MLm5xMM2olc?feature=oembed\" frameborder=\"0\" allow=\"accelerometer; autoplay; clipboard-write; encrypted-media; gyroscope; picture-in-picture; web-share\" referrerpolicy=\"strict-origin-when-cross-origin\" allowfullscreen><\/iframe><\/div>\n<\/div><\/figure>\n\n\n\n<h2 class=\"wp-block-heading\">Como quebrar o mito da m\u00e1 sorte<\/h2>\n\n\n\n<p>\u00c9 poss\u00edvel mudar a percep\u00e7\u00e3o negativa, promovendo educa\u00e7\u00e3o e conscientiza\u00e7\u00e3o. Campanhas em abrigos e redes sociais mostram que gatos pretos s\u00e3o t\u00e3o afetuosos e saud\u00e1veis quanto qualquer outro. Incentivar a conviv\u00eancia e destacar hist\u00f3rias positivas ajuda a desconstruir cren\u00e7as enraizadas, mostrando que azar \u00e9 apenas uma supersti\u00e7\u00e3o.<\/p>\n\n\n\n<p>Para proteger e valorizar esses animais, \u00e9 importante:<\/p>\n\n\n\n<ul class=\"wp-block-list\">\n<li>Adotar gatos pretos em abrigos<\/li>\n\n\n\n<li>Compartilhar informa\u00e7\u00f5es corretas sobre sua personalidade<\/li>\n\n\n\n<li>Evitar refor\u00e7ar mitos em conversas e m\u00eddias sociais<\/li>\n\n\n\n<li>Incentivar intera\u00e7\u00e3o segura com crian\u00e7as e adultos<\/li>\n\n\n\n<li>Promover eventos de conscientiza\u00e7\u00e3o sobre supersti\u00e7\u00f5es<\/li>\n<\/ul>\n","protected":false},"excerpt":{"rendered":"<p>Gatos pretos s\u00e3o cercados de supersti\u00e7\u00f5es desde a Idade M\u00e9dia, mas estudos e hist\u00f3rias mostram que eles s\u00e3o d\u00f3ceis, inteligentes e afetuosos<\/p>\n","protected":false},"author":23,"featured_media":202635,"comment_status":"open","ping_status":"open","sticky":false,"template":"","format":"standard","meta":{"_yoast_wpseo_focuskw":"Gato preto","_yoast_wpseo_title":"","_yoast_wpseo_metadesc":"Gatos pretos s\u00e3o cercados de supersti\u00e7\u00f5es desde a Idade M\u00e9dia, mas estudos e hist\u00f3rias mostram que eles s\u00e3o d\u00f3ceis, inteligentes e afetuosos","jnews-multi-image_gallery":[],"jnews_single_post":{"format":"standard"},"jnews_primary_category":[],"jnews_social_meta":[],"jnews_override_counter":[],"footnotes":""},"categories":[112],"tags":[144,4516,5314],"class_list":["post-202634","post","type-post","status-publish","format-standard","has-post-thumbnail","hentry","category-curiosidades","tag-curiosidades","tag-gato","tag-gato-preto"],"yoast_head":"<!-- This site is optimized with the Yoast SEO plugin v24.6 - https:\/\/yoast.com\/wordpress\/plugins\/seo\/ -->\n<title>Por que o gato preto \u00e9 associado \u00e0 m\u00e1 sorte? - Correio Braziliense - Radar<\/title>\n<meta name=\"description\" content=\"Gatos pretos s\u00e3o cercados de supersti\u00e7\u00f5es desde a Idade M\u00e9dia, mas estudos e hist\u00f3rias mostram que eles s\u00e3o d\u00f3ceis, inteligentes e afetuosos\" \/>\n<meta name=\"robots\" content=\"index, follow, max-snippet:-1, max-image-preview:large, max-video-preview:-1\" \/>\n<link rel=\"canonical\" href=\"https:\/\/www.correiobraziliense.com.br\/cbradar\/por-que-o-gato-preto-e-associado-a-ma-sorte\/\" \/>\n<meta property=\"og:locale\" content=\"pt_BR\" \/>\n<meta property=\"og:type\" content=\"article\" \/>\n<meta property=\"og:title\" content=\"Por que o gato preto \u00e9 associado \u00e0 m\u00e1 sorte? - Correio Braziliense - Radar\" \/>\n<meta property=\"og:description\" content=\"Gatos pretos s\u00e3o cercados de supersti\u00e7\u00f5es desde a Idade M\u00e9dia, mas estudos e hist\u00f3rias mostram que eles s\u00e3o d\u00f3ceis, inteligentes e afetuosos\" \/>\n<meta property=\"og:url\" content=\"https:\/\/www.correiobraziliense.com.br\/cbradar\/por-que-o-gato-preto-e-associado-a-ma-sorte\/\" \/>\n<meta property=\"og:site_name\" content=\"Correio Braziliense - Radar\" \/>\n<meta property=\"article:published_time\" content=\"2026-03-09T11:05:00+00:00\" \/>\n<meta property=\"og:image\" content=\"https:\/\/www.correiobraziliense.com.br\/cbradar\/wp-content\/uploads\/2026\/03\/gato-preto_1772564820803.jpg\" \/>\n\t<meta property=\"og:image:width\" content=\"1280\" \/>\n\t<meta property=\"og:image:height\" content=\"720\" \/>\n\t<meta property=\"og:image:type\" content=\"image\/jpeg\" \/>\n<meta name=\"author\" content=\"Nicolas Otto\" \/>\n<meta name=\"twitter:card\" content=\"summary_large_image\" \/>\n<meta name=\"twitter:label1\" content=\"Escrito por\" \/>\n\t<meta name=\"twitter:data1\" content=\"Nicolas Otto\" \/>\n\t<meta name=\"twitter:label2\" content=\"Est. tempo de leitura\" \/>\n\t<meta name=\"twitter:data2\" content=\"4 minutos\" \/>\n<!-- \/ Yoast SEO plugin. -->","yoast_head_json":{"title":"Por que o gato preto \u00e9 associado \u00e0 m\u00e1 sorte? - Correio Braziliense - Radar","description":"Gatos pretos s\u00e3o cercados de supersti\u00e7\u00f5es desde a Idade M\u00e9dia, mas estudos e hist\u00f3rias mostram que eles s\u00e3o d\u00f3ceis, inteligentes e afetuosos","robots":{"index":"index","follow":"follow","max-snippet":"max-snippet:-1","max-image-preview":"max-image-preview:large","max-video-preview":"max-video-preview:-1"},"canonical":"https:\/\/www.correiobraziliense.com.br\/cbradar\/por-que-o-gato-preto-e-associado-a-ma-sorte\/","og_locale":"pt_BR","og_type":"article","og_title":"Por que o gato preto \u00e9 associado \u00e0 m\u00e1 sorte? - Correio Braziliense - Radar","og_description":"Gatos pretos s\u00e3o cercados de supersti\u00e7\u00f5es desde a Idade M\u00e9dia, mas estudos e hist\u00f3rias mostram que eles s\u00e3o d\u00f3ceis, inteligentes e afetuosos","og_url":"https:\/\/www.correiobraziliense.com.br\/cbradar\/por-que-o-gato-preto-e-associado-a-ma-sorte\/","og_site_name":"Correio Braziliense - Radar","article_published_time":"2026-03-09T11:05:00+00:00","og_image":[{"width":1280,"height":720,"url":"https:\/\/www.correiobraziliense.com.br\/cbradar\/wp-content\/uploads\/2026\/03\/gato-preto_1772564820803.jpg","type":"image\/jpeg"}],"author":"Nicolas Otto","twitter_card":"summary_large_image","twitter_misc":{"Escrito por":"Nicolas Otto","Est. tempo de leitura":"4 minutos"},"schema":{"@context":"https:\/\/schema.org","@graph":[{"@type":"WebPage","@id":"https:\/\/www.correiobraziliense.com.br\/cbradar\/por-que-o-gato-preto-e-associado-a-ma-sorte\/","url":"https:\/\/www.correiobraziliense.com.br\/cbradar\/por-que-o-gato-preto-e-associado-a-ma-sorte\/","name":"Por que o gato preto \u00e9 associado \u00e0 m\u00e1 sorte? - Correio Braziliense - Radar","isPartOf":{"@id":"https:\/\/www.correiobraziliense.com.br\/cbradar\/#website"},"primaryImageOfPage":{"@id":"https:\/\/www.correiobraziliense.com.br\/cbradar\/por-que-o-gato-preto-e-associado-a-ma-sorte\/#primaryimage"},"image":{"@id":"https:\/\/www.correiobraziliense.com.br\/cbradar\/por-que-o-gato-preto-e-associado-a-ma-sorte\/#primaryimage"},"thumbnailUrl":"https:\/\/www.correiobraziliense.com.br\/cbradar\/wp-content\/uploads\/2026\/03\/gato-preto_1772564820803.jpg","datePublished":"2026-03-09T11:05:00+00:00","author":{"@id":"https:\/\/www.correiobraziliense.com.br\/cbradar\/#\/schema\/person\/3221b250518e74ac52c442d1c1236aaa"},"description":"Gatos pretos s\u00e3o cercados de supersti\u00e7\u00f5es desde a Idade M\u00e9dia, mas estudos e hist\u00f3rias mostram que eles s\u00e3o d\u00f3ceis, inteligentes e afetuosos","breadcrumb":{"@id":"https:\/\/www.correiobraziliense.com.br\/cbradar\/por-que-o-gato-preto-e-associado-a-ma-sorte\/#breadcrumb"},"inLanguage":"pt-BR","potentialAction":[{"@type":"ReadAction","target":["https:\/\/www.correiobraziliense.com.br\/cbradar\/por-que-o-gato-preto-e-associado-a-ma-sorte\/"]}]},{"@type":"ImageObject","inLanguage":"pt-BR","@id":"https:\/\/www.correiobraziliense.com.br\/cbradar\/por-que-o-gato-preto-e-associado-a-ma-sorte\/#primaryimage","url":"https:\/\/www.correiobraziliense.com.br\/cbradar\/wp-content\/uploads\/2026\/03\/gato-preto_1772564820803.jpg","contentUrl":"https:\/\/www.correiobraziliense.com.br\/cbradar\/wp-content\/uploads\/2026\/03\/gato-preto_1772564820803.jpg","width":1280,"height":720,"caption":"Como os gatos pretos conquistam cora\u00e7\u00f5es apesar dos mitos - Cr\u00e9ditos: depositphotos.com \/ AllaSerebrina"},{"@type":"BreadcrumbList","@id":"https:\/\/www.correiobraziliense.com.br\/cbradar\/por-que-o-gato-preto-e-associado-a-ma-sorte\/#breadcrumb","itemListElement":[{"@type":"ListItem","position":1,"name":"In\u00edcio","item":"https:\/\/www.correiobraziliense.com.br\/cbradar\/"},{"@type":"ListItem","position":2,"name":"Por que o gato preto \u00e9 associado \u00e0 m\u00e1 sorte?"}]},{"@type":"WebSite","@id":"https:\/\/www.correiobraziliense.com.br\/cbradar\/#website","url":"https:\/\/www.correiobraziliense.com.br\/cbradar\/","name":"Correio Braziliense - Radar","description":"Acompanhe as \u00faltimas not\u00edcias e fique bem informado sobre tudo o que acontece no Brasil e no mundo.","potentialAction":[{"@type":"SearchAction","target":{"@type":"EntryPoint","urlTemplate":"https:\/\/www.correiobraziliense.com.br\/cbradar\/?s={search_term_string}"},"query-input":{"@type":"PropertyValueSpecification","valueRequired":true,"valueName":"search_term_string"}}],"inLanguage":"pt-BR"},{"@type":"Person","@id":"https:\/\/www.correiobraziliense.com.br\/cbradar\/#\/schema\/person\/3221b250518e74ac52c442d1c1236aaa","name":"Nicolas Otto","image":{"@type":"ImageObject","inLanguage":"pt-BR","@id":"https:\/\/www.correiobraziliense.com.br\/cbradar\/#\/schema\/person\/image\/","url":"https:\/\/secure.gravatar.com\/avatar\/05925f730d72f0ea0df144f236adfb18?s=96&d=mm&r=g","contentUrl":"https:\/\/secure.gravatar.com\/avatar\/05925f730d72f0ea0df144f236adfb18?s=96&d=mm&r=g","caption":"Nicolas Otto"},"sameAs":["https:\/\/www.correiobraziliense.com.br\/cbradar\/"],"url":"https:\/\/www.correiobraziliense.com.br\/cbradar\/author\/nicolas-otto\/"}]}},"_links":{"self":[{"href":"https:\/\/www.correiobraziliense.com.br\/cbradar\/wp-json\/wp\/v2\/posts\/202634","targetHints":{"allow":["GET"]}}],"collection":[{"href":"https:\/\/www.correiobraziliense.com.br\/cbradar\/wp-json\/wp\/v2\/posts"}],"about":[{"href":"https:\/\/www.correiobraziliense.com.br\/cbradar\/wp-json\/wp\/v2\/types\/post"}],"author":[{"embeddable":true,"href":"https:\/\/www.correiobraziliense.com.br\/cbradar\/wp-json\/wp\/v2\/users\/23"}],"replies":[{"embeddable":true,"href":"https:\/\/www.correiobraziliense.com.br\/cbradar\/wp-json\/wp\/v2\/comments?post=202634"}],"version-history":[{"count":3,"href":"https:\/\/www.correiobraziliense.com.br\/cbradar\/wp-json\/wp\/v2\/posts\/202634\/revisions"}],"predecessor-version":[{"id":204221,"href":"https:\/\/www.correiobraziliense.com.br\/cbradar\/wp-json\/wp\/v2\/posts\/202634\/revisions\/204221"}],"wp:featuredmedia":[{"embeddable":true,"href":"https:\/\/www.correiobraziliense.com.br\/cbradar\/wp-json\/wp\/v2\/media\/202635"}],"wp:attachment":[{"href":"https:\/\/www.correiobraziliense.com.br\/cbradar\/wp-json\/wp\/v2\/media?parent=202634"}],"wp:term":[{"taxonomy":"category","embeddable":true,"href":"https:\/\/www.correiobraziliense.com.br\/cbradar\/wp-json\/wp\/v2\/categories?post=202634"},{"taxonomy":"post_tag","embeddable":true,"href":"https:\/\/www.correiobraziliense.com.br\/cbradar\/wp-json\/wp\/v2\/tags?post=202634"}],"curies":[{"name":"wp","href":"https:\/\/api.w.org\/{rel}","templated":true}]}}