{"id":202639,"date":"2026-03-09T08:45:00","date_gmt":"2026-03-09T11:45:00","guid":{"rendered":"https:\/\/www.correiobraziliense.com.br\/cbradar\/?p=202639"},"modified":"2026-03-06T15:00:39","modified_gmt":"2026-03-06T18:00:39","slug":"5-erros-comuns-de-portugues-que-destroem-sua-imagem-profissional","status":"publish","type":"post","link":"https:\/\/www.correiobraziliense.com.br\/cbradar\/5-erros-comuns-de-portugues-que-destroem-sua-imagem-profissional\/","title":{"rendered":"5 erros comuns de portugu\u00eas que destroem sua imagem profissional"},"content":{"rendered":"\n<p>Um dom\u00ednio s\u00f3lido da l\u00edngua portuguesa \u00e9 essencial para causar boa impress\u00e3o no ambiente profissional. Pequenos deslizes podem prejudicar a credibilidade e transmitir falta de cuidado ou aten\u00e7\u00e3o aos detalhes. Erros comuns em e-mails, relat\u00f3rios ou apresenta\u00e7\u00f5es refletem diretamente na imagem profissional, tornando a comunica\u00e7\u00e3o menos eficiente e comprometendo oportunidades de crescimento ou reconhecimento dentro de qualquer \u00e1rea corporativa.<\/p>\n\n\n\n<h2 class=\"wp-block-heading\">Quais s\u00e3o os impactos dos erros de portugu\u00eas no trabalho<\/h2>\n\n\n\n<p>O uso inadequado da l\u00edngua portuguesa pode afetar negocia\u00e7\u00f5es, networking e at\u00e9 promo\u00e7\u00f5es. Profissionais que cometem deslizes frequentes em textos escritos ou falados passam a impress\u00e3o de desaten\u00e7\u00e3o ou despreparo. Estudos realizados por institui\u00e7\u00f5es de lingu\u00edstica e comunica\u00e7\u00e3o.<\/p>\n\n\n\n<p>Al\u00e9m disso, erros recorrentes podem comprometer a autoridade do profissional. <a href=\"https:\/\/www.correiobraziliense.com.br\/cbradar\/documentos-bagagem-e-check-in-veja-como-embarcar-tranquilo-no-aviao\/\" target=\"_blank\" rel=\"noreferrer noopener\">Documentos <\/a>mal redigidos geram retrabalho, confundem colegas e podem impactar projetos estrat\u00e9gicos. Assim, manter aten\u00e7\u00e3o aos detalhes lingu\u00edsticos \u00e9 essencial para consolidar uma imagem de profissionalismo e confiabilidade.<\/p>\n\n\n\n<figure class=\"wp-block-image size-large\"><img decoding=\"async\" width=\"1024\" height=\"577\" src=\"https:\/\/www.correiobraziliense.com.br\/cbradar\/wp-content\/uploads\/2026\/03\/pessoa-com-imagem-profissional-afetada-1-1024x577.png\" alt=\"5 erros comuns de portugu\u00eas que destroem sua imagem profissional\" class=\"wp-image-202641\" srcset=\"https:\/\/www.correiobraziliense.com.br\/cbradar\/wp-content\/uploads\/2026\/03\/pessoa-com-imagem-profissional-afetada-1-1024x577.png 1024w, https:\/\/www.correiobraziliense.com.br\/cbradar\/wp-content\/uploads\/2026\/03\/pessoa-com-imagem-profissional-afetada-1-300x169.png 300w, https:\/\/www.correiobraziliense.com.br\/cbradar\/wp-content\/uploads\/2026\/03\/pessoa-com-imagem-profissional-afetada-1-768x433.png 768w, https:\/\/www.correiobraziliense.com.br\/cbradar\/wp-content\/uploads\/2026\/03\/pessoa-com-imagem-profissional-afetada-1-750x422.png 750w, https:\/\/www.correiobraziliense.com.br\/cbradar\/wp-content\/uploads\/2026\/03\/pessoa-com-imagem-profissional-afetada-1-1140x642.png 1140w, https:\/\/www.correiobraziliense.com.br\/cbradar\/wp-content\/uploads\/2026\/03\/pessoa-com-imagem-profissional-afetada-1.png 1280w\" sizes=\"(max-width: 1024px) 100vw, 1024px\" \/><figcaption class=\"wp-element-caption\">Evite deslizes de portugu\u00eas e fortale\u00e7a sua credibilidade no trabalho<\/figcaption><\/figure>\n\n\n\n<h2 class=\"wp-block-heading\">Quais s\u00e3o os erros mais comuns que devem ser evitados<\/h2>\n\n\n\n<p>Alguns deslizes ocorrem com frequ\u00eancia por descuido ou desconhecimento das regras gramaticais. Eles podem ser sutis, mas prejudicam a percep\u00e7\u00e3o de compet\u00eancia e seriedade. Entre os mais not\u00f3rios est\u00e3o:<\/p>\n\n\n\n<ul class=\"wp-block-list\">\n<li>Confus\u00e3o entre \u201ca\u201d e \u201ch\u00e1\u201d<\/li>\n\n\n\n<li>Uso incorreto de \u201cmau\u201d e \u201cmal\u201d<\/li>\n\n\n\n<li>Erros de concord\u00e2ncia verbal ou nominal<\/li>\n\n\n\n<li>Palavras com grafia semelhante, como \u201ctrazer\u201d e \u201ctrazer\u00e1\u201d<\/li>\n\n\n\n<li>Emprego incorreto de crase em locu\u00e7\u00f5es<\/li>\n<\/ul>\n\n\n\n<p>Esses erros comprometem textos e comunica\u00e7\u00e3o de maneira significativa:<\/p>\n\n\n\n<h2 class=\"wp-block-heading\">Como identificar falhas na comunica\u00e7\u00e3o escrita<\/h2>\n\n\n\n<p>Detectar problemas na escrita requer aten\u00e7\u00e3o a detalhes e revis\u00e3o constante. O h\u00e1bito de reler e utilizar ferramentas de corre\u00e7\u00e3o lingu\u00edstica ajuda a evitar deslizes frequentes. Al\u00e9m disso, buscar refer\u00eancias confi\u00e1veis e consultoria em portugu\u00eas profissional contribui para manter a consist\u00eancia e reduzir erros que podem prejudicar a imagem no ambiente corporativo.<\/p>\n\n\n\n<p>Pr\u00e1ticas recomendadas incluem:<\/p>\n\n\n\n<ul class=\"wp-block-list\">\n<li>Revisar textos antes de enviar<\/li>\n\n\n\n<li>Consultar gram\u00e1ticas ou dicion\u00e1rios confi\u00e1veis<\/li>\n\n\n\n<li>Evitar abrevia\u00e7\u00f5es excessivas em e-mails formais<\/li>\n\n\n\n<li>Pedir revis\u00e3o de colegas experientes<\/li>\n\n\n\n<li>Treinar leitura cr\u00edtica de documentos e relat\u00f3rios<\/li>\n<\/ul>\n\n\n\n<h2 class=\"wp-block-heading\">Como a comunica\u00e7\u00e3o afeta a credibilidade<\/h2>\n\n\n\n<p>A clareza e corre\u00e7\u00e3o na comunica\u00e7\u00e3o impactam diretamente a credibilidade. Profissionais que escrevem corretamente s\u00e3o percebidos como detalhistas, confi\u00e1veis e preparados. Mensagens confusas ou cheias de erros causam frustra\u00e7\u00e3o e prejudicam a tomada de decis\u00e3o, al\u00e9m de afetar rela\u00e7\u00f5es internas e externas com clientes, fornecedores ou parceiros estrat\u00e9gicos.<\/p>\n\n\n\n<p>Manter o padr\u00e3o adequado de escrita fortalece a imagem profissional, aumentando o respeito e a confian\u00e7a dos colegas de trabalho, sendo um diferencial competitivo em qualquer \u00e1rea de atua\u00e7\u00e3o.<\/p>\n\n\n\n<p>Se voc\u00ea quer entender como a forma de se comunicar afeta sua autoconfian\u00e7a, este v\u00eddeo do canal <strong><a href=\"https:\/\/www.youtube.com\/@AcademiaCadiveu\" target=\"_blank\" rel=\"noreferrer noopener\">Cadiveu Academy<\/a><\/strong>, com 901 mil subscritores, foi escolhido especialmente para voc\u00ea. Ele explora estrat\u00e9gias para melhorar a comunica\u00e7\u00e3o e fortalecer a autoestima no dia a dia.<\/p>\n\n\n\n<figure class=\"wp-block-embed is-type-video is-provider-youtube wp-block-embed-youtube wp-embed-aspect-16-9 wp-has-aspect-ratio\"><div class=\"wp-block-embed__wrapper\">\n<div class=\"jeg_video_container jeg_video_content\"><iframe loading=\"lazy\" title=\"Como a comunica\u00e7\u00e3o interfere na nossa autoconfian\u00e7a? | CADCAST #10\" width=\"500\" height=\"281\" src=\"https:\/\/www.youtube.com\/embed\/7BIroxNJm4o?feature=oembed\" frameborder=\"0\" allow=\"accelerometer; autoplay; clipboard-write; encrypted-media; gyroscope; picture-in-picture; web-share\" referrerpolicy=\"strict-origin-when-cross-origin\" allowfullscreen><\/iframe><\/div>\n<\/div><\/figure>\n\n\n\n<h2 class=\"wp-block-heading\">Quais h\u00e1bitos ajudam a melhorar o portugu\u00eas no dia a dia<\/h2>\n\n\n\n<p>Investir no aprimoramento cont\u00ednuo da l\u00edngua portuguesa \u00e9 um diferencial estrat\u00e9gico. Leitura frequente, revis\u00e3o de textos e participa\u00e7\u00e3o em cursos ou workshops contribuem para aperfei\u00e7oar a escrita e minimizar erros. A pr\u00e1tica constante permite internalizar regras gramaticais e aumentar a flu\u00eancia, tornando a comunica\u00e7\u00e3o mais assertiva e eficaz.<\/p>\n\n\n\n<p>Para fortalecer a comunica\u00e7\u00e3o, \u00e9 \u00fatil:<\/p>\n\n\n\n<ul class=\"wp-block-list\">\n<li>Ler artigos, livros e jornais regularmente<\/li>\n\n\n\n<li>Manter um caderno de d\u00favidas e corre\u00e7\u00f5es<\/li>\n\n\n\n<li>Revisar textos antes de enviar ou publicar<\/li>\n\n\n\n<li>Participar de cursos de escrita e comunica\u00e7\u00e3o<\/li>\n\n\n\n<li>Praticar escrita criativa para fixar regras<\/li>\n<\/ul>\n","protected":false},"excerpt":{"rendered":"<p>Comunica\u00e7\u00e3o clara e correta aumenta confian\u00e7a e respeito no trabalho. Evite erros de portugu\u00eas e destaque-se profissionalmente<\/p>\n","protected":false},"author":23,"featured_media":202640,"comment_status":"open","ping_status":"open","sticky":false,"template":"","format":"standard","meta":{"_yoast_wpseo_focuskw":"Erros comuns de portugu\u00eas","_yoast_wpseo_title":"","_yoast_wpseo_metadesc":"Comunica\u00e7\u00e3o clara e correta aumenta confian\u00e7a e respeito no trabalho. Evite erros de portugu\u00eas e destaque-se profissionalmente","jnews-multi-image_gallery":[],"jnews_single_post":{"format":"standard"},"jnews_primary_category":[],"jnews_social_meta":[],"jnews_override_counter":[],"footnotes":""},"categories":[112],"tags":[144,15408,6081],"class_list":["post-202639","post","type-post","status-publish","format-standard","has-post-thumbnail","hentry","category-curiosidades","tag-curiosidades","tag-imagem-profissional","tag-portugues"],"yoast_head":"<!-- This site is optimized with the Yoast SEO plugin v24.6 - https:\/\/yoast.com\/wordpress\/plugins\/seo\/ -->\n<title>5 erros comuns de portugu\u00eas que destroem sua imagem profissional - Correio Braziliense - Radar<\/title>\n<meta name=\"description\" content=\"Comunica\u00e7\u00e3o clara e correta aumenta confian\u00e7a e respeito no trabalho. Evite erros de portugu\u00eas e destaque-se profissionalmente\" \/>\n<meta name=\"robots\" content=\"index, follow, max-snippet:-1, max-image-preview:large, max-video-preview:-1\" \/>\n<link rel=\"canonical\" href=\"https:\/\/www.correiobraziliense.com.br\/cbradar\/5-erros-comuns-de-portugues-que-destroem-sua-imagem-profissional\/\" \/>\n<meta property=\"og:locale\" content=\"pt_BR\" \/>\n<meta property=\"og:type\" content=\"article\" \/>\n<meta property=\"og:title\" content=\"5 erros comuns de portugu\u00eas que destroem sua imagem profissional - Correio Braziliense - Radar\" \/>\n<meta property=\"og:description\" content=\"Comunica\u00e7\u00e3o clara e correta aumenta confian\u00e7a e respeito no trabalho. Evite erros de portugu\u00eas e destaque-se profissionalmente\" \/>\n<meta property=\"og:url\" content=\"https:\/\/www.correiobraziliense.com.br\/cbradar\/5-erros-comuns-de-portugues-que-destroem-sua-imagem-profissional\/\" \/>\n<meta property=\"og:site_name\" content=\"Correio Braziliense - Radar\" \/>\n<meta property=\"article:published_time\" content=\"2026-03-09T11:45:00+00:00\" \/>\n<meta property=\"og:image\" content=\"https:\/\/www.correiobraziliense.com.br\/cbradar\/wp-content\/uploads\/2026\/03\/pessoa-com-imagem-profissional-afetada.png\" \/>\n\t<meta property=\"og:image:width\" content=\"1280\" \/>\n\t<meta property=\"og:image:height\" content=\"721\" \/>\n\t<meta property=\"og:image:type\" content=\"image\/png\" \/>\n<meta name=\"author\" content=\"Nicolas Otto\" \/>\n<meta name=\"twitter:card\" content=\"summary_large_image\" \/>\n<meta name=\"twitter:label1\" content=\"Escrito por\" \/>\n\t<meta name=\"twitter:data1\" content=\"Nicolas Otto\" \/>\n\t<meta name=\"twitter:label2\" content=\"Est. tempo de leitura\" \/>\n\t<meta name=\"twitter:data2\" content=\"4 minutos\" \/>\n<!-- \/ Yoast SEO plugin. -->","yoast_head_json":{"title":"5 erros comuns de portugu\u00eas que destroem sua imagem profissional - Correio Braziliense - Radar","description":"Comunica\u00e7\u00e3o clara e correta aumenta confian\u00e7a e respeito no trabalho. Evite erros de portugu\u00eas e destaque-se profissionalmente","robots":{"index":"index","follow":"follow","max-snippet":"max-snippet:-1","max-image-preview":"max-image-preview:large","max-video-preview":"max-video-preview:-1"},"canonical":"https:\/\/www.correiobraziliense.com.br\/cbradar\/5-erros-comuns-de-portugues-que-destroem-sua-imagem-profissional\/","og_locale":"pt_BR","og_type":"article","og_title":"5 erros comuns de portugu\u00eas que destroem sua imagem profissional - Correio Braziliense - Radar","og_description":"Comunica\u00e7\u00e3o clara e correta aumenta confian\u00e7a e respeito no trabalho. Evite erros de portugu\u00eas e destaque-se profissionalmente","og_url":"https:\/\/www.correiobraziliense.com.br\/cbradar\/5-erros-comuns-de-portugues-que-destroem-sua-imagem-profissional\/","og_site_name":"Correio Braziliense - Radar","article_published_time":"2026-03-09T11:45:00+00:00","og_image":[{"width":1280,"height":721,"url":"https:\/\/www.correiobraziliense.com.br\/cbradar\/wp-content\/uploads\/2026\/03\/pessoa-com-imagem-profissional-afetada.png","type":"image\/png"}],"author":"Nicolas Otto","twitter_card":"summary_large_image","twitter_misc":{"Escrito por":"Nicolas Otto","Est. tempo de leitura":"4 minutos"},"schema":{"@context":"https:\/\/schema.org","@graph":[{"@type":"WebPage","@id":"https:\/\/www.correiobraziliense.com.br\/cbradar\/5-erros-comuns-de-portugues-que-destroem-sua-imagem-profissional\/","url":"https:\/\/www.correiobraziliense.com.br\/cbradar\/5-erros-comuns-de-portugues-que-destroem-sua-imagem-profissional\/","name":"5 erros comuns de portugu\u00eas que destroem sua imagem profissional - Correio Braziliense - Radar","isPartOf":{"@id":"https:\/\/www.correiobraziliense.com.br\/cbradar\/#website"},"primaryImageOfPage":{"@id":"https:\/\/www.correiobraziliense.com.br\/cbradar\/5-erros-comuns-de-portugues-que-destroem-sua-imagem-profissional\/#primaryimage"},"image":{"@id":"https:\/\/www.correiobraziliense.com.br\/cbradar\/5-erros-comuns-de-portugues-que-destroem-sua-imagem-profissional\/#primaryimage"},"thumbnailUrl":"https:\/\/www.correiobraziliense.com.br\/cbradar\/wp-content\/uploads\/2026\/03\/pessoa-com-imagem-profissional-afetada.png","datePublished":"2026-03-09T11:45:00+00:00","author":{"@id":"https:\/\/www.correiobraziliense.com.br\/cbradar\/#\/schema\/person\/3221b250518e74ac52c442d1c1236aaa"},"description":"Comunica\u00e7\u00e3o clara e correta aumenta confian\u00e7a e respeito no trabalho. Evite erros de portugu\u00eas e destaque-se profissionalmente","breadcrumb":{"@id":"https:\/\/www.correiobraziliense.com.br\/cbradar\/5-erros-comuns-de-portugues-que-destroem-sua-imagem-profissional\/#breadcrumb"},"inLanguage":"pt-BR","potentialAction":[{"@type":"ReadAction","target":["https:\/\/www.correiobraziliense.com.br\/cbradar\/5-erros-comuns-de-portugues-que-destroem-sua-imagem-profissional\/"]}]},{"@type":"ImageObject","inLanguage":"pt-BR","@id":"https:\/\/www.correiobraziliense.com.br\/cbradar\/5-erros-comuns-de-portugues-que-destroem-sua-imagem-profissional\/#primaryimage","url":"https:\/\/www.correiobraziliense.com.br\/cbradar\/wp-content\/uploads\/2026\/03\/pessoa-com-imagem-profissional-afetada.png","contentUrl":"https:\/\/www.correiobraziliense.com.br\/cbradar\/wp-content\/uploads\/2026\/03\/pessoa-com-imagem-profissional-afetada.png","width":1280,"height":721,"caption":"Evite deslizes de portugu\u00eas e fortale\u00e7a sua credibilidade no trabalho"},{"@type":"BreadcrumbList","@id":"https:\/\/www.correiobraziliense.com.br\/cbradar\/5-erros-comuns-de-portugues-que-destroem-sua-imagem-profissional\/#breadcrumb","itemListElement":[{"@type":"ListItem","position":1,"name":"In\u00edcio","item":"https:\/\/www.correiobraziliense.com.br\/cbradar\/"},{"@type":"ListItem","position":2,"name":"5 erros comuns de portugu\u00eas que destroem sua imagem profissional"}]},{"@type":"WebSite","@id":"https:\/\/www.correiobraziliense.com.br\/cbradar\/#website","url":"https:\/\/www.correiobraziliense.com.br\/cbradar\/","name":"Correio Braziliense - Radar","description":"Acompanhe as \u00faltimas not\u00edcias e fique bem informado sobre tudo o que acontece no Brasil e no mundo.","potentialAction":[{"@type":"SearchAction","target":{"@type":"EntryPoint","urlTemplate":"https:\/\/www.correiobraziliense.com.br\/cbradar\/?s={search_term_string}"},"query-input":{"@type":"PropertyValueSpecification","valueRequired":true,"valueName":"search_term_string"}}],"inLanguage":"pt-BR"},{"@type":"Person","@id":"https:\/\/www.correiobraziliense.com.br\/cbradar\/#\/schema\/person\/3221b250518e74ac52c442d1c1236aaa","name":"Nicolas Otto","image":{"@type":"ImageObject","inLanguage":"pt-BR","@id":"https:\/\/www.correiobraziliense.com.br\/cbradar\/#\/schema\/person\/image\/","url":"https:\/\/secure.gravatar.com\/avatar\/05925f730d72f0ea0df144f236adfb18?s=96&d=mm&r=g","contentUrl":"https:\/\/secure.gravatar.com\/avatar\/05925f730d72f0ea0df144f236adfb18?s=96&d=mm&r=g","caption":"Nicolas Otto"},"sameAs":["https:\/\/www.correiobraziliense.com.br\/cbradar\/"],"url":"https:\/\/www.correiobraziliense.com.br\/cbradar\/author\/nicolas-otto\/"}]}},"_links":{"self":[{"href":"https:\/\/www.correiobraziliense.com.br\/cbradar\/wp-json\/wp\/v2\/posts\/202639","targetHints":{"allow":["GET"]}}],"collection":[{"href":"https:\/\/www.correiobraziliense.com.br\/cbradar\/wp-json\/wp\/v2\/posts"}],"about":[{"href":"https:\/\/www.correiobraziliense.com.br\/cbradar\/wp-json\/wp\/v2\/types\/post"}],"author":[{"embeddable":true,"href":"https:\/\/www.correiobraziliense.com.br\/cbradar\/wp-json\/wp\/v2\/users\/23"}],"replies":[{"embeddable":true,"href":"https:\/\/www.correiobraziliense.com.br\/cbradar\/wp-json\/wp\/v2\/comments?post=202639"}],"version-history":[{"count":1,"href":"https:\/\/www.correiobraziliense.com.br\/cbradar\/wp-json\/wp\/v2\/posts\/202639\/revisions"}],"predecessor-version":[{"id":202642,"href":"https:\/\/www.correiobraziliense.com.br\/cbradar\/wp-json\/wp\/v2\/posts\/202639\/revisions\/202642"}],"wp:featuredmedia":[{"embeddable":true,"href":"https:\/\/www.correiobraziliense.com.br\/cbradar\/wp-json\/wp\/v2\/media\/202640"}],"wp:attachment":[{"href":"https:\/\/www.correiobraziliense.com.br\/cbradar\/wp-json\/wp\/v2\/media?parent=202639"}],"wp:term":[{"taxonomy":"category","embeddable":true,"href":"https:\/\/www.correiobraziliense.com.br\/cbradar\/wp-json\/wp\/v2\/categories?post=202639"},{"taxonomy":"post_tag","embeddable":true,"href":"https:\/\/www.correiobraziliense.com.br\/cbradar\/wp-json\/wp\/v2\/tags?post=202639"}],"curies":[{"name":"wp","href":"https:\/\/api.w.org\/{rel}","templated":true}]}}