{"id":202648,"date":"2026-03-09T09:25:00","date_gmt":"2026-03-09T12:25:00","guid":{"rendered":"https:\/\/www.correiobraziliense.com.br\/cbradar\/?p=202648"},"modified":"2026-03-06T14:59:37","modified_gmt":"2026-03-06T17:59:37","slug":"7-pragas-comuns-no-jardim-e-como-elimina-las-sem-veneno","status":"publish","type":"post","link":"https:\/\/www.correiobraziliense.com.br\/cbradar\/7-pragas-comuns-no-jardim-e-como-elimina-las-sem-veneno\/","title":{"rendered":"7 pragas comuns no jardim e como elimin\u00e1-las sem veneno"},"content":{"rendered":"\n<p>Pragas no jardim podem prejudicar o crescimento das plantas, comprometer flores e vegetais, e reduzir a produtividade de forma significativa. Control\u00e1-las sem o uso de produtos qu\u00edmicos protege o meio ambiente e a sa\u00fade. M\u00e9todos naturais, como barreiras f\u00edsicas, solu\u00e7\u00f5es caseiras e predadores naturais, podem manter o equil\u00edbrio ecol\u00f3gico e reduzir infesta\u00e7\u00f5es, garantindo um jardim saud\u00e1vel e plantas mais resistentes.<\/p>\n\n\n\n<h2 class=\"wp-block-heading\">Quais s\u00e3o os principais sinais de infesta\u00e7\u00e3o no jardim<\/h2>\n\n\n\n<p>Folhas amareladas, furos nas folhas e presen\u00e7a de <a href=\"https:\/\/www.correiobraziliense.com.br\/cbradar\/a-planta-aromatica-facil-de-cultivar-que-virou-tendencia-para-afastar-insetos-e-deixar-a-casa-mais-agradavel\/\" target=\"_blank\" rel=\"noreferrer noopener\">insetos <\/a>s\u00e3o sinais claros de infesta\u00e7\u00e3o. Diferentes pragas apresentam comportamentos espec\u00edficos, como lagartas que se escondem no verso das folhas ou \u00e1caros que formam teias finas. Identificar o tipo de praga rapidamente permite aplicar t\u00e9cnicas naturais de controle antes que os danos se tornem extensos, evitando a perda de flores e hortali\u00e7as.<\/p>\n\n\n\n<p>Segundo a <strong>Universidade de Cornell<\/strong>, a identifica\u00e7\u00e3o precoce \u00e9 a chave para o manejo eficiente de pragas sem pesticidas qu\u00edmicos. Al\u00e9m disso, medidas preventivas, como limpeza de folhas secas e controle de umidade, ajudam a reduzir a prolifera\u00e7\u00e3o de insetos indesejados de forma segura.<\/p>\n\n\n\n<figure class=\"wp-block-image size-large\"><img decoding=\"async\" width=\"1024\" height=\"577\" src=\"https:\/\/www.correiobraziliense.com.br\/cbradar\/wp-content\/uploads\/2026\/03\/pragas-comuns-no-jardim-1-1024x577.png\" alt=\"7 pragas comuns no jardim e como elimin\u00e1-las sem veneno\" class=\"wp-image-202650\" srcset=\"https:\/\/www.correiobraziliense.com.br\/cbradar\/wp-content\/uploads\/2026\/03\/pragas-comuns-no-jardim-1-1024x577.png 1024w, https:\/\/www.correiobraziliense.com.br\/cbradar\/wp-content\/uploads\/2026\/03\/pragas-comuns-no-jardim-1-300x169.png 300w, https:\/\/www.correiobraziliense.com.br\/cbradar\/wp-content\/uploads\/2026\/03\/pragas-comuns-no-jardim-1-768x433.png 768w, https:\/\/www.correiobraziliense.com.br\/cbradar\/wp-content\/uploads\/2026\/03\/pragas-comuns-no-jardim-1-750x422.png 750w, https:\/\/www.correiobraziliense.com.br\/cbradar\/wp-content\/uploads\/2026\/03\/pragas-comuns-no-jardim-1-1140x642.png 1140w, https:\/\/www.correiobraziliense.com.br\/cbradar\/wp-content\/uploads\/2026\/03\/pragas-comuns-no-jardim-1.png 1280w\" sizes=\"(max-width: 1024px) 100vw, 1024px\" \/><figcaption class=\"wp-element-caption\">Como proteger plantas e flores de insetos sem produtos qu\u00edmicos <\/figcaption><\/figure>\n\n\n\n<h2 class=\"wp-block-heading\">Como eliminar pulg\u00f5es e cochonilhas sem produtos qu\u00edmicos<\/h2>\n\n\n\n<p>O combate a <strong>pulg\u00f5es<\/strong> e <strong>cochonilhas<\/strong> pode ser feito com solu\u00e7\u00f5es naturais que n\u00e3o prejudicam o ecossistema. A aplica\u00e7\u00e3o de \u00e1gua pressurizada, \u00f3leo de neem ou sabonete l\u00edquido dilu\u00eddo \u00e9 eficaz na remo\u00e7\u00e3o e inibi\u00e7\u00e3o da reprodu\u00e7\u00e3o desses insetos. \u00c9 importante repetir o procedimento regularmente para manter o controle, garantindo que novas gera\u00e7\u00f5es n\u00e3o comprometam o crescimento das plantas.<\/p>\n\n\n\n<p>Outras estrat\u00e9gias de manejo incluem o uso de plantas companheiras e predadores naturais como joaninhas, que auxiliam no equil\u00edbrio do jardim e reduzem a infesta\u00e7\u00e3o de maneira cont\u00ednua:<\/p>\n\n\n\n<ul class=\"wp-block-list\">\n<li>\u00c1gua pressurizada para remover insetos das folhas<\/li>\n\n\n\n<li>Solu\u00e7\u00e3o de sabonete l\u00edquido dilu\u00eddo em \u00e1gua<\/li>\n\n\n\n<li>\u00d3leo de neem aplicado nas \u00e1reas afetadas<\/li>\n\n\n\n<li>Plantas atrativas de predadores naturais<\/li>\n\n\n\n<li>Joaninhas como controle biol\u00f3gico<\/li>\n<\/ul>\n\n\n\n<h2 class=\"wp-block-heading\">Quais m\u00e9todos naturais funcionam contra lesmas e carac\u00f3is<\/h2>\n\n\n\n<p>Lesmas e carac\u00f3is podem danificar folhas e brotos de forma r\u00e1pida, exigindo a\u00e7\u00f5es preventivas. Criar barreiras f\u00edsicas, como areia grossa ou cascas de ovo trituradas, dificulta a locomo\u00e7\u00e3o desses moluscos. Al\u00e9m disso, colet\u00e1-los manualmente ou usar recipientes com cerveja atrativa \u00e9 uma alternativa eficaz e ecol\u00f3gica, sem recorrer a produtos t\u00f3xicos.<\/p>\n\n\n\n<p>A manuten\u00e7\u00e3o do solo limpo e seco reduz \u00e1reas de abrigo, tornando o jardim menos hospitaleiro para esses animais. Se voc\u00ea quer proteger sua horta ou jardim de forma natural, este v\u00eddeo do canal <strong><a href=\"https:\/\/www.youtube.com\/@cultivando-canal\" target=\"_blank\" rel=\"noreferrer noopener\">Cultivando<\/a><\/strong>, com 1,3 milh\u00e3o de subscritores, foi escolhido especialmente para voc\u00ea. Ele mostra 3 t\u00e9cnicas eficazes para acabar com lesmas e carac\u00f3is.<\/p>\n\n\n\n<figure class=\"wp-block-embed is-type-video is-provider-youtube wp-block-embed-youtube wp-embed-aspect-16-9 wp-has-aspect-ratio\"><div class=\"wp-block-embed__wrapper\">\n<div class=\"jeg_video_container jeg_video_content\"><iframe loading=\"lazy\" title=\"LESMAS E CARAC\u00d3IS: 3 T\u00e9cnicas para acabar com eles\" width=\"500\" height=\"281\" src=\"https:\/\/www.youtube.com\/embed\/kuW-q5kyqbU?feature=oembed\" frameborder=\"0\" allow=\"accelerometer; autoplay; clipboard-write; encrypted-media; gyroscope; picture-in-picture; web-share\" referrerpolicy=\"strict-origin-when-cross-origin\" allowfullscreen><\/iframe><\/div>\n<\/div><\/figure>\n\n\n\n<h2 class=\"wp-block-heading\">\u00c9 poss\u00edvel controlar fungos e mosquitos da terra de maneira natural<\/h2>\n\n\n\n<p>A preven\u00e7\u00e3o \u00e9 fundamental para evitar fungos e mosquitos da terra. Evitar o excesso de \u00e1gua e melhorar a drenagem do solo ajudam a limitar a umidade, que favorece a prolifera\u00e7\u00e3o de esporos e larvas. <\/p>\n\n\n\n<p>Plantas resistentes e rota\u00e7\u00e3o de vasos contribuem para reduzir o risco de infesta\u00e7\u00f5es, garantindo que o ambiente permane\u00e7a saud\u00e1vel e equilibrado. A aplica\u00e7\u00e3o de solu\u00e7\u00f5es naturais, como ch\u00e1 de camomila ou bicarbonato de s\u00f3dio, auxilia na prote\u00e7\u00e3o das plantas sem afetar insetos ben\u00e9ficos ou o ecossistema.<\/p>\n\n\n\n<h2 class=\"wp-block-heading\">Como manter o jardim saud\u00e1vel e prevenir novas pragas<\/h2>\n\n\n\n<p>A manuten\u00e7\u00e3o regular \u00e9 essencial para prevenir novas infesta\u00e7\u00f5es. Remover folhas secas, podar ramos doentes e monitorar constantemente plantas jovens reduz a probabilidade de surgimento de pragas. T\u00e9cnicas de aduba\u00e7\u00e3o equilibrada fortalecem as plantas, tornando-as menos suscet\u00edveis a ataques, enquanto predadores naturais mant\u00eam o controle de insetos indesejados.<\/p>\n","protected":false},"excerpt":{"rendered":"<p>Proteja flores e hortali\u00e7as de pulg\u00f5es, lesmas e fungos com m\u00e9todos ecol\u00f3gicos. Dicas simples mant\u00eam seu jardim saud\u00e1vel e livre de qu\u00edmicos<\/p>\n","protected":false},"author":23,"featured_media":202649,"comment_status":"open","ping_status":"open","sticky":false,"template":"","format":"standard","meta":{"_yoast_wpseo_focuskw":"Pragas comuns no jardim","_yoast_wpseo_title":"","_yoast_wpseo_metadesc":"Proteja flores e hortali\u00e7as de pulg\u00f5es, lesmas e fungos com m\u00e9todos ecol\u00f3gicos. Dicas simples mant\u00eam seu jardim saud\u00e1vel e livre de qu\u00edmicos","jnews-multi-image_gallery":[],"jnews_single_post":{"format":"standard"},"jnews_primary_category":[],"jnews_social_meta":[],"jnews_override_counter":[],"footnotes":""},"categories":[136],"tags":[329,919,8870],"class_list":["post-202648","post","type-post","status-publish","format-standard","has-post-thumbnail","hentry","category-jardinagem","tag-jardinagem","tag-pragas","tag-veneno"],"yoast_head":"<!-- This site is optimized with the Yoast SEO plugin v24.6 - https:\/\/yoast.com\/wordpress\/plugins\/seo\/ -->\n<title>7 pragas comuns no jardim e como elimin\u00e1-las sem veneno - Correio Braziliense - Radar<\/title>\n<meta name=\"description\" content=\"Proteja flores e hortali\u00e7as de pulg\u00f5es, lesmas e fungos com m\u00e9todos ecol\u00f3gicos. Dicas simples mant\u00eam seu jardim saud\u00e1vel e livre de qu\u00edmicos\" \/>\n<meta name=\"robots\" content=\"index, follow, max-snippet:-1, max-image-preview:large, max-video-preview:-1\" \/>\n<link rel=\"canonical\" href=\"https:\/\/www.correiobraziliense.com.br\/cbradar\/7-pragas-comuns-no-jardim-e-como-elimina-las-sem-veneno\/\" \/>\n<meta property=\"og:locale\" content=\"pt_BR\" \/>\n<meta property=\"og:type\" content=\"article\" \/>\n<meta property=\"og:title\" content=\"7 pragas comuns no jardim e como elimin\u00e1-las sem veneno - Correio Braziliense - Radar\" \/>\n<meta property=\"og:description\" content=\"Proteja flores e hortali\u00e7as de pulg\u00f5es, lesmas e fungos com m\u00e9todos ecol\u00f3gicos. Dicas simples mant\u00eam seu jardim saud\u00e1vel e livre de qu\u00edmicos\" \/>\n<meta property=\"og:url\" content=\"https:\/\/www.correiobraziliense.com.br\/cbradar\/7-pragas-comuns-no-jardim-e-como-elimina-las-sem-veneno\/\" \/>\n<meta property=\"og:site_name\" content=\"Correio Braziliense - Radar\" \/>\n<meta property=\"article:published_time\" content=\"2026-03-09T12:25:00+00:00\" \/>\n<meta property=\"og:image\" content=\"https:\/\/www.correiobraziliense.com.br\/cbradar\/wp-content\/uploads\/2026\/03\/pragas-comuns-no-jardim.png\" \/>\n\t<meta property=\"og:image:width\" content=\"1280\" \/>\n\t<meta property=\"og:image:height\" content=\"721\" \/>\n\t<meta property=\"og:image:type\" content=\"image\/png\" \/>\n<meta name=\"author\" content=\"Nicolas Otto\" \/>\n<meta name=\"twitter:card\" content=\"summary_large_image\" \/>\n<meta name=\"twitter:label1\" content=\"Escrito por\" \/>\n\t<meta name=\"twitter:data1\" content=\"Nicolas Otto\" \/>\n\t<meta name=\"twitter:label2\" content=\"Est. tempo de leitura\" \/>\n\t<meta name=\"twitter:data2\" content=\"4 minutos\" \/>\n<!-- \/ Yoast SEO plugin. -->","yoast_head_json":{"title":"7 pragas comuns no jardim e como elimin\u00e1-las sem veneno - Correio Braziliense - Radar","description":"Proteja flores e hortali\u00e7as de pulg\u00f5es, lesmas e fungos com m\u00e9todos ecol\u00f3gicos. Dicas simples mant\u00eam seu jardim saud\u00e1vel e livre de qu\u00edmicos","robots":{"index":"index","follow":"follow","max-snippet":"max-snippet:-1","max-image-preview":"max-image-preview:large","max-video-preview":"max-video-preview:-1"},"canonical":"https:\/\/www.correiobraziliense.com.br\/cbradar\/7-pragas-comuns-no-jardim-e-como-elimina-las-sem-veneno\/","og_locale":"pt_BR","og_type":"article","og_title":"7 pragas comuns no jardim e como elimin\u00e1-las sem veneno - Correio Braziliense - Radar","og_description":"Proteja flores e hortali\u00e7as de pulg\u00f5es, lesmas e fungos com m\u00e9todos ecol\u00f3gicos. Dicas simples mant\u00eam seu jardim saud\u00e1vel e livre de qu\u00edmicos","og_url":"https:\/\/www.correiobraziliense.com.br\/cbradar\/7-pragas-comuns-no-jardim-e-como-elimina-las-sem-veneno\/","og_site_name":"Correio Braziliense - Radar","article_published_time":"2026-03-09T12:25:00+00:00","og_image":[{"width":1280,"height":721,"url":"https:\/\/www.correiobraziliense.com.br\/cbradar\/wp-content\/uploads\/2026\/03\/pragas-comuns-no-jardim.png","type":"image\/png"}],"author":"Nicolas Otto","twitter_card":"summary_large_image","twitter_misc":{"Escrito por":"Nicolas Otto","Est. tempo de leitura":"4 minutos"},"schema":{"@context":"https:\/\/schema.org","@graph":[{"@type":"WebPage","@id":"https:\/\/www.correiobraziliense.com.br\/cbradar\/7-pragas-comuns-no-jardim-e-como-elimina-las-sem-veneno\/","url":"https:\/\/www.correiobraziliense.com.br\/cbradar\/7-pragas-comuns-no-jardim-e-como-elimina-las-sem-veneno\/","name":"7 pragas comuns no jardim e como elimin\u00e1-las sem veneno - Correio Braziliense - Radar","isPartOf":{"@id":"https:\/\/www.correiobraziliense.com.br\/cbradar\/#website"},"primaryImageOfPage":{"@id":"https:\/\/www.correiobraziliense.com.br\/cbradar\/7-pragas-comuns-no-jardim-e-como-elimina-las-sem-veneno\/#primaryimage"},"image":{"@id":"https:\/\/www.correiobraziliense.com.br\/cbradar\/7-pragas-comuns-no-jardim-e-como-elimina-las-sem-veneno\/#primaryimage"},"thumbnailUrl":"https:\/\/www.correiobraziliense.com.br\/cbradar\/wp-content\/uploads\/2026\/03\/pragas-comuns-no-jardim.png","datePublished":"2026-03-09T12:25:00+00:00","author":{"@id":"https:\/\/www.correiobraziliense.com.br\/cbradar\/#\/schema\/person\/3221b250518e74ac52c442d1c1236aaa"},"description":"Proteja flores e hortali\u00e7as de pulg\u00f5es, lesmas e fungos com m\u00e9todos ecol\u00f3gicos. Dicas simples mant\u00eam seu jardim saud\u00e1vel e livre de qu\u00edmicos","breadcrumb":{"@id":"https:\/\/www.correiobraziliense.com.br\/cbradar\/7-pragas-comuns-no-jardim-e-como-elimina-las-sem-veneno\/#breadcrumb"},"inLanguage":"pt-BR","potentialAction":[{"@type":"ReadAction","target":["https:\/\/www.correiobraziliense.com.br\/cbradar\/7-pragas-comuns-no-jardim-e-como-elimina-las-sem-veneno\/"]}]},{"@type":"ImageObject","inLanguage":"pt-BR","@id":"https:\/\/www.correiobraziliense.com.br\/cbradar\/7-pragas-comuns-no-jardim-e-como-elimina-las-sem-veneno\/#primaryimage","url":"https:\/\/www.correiobraziliense.com.br\/cbradar\/wp-content\/uploads\/2026\/03\/pragas-comuns-no-jardim.png","contentUrl":"https:\/\/www.correiobraziliense.com.br\/cbradar\/wp-content\/uploads\/2026\/03\/pragas-comuns-no-jardim.png","width":1280,"height":721,"caption":"Controle natural de pragas: mantenha seu jardim saud\u00e1vel"},{"@type":"BreadcrumbList","@id":"https:\/\/www.correiobraziliense.com.br\/cbradar\/7-pragas-comuns-no-jardim-e-como-elimina-las-sem-veneno\/#breadcrumb","itemListElement":[{"@type":"ListItem","position":1,"name":"In\u00edcio","item":"https:\/\/www.correiobraziliense.com.br\/cbradar\/"},{"@type":"ListItem","position":2,"name":"7 pragas comuns no jardim e como elimin\u00e1-las sem veneno"}]},{"@type":"WebSite","@id":"https:\/\/www.correiobraziliense.com.br\/cbradar\/#website","url":"https:\/\/www.correiobraziliense.com.br\/cbradar\/","name":"Correio Braziliense - Radar","description":"Acompanhe as \u00faltimas not\u00edcias e fique bem informado sobre tudo o que acontece no Brasil e no mundo.","potentialAction":[{"@type":"SearchAction","target":{"@type":"EntryPoint","urlTemplate":"https:\/\/www.correiobraziliense.com.br\/cbradar\/?s={search_term_string}"},"query-input":{"@type":"PropertyValueSpecification","valueRequired":true,"valueName":"search_term_string"}}],"inLanguage":"pt-BR"},{"@type":"Person","@id":"https:\/\/www.correiobraziliense.com.br\/cbradar\/#\/schema\/person\/3221b250518e74ac52c442d1c1236aaa","name":"Nicolas Otto","image":{"@type":"ImageObject","inLanguage":"pt-BR","@id":"https:\/\/www.correiobraziliense.com.br\/cbradar\/#\/schema\/person\/image\/","url":"https:\/\/secure.gravatar.com\/avatar\/05925f730d72f0ea0df144f236adfb18?s=96&d=mm&r=g","contentUrl":"https:\/\/secure.gravatar.com\/avatar\/05925f730d72f0ea0df144f236adfb18?s=96&d=mm&r=g","caption":"Nicolas Otto"},"sameAs":["https:\/\/www.correiobraziliense.com.br\/cbradar\/"],"url":"https:\/\/www.correiobraziliense.com.br\/cbradar\/author\/nicolas-otto\/"}]}},"_links":{"self":[{"href":"https:\/\/www.correiobraziliense.com.br\/cbradar\/wp-json\/wp\/v2\/posts\/202648","targetHints":{"allow":["GET"]}}],"collection":[{"href":"https:\/\/www.correiobraziliense.com.br\/cbradar\/wp-json\/wp\/v2\/posts"}],"about":[{"href":"https:\/\/www.correiobraziliense.com.br\/cbradar\/wp-json\/wp\/v2\/types\/post"}],"author":[{"embeddable":true,"href":"https:\/\/www.correiobraziliense.com.br\/cbradar\/wp-json\/wp\/v2\/users\/23"}],"replies":[{"embeddable":true,"href":"https:\/\/www.correiobraziliense.com.br\/cbradar\/wp-json\/wp\/v2\/comments?post=202648"}],"version-history":[{"count":2,"href":"https:\/\/www.correiobraziliense.com.br\/cbradar\/wp-json\/wp\/v2\/posts\/202648\/revisions"}],"predecessor-version":[{"id":204219,"href":"https:\/\/www.correiobraziliense.com.br\/cbradar\/wp-json\/wp\/v2\/posts\/202648\/revisions\/204219"}],"wp:featuredmedia":[{"embeddable":true,"href":"https:\/\/www.correiobraziliense.com.br\/cbradar\/wp-json\/wp\/v2\/media\/202649"}],"wp:attachment":[{"href":"https:\/\/www.correiobraziliense.com.br\/cbradar\/wp-json\/wp\/v2\/media?parent=202648"}],"wp:term":[{"taxonomy":"category","embeddable":true,"href":"https:\/\/www.correiobraziliense.com.br\/cbradar\/wp-json\/wp\/v2\/categories?post=202648"},{"taxonomy":"post_tag","embeddable":true,"href":"https:\/\/www.correiobraziliense.com.br\/cbradar\/wp-json\/wp\/v2\/tags?post=202648"}],"curies":[{"name":"wp","href":"https:\/\/api.w.org\/{rel}","templated":true}]}}