{"id":202683,"date":"2026-03-04T09:35:00","date_gmt":"2026-03-04T12:35:00","guid":{"rendered":"https:\/\/www.correiobraziliense.com.br\/cbradar\/?p=202683"},"modified":"2026-03-03T20:07:25","modified_gmt":"2026-03-03T23:07:25","slug":"os-sintomas-mais-importantes-da-mpox-que-ajudam-a-reconhecer-a-infeccao-cedo","status":"publish","type":"post","link":"https:\/\/www.correiobraziliense.com.br\/cbradar\/os-sintomas-mais-importantes-da-mpox-que-ajudam-a-reconhecer-a-infeccao-cedo\/","title":{"rendered":"Os sintomas mais importantes da mpox que ajudam a reconhecer a infec\u00e7\u00e3o cedo"},"content":{"rendered":"\n<p>A var\u00edola dos macacos, tamb\u00e9m chamada de <strong>Mpox<\/strong>, \u00e9 uma doen\u00e7a viral que ganhou aten\u00e7\u00e3o significativa nos \u00faltimos anos. Embora sua origem esteja relacionada ao contato com animais silvestres, compreender o v\u00edrus e suas formas de transmiss\u00e3o \u00e9 fundamental para prevenir sua dissemina\u00e7\u00e3o e proteger a <a href=\"https:\/\/www.correiobraziliense.com.br\/cbradar\/manchas-vermelhas-na-pele-podem-indicar-problema-no-figado\/\" target=\"_blank\" rel=\"noreferrer noopener\">sa\u00fade <\/a>individual e coletiva.<\/p>\n\n\n\n<h2 class=\"wp-block-heading\">Quais s\u00e3o os principais sintomas da mpox?<\/h2>\n\n\n\n<p>A doen\u00e7a costuma come\u00e7ar com sintomas semelhantes aos de uma gripe forte, como febre, dor de cabe\u00e7a, cansa\u00e7o intenso e dores no corpo, progredindo para o aparecimento de les\u00f5es caracter\u00edsticas na pele. Em muitos casos, surgem tamb\u00e9m linfonodos inchados (\u00ednguas), o que ajuda na suspeita cl\u00ednica da infec\u00e7\u00e3o.<\/p>\n\n\n\n<p>O per\u00edodo de incuba\u00e7\u00e3o varia, em geral, de 5 a 21 dias. As les\u00f5es cut\u00e2neas passam por est\u00e1gios sucessivos (m\u00e1cula, p\u00e1pula, ves\u00edcula e p\u00fastula) antes de formarem crostas, e essa evolu\u00e7\u00e3o, associada \u00e0 febre inicial e ao incha\u00e7o dos g\u00e2nglios, \u00e9 um sinal importante para a identifica\u00e7\u00e3o precoce e o isolamento do paciente.<\/p>\n\n\n\n<h2 class=\"wp-block-heading\">Como adotar medidas para prevenir a propaga\u00e7\u00e3o do v\u00edrus?<\/h2>\n\n\n\n<p>A preven\u00e7\u00e3o eficaz da var\u00edola dos macacos exige higiene rigorosa, aten\u00e7\u00e3o ao contato pr\u00f3ximo e cuidado especial em ambientes com maior risco de exposi\u00e7\u00e3o. Desinfetantes dom\u00e9sticos comuns, \u00e1lcool 70% e a lavagem frequente das m\u00e3os com \u00e1gua e sab\u00e3o s\u00e3o considerados eficazes na elimina\u00e7\u00e3o do v\u00edrus em superf\u00edcies e na pele.<\/p>\n\n\n\n<p>Algumas medidas pr\u00e1ticas do dia a dia podem reduzir de forma significativa o risco de transmiss\u00e3o, especialmente em per\u00edodos de alta circula\u00e7\u00e3o viral ou em contato com pessoas com erup\u00e7\u00f5es cut\u00e2neas suspeitas:<\/p>\n\n\n\n\n<style>\n  .make-wrap{\n    max-width: 760px;\n    margin: 26px auto;\n    padding: 18px;\n    border-radius: 18px;\n    background: linear-gradient(135deg,#fff7fb 0%,#f6f2ff 100%);\n    border: 1px solid #f7d4ea;\n    box-shadow: 0 8px 20px rgba(236,72,153,.12);\n    font-family: system-ui, -apple-system, Segoe UI, Roboto, Helvetica, Arial, sans-serif;\n  }\n\n  .make-title{\n    display:flex; \n    align-items:center; \n    gap:10px;\n    margin:0 0 12px 4px;\n    font-size:1.2rem; \n    font-weight:900; \n    color:#9d174d;\n  }\n\n  .make-table{\n    width:100%;\n    border-collapse:separate;\n    border-spacing:0;\n    overflow:hidden;\n    border-radius:16px;\n    border:1px solid #f7d4ea;\n    background:#fff;\n    font-size:.92rem;\n  }\n\n  .make-table thead th{\n    background:linear-gradient(90deg,#fde7f3 0%,#f8e9ff 100%);\n    padding:12px;\n    color:#7a1e63;\n    font-weight:800;\n    text-align:left;\n    border-bottom:1px solid #f7d4ea;\n  }\n\n  .make-table tbody td{\n    padding:12px;\n    color:#374151;\n    vertical-align:top;\n    border-bottom:1px dashed #f7d4ea;\n  }\n\n  .make-table tbody tr:nth-child(odd){\n    background:#fffaff;\n  }\n\n  .price{\n    display:inline-flex;\n    align-items:center;\n    background:#fff7ed;\n    color:#b45309;\n    padding:6px 10px;\n    border-radius:10px;\n    border:1px solid #fed7aa;\n    font-weight:700;\n    white-space:nowrap;\n  }\n\n  .badge{\n    display:inline-block;\n    background:#fde7f3;\n    color:#c026d3;\n    border:1px solid #fecdd3;\n    padding:4px 10px;\n    border-radius:999px;\n    font-weight:700;\n    font-size:.78rem;\n  }\n\n  @media (max-width:720px){\n    .make-table thead{display:none}\n    .make-table, .make-table tbody, .make-table tr, .make-table td{\n      display:block; \n      width:100%;\n    }\n    .make-table tr{\n      margin-bottom:12px;\n      border:1px solid #f7d4ea;\n      border-radius:14px;\n      overflow:hidden;\n      background:#fff;\n    }\n    .make-table td[data-label]:before{\n      content:attr(data-label);\n      display:block;\n      font-weight:800;\n      color:#7a1e63;\n      margin-bottom:4px;\n    }\n    .make-table tbody td:last-child{border-bottom:none}\n  }\n<\/style>\n\n<div class=\"make-wrap\">\n  <h3 class=\"make-title\">\ud83e\uddfc\ud83d\udee1\ufe0f Medidas Simples para Prevenir Infec\u00e7\u00f5es<\/h3>\n\n  <table class=\"make-table\">\n    <thead>\n      <tr>\n        <th>Medida preventiva<\/th>\n        <th>Como aplicar no dia a dia<\/th>\n      <\/tr>\n    <\/thead>\n    <tbody>\n      <tr>\n        <td data-label=\"Medida preventiva\">Higiene pessoal<\/td>\n        <td data-label=\"Como aplicar no dia a dia\">Lavar as m\u00e3os regularmente com \u00e1gua e sab\u00e3o ou usar \u00e1lcool em gel.<\/td>\n      <\/tr>\n      <tr>\n        <td data-label=\"Medida preventiva\">Uso de m\u00e1scaras<\/td>\n        <td data-label=\"Como aplicar no dia a dia\">Em locais fechados ou com aglomera\u00e7\u00e3o, o uso de m\u00e1scaras reduz got\u00edculas respirat\u00f3rias potencialmente infectantes.<\/td>\n      <\/tr>\n      <tr>\n        <td data-label=\"Medida preventiva\">Desinfec\u00e7\u00e3o de superf\u00edcies<\/td>\n        <td data-label=\"Como aplicar no dia a dia\">Limpar mesas, ma\u00e7anetas, banheiros e objetos compartilhados com desinfetantes adequados.<\/td>\n      <\/tr>\n      <tr>\n        <td data-label=\"Medida preventiva\">Evitar contato pr\u00f3ximo<\/td>\n        <td data-label=\"Como aplicar no dia a dia\">Limitar o contato pele a pele e o compartilhamento de toalhas, roupas de cama e objetos pessoais com pessoas doentes.<\/td>\n      <\/tr>\n    <\/tbody>\n  <\/table>\n\n  <p style=\"margin-top:14px; color:#6b7280; font-size:.9rem;\">\n    \ud83d\udca1 <strong>Dica:<\/strong> Pequenas atitudes de higiene e preven\u00e7\u00e3o ajudam a reduzir significativamente o risco de transmiss\u00e3o de diversas infec\u00e7\u00f5es.\n  <\/p>\n<\/div>\n\n\n\n\n\n<h2 class=\"wp-block-heading\">Quem deve considerar a vacina\u00e7\u00e3o contra a mpox?<\/h2>\n\n\n\n<p>A vacina\u00e7\u00e3o \u00e9 uma medida de controle indicada principalmente para pessoas com maior risco de exposi\u00e7\u00e3o, como profissionais de sa\u00fade, contatos pr\u00f3ximos de casos confirmados e grupos vulner\u00e1veis a complica\u00e7\u00f5es graves. A vacina contra a var\u00edola humana, utilizada em campanhas espec\u00edficas, oferece prote\u00e7\u00e3o cruzada contra a mpox.<\/p>\n\n\n\n<p>De acordo com estudos cl\u00ednicos e diretrizes de sa\u00fade p\u00fablica, a vacina\u00e7\u00e3o pode ser decisiva para conter surtos localizados, reduzindo a chance de infec\u00e7\u00e3o e a gravidade dos casos. Essa estrat\u00e9gia ajuda a proteger n\u00e3o apenas indiv\u00edduos diretamente expostos, mas tamb\u00e9m a limitar a transmiss\u00e3o em comunidades com maior circula\u00e7\u00e3o do v\u00edrus.<\/p>\n\n\n<div class=\"wp-block-image\">\n<figure class=\"aligncenter size-large\"><img decoding=\"async\" width=\"1024\" height=\"576\" src=\"https:\/\/www.correiobraziliense.com.br\/cbradar\/wp-content\/uploads\/2026\/03\/mpox_1772579129771-1024x576.jpg\" alt=\"\" class=\"wp-image-202685\" srcset=\"https:\/\/www.correiobraziliense.com.br\/cbradar\/wp-content\/uploads\/2026\/03\/mpox_1772579129771-1024x576.jpg 1024w, https:\/\/www.correiobraziliense.com.br\/cbradar\/wp-content\/uploads\/2026\/03\/mpox_1772579129771-300x169.jpg 300w, https:\/\/www.correiobraziliense.com.br\/cbradar\/wp-content\/uploads\/2026\/03\/mpox_1772579129771-768x432.jpg 768w, https:\/\/www.correiobraziliense.com.br\/cbradar\/wp-content\/uploads\/2026\/03\/mpox_1772579129771-750x422.jpg 750w, https:\/\/www.correiobraziliense.com.br\/cbradar\/wp-content\/uploads\/2026\/03\/mpox_1772579129771-1140x641.jpg 1140w, https:\/\/www.correiobraziliense.com.br\/cbradar\/wp-content\/uploads\/2026\/03\/mpox_1772579129771.jpg 1280w\" sizes=\"(max-width: 1024px) 100vw, 1024px\" \/><figcaption class=\"wp-element-caption\">Mpox pode causar febre e les\u00f5es na pele e entender os sinais ajuda na preven\u00e7\u00e3o &#8211; Cr\u00e9ditos: depositphotos.com \/ Fokussiert<\/figcaption><\/figure><\/div>\n\n\n<h2 class=\"wp-block-heading\">Quais medidas adotar em caso de suspeita de mpox?<\/h2>\n\n\n\n<p>Diante de sintomas suspeitos ou ap\u00f3s contato pr\u00f3ximo com um caso confirmado, \u00e9 fundamental buscar assist\u00eancia m\u00e9dica o mais r\u00e1pido poss\u00edvel. A automedica\u00e7\u00e3o pode mascarar sinais importantes, atrasar o diagn\u00f3stico adequado e dificultar o acompanhamento correto da evolu\u00e7\u00e3o do quadro cl\u00ednico.<\/p>\n\n\n\n<p>Monitorar a pr\u00f3pria sa\u00fade e a das pessoas que convivem no mesmo ambiente ajuda a identificar precocemente sinais de alerta. O acompanhamento por profissionais de sa\u00fade possibilita exames espec\u00edficos, orienta\u00e7\u00f5es sobre isolamento, tratamento de suporte e medidas para reduzir a propaga\u00e7\u00e3o da doen\u00e7a na comunidade.<\/p>\n\n\n<a href=\"https:\/\/www.instagram.com\/dra.annaluisabf\/\" target=\"_blank\" rel=\"noopener\" style=\"text-decoration: none; color: inherit;\">\n    <span style=\"display: inline-block; border: 1px solid #ccc; border-radius: 10px; padding: 15px; max-width: 550px; font-family: sans-serif; box-shadow: 0 2px 5px rgba(0,0,0,0.1); width: 100%;\">\n\n      <!-- T\u00edtulo -->\n      <span style=\"display: block; margin: 0 0 15px 0; font-weight: bold; color: #2c3e50; text-align: center;\">\n        Entre em contato:\n      <\/span>\n\n      <!-- Linha do perfil -->\n      <span style=\"display: flex; align-items: center; gap: 15px;\">\n        <img decoding=\"async\"\n          src=\"https:\/\/www.correiobraziliense.com.br\/cbradar\/wp-content\/uploads\/2025\/08\/dra_anna_luisa.jpeg\"\n          alt=\"Foto da Dra. Anna Lu\u00edsa\"\n          style=\"border-radius: 50%; width: 80px; height: 80px; object-fit: cover;\"\n        \/>\n        <span style=\"display: flex; flex-direction: column;\">\n          <span style=\"font-size: 18px; font-weight: 700; color: #2c3e50;\">Dra. Anna Lu\u00edsa Barbosa Fernandes<\/span>\n          <span style=\"color: #555;\">CRM-GO 33.271<\/span>\n        <\/span>\n      <\/span>\n\n      <!-- Redes -->\n      <span style=\"display: flex; align-items: center; gap: 10px; margin-top: 12px;\">\n        <img decoding=\"async\" src=\"https:\/\/cdn-icons-png.flaticon.com\/24\/1384\/1384063.png\" alt=\"Instagram\" width=\"24\" height=\"24\" \/>\n        <span style=\"text-decoration: underline; color: #2c3e50;\">@dra.annaluisabf<\/span>\n      <\/span>\n\n    <\/span>\n  <\/a>","protected":false},"excerpt":{"rendered":"<p>A var\u00edola dos macacos, tamb\u00e9m chamada de Mpox, \u00e9 uma doen\u00e7a viral que ganhou aten\u00e7\u00e3o significativa nos \u00faltimos anos. Embora sua origem esteja relacionada ao contato com animais silvestres, compreender o v\u00edrus e suas formas de transmiss\u00e3o \u00e9 fundamental para prevenir sua dissemina\u00e7\u00e3o e proteger a sa\u00fade individual e coletiva. Quais s\u00e3o os principais sintomas [&hellip;]<\/p>\n","protected":false},"author":14,"featured_media":202684,"comment_status":"open","ping_status":"open","sticky":false,"template":"","format":"standard","meta":{"_yoast_wpseo_focuskw":"Mpox","_yoast_wpseo_title":"","_yoast_wpseo_metadesc":"Mpox pode come\u00e7ar com sintomas parecidos com gripe e evoluir com les\u00f5es na pele. Entenda transmiss\u00e3o, sinais e formas de preven\u00e7\u00e3o.","jnews-multi-image_gallery":[],"jnews_single_post":{"format":"standard"},"jnews_primary_category":[],"jnews_social_meta":[],"jnews_override_counter":[],"footnotes":""},"categories":[4404],"post_tag":[120,247,1318],"class_list":["post-202683","post","type-post","status-publish","format-standard","has-post-thumbnail","hentry","category-saude","tag-bem-estar","tag-qualidade-de-vida","tag-saude-2"],"yoast_head":"<!-- This site is optimized with the Yoast SEO plugin v24.6 - https:\/\/yoast.com\/wordpress\/plugins\/seo\/ -->\n<title>Os sintomas mais importantes da mpox que ajudam a reconhecer a infec\u00e7\u00e3o cedo - Correio Braziliense - Radar<\/title>\n<meta name=\"description\" content=\"Mpox pode come\u00e7ar com sintomas parecidos com gripe e evoluir com les\u00f5es na pele. Entenda transmiss\u00e3o, sinais e formas de preven\u00e7\u00e3o.\" \/>\n<meta name=\"robots\" content=\"index, follow, max-snippet:-1, max-image-preview:large, max-video-preview:-1\" \/>\n<link rel=\"canonical\" href=\"https:\/\/www.correiobraziliense.com.br\/cbradar\/os-sintomas-mais-importantes-da-mpox-que-ajudam-a-reconhecer-a-infeccao-cedo\/\" \/>\n<meta property=\"og:locale\" content=\"pt_BR\" \/>\n<meta property=\"og:type\" content=\"article\" \/>\n<meta property=\"og:title\" content=\"Os sintomas mais importantes da mpox que ajudam a reconhecer a infec\u00e7\u00e3o cedo - Correio Braziliense - Radar\" \/>\n<meta property=\"og:description\" content=\"Mpox pode come\u00e7ar com sintomas parecidos com gripe e evoluir com les\u00f5es na pele. Entenda transmiss\u00e3o, sinais e formas de preven\u00e7\u00e3o.\" \/>\n<meta property=\"og:url\" content=\"https:\/\/www.correiobraziliense.com.br\/cbradar\/os-sintomas-mais-importantes-da-mpox-que-ajudam-a-reconhecer-a-infeccao-cedo\/\" \/>\n<meta property=\"og:site_name\" content=\"Correio Braziliense - Radar\" \/>\n<meta property=\"article:published_time\" content=\"2026-03-04T12:35:00+00:00\" \/>\n<meta property=\"og:image\" content=\"https:\/\/www.correiobraziliense.com.br\/cbradar\/wp-content\/uploads\/2026\/03\/mpox_1772579109423.jpg\" \/>\n\t<meta property=\"og:image:width\" content=\"1280\" \/>\n\t<meta property=\"og:image:height\" content=\"720\" \/>\n\t<meta property=\"og:image:type\" content=\"image\/jpeg\" \/>\n<meta name=\"author\" content=\"guilherme_saude\" \/>\n<meta name=\"twitter:card\" content=\"summary_large_image\" \/>\n<meta name=\"twitter:label1\" content=\"Escrito por\" \/>\n\t<meta name=\"twitter:data1\" content=\"guilherme_saude\" \/>\n\t<meta name=\"twitter:label2\" content=\"Est. tempo de leitura\" \/>\n\t<meta name=\"twitter:data2\" content=\"5 minutos\" \/>\n<!-- \/ Yoast SEO plugin. -->","yoast_head_json":{"title":"Os sintomas mais importantes da mpox que ajudam a reconhecer a infec\u00e7\u00e3o cedo - Correio Braziliense - Radar","description":"Mpox pode come\u00e7ar com sintomas parecidos com gripe e evoluir com les\u00f5es na pele. Entenda transmiss\u00e3o, sinais e formas de preven\u00e7\u00e3o.","robots":{"index":"index","follow":"follow","max-snippet":"max-snippet:-1","max-image-preview":"max-image-preview:large","max-video-preview":"max-video-preview:-1"},"canonical":"https:\/\/www.correiobraziliense.com.br\/cbradar\/os-sintomas-mais-importantes-da-mpox-que-ajudam-a-reconhecer-a-infeccao-cedo\/","og_locale":"pt_BR","og_type":"article","og_title":"Os sintomas mais importantes da mpox que ajudam a reconhecer a infec\u00e7\u00e3o cedo - Correio Braziliense - Radar","og_description":"Mpox pode come\u00e7ar com sintomas parecidos com gripe e evoluir com les\u00f5es na pele. Entenda transmiss\u00e3o, sinais e formas de preven\u00e7\u00e3o.","og_url":"https:\/\/www.correiobraziliense.com.br\/cbradar\/os-sintomas-mais-importantes-da-mpox-que-ajudam-a-reconhecer-a-infeccao-cedo\/","og_site_name":"Correio Braziliense - Radar","article_published_time":"2026-03-04T12:35:00+00:00","og_image":[{"width":1280,"height":720,"url":"https:\/\/www.correiobraziliense.com.br\/cbradar\/wp-content\/uploads\/2026\/03\/mpox_1772579109423.jpg","type":"image\/jpeg"}],"author":"guilherme_saude","twitter_card":"summary_large_image","twitter_misc":{"Escrito por":"guilherme_saude","Est. tempo de leitura":"5 minutos"},"schema":{"@context":"https:\/\/schema.org","@graph":[{"@type":"WebPage","@id":"https:\/\/www.correiobraziliense.com.br\/cbradar\/os-sintomas-mais-importantes-da-mpox-que-ajudam-a-reconhecer-a-infeccao-cedo\/","url":"https:\/\/www.correiobraziliense.com.br\/cbradar\/os-sintomas-mais-importantes-da-mpox-que-ajudam-a-reconhecer-a-infeccao-cedo\/","name":"Os sintomas mais importantes da mpox que ajudam a reconhecer a infec\u00e7\u00e3o cedo - Correio Braziliense - Radar","isPartOf":{"@id":"https:\/\/www.correiobraziliense.com.br\/cbradar\/#website"},"primaryImageOfPage":{"@id":"https:\/\/www.correiobraziliense.com.br\/cbradar\/os-sintomas-mais-importantes-da-mpox-que-ajudam-a-reconhecer-a-infeccao-cedo\/#primaryimage"},"image":{"@id":"https:\/\/www.correiobraziliense.com.br\/cbradar\/os-sintomas-mais-importantes-da-mpox-que-ajudam-a-reconhecer-a-infeccao-cedo\/#primaryimage"},"thumbnailUrl":"https:\/\/www.correiobraziliense.com.br\/cbradar\/wp-content\/uploads\/2026\/03\/mpox_1772579109423.jpg","datePublished":"2026-03-04T12:35:00+00:00","author":{"@id":"https:\/\/www.correiobraziliense.com.br\/cbradar\/#\/schema\/person\/5aa4bf3c8fa699c267933611de12978b"},"description":"Mpox pode come\u00e7ar com sintomas parecidos com gripe e evoluir com les\u00f5es na pele. Entenda transmiss\u00e3o, sinais e formas de preven\u00e7\u00e3o.","breadcrumb":{"@id":"https:\/\/www.correiobraziliense.com.br\/cbradar\/os-sintomas-mais-importantes-da-mpox-que-ajudam-a-reconhecer-a-infeccao-cedo\/#breadcrumb"},"inLanguage":"pt-BR","potentialAction":[{"@type":"ReadAction","target":["https:\/\/www.correiobraziliense.com.br\/cbradar\/os-sintomas-mais-importantes-da-mpox-que-ajudam-a-reconhecer-a-infeccao-cedo\/"]}]},{"@type":"ImageObject","inLanguage":"pt-BR","@id":"https:\/\/www.correiobraziliense.com.br\/cbradar\/os-sintomas-mais-importantes-da-mpox-que-ajudam-a-reconhecer-a-infeccao-cedo\/#primaryimage","url":"https:\/\/www.correiobraziliense.com.br\/cbradar\/wp-content\/uploads\/2026\/03\/mpox_1772579109423.jpg","contentUrl":"https:\/\/www.correiobraziliense.com.br\/cbradar\/wp-content\/uploads\/2026\/03\/mpox_1772579109423.jpg","width":1280,"height":720,"caption":"O alerta sobre mpox que explica transmiss\u00e3o e sinais da doen\u00e7a - Cr\u00e9ditos: depositphotos.com \/ yalcinsonat1"},{"@type":"BreadcrumbList","@id":"https:\/\/www.correiobraziliense.com.br\/cbradar\/os-sintomas-mais-importantes-da-mpox-que-ajudam-a-reconhecer-a-infeccao-cedo\/#breadcrumb","itemListElement":[{"@type":"ListItem","position":1,"name":"In\u00edcio","item":"https:\/\/www.correiobraziliense.com.br\/cbradar\/"},{"@type":"ListItem","position":2,"name":"Os sintomas mais importantes da mpox que ajudam a reconhecer a infec\u00e7\u00e3o cedo"}]},{"@type":"WebSite","@id":"https:\/\/www.correiobraziliense.com.br\/cbradar\/#website","url":"https:\/\/www.correiobraziliense.com.br\/cbradar\/","name":"Correio Braziliense - Radar","description":"Acompanhe as \u00faltimas not\u00edcias e fique bem informado sobre tudo o que acontece no Brasil e no mundo.","potentialAction":[{"@type":"SearchAction","target":{"@type":"EntryPoint","urlTemplate":"https:\/\/www.correiobraziliense.com.br\/cbradar\/?s={search_term_string}"},"query-input":{"@type":"PropertyValueSpecification","valueRequired":true,"valueName":"search_term_string"}}],"inLanguage":"pt-BR"},{"@type":"Person","@id":"https:\/\/www.correiobraziliense.com.br\/cbradar\/#\/schema\/person\/5aa4bf3c8fa699c267933611de12978b","name":"guilherme_saude","image":{"@type":"ImageObject","inLanguage":"pt-BR","@id":"https:\/\/www.correiobraziliense.com.br\/cbradar\/#\/schema\/person\/image\/","url":"https:\/\/secure.gravatar.com\/avatar\/df9adfb835d344bc0af109d41756253f?s=96&d=mm&r=g","contentUrl":"https:\/\/secure.gravatar.com\/avatar\/df9adfb835d344bc0af109d41756253f?s=96&d=mm&r=g","caption":"guilherme_saude"},"url":"https:\/\/www.correiobraziliense.com.br\/cbradar\/author\/guilherme_saude\/"}]}},"_links":{"self":[{"href":"https:\/\/www.correiobraziliense.com.br\/cbradar\/wp-json\/wp\/v2\/posts\/202683","targetHints":{"allow":["GET"]}}],"collection":[{"href":"https:\/\/www.correiobraziliense.com.br\/cbradar\/wp-json\/wp\/v2\/posts"}],"about":[{"href":"https:\/\/www.correiobraziliense.com.br\/cbradar\/wp-json\/wp\/v2\/types\/post"}],"author":[{"embeddable":true,"href":"https:\/\/www.correiobraziliense.com.br\/cbradar\/wp-json\/wp\/v2\/users\/14"}],"replies":[{"embeddable":true,"href":"https:\/\/www.correiobraziliense.com.br\/cbradar\/wp-json\/wp\/v2\/comments?post=202683"}],"version-history":[{"count":2,"href":"https:\/\/www.correiobraziliense.com.br\/cbradar\/wp-json\/wp\/v2\/posts\/202683\/revisions"}],"predecessor-version":[{"id":202687,"href":"https:\/\/www.correiobraziliense.com.br\/cbradar\/wp-json\/wp\/v2\/posts\/202683\/revisions\/202687"}],"wp:featuredmedia":[{"embeddable":true,"href":"https:\/\/www.correiobraziliense.com.br\/cbradar\/wp-json\/wp\/v2\/media\/202684"}],"wp:attachment":[{"href":"https:\/\/www.correiobraziliense.com.br\/cbradar\/wp-json\/wp\/v2\/media?parent=202683"}],"wp:term":[{"taxonomy":"category","embeddable":true,"href":"https:\/\/www.correiobraziliense.com.br\/cbradar\/wp-json\/wp\/v2\/categories?post=202683"},{"taxonomy":"post_tag","embeddable":true,"href":"https:\/\/www.correiobraziliense.com.br\/cbradar\/wp-json\/wp\/v2\/post_tag?post=202683"}],"curies":[{"name":"wp","href":"https:\/\/api.w.org\/{rel}","templated":true}]}}