{"id":202693,"date":"2026-03-04T15:55:00","date_gmt":"2026-03-04T18:55:00","guid":{"rendered":"https:\/\/www.correiobraziliense.com.br\/cbradar\/?p=202693"},"modified":"2026-03-03T21:33:29","modified_gmt":"2026-03-04T00:33:29","slug":"a-tecnica-mais-eficaz-para-reduzir-estresse-e-recuperar-equilibrio-emocional","status":"publish","type":"post","link":"https:\/\/www.correiobraziliense.com.br\/cbradar\/a-tecnica-mais-eficaz-para-reduzir-estresse-e-recuperar-equilibrio-emocional\/","title":{"rendered":"A t\u00e9cnica mais eficaz para reduzir estresse e recuperar equil\u00edbrio emocional"},"content":{"rendered":"\n<p>O <strong>Estresse<\/strong>, um companheiro frequente no mundo moderno, desafia muitos a encontrar maneiras eficazes de lidar com as demandas di\u00e1rias. A t\u00e9cnica dos 4 As, desenvolvida e difundida por institui\u00e7\u00f5es como a Cl\u00ednica Mayo, baseia-se em quatro princ\u00edpios fundamentais \u2014 evitar, alterar, aceitar e adaptar \u2014 e oferece um m\u00e9todo pr\u00e1tico e flex\u00edvel que pode ser integrado facilmente \u00e0 rotina.<\/p>\n\n\n\n<h2 class=\"wp-block-heading\">Como funciona a avalia\u00e7\u00e3o e a escolha da melhor resposta ao estresse?<\/h2>\n\n\n\n<p>A chave para o uso eficaz dos 4 As est\u00e1 em avaliar cada situa\u00e7\u00e3o e escolher a abordagem mais adequada. Nem todo fator de estresse exige a mesma resposta, e reconhecer isso ajuda a evitar rea\u00e7\u00f5es autom\u00e1ticas e desgastantes.<\/p>\n\n\n\n<p>Enquanto algumas situa\u00e7\u00f5es podem ser evitadas por completo, outras pedem adapta\u00e7\u00e3o ou aceita\u00e7\u00e3o. Esse discernimento permite usar melhor a energia <a href=\"https:\/\/www.correiobraziliense.com.br\/cbradar\/manchas-vermelhas-na-pele-podem-indicar-problema-no-figado\/\" target=\"_blank\" rel=\"noreferrer noopener\">emocional<\/a>, focando no que realmente pode ser mudado.<\/p>\n\n\n\n<p>Para compreender melhor o <strong>Transtorno de Ansiedade Generalizada<\/strong> e sua rela\u00e7\u00e3o com o estresse, assista ao v\u00eddeo a seguir, no qual o <strong>Dr. Marco Abud<\/strong> explica o assunto de forma clara e did\u00e1tica no canal <strong>Sa\u00fade da Mente<\/strong>.<\/p>\n\n\n\n<iframe loading=\"lazy\" width=\"1396\" height=\"785\" src=\"https:\/\/www.youtube.com\/embed\/JNjbzZu_Zu4\" title=\"Transtorno De Ansiedade Generalizada e Estresse: 4 sinais Para o Diagn\u00f3stico\" frameborder=\"0\" allow=\"accelerometer; autoplay; clipboard-write; encrypted-media; gyroscope; picture-in-picture; web-share\" referrerpolicy=\"strict-origin-when-cross-origin\" allowfullscreen><\/iframe>\n\n\n\n<h2 class=\"wp-block-heading\">Como aplicar o m\u00e9todo dos 4 As no dia a dia?<\/h2>\n\n\n\n<p>No cotidiano, as primeiras letras dos 4 As, evitar e alterar, oferecem formas proativas de gest\u00e3o do estresse. A ideia \u00e9 reduzir o contato com fontes previs\u00edveis de tens\u00e3o e transformar aquelas que s\u00e3o inevit\u00e1veis, ajustando rotinas e limites pessoais.<\/p>\n\n\n\n<ul class=\"wp-block-list\">\n<li>Aprender a dizer \u201cn\u00e3o\u201d a compromissos desnecess\u00e1rios.<\/li>\n\n\n\n<li>Reorganizar a agenda para reduzir sobrecarga e urg\u00eancias.<\/li>\n\n\n\n<li>Manter dist\u00e2ncia de gatilhos emocionais conhecidos.<\/li>\n\n\n\n<li>Reformular prioridades no trabalho e em casa.<\/li>\n<\/ul>\n\n\n\n<h2 class=\"wp-block-heading\">Qual \u00e9 o papel da aceita\u00e7\u00e3o e da adapta\u00e7\u00e3o no manejo do estresse?<\/h2>\n\n\n\n<p>Quando evitar ou alterar n\u00e3o \u00e9 poss\u00edvel, a aceita\u00e7\u00e3o e a adapta\u00e7\u00e3o tornam-se essenciais. Nesses cen\u00e1rios, o foco \u00e9 ajustar a resposta interna ao estresse, em vez de tentar controlar o que foge do alcance.<\/p>\n\n\n\n<p>Buscar apoio emocional e conversar com pessoas de confian\u00e7a pode aliviar parte da carga. Ressignificar problemas, abandonar ressentimentos e questionar a real import\u00e2ncia de uma situa\u00e7\u00e3o ajudam a ajustar expectativas e a entender que a perfei\u00e7\u00e3o raramente \u00e9 necess\u00e1ria.<\/p>\n\n\n\n<h2 class=\"wp-block-heading\">Qual \u00e9 a efic\u00e1cia comprovada das t\u00e9cnicas de manejo do estresse?<\/h2>\n\n\n\n<p>A t\u00e9cnica dos 4 As, entre outras estrat\u00e9gias, foi analisada em um estudo sistem\u00e1tico publicado em 2024 na revista Psychoneuroendocrinology. A pesquisa mostrou que interven\u00e7\u00f5es como medita\u00e7\u00e3o, relaxamento e treinamento de habilidades de enfrentamento reduzem os n\u00edveis de cortisol, horm\u00f4nio ligado ao estresse.<\/p>\n\n\n\n<p>Esses achados confirmam que pr\u00e1ticas de gerenciamento do estresse trazem benef\u00edcios reais e mensur\u00e1veis para o equil\u00edbrio hormonal e o bem-estar geral. Quando aplicadas com regularidade, podem complementar tratamentos m\u00e9dicos e psicol\u00f3gicos tradicionais.<\/p>\n\n\n\n<figure class=\"wp-block-image size-large\"><img decoding=\"async\" width=\"1024\" height=\"576\" src=\"https:\/\/www.correiobraziliense.com.br\/cbradar\/wp-content\/uploads\/2025\/05\/estresse_1748013821070-1024x576.jpg\" alt=\"\" class=\"wp-image-41794\" srcset=\"https:\/\/www.correiobraziliense.com.br\/cbradar\/wp-content\/uploads\/2025\/05\/estresse_1748013821070-1024x576.jpg 1024w, https:\/\/www.correiobraziliense.com.br\/cbradar\/wp-content\/uploads\/2025\/05\/estresse_1748013821070-300x169.jpg 300w, https:\/\/www.correiobraziliense.com.br\/cbradar\/wp-content\/uploads\/2025\/05\/estresse_1748013821070-768x432.jpg 768w, https:\/\/www.correiobraziliense.com.br\/cbradar\/wp-content\/uploads\/2025\/05\/estresse_1748013821070-750x422.jpg 750w, https:\/\/www.correiobraziliense.com.br\/cbradar\/wp-content\/uploads\/2025\/05\/estresse_1748013821070-1140x641.jpg 1140w, https:\/\/www.correiobraziliense.com.br\/cbradar\/wp-content\/uploads\/2025\/05\/estresse_1748013821070.jpg 1280w\" sizes=\"(max-width: 1024px) 100vw, 1024px\" \/><figcaption class=\"wp-element-caption\">Como reduzir o estresse antes que vire um problema s\u00e9rio &#8211; Cr\u00e9ditos: depositphotos.com \/ IgorTishenko\n<\/figcaption><\/figure>\n\n\n\n<h2 class=\"wp-block-heading\">Quando \u00e9 recomendado procurar ajuda profissional para o estresse?<\/h2>\n\n\n\n<p>Embora o m\u00e9todo dos 4 As seja uma ferramenta valiosa para o estresse cotidiano, ele n\u00e3o substitui a assist\u00eancia profissional em casos de sintomas persistentes. Ins\u00f4nia, irritabilidade intensa, dificuldade de concentra\u00e7\u00e3o e sensa\u00e7\u00e3o de esgotamento podem indicar a necessidade de avalia\u00e7\u00e3o m\u00e9dica.<\/p>\n\n\n\n<p>Se o estresse come\u00e7ar a comprometer a qualidade de vida, interferindo no trabalho, nos estudos ou em relacionamentos pessoais, \u00e9 recomend\u00e1vel consultar um m\u00e9dico ou psic\u00f3logo. Apenas profissionais de sa\u00fade podem realizar uma avalia\u00e7\u00e3o completa e indicar o tratamento mais adequado para cada situa\u00e7\u00e3o individual.<\/p>\n\n\n<a href=\"https:\/\/www.instagram.com\/dra.annaluisabf\/\" target=\"_blank\" rel=\"noopener\" style=\"text-decoration: none; color: inherit;\">\n    <span style=\"display: inline-block; border: 1px solid #ccc; border-radius: 10px; padding: 15px; max-width: 550px; font-family: sans-serif; box-shadow: 0 2px 5px rgba(0,0,0,0.1); width: 100%;\">\n\n      <!-- T\u00edtulo -->\n      <span style=\"display: block; margin: 0 0 15px 0; font-weight: bold; color: #2c3e50; text-align: center;\">\n        Entre em contato:\n      <\/span>\n\n      <!-- Linha do perfil -->\n      <span style=\"display: flex; align-items: center; gap: 15px;\">\n        <img decoding=\"async\"\n          src=\"https:\/\/www.correiobraziliense.com.br\/cbradar\/wp-content\/uploads\/2025\/08\/dra_anna_luisa.jpeg\"\n          alt=\"Foto da Dra. Anna Lu\u00edsa\"\n          style=\"border-radius: 50%; width: 80px; height: 80px; object-fit: cover;\"\n        \/>\n        <span style=\"display: flex; flex-direction: column;\">\n          <span style=\"font-size: 18px; font-weight: 700; color: #2c3e50;\">Dra. Anna Lu\u00edsa Barbosa Fernandes<\/span>\n          <span style=\"color: #555;\">CRM-GO 33.271<\/span>\n        <\/span>\n      <\/span>\n\n      <!-- Redes -->\n      <span style=\"display: flex; align-items: center; gap: 10px; margin-top: 12px;\">\n        <img decoding=\"async\" src=\"https:\/\/cdn-icons-png.flaticon.com\/24\/1384\/1384063.png\" alt=\"Instagram\" width=\"24\" height=\"24\" \/>\n        <span style=\"text-decoration: underline; color: #2c3e50;\">@dra.annaluisabf<\/span>\n      <\/span>\n\n    <\/span>\n  <\/a>","protected":false},"excerpt":{"rendered":"<p>O Estresse, um companheiro frequente no mundo moderno, desafia muitos a encontrar maneiras eficazes de lidar com as demandas di\u00e1rias. A t\u00e9cnica dos 4 As, desenvolvida e difundida por institui\u00e7\u00f5es como a Cl\u00ednica Mayo, baseia-se em quatro princ\u00edpios fundamentais \u2014 evitar, alterar, aceitar e adaptar \u2014 e oferece um m\u00e9todo pr\u00e1tico e flex\u00edvel que pode [&hellip;]<\/p>\n","protected":false},"author":14,"featured_media":41793,"comment_status":"open","ping_status":"open","sticky":false,"template":"","format":"standard","meta":{"_yoast_wpseo_focuskw":"Estresse","_yoast_wpseo_title":"","_yoast_wpseo_metadesc":"Estresse pode afetar sono, foco e sa\u00fade mental. Conhe\u00e7a a t\u00e9cnica dos 4 As que ajuda a lidar melhor com as press\u00f5es di\u00e1rias.","jnews-multi-image_gallery":[],"jnews_single_post":{"format":"standard"},"jnews_primary_category":[],"jnews_social_meta":[],"jnews_override_counter":[],"footnotes":""},"categories":[4404],"post_tag":[120,247,1318],"class_list":["post-202693","post","type-post","status-publish","format-standard","has-post-thumbnail","hentry","category-saude","tag-bem-estar","tag-qualidade-de-vida","tag-saude-2"],"yoast_head":"<!-- This site is optimized with the Yoast SEO plugin v24.6 - https:\/\/yoast.com\/wordpress\/plugins\/seo\/ -->\n<title>A t\u00e9cnica mais eficaz para reduzir estresse e recuperar equil\u00edbrio emocional - Correio Braziliense - Radar<\/title>\n<meta name=\"description\" content=\"Estresse pode afetar sono, foco e sa\u00fade mental. Conhe\u00e7a a t\u00e9cnica dos 4 As que ajuda a lidar melhor com as press\u00f5es di\u00e1rias.\" \/>\n<meta name=\"robots\" content=\"index, follow, max-snippet:-1, max-image-preview:large, max-video-preview:-1\" \/>\n<link rel=\"canonical\" href=\"https:\/\/www.correiobraziliense.com.br\/cbradar\/a-tecnica-mais-eficaz-para-reduzir-estresse-e-recuperar-equilibrio-emocional\/\" \/>\n<meta property=\"og:locale\" content=\"pt_BR\" \/>\n<meta property=\"og:type\" content=\"article\" \/>\n<meta property=\"og:title\" content=\"A t\u00e9cnica mais eficaz para reduzir estresse e recuperar equil\u00edbrio emocional - Correio Braziliense - Radar\" \/>\n<meta property=\"og:description\" content=\"Estresse pode afetar sono, foco e sa\u00fade mental. Conhe\u00e7a a t\u00e9cnica dos 4 As que ajuda a lidar melhor com as press\u00f5es di\u00e1rias.\" \/>\n<meta property=\"og:url\" content=\"https:\/\/www.correiobraziliense.com.br\/cbradar\/a-tecnica-mais-eficaz-para-reduzir-estresse-e-recuperar-equilibrio-emocional\/\" \/>\n<meta property=\"og:site_name\" content=\"Correio Braziliense - Radar\" \/>\n<meta property=\"article:published_time\" content=\"2026-03-04T18:55:00+00:00\" \/>\n<meta property=\"og:image\" content=\"https:\/\/www.correiobraziliense.com.br\/cbradar\/wp-content\/uploads\/2025\/05\/estresse_1748013694319.jpg\" \/>\n\t<meta property=\"og:image:width\" content=\"1280\" \/>\n\t<meta property=\"og:image:height\" content=\"720\" \/>\n\t<meta property=\"og:image:type\" content=\"image\/jpeg\" \/>\n<meta name=\"author\" content=\"guilherme_saude\" \/>\n<meta name=\"twitter:card\" content=\"summary_large_image\" \/>\n<meta name=\"twitter:label1\" content=\"Escrito por\" \/>\n\t<meta name=\"twitter:data1\" content=\"guilherme_saude\" \/>\n\t<meta name=\"twitter:label2\" content=\"Est. tempo de leitura\" \/>\n\t<meta name=\"twitter:data2\" content=\"4 minutos\" \/>\n<!-- \/ Yoast SEO plugin. -->","yoast_head_json":{"title":"A t\u00e9cnica mais eficaz para reduzir estresse e recuperar equil\u00edbrio emocional - Correio Braziliense - Radar","description":"Estresse pode afetar sono, foco e sa\u00fade mental. Conhe\u00e7a a t\u00e9cnica dos 4 As que ajuda a lidar melhor com as press\u00f5es di\u00e1rias.","robots":{"index":"index","follow":"follow","max-snippet":"max-snippet:-1","max-image-preview":"max-image-preview:large","max-video-preview":"max-video-preview:-1"},"canonical":"https:\/\/www.correiobraziliense.com.br\/cbradar\/a-tecnica-mais-eficaz-para-reduzir-estresse-e-recuperar-equilibrio-emocional\/","og_locale":"pt_BR","og_type":"article","og_title":"A t\u00e9cnica mais eficaz para reduzir estresse e recuperar equil\u00edbrio emocional - Correio Braziliense - Radar","og_description":"Estresse pode afetar sono, foco e sa\u00fade mental. Conhe\u00e7a a t\u00e9cnica dos 4 As que ajuda a lidar melhor com as press\u00f5es di\u00e1rias.","og_url":"https:\/\/www.correiobraziliense.com.br\/cbradar\/a-tecnica-mais-eficaz-para-reduzir-estresse-e-recuperar-equilibrio-emocional\/","og_site_name":"Correio Braziliense - Radar","article_published_time":"2026-03-04T18:55:00+00:00","og_image":[{"width":1280,"height":720,"url":"https:\/\/www.correiobraziliense.com.br\/cbradar\/wp-content\/uploads\/2025\/05\/estresse_1748013694319.jpg","type":"image\/jpeg"}],"author":"guilherme_saude","twitter_card":"summary_large_image","twitter_misc":{"Escrito por":"guilherme_saude","Est. tempo de leitura":"4 minutos"},"schema":{"@context":"https:\/\/schema.org","@graph":[{"@type":"WebPage","@id":"https:\/\/www.correiobraziliense.com.br\/cbradar\/a-tecnica-mais-eficaz-para-reduzir-estresse-e-recuperar-equilibrio-emocional\/","url":"https:\/\/www.correiobraziliense.com.br\/cbradar\/a-tecnica-mais-eficaz-para-reduzir-estresse-e-recuperar-equilibrio-emocional\/","name":"A t\u00e9cnica mais eficaz para reduzir estresse e recuperar equil\u00edbrio emocional - Correio Braziliense - Radar","isPartOf":{"@id":"https:\/\/www.correiobraziliense.com.br\/cbradar\/#website"},"primaryImageOfPage":{"@id":"https:\/\/www.correiobraziliense.com.br\/cbradar\/a-tecnica-mais-eficaz-para-reduzir-estresse-e-recuperar-equilibrio-emocional\/#primaryimage"},"image":{"@id":"https:\/\/www.correiobraziliense.com.br\/cbradar\/a-tecnica-mais-eficaz-para-reduzir-estresse-e-recuperar-equilibrio-emocional\/#primaryimage"},"thumbnailUrl":"https:\/\/www.correiobraziliense.com.br\/cbradar\/wp-content\/uploads\/2025\/05\/estresse_1748013694319.jpg","datePublished":"2026-03-04T18:55:00+00:00","author":{"@id":"https:\/\/www.correiobraziliense.com.br\/cbradar\/#\/schema\/person\/5aa4bf3c8fa699c267933611de12978b"},"description":"Estresse pode afetar sono, foco e sa\u00fade mental. Conhe\u00e7a a t\u00e9cnica dos 4 As que ajuda a lidar melhor com as press\u00f5es di\u00e1rias.","breadcrumb":{"@id":"https:\/\/www.correiobraziliense.com.br\/cbradar\/a-tecnica-mais-eficaz-para-reduzir-estresse-e-recuperar-equilibrio-emocional\/#breadcrumb"},"inLanguage":"pt-BR","potentialAction":[{"@type":"ReadAction","target":["https:\/\/www.correiobraziliense.com.br\/cbradar\/a-tecnica-mais-eficaz-para-reduzir-estresse-e-recuperar-equilibrio-emocional\/"]}]},{"@type":"ImageObject","inLanguage":"pt-BR","@id":"https:\/\/www.correiobraziliense.com.br\/cbradar\/a-tecnica-mais-eficaz-para-reduzir-estresse-e-recuperar-equilibrio-emocional\/#primaryimage","url":"https:\/\/www.correiobraziliense.com.br\/cbradar\/wp-content\/uploads\/2025\/05\/estresse_1748013694319.jpg","contentUrl":"https:\/\/www.correiobraziliense.com.br\/cbradar\/wp-content\/uploads\/2025\/05\/estresse_1748013694319.jpg","width":1280,"height":720,"caption":"O que realmente ajuda a aliviar o estresse rapidamente - Cr\u00e9ditos: depositphotos.com \/ DenisDenisenko"},{"@type":"BreadcrumbList","@id":"https:\/\/www.correiobraziliense.com.br\/cbradar\/a-tecnica-mais-eficaz-para-reduzir-estresse-e-recuperar-equilibrio-emocional\/#breadcrumb","itemListElement":[{"@type":"ListItem","position":1,"name":"In\u00edcio","item":"https:\/\/www.correiobraziliense.com.br\/cbradar\/"},{"@type":"ListItem","position":2,"name":"A t\u00e9cnica mais eficaz para reduzir estresse e recuperar equil\u00edbrio emocional"}]},{"@type":"WebSite","@id":"https:\/\/www.correiobraziliense.com.br\/cbradar\/#website","url":"https:\/\/www.correiobraziliense.com.br\/cbradar\/","name":"Correio Braziliense - Radar","description":"Acompanhe as \u00faltimas not\u00edcias e fique bem informado sobre tudo o que acontece no Brasil e no mundo.","potentialAction":[{"@type":"SearchAction","target":{"@type":"EntryPoint","urlTemplate":"https:\/\/www.correiobraziliense.com.br\/cbradar\/?s={search_term_string}"},"query-input":{"@type":"PropertyValueSpecification","valueRequired":true,"valueName":"search_term_string"}}],"inLanguage":"pt-BR"},{"@type":"Person","@id":"https:\/\/www.correiobraziliense.com.br\/cbradar\/#\/schema\/person\/5aa4bf3c8fa699c267933611de12978b","name":"guilherme_saude","image":{"@type":"ImageObject","inLanguage":"pt-BR","@id":"https:\/\/www.correiobraziliense.com.br\/cbradar\/#\/schema\/person\/image\/","url":"https:\/\/secure.gravatar.com\/avatar\/df9adfb835d344bc0af109d41756253f?s=96&d=mm&r=g","contentUrl":"https:\/\/secure.gravatar.com\/avatar\/df9adfb835d344bc0af109d41756253f?s=96&d=mm&r=g","caption":"guilherme_saude"},"url":"https:\/\/www.correiobraziliense.com.br\/cbradar\/author\/guilherme_saude\/"}]}},"_links":{"self":[{"href":"https:\/\/www.correiobraziliense.com.br\/cbradar\/wp-json\/wp\/v2\/posts\/202693","targetHints":{"allow":["GET"]}}],"collection":[{"href":"https:\/\/www.correiobraziliense.com.br\/cbradar\/wp-json\/wp\/v2\/posts"}],"about":[{"href":"https:\/\/www.correiobraziliense.com.br\/cbradar\/wp-json\/wp\/v2\/types\/post"}],"author":[{"embeddable":true,"href":"https:\/\/www.correiobraziliense.com.br\/cbradar\/wp-json\/wp\/v2\/users\/14"}],"replies":[{"embeddable":true,"href":"https:\/\/www.correiobraziliense.com.br\/cbradar\/wp-json\/wp\/v2\/comments?post=202693"}],"version-history":[{"count":1,"href":"https:\/\/www.correiobraziliense.com.br\/cbradar\/wp-json\/wp\/v2\/posts\/202693\/revisions"}],"predecessor-version":[{"id":202694,"href":"https:\/\/www.correiobraziliense.com.br\/cbradar\/wp-json\/wp\/v2\/posts\/202693\/revisions\/202694"}],"wp:featuredmedia":[{"embeddable":true,"href":"https:\/\/www.correiobraziliense.com.br\/cbradar\/wp-json\/wp\/v2\/media\/41793"}],"wp:attachment":[{"href":"https:\/\/www.correiobraziliense.com.br\/cbradar\/wp-json\/wp\/v2\/media?parent=202693"}],"wp:term":[{"taxonomy":"category","embeddable":true,"href":"https:\/\/www.correiobraziliense.com.br\/cbradar\/wp-json\/wp\/v2\/categories?post=202693"},{"taxonomy":"post_tag","embeddable":true,"href":"https:\/\/www.correiobraziliense.com.br\/cbradar\/wp-json\/wp\/v2\/post_tag?post=202693"}],"curies":[{"name":"wp","href":"https:\/\/api.w.org\/{rel}","templated":true}]}}