{"id":202701,"date":"2026-03-04T18:25:00","date_gmt":"2026-03-04T21:25:00","guid":{"rendered":"https:\/\/www.correiobraziliense.com.br\/cbradar\/?p=202701"},"modified":"2026-03-03T22:23:39","modified_gmt":"2026-03-04T01:23:39","slug":"polilaminina-pode-fortalecer-conexoes-cerebrais-e-melhorar-memoria-e-foco","status":"publish","type":"post","link":"https:\/\/www.correiobraziliense.com.br\/cbradar\/polilaminina-pode-fortalecer-conexoes-cerebrais-e-melhorar-memoria-e-foco\/","title":{"rendered":"Polilaminina pode fortalecer conex\u00f5es cerebrais e melhorar mem\u00f3ria e foco"},"content":{"rendered":"\n<p>A preocupa\u00e7\u00e3o com a manuten\u00e7\u00e3o da sa\u00fade mental e cognitiva tem aumentado \u00e0 medida que o ritmo acelerado da vida moderna imp\u00f5e grandes exig\u00eancias ao c\u00e9rebro humano. Nesse contexto, a <strong>Polilaminina <\/strong>surge como um suplemento promissor, oferecendo suporte \u00e0 integridade e \u00e0 fun\u00e7\u00e3o neuronal.<\/p>\n\n\n\n<p>Prometendo mais do que simplesmente um aumento tempor\u00e1rio de energia, a polilaminina visa atuar diretamente na arquitetura dos neur\u00f4nios, restabelecendo conex\u00f5es cerebrais possivelmente comprometidas ao longo do tempo. Com base em seus componentes proteicos, ela oferece uma interven\u00e7\u00e3o potencialmente ben\u00e9fica para quem busca melhorias na mem\u00f3ria e no foco mental.<\/p>\n\n\n\n<h2 class=\"wp-block-heading\">Qual \u00e9 o Papel da Polilaminina no Funcionamento Cerebral?<\/h2>\n\n\n\n<p>A polilaminina \u00e9 uma prote\u00edna que imita as fun\u00e7\u00f5es da laminina, essencial na matriz extracelular, e atua como um \u201candaime\u201d no crescimento neuronal. Atrav\u00e9s de uma facilita\u00e7\u00e3o ativa na regenera\u00e7\u00e3o das fibras nervosas, ela tem o potencial de melhorar a efici\u00eancia dos sinais el\u00e9tricos no c\u00e9rebro, conforme indicado em pesquisas sobre matriz extracelular e plasticidade neural.<\/p>\n\n\n\n<p>A principal \u00e1rea de influ\u00eancia para a polilaminina \u00e9 a plasticidade sin\u00e1ptica, permitindo um ambiente prop\u00edcio ao aprendizado e \u00e0 cria\u00e7\u00e3o de novas conex\u00f5es. A prote\u00edna n\u00e3o apenas protege as c\u00e9lulas nervosas contra o estresse oxidativo, mas tamb\u00e9m contribui para a manuten\u00e7\u00e3o da bainha de mielina, vital na preserva\u00e7\u00e3o da sa\u00fade neuronal.<\/p>\n\n\n\n<p> Para compreender melhor o que \u00e9 a polilaminina e suas poss\u00edveis aplica\u00e7\u00f5es na sa\u00fade neurol\u00f3gica, assista ao v\u00eddeo a seguir, no qual o m\u00e9dico <strong>Ricardo Shimosakai<\/strong> explica o assunto de forma clara e did\u00e1tica em seu canal no YouTube.<\/p>\n\n\n\n<iframe loading=\"lazy\" width=\"1387\" height=\"785\" src=\"https:\/\/www.youtube.com\/embed\/RFho4INfMH0\" title=\"Polilaminina - Medicamento in\u00e9dito | Ricardo Shimosakai\" frameborder=\"0\" allow=\"accelerometer; autoplay; clipboard-write; encrypted-media; gyroscope; picture-in-picture; web-share\" referrerpolicy=\"strict-origin-when-cross-origin\" allowfullscreen><\/iframe>\n\n\n\n<h2 class=\"wp-block-heading\">A Polilaminina \u00e9 Realmente Eficaz Como Suplemento Cognitivo?<\/h2>\n\n\n\n<p>A suplementa\u00e7\u00e3o com polilaminina tem sido direcionada principalmente para indiv\u00edduos em busca de suporte mental durante per\u00edodos de alta exig\u00eancia cognitiva ou em tratamentos para condi\u00e7\u00f5es neurodegenerativas. Estudos sobre biomateriais neurais sustentam que a polilaminina pode criar um ambiente favor\u00e1vel \u00e0 recupera\u00e7\u00e3o do sistema nervoso de danos cotidianos.<\/p>\n\n\n\n<p>Dentre os benef\u00edcios relatados, destacam-se melhora na mem\u00f3ria devido ao fortalecimento das sinapses, aumento da resili\u00eancia neuronal para o foco prolongado durante atividades complexas, e aux\u00edlio na regenera\u00e7\u00e3o de tecidos nervosos ap\u00f3s les\u00f5es. Al\u00e9m disso, proporciona prote\u00e7\u00e3o contra o envelhecimento celular, fundamental para a preserva\u00e7\u00e3o das fun\u00e7\u00f5es executivas do c\u00e9rebro.<\/p>\n\n\n<div class=\"wp-block-image\">\n<figure class=\"aligncenter size-large\"><img decoding=\"async\" width=\"1024\" height=\"576\" src=\"https:\/\/www.correiobraziliense.com.br\/cbradar\/wp-content\/uploads\/2026\/03\/cadeira-de-rodas_1772587340500-1024x576.jpg\" alt=\"\" class=\"wp-image-202703\" srcset=\"https:\/\/www.correiobraziliense.com.br\/cbradar\/wp-content\/uploads\/2026\/03\/cadeira-de-rodas_1772587340500-1024x576.jpg 1024w, https:\/\/www.correiobraziliense.com.br\/cbradar\/wp-content\/uploads\/2026\/03\/cadeira-de-rodas_1772587340500-300x169.jpg 300w, https:\/\/www.correiobraziliense.com.br\/cbradar\/wp-content\/uploads\/2026\/03\/cadeira-de-rodas_1772587340500-768x432.jpg 768w, https:\/\/www.correiobraziliense.com.br\/cbradar\/wp-content\/uploads\/2026\/03\/cadeira-de-rodas_1772587340500-750x422.jpg 750w, https:\/\/www.correiobraziliense.com.br\/cbradar\/wp-content\/uploads\/2026\/03\/cadeira-de-rodas_1772587340500-1140x641.jpg 1140w, https:\/\/www.correiobraziliense.com.br\/cbradar\/wp-content\/uploads\/2026\/03\/cadeira-de-rodas_1772587340500.jpg 1280w\" sizes=\"(max-width: 1024px) 100vw, 1024px\" \/><figcaption class=\"wp-element-caption\">Polilaminina pode ajudar na mem\u00f3ria e na regenera\u00e7\u00e3o das conex\u00f5es neurais &#8211; Cr\u00e9ditos: depositphotos.com \/ ArturVerkhovetskiy<\/figcaption><\/figure><\/div>\n\n\n<h2 class=\"wp-block-heading\">Quem Deve Considerar o Uso da Polilaminina?<\/h2>\n\n\n\n<p>Embora otimista, a inteira\u00e7\u00e3o com a polilaminina \u00e9 mais comum em idosos para preven\u00e7\u00e3o do decl\u00ednio cognitivo e em profissionais e estudantes submetidos a altos n\u00edveis de estresse. Diretrizes de neuroprote\u00e7\u00e3o da Organiza\u00e7\u00e3o Mundial da Sa\u00fade alertam, no entanto, que qualquer introdu\u00e7\u00e3o de suplementos que afetam a matriz celular deve ser feita com precau\u00e7\u00e3o.<\/p>\n\n\n\n<p>A efic\u00e1cia da polilaminina depende tamb\u00e9m da presen\u00e7a de outros nutrientes e um acompanhamento m\u00e9dico \u00e9 crucial para garantir que ela seja utilizada de maneira eficaz e segura, personalizada conforme as necessidades do indiv\u00edduo.<\/p>\n\n\n\n<h2 class=\"wp-block-heading\">Como Integrar a Polilaminina no Cuidado Di\u00e1rio com a Sa\u00fade Mental?<\/h2>\n\n\n\n<p>Aqueles preocupados com o cansa\u00e7o mental ou uma diminui\u00e7\u00e3o da clareza cognitiva devem considerar uma abordagem abrangente que inclua tanto suplementos como a polilaminina quanto h\u00e1bitos saud\u00e1veis que suportam a sa\u00fade cerebral. A investiga\u00e7\u00e3o cuidadosa das causas subjacentes \u00e0 fadiga mental, em conjunto com a suplementa\u00e7\u00e3o apropriada, pode ser um passo essencial para o bem-estar a longo prazo.<\/p>\n\n\n\n<p>Sobretudo, investir na sa\u00fade do sistema nervoso \u00e9 fundamental para assegurar longevidade cerebral e autonomia, sendo a consulta a um profissional de sa\u00fade uma etapa indispens\u00e1vel neste processo. A ado\u00e7\u00e3o de tecnologias inovadoras em suplementa\u00e7\u00e3o, alinhadas a bons h\u00e1bitos, pode ser uma forma eficaz de nutrir e proteger o \u201csistema operacional\u201d biol\u00f3gico humano.<\/p>\n\n\n<a href=\"https:\/\/www.instagram.com\/dra.annaluisabf\/\" target=\"_blank\" rel=\"noopener\" style=\"text-decoration: none; color: inherit;\">\n    <span style=\"display: inline-block; border: 1px solid #ccc; border-radius: 10px; padding: 15px; max-width: 550px; font-family: sans-serif; box-shadow: 0 2px 5px rgba(0,0,0,0.1); width: 100%;\">\n\n      <!-- T\u00edtulo -->\n      <span style=\"display: block; margin: 0 0 15px 0; font-weight: bold; color: #2c3e50; text-align: center;\">\n        Entre em contato:\n      <\/span>\n\n      <!-- Linha do perfil -->\n      <span style=\"display: flex; align-items: center; gap: 15px;\">\n        <img decoding=\"async\"\n          src=\"https:\/\/www.correiobraziliense.com.br\/cbradar\/wp-content\/uploads\/2025\/08\/dra_anna_luisa.jpeg\"\n          alt=\"Foto da Dra. Anna Lu\u00edsa\"\n          style=\"border-radius: 50%; width: 80px; height: 80px; object-fit: cover;\"\n        \/>\n        <span style=\"display: flex; flex-direction: column;\">\n          <span style=\"font-size: 18px; font-weight: 700; color: #2c3e50;\">Dra. Anna Lu\u00edsa Barbosa Fernandes<\/span>\n          <span style=\"color: #555;\">CRM-GO 33.271<\/span>\n        <\/span>\n      <\/span>\n\n      <!-- Redes -->\n      <span style=\"display: flex; align-items: center; gap: 10px; margin-top: 12px;\">\n        <img decoding=\"async\" src=\"https:\/\/cdn-icons-png.flaticon.com\/24\/1384\/1384063.png\" alt=\"Instagram\" width=\"24\" height=\"24\" \/>\n        <span style=\"text-decoration: underline; color: #2c3e50;\">@dra.annaluisabf<\/span>\n      <\/span>\n\n    <\/span>\n  <\/a>","protected":false},"excerpt":{"rendered":"<p>A preocupa\u00e7\u00e3o com a manuten\u00e7\u00e3o da sa\u00fade mental e cognitiva tem aumentado \u00e0 medida que o ritmo acelerado da vida moderna imp\u00f5e grandes exig\u00eancias ao c\u00e9rebro humano. Nesse contexto, a Polilaminina surge como um suplemento promissor, oferecendo suporte \u00e0 integridade e \u00e0 fun\u00e7\u00e3o neuronal. Prometendo mais do que simplesmente um aumento tempor\u00e1rio de energia, a [&hellip;]<\/p>\n","protected":false},"author":14,"featured_media":202702,"comment_status":"open","ping_status":"open","sticky":false,"template":"","format":"standard","meta":{"_yoast_wpseo_focuskw":"Polilaminina","_yoast_wpseo_title":"","_yoast_wpseo_metadesc":"Polilaminina pode ajudar a proteger neur\u00f4nios e melhorar mem\u00f3ria. Entenda como esse suplemento atua no c\u00e9rebro.","jnews-multi-image_gallery":[],"jnews_single_post":{"format":"standard"},"jnews_primary_category":[],"jnews_social_meta":[],"jnews_override_counter":[],"footnotes":""},"categories":[4404],"post_tag":[120,247,1318],"class_list":["post-202701","post","type-post","status-publish","format-standard","has-post-thumbnail","hentry","category-saude","tag-bem-estar","tag-qualidade-de-vida","tag-saude-2"],"yoast_head":"<!-- This site is optimized with the Yoast SEO plugin v24.6 - https:\/\/yoast.com\/wordpress\/plugins\/seo\/ -->\n<title>Polilaminina pode fortalecer conex\u00f5es cerebrais e melhorar mem\u00f3ria e foco - Correio Braziliense - Radar<\/title>\n<meta name=\"description\" content=\"Polilaminina pode ajudar a proteger neur\u00f4nios e melhorar mem\u00f3ria. Entenda como esse suplemento atua no c\u00e9rebro.\" \/>\n<meta name=\"robots\" content=\"index, follow, max-snippet:-1, max-image-preview:large, max-video-preview:-1\" \/>\n<link rel=\"canonical\" href=\"https:\/\/www.correiobraziliense.com.br\/cbradar\/polilaminina-pode-fortalecer-conexoes-cerebrais-e-melhorar-memoria-e-foco\/\" \/>\n<meta property=\"og:locale\" content=\"pt_BR\" \/>\n<meta property=\"og:type\" content=\"article\" \/>\n<meta property=\"og:title\" content=\"Polilaminina pode fortalecer conex\u00f5es cerebrais e melhorar mem\u00f3ria e foco - Correio Braziliense - Radar\" \/>\n<meta property=\"og:description\" content=\"Polilaminina pode ajudar a proteger neur\u00f4nios e melhorar mem\u00f3ria. Entenda como esse suplemento atua no c\u00e9rebro.\" \/>\n<meta property=\"og:url\" content=\"https:\/\/www.correiobraziliense.com.br\/cbradar\/polilaminina-pode-fortalecer-conexoes-cerebrais-e-melhorar-memoria-e-foco\/\" \/>\n<meta property=\"og:site_name\" content=\"Correio Braziliense - Radar\" \/>\n<meta property=\"article:published_time\" content=\"2026-03-04T21:25:00+00:00\" \/>\n<meta property=\"og:image\" content=\"https:\/\/www.correiobraziliense.com.br\/cbradar\/wp-content\/uploads\/2026\/03\/cadeira-de-rodas_1772587272437.jpg\" \/>\n\t<meta property=\"og:image:width\" content=\"1280\" \/>\n\t<meta property=\"og:image:height\" content=\"720\" \/>\n\t<meta property=\"og:image:type\" content=\"image\/jpeg\" \/>\n<meta name=\"author\" content=\"guilherme_saude\" \/>\n<meta name=\"twitter:card\" content=\"summary_large_image\" \/>\n<meta name=\"twitter:label1\" content=\"Escrito por\" \/>\n\t<meta name=\"twitter:data1\" content=\"guilherme_saude\" \/>\n\t<meta name=\"twitter:label2\" content=\"Est. tempo de leitura\" \/>\n\t<meta name=\"twitter:data2\" content=\"5 minutos\" \/>\n<!-- \/ Yoast SEO plugin. -->","yoast_head_json":{"title":"Polilaminina pode fortalecer conex\u00f5es cerebrais e melhorar mem\u00f3ria e foco - Correio Braziliense - Radar","description":"Polilaminina pode ajudar a proteger neur\u00f4nios e melhorar mem\u00f3ria. Entenda como esse suplemento atua no c\u00e9rebro.","robots":{"index":"index","follow":"follow","max-snippet":"max-snippet:-1","max-image-preview":"max-image-preview:large","max-video-preview":"max-video-preview:-1"},"canonical":"https:\/\/www.correiobraziliense.com.br\/cbradar\/polilaminina-pode-fortalecer-conexoes-cerebrais-e-melhorar-memoria-e-foco\/","og_locale":"pt_BR","og_type":"article","og_title":"Polilaminina pode fortalecer conex\u00f5es cerebrais e melhorar mem\u00f3ria e foco - Correio Braziliense - Radar","og_description":"Polilaminina pode ajudar a proteger neur\u00f4nios e melhorar mem\u00f3ria. Entenda como esse suplemento atua no c\u00e9rebro.","og_url":"https:\/\/www.correiobraziliense.com.br\/cbradar\/polilaminina-pode-fortalecer-conexoes-cerebrais-e-melhorar-memoria-e-foco\/","og_site_name":"Correio Braziliense - Radar","article_published_time":"2026-03-04T21:25:00+00:00","og_image":[{"width":1280,"height":720,"url":"https:\/\/www.correiobraziliense.com.br\/cbradar\/wp-content\/uploads\/2026\/03\/cadeira-de-rodas_1772587272437.jpg","type":"image\/jpeg"}],"author":"guilherme_saude","twitter_card":"summary_large_image","twitter_misc":{"Escrito por":"guilherme_saude","Est. tempo de leitura":"5 minutos"},"schema":{"@context":"https:\/\/schema.org","@graph":[{"@type":"WebPage","@id":"https:\/\/www.correiobraziliense.com.br\/cbradar\/polilaminina-pode-fortalecer-conexoes-cerebrais-e-melhorar-memoria-e-foco\/","url":"https:\/\/www.correiobraziliense.com.br\/cbradar\/polilaminina-pode-fortalecer-conexoes-cerebrais-e-melhorar-memoria-e-foco\/","name":"Polilaminina pode fortalecer conex\u00f5es cerebrais e melhorar mem\u00f3ria e foco - Correio Braziliense - Radar","isPartOf":{"@id":"https:\/\/www.correiobraziliense.com.br\/cbradar\/#website"},"primaryImageOfPage":{"@id":"https:\/\/www.correiobraziliense.com.br\/cbradar\/polilaminina-pode-fortalecer-conexoes-cerebrais-e-melhorar-memoria-e-foco\/#primaryimage"},"image":{"@id":"https:\/\/www.correiobraziliense.com.br\/cbradar\/polilaminina-pode-fortalecer-conexoes-cerebrais-e-melhorar-memoria-e-foco\/#primaryimage"},"thumbnailUrl":"https:\/\/www.correiobraziliense.com.br\/cbradar\/wp-content\/uploads\/2026\/03\/cadeira-de-rodas_1772587272437.jpg","datePublished":"2026-03-04T21:25:00+00:00","author":{"@id":"https:\/\/www.correiobraziliense.com.br\/cbradar\/#\/schema\/person\/5aa4bf3c8fa699c267933611de12978b"},"description":"Polilaminina pode ajudar a proteger neur\u00f4nios e melhorar mem\u00f3ria. Entenda como esse suplemento atua no c\u00e9rebro.","breadcrumb":{"@id":"https:\/\/www.correiobraziliense.com.br\/cbradar\/polilaminina-pode-fortalecer-conexoes-cerebrais-e-melhorar-memoria-e-foco\/#breadcrumb"},"inLanguage":"pt-BR","potentialAction":[{"@type":"ReadAction","target":["https:\/\/www.correiobraziliense.com.br\/cbradar\/polilaminina-pode-fortalecer-conexoes-cerebrais-e-melhorar-memoria-e-foco\/"]}]},{"@type":"ImageObject","inLanguage":"pt-BR","@id":"https:\/\/www.correiobraziliense.com.br\/cbradar\/polilaminina-pode-fortalecer-conexoes-cerebrais-e-melhorar-memoria-e-foco\/#primaryimage","url":"https:\/\/www.correiobraziliense.com.br\/cbradar\/wp-content\/uploads\/2026\/03\/cadeira-de-rodas_1772587272437.jpg","contentUrl":"https:\/\/www.correiobraziliense.com.br\/cbradar\/wp-content\/uploads\/2026\/03\/cadeira-de-rodas_1772587272437.jpg","width":1280,"height":720,"caption":"O nutriente inovador que ajuda a restaurar conex\u00f5es cerebrais e foco - Cr\u00e9ditos: depositphotos.com \/ AllaSerebrina"},{"@type":"BreadcrumbList","@id":"https:\/\/www.correiobraziliense.com.br\/cbradar\/polilaminina-pode-fortalecer-conexoes-cerebrais-e-melhorar-memoria-e-foco\/#breadcrumb","itemListElement":[{"@type":"ListItem","position":1,"name":"In\u00edcio","item":"https:\/\/www.correiobraziliense.com.br\/cbradar\/"},{"@type":"ListItem","position":2,"name":"Polilaminina pode fortalecer conex\u00f5es cerebrais e melhorar mem\u00f3ria e foco"}]},{"@type":"WebSite","@id":"https:\/\/www.correiobraziliense.com.br\/cbradar\/#website","url":"https:\/\/www.correiobraziliense.com.br\/cbradar\/","name":"Correio Braziliense - Radar","description":"Acompanhe as \u00faltimas not\u00edcias e fique bem informado sobre tudo o que acontece no Brasil e no mundo.","potentialAction":[{"@type":"SearchAction","target":{"@type":"EntryPoint","urlTemplate":"https:\/\/www.correiobraziliense.com.br\/cbradar\/?s={search_term_string}"},"query-input":{"@type":"PropertyValueSpecification","valueRequired":true,"valueName":"search_term_string"}}],"inLanguage":"pt-BR"},{"@type":"Person","@id":"https:\/\/www.correiobraziliense.com.br\/cbradar\/#\/schema\/person\/5aa4bf3c8fa699c267933611de12978b","name":"guilherme_saude","image":{"@type":"ImageObject","inLanguage":"pt-BR","@id":"https:\/\/www.correiobraziliense.com.br\/cbradar\/#\/schema\/person\/image\/","url":"https:\/\/secure.gravatar.com\/avatar\/df9adfb835d344bc0af109d41756253f?s=96&d=mm&r=g","contentUrl":"https:\/\/secure.gravatar.com\/avatar\/df9adfb835d344bc0af109d41756253f?s=96&d=mm&r=g","caption":"guilherme_saude"},"url":"https:\/\/www.correiobraziliense.com.br\/cbradar\/author\/guilherme_saude\/"}]}},"_links":{"self":[{"href":"https:\/\/www.correiobraziliense.com.br\/cbradar\/wp-json\/wp\/v2\/posts\/202701","targetHints":{"allow":["GET"]}}],"collection":[{"href":"https:\/\/www.correiobraziliense.com.br\/cbradar\/wp-json\/wp\/v2\/posts"}],"about":[{"href":"https:\/\/www.correiobraziliense.com.br\/cbradar\/wp-json\/wp\/v2\/types\/post"}],"author":[{"embeddable":true,"href":"https:\/\/www.correiobraziliense.com.br\/cbradar\/wp-json\/wp\/v2\/users\/14"}],"replies":[{"embeddable":true,"href":"https:\/\/www.correiobraziliense.com.br\/cbradar\/wp-json\/wp\/v2\/comments?post=202701"}],"version-history":[{"count":1,"href":"https:\/\/www.correiobraziliense.com.br\/cbradar\/wp-json\/wp\/v2\/posts\/202701\/revisions"}],"predecessor-version":[{"id":202704,"href":"https:\/\/www.correiobraziliense.com.br\/cbradar\/wp-json\/wp\/v2\/posts\/202701\/revisions\/202704"}],"wp:featuredmedia":[{"embeddable":true,"href":"https:\/\/www.correiobraziliense.com.br\/cbradar\/wp-json\/wp\/v2\/media\/202702"}],"wp:attachment":[{"href":"https:\/\/www.correiobraziliense.com.br\/cbradar\/wp-json\/wp\/v2\/media?parent=202701"}],"wp:term":[{"taxonomy":"category","embeddable":true,"href":"https:\/\/www.correiobraziliense.com.br\/cbradar\/wp-json\/wp\/v2\/categories?post=202701"},{"taxonomy":"post_tag","embeddable":true,"href":"https:\/\/www.correiobraziliense.com.br\/cbradar\/wp-json\/wp\/v2\/post_tag?post=202701"}],"curies":[{"name":"wp","href":"https:\/\/api.w.org\/{rel}","templated":true}]}}