{"id":202709,"date":"2026-03-04T21:35:00","date_gmt":"2026-03-05T00:35:00","guid":{"rendered":"https:\/\/www.correiobraziliense.com.br\/cbradar\/?p=202709"},"modified":"2026-03-03T22:31:19","modified_gmt":"2026-03-04T01:31:19","slug":"o-truque-mais-importante-para-dormir-no-calor-e-melhorar-o-sono-profundo","status":"publish","type":"post","link":"https:\/\/www.correiobraziliense.com.br\/cbradar\/o-truque-mais-importante-para-dormir-no-calor-e-melhorar-o-sono-profundo\/","title":{"rendered":"O truque mais importante para dormir no calor e melhorar o sono profundo"},"content":{"rendered":"\n<p>Durante o ver\u00e3o, muitas pessoas enfrentam dificuldades para<strong> dormir devido ao calor excessivo<\/strong>. O corpo humano, por\u00e9m, possui mecanismos naturais que, quando corretamente estimulados, permitem alcan\u00e7ar um sono reparador mesmo sem ar-condicionado, desde que se entenda como funcionam e se adotem estrat\u00e9gias adequadas.<\/p>\n\n\n\n<h2 class=\"wp-block-heading\">Como o corpo humano regula a temperatura para dormir?<\/h2>\n\n\n\n<p>Para iniciar o sono, a temperatura corporal precisa reduzir cerca de 1 grau Celsius, mudan\u00e7a controlada pelo ritmo circadiano. A National Sleep Foundation destaca que resfriar extremidades como m\u00e3os e p\u00e9s ajuda a dissipar calor e facilita a entrada no sono profundo.<\/p>\n\n\n\n<p>Pesquisas como o estudo \u201cEfeitos do ambiente t\u00e9rmico no sono e no ritmo circadiano\u201d indicam que o calor excessivo prejudica fases importantes do sono, especialmente o REM. Por isso, focar no resfriamento da pele costuma ser mais eficaz do que apenas diminuir a temperatura do ambiente.<\/p>\n\n\n\n<iframe loading=\"lazy\" width=\"1396\" height=\"785\" src=\"https:\/\/www.youtube.com\/embed\/tuNHFe8kauA\" title=\"COMO O C\u00c9REBRO CONTROLA A TEMPERATURA DO CORPO?\" frameborder=\"0\" allow=\"accelerometer; autoplay; clipboard-write; encrypted-media; gyroscope; picture-in-picture; web-share\" referrerpolicy=\"strict-origin-when-cross-origin\" allowfullscreen><\/iframe>\n\n\n\n<h2 class=\"wp-block-heading\">Quais s\u00e3o os melhores tecidos para dormir bem no calor?<\/h2>\n\n\n\n<p>A roupa de cama e o vestu\u00e1rio influenciam diretamente no conforto t\u00e9rmico e na respira\u00e7\u00e3o da pele. Enquanto muitos materiais sint\u00e9ticos ret\u00eam calor e umidade, fibras naturais ajudam a dissipar o calor e a manter a pele mais seca durante a noite.<\/p>\n\n\n\n<p>Especialistas recomendam tecidos que favore\u00e7am ventila\u00e7\u00e3o, absorvam o suor e reduzam o ac\u00famulo de calor junto ao corpo. Entre os materiais mais indicados para noites quentes est\u00e3o:<\/p>\n\n\n\n\n<style>\n  .make-wrap{\n    max-width: 760px;\n    margin: 26px auto;\n    padding: 18px;\n    border-radius: 18px;\n    background: linear-gradient(135deg,#fff7fb 0%,#f6f2ff 100%);\n    border: 1px solid #f7d4ea;\n    box-shadow: 0 8px 20px rgba(236,72,153,.12);\n    font-family: system-ui, -apple-system, Segoe UI, Roboto, Helvetica, Arial, sans-serif;\n  }\n\n  .make-title{\n    display:flex; \n    align-items:center; \n    gap:10px;\n    margin:0 0 12px 4px;\n    font-size:1.2rem; \n    font-weight:900; \n    color:#9d174d;\n  }\n\n  .make-table{\n    width:100%;\n    border-collapse:separate;\n    border-spacing:0;\n    overflow:hidden;\n    border-radius:16px;\n    border:1px solid #f7d4ea;\n    background:#fff;\n    font-size:.92rem;\n  }\n\n  .make-table thead th{\n    background:linear-gradient(90deg,#fde7f3 0%,#f8e9ff 100%);\n    padding:12px;\n    color:#7a1e63;\n    font-weight:800;\n    text-align:left;\n    border-bottom:1px solid #f7d4ea;\n  }\n\n  .make-table tbody td{\n    padding:12px;\n    color:#374151;\n    vertical-align:top;\n    border-bottom:1px dashed #f7d4ea;\n  }\n\n  .make-table tbody tr:nth-child(odd){\n    background:#fffaff;\n  }\n\n  .price{\n    display:inline-flex;\n    align-items:center;\n    background:#fff7ed;\n    color:#b45309;\n    padding:6px 10px;\n    border-radius:10px;\n    border:1px solid #fed7aa;\n    font-weight:700;\n    white-space:nowrap;\n  }\n\n  .badge{\n    display:inline-block;\n    background:#fde7f3;\n    color:#c026d3;\n    border:1px solid #fecdd3;\n    padding:4px 10px;\n    border-radius:999px;\n    font-weight:700;\n    font-size:.78rem;\n  }\n\n  @media (max-width:720px){\n    .make-table thead{display:none}\n    .make-table, .make-table tbody, .make-table tr, .make-table td{\n      display:block; \n      width:100%;\n    }\n    .make-table tr{\n      margin-bottom:12px;\n      border:1px solid #f7d4ea;\n      border-radius:14px;\n      overflow:hidden;\n      background:#fff;\n    }\n    .make-table td[data-label]:before{\n      content:attr(data-label);\n      display:block;\n      font-weight:800;\n      color:#7a1e63;\n      margin-bottom:4px;\n    }\n    .make-table tbody td:last-child{border-bottom:none}\n  }\n<\/style>\n\n<div class=\"make-wrap\">\n  <h3 class=\"make-title\">\ud83d\udecf\ufe0f\ud83c\udf3f Tecidos que Ajudam a Dormir Mais Fresco<\/h3>\n\n  <table class=\"make-table\">\n    <thead>\n      <tr>\n        <th>Material<\/th>\n        <th>Benef\u00edcios<\/th>\n      <\/tr>\n    <\/thead>\n    <tbody>\n      <tr>\n        <td data-label=\"Material\">Algod\u00e3o 100%<\/td>\n        <td data-label=\"Benef\u00edcios\">Permite circula\u00e7\u00e3o de ar e boa absor\u00e7\u00e3o de suor.<\/td>\n      <\/tr>\n      <tr>\n        <td data-label=\"Material\">Linho<\/td>\n        <td data-label=\"Benef\u00edcios\">\u00c9 respir\u00e1vel, seca r\u00e1pido e dissipa calor com efici\u00eancia.<\/td>\n      <\/tr>\n      <tr>\n        <td data-label=\"Material\">Seda natural<\/td>\n        <td data-label=\"Benef\u00edcios\">Ajuda a manter a temperatura equilibrada na pele.<\/td>\n      <\/tr>\n      <tr>\n        <td data-label=\"Material\">Percal de fios finos<\/td>\n        <td data-label=\"Benef\u00edcios\">Algod\u00e3o leve, com toque fresco e confort\u00e1vel.<\/td>\n      <\/tr>\n    <\/tbody>\n  <\/table>\n\n  <p style=\"margin-top:14px; color:#6b7280; font-size:.9rem;\">\n    \ud83d\udca1 <strong>Dica:<\/strong> Tecidos naturais costumam ser mais respir\u00e1veis e ajudam a reduzir o calor durante o sono.\n  <\/p>\n<\/div>\n\n\n\n\n<h2 class=\"wp-block-heading\">Como otimizar a ventila\u00e7\u00e3o natural no quarto?<\/h2>\n\n\n\n<p>Janelas abertas nem sempre s\u00e3o suficientes para garantir um ambiente bem arejado e fresco. Criar um fluxo de ar estrat\u00e9gico, favorecendo a circula\u00e7\u00e3o e a sa\u00edda do ar quente acumulado, \u00e9 essencial para reduzir o desconforto t\u00e9rmico durante a noite.<\/p>\n\n\n\n<p>T\u00e9cnicas como a ventila\u00e7\u00e3o cruzada ajudam a renovar o ar quente e parado. Posicionar ventiladores de frente para janelas, voltados para fora, auxilia a expulsar o calor, e colocar recipientes com gelo diante das p\u00e1s pode criar uma brisa ainda mais refrescante.<\/p>\n\n\n<div class=\"wp-block-image\">\n<figure class=\"aligncenter size-large\"><img decoding=\"async\" width=\"1024\" height=\"576\" src=\"https:\/\/www.correiobraziliense.com.br\/cbradar\/wp-content\/uploads\/2025\/07\/dormir-coberto_1751564964134-1024x576.jpg\" alt=\"\" class=\"wp-image-64232\" srcset=\"https:\/\/www.correiobraziliense.com.br\/cbradar\/wp-content\/uploads\/2025\/07\/dormir-coberto_1751564964134-1024x576.jpg 1024w, https:\/\/www.correiobraziliense.com.br\/cbradar\/wp-content\/uploads\/2025\/07\/dormir-coberto_1751564964134-300x169.jpg 300w, https:\/\/www.correiobraziliense.com.br\/cbradar\/wp-content\/uploads\/2025\/07\/dormir-coberto_1751564964134-768x432.jpg 768w, https:\/\/www.correiobraziliense.com.br\/cbradar\/wp-content\/uploads\/2025\/07\/dormir-coberto_1751564964134-750x422.jpg 750w, https:\/\/www.correiobraziliense.com.br\/cbradar\/wp-content\/uploads\/2025\/07\/dormir-coberto_1751564964134-1140x641.jpg 1140w, https:\/\/www.correiobraziliense.com.br\/cbradar\/wp-content\/uploads\/2025\/07\/dormir-coberto_1751564964134.jpg 1280w\" sizes=\"(max-width: 1024px) 100vw, 1024px\" \/><figcaption class=\"wp-element-caption\">Sono profundo protege o c\u00e9rebro e reduz riscos cardiovasculares &#8211; Cr\u00e9ditos: depositphotos.com \/ Cheese_78<\/figcaption><\/figure><\/div>\n\n\n<h2 class=\"wp-block-heading\">Quais alimentos ajudam a dormir melhor no calor?<\/h2>\n\n\n\n<p>A dieta afeta diretamente a produ\u00e7\u00e3o de calor metab\u00f3lico do corpo, processo conhecido como termog\u00eanese. Refei\u00e7\u00f5es pesadas aumentam a temperatura interna e dificultam o sono, por isso um jantar leve e hidratante \u00e9 especialmente importante nos dias quentes.<\/p>\n\n\n\n<p>Nutricionistas sugerem priorizar alimentos de f\u00e1cil digest\u00e3o e boas fontes de \u00e1gua, al\u00e9m de moderar subst\u00e2ncias que pioram a sensa\u00e7\u00e3o de calor. Entre as principais recomenda\u00e7\u00f5es est\u00e3o:<\/p>\n\n\n\n<ul class=\"wp-block-list\">\n<li><strong>Hidrata\u00e7\u00e3o fracionada:<\/strong>\u00a0Beber \u00e1gua ao longo do dia, evitando excessos antes de deitar.<\/li>\n\n\n\n<li><strong>Frutas ricas em \u00e1gua:<\/strong>\u00a0Melancia, mel\u00e3o e pera ajudam a hidratar e s\u00e3o leves para o est\u00f4mago.<\/li>\n\n\n\n<li><strong>Prote\u00ednas leves:<\/strong>\u00a0Peixes ou ovos cozidos geram menos calor que carnes vermelhas.<\/li>\n\n\n\n<li><strong>Evitar \u00e1lcool:<\/strong>\u00a0Provoca vasodilata\u00e7\u00e3o e pode aumentar a sensa\u00e7\u00e3o de calor e desconforto.<\/li>\n<\/ul>\n\n\n\n<h2 class=\"wp-block-heading\">Como montar um plano para garantir um sono confort\u00e1vel?<\/h2>\n\n\n\n<p>Adotar as mudan\u00e7as mencionadas pode transformar a qualidade do sono durante o ver\u00e3o, mesmo em ambientes sem ar-condicionado. Compreender os mecanismos de resfriamento corporal e aplicar estrat\u00e9gias como escolher tecidos naturais e otimizar a ventila\u00e7\u00e3o s\u00e3o passos iniciais importantes.<\/p>\n\n\n\n<p>Pequenos ajustes de rotina, combinados a uma alimenta\u00e7\u00e3o estrat\u00e9gica e \u00e0 observa\u00e7\u00e3o dos hor\u00e1rios de maior calor, podem ter grande impacto no bem-estar a longo prazo. Em casos de ins\u00f4nia persistente ou outros sintomas, consultar um m\u00e9dico \u00e9 fundamental para obter diagn\u00f3stico preciso e tratamento seguro.<\/p>\n\n\n<a href=\"https:\/\/www.instagram.com\/dra.annaluisabf\/\" target=\"_blank\" rel=\"noopener\" style=\"text-decoration: none; color: inherit;\">\n    <span style=\"display: inline-block; border: 1px solid #ccc; border-radius: 10px; padding: 15px; max-width: 550px; font-family: sans-serif; box-shadow: 0 2px 5px rgba(0,0,0,0.1); width: 100%;\">\n\n      <!-- T\u00edtulo -->\n      <span style=\"display: block; margin: 0 0 15px 0; font-weight: bold; color: #2c3e50; text-align: center;\">\n        Entre em contato:\n      <\/span>\n\n      <!-- Linha do perfil -->\n      <span style=\"display: flex; align-items: center; gap: 15px;\">\n        <img decoding=\"async\"\n          src=\"https:\/\/www.correiobraziliense.com.br\/cbradar\/wp-content\/uploads\/2025\/08\/dra_anna_luisa.jpeg\"\n          alt=\"Foto da Dra. Anna Lu\u00edsa\"\n          style=\"border-radius: 50%; width: 80px; height: 80px; object-fit: cover;\"\n        \/>\n        <span style=\"display: flex; flex-direction: column;\">\n          <span style=\"font-size: 18px; font-weight: 700; color: #2c3e50;\">Dra. Anna Lu\u00edsa Barbosa Fernandes<\/span>\n          <span style=\"color: #555;\">CRM-GO 33.271<\/span>\n        <\/span>\n      <\/span>\n\n      <!-- Redes -->\n      <span style=\"display: flex; align-items: center; gap: 10px; margin-top: 12px;\">\n        <img decoding=\"async\" src=\"https:\/\/cdn-icons-png.flaticon.com\/24\/1384\/1384063.png\" alt=\"Instagram\" width=\"24\" height=\"24\" \/>\n        <span style=\"text-decoration: underline; color: #2c3e50;\">@dra.annaluisabf<\/span>\n      <\/span>\n\n    <\/span>\n  <\/a>","protected":false},"excerpt":{"rendered":"<p>Durante o ver\u00e3o, muitas pessoas enfrentam dificuldades para dormir devido ao calor excessivo. O corpo humano, por\u00e9m, possui mecanismos naturais que, quando corretamente estimulados, permitem alcan\u00e7ar um sono reparador mesmo sem ar-condicionado, desde que se entenda como funcionam e se adotem estrat\u00e9gias adequadas. Como o corpo humano regula a temperatura para dormir? Para iniciar o [&hellip;]<\/p>\n","protected":false},"author":14,"featured_media":71288,"comment_status":"open","ping_status":"open","sticky":false,"template":"","format":"standard","meta":{"_yoast_wpseo_focuskw":"dormir devido ao calor excessivo","_yoast_wpseo_title":"","_yoast_wpseo_metadesc":"Dormir no calor pode ser dif\u00edcil, mas pequenas mudan\u00e7as ajudam. Descubra estrat\u00e9gias naturais para melhorar o sono.","jnews-multi-image_gallery":[],"jnews_single_post":{"format":"standard"},"jnews_primary_category":[],"jnews_social_meta":[],"jnews_override_counter":[],"footnotes":""},"categories":[4404],"post_tag":[120,247,1318],"class_list":["post-202709","post","type-post","status-publish","format-standard","has-post-thumbnail","hentry","category-saude","tag-bem-estar","tag-qualidade-de-vida","tag-saude-2"],"yoast_head":"<!-- This site is optimized with the Yoast SEO plugin v24.6 - https:\/\/yoast.com\/wordpress\/plugins\/seo\/ -->\n<title>O truque mais importante para dormir no calor e melhorar o sono profundo - Correio Braziliense - Radar<\/title>\n<meta name=\"description\" content=\"Dormir no calor pode ser dif\u00edcil, mas pequenas mudan\u00e7as ajudam. Descubra estrat\u00e9gias naturais para melhorar o sono.\" \/>\n<meta name=\"robots\" content=\"index, follow, max-snippet:-1, max-image-preview:large, max-video-preview:-1\" \/>\n<link rel=\"canonical\" href=\"https:\/\/www.correiobraziliense.com.br\/cbradar\/o-truque-mais-importante-para-dormir-no-calor-e-melhorar-o-sono-profundo\/\" \/>\n<meta property=\"og:locale\" content=\"pt_BR\" \/>\n<meta property=\"og:type\" content=\"article\" \/>\n<meta property=\"og:title\" content=\"O truque mais importante para dormir no calor e melhorar o sono profundo - Correio Braziliense - Radar\" \/>\n<meta property=\"og:description\" content=\"Dormir no calor pode ser dif\u00edcil, mas pequenas mudan\u00e7as ajudam. Descubra estrat\u00e9gias naturais para melhorar o sono.\" \/>\n<meta property=\"og:url\" content=\"https:\/\/www.correiobraziliense.com.br\/cbradar\/o-truque-mais-importante-para-dormir-no-calor-e-melhorar-o-sono-profundo\/\" \/>\n<meta property=\"og:site_name\" content=\"Correio Braziliense - Radar\" \/>\n<meta property=\"article:published_time\" content=\"2026-03-05T00:35:00+00:00\" \/>\n<meta property=\"og:image\" content=\"https:\/\/www.correiobraziliense.com.br\/cbradar\/wp-content\/uploads\/2025\/07\/cochilo_1752763926196.jpg\" \/>\n\t<meta property=\"og:image:width\" content=\"1280\" \/>\n\t<meta property=\"og:image:height\" content=\"720\" \/>\n\t<meta property=\"og:image:type\" content=\"image\/jpeg\" \/>\n<meta name=\"author\" content=\"guilherme_saude\" \/>\n<meta name=\"twitter:card\" content=\"summary_large_image\" \/>\n<meta name=\"twitter:label1\" content=\"Escrito por\" \/>\n\t<meta name=\"twitter:data1\" content=\"guilherme_saude\" \/>\n\t<meta name=\"twitter:label2\" content=\"Est. tempo de leitura\" \/>\n\t<meta name=\"twitter:data2\" content=\"5 minutos\" \/>\n<!-- \/ Yoast SEO plugin. -->","yoast_head_json":{"title":"O truque mais importante para dormir no calor e melhorar o sono profundo - Correio Braziliense - Radar","description":"Dormir no calor pode ser dif\u00edcil, mas pequenas mudan\u00e7as ajudam. Descubra estrat\u00e9gias naturais para melhorar o sono.","robots":{"index":"index","follow":"follow","max-snippet":"max-snippet:-1","max-image-preview":"max-image-preview:large","max-video-preview":"max-video-preview:-1"},"canonical":"https:\/\/www.correiobraziliense.com.br\/cbradar\/o-truque-mais-importante-para-dormir-no-calor-e-melhorar-o-sono-profundo\/","og_locale":"pt_BR","og_type":"article","og_title":"O truque mais importante para dormir no calor e melhorar o sono profundo - Correio Braziliense - Radar","og_description":"Dormir no calor pode ser dif\u00edcil, mas pequenas mudan\u00e7as ajudam. Descubra estrat\u00e9gias naturais para melhorar o sono.","og_url":"https:\/\/www.correiobraziliense.com.br\/cbradar\/o-truque-mais-importante-para-dormir-no-calor-e-melhorar-o-sono-profundo\/","og_site_name":"Correio Braziliense - Radar","article_published_time":"2026-03-05T00:35:00+00:00","og_image":[{"width":1280,"height":720,"url":"https:\/\/www.correiobraziliense.com.br\/cbradar\/wp-content\/uploads\/2025\/07\/cochilo_1752763926196.jpg","type":"image\/jpeg"}],"author":"guilherme_saude","twitter_card":"summary_large_image","twitter_misc":{"Escrito por":"guilherme_saude","Est. tempo de leitura":"5 minutos"},"schema":{"@context":"https:\/\/schema.org","@graph":[{"@type":"WebPage","@id":"https:\/\/www.correiobraziliense.com.br\/cbradar\/o-truque-mais-importante-para-dormir-no-calor-e-melhorar-o-sono-profundo\/","url":"https:\/\/www.correiobraziliense.com.br\/cbradar\/o-truque-mais-importante-para-dormir-no-calor-e-melhorar-o-sono-profundo\/","name":"O truque mais importante para dormir no calor e melhorar o sono profundo - Correio Braziliense - Radar","isPartOf":{"@id":"https:\/\/www.correiobraziliense.com.br\/cbradar\/#website"},"primaryImageOfPage":{"@id":"https:\/\/www.correiobraziliense.com.br\/cbradar\/o-truque-mais-importante-para-dormir-no-calor-e-melhorar-o-sono-profundo\/#primaryimage"},"image":{"@id":"https:\/\/www.correiobraziliense.com.br\/cbradar\/o-truque-mais-importante-para-dormir-no-calor-e-melhorar-o-sono-profundo\/#primaryimage"},"thumbnailUrl":"https:\/\/www.correiobraziliense.com.br\/cbradar\/wp-content\/uploads\/2025\/07\/cochilo_1752763926196.jpg","datePublished":"2026-03-05T00:35:00+00:00","author":{"@id":"https:\/\/www.correiobraziliense.com.br\/cbradar\/#\/schema\/person\/5aa4bf3c8fa699c267933611de12978b"},"description":"Dormir no calor pode ser dif\u00edcil, mas pequenas mudan\u00e7as ajudam. Descubra estrat\u00e9gias naturais para melhorar o sono.","breadcrumb":{"@id":"https:\/\/www.correiobraziliense.com.br\/cbradar\/o-truque-mais-importante-para-dormir-no-calor-e-melhorar-o-sono-profundo\/#breadcrumb"},"inLanguage":"pt-BR","potentialAction":[{"@type":"ReadAction","target":["https:\/\/www.correiobraziliense.com.br\/cbradar\/o-truque-mais-importante-para-dormir-no-calor-e-melhorar-o-sono-profundo\/"]}]},{"@type":"ImageObject","inLanguage":"pt-BR","@id":"https:\/\/www.correiobraziliense.com.br\/cbradar\/o-truque-mais-importante-para-dormir-no-calor-e-melhorar-o-sono-profundo\/#primaryimage","url":"https:\/\/www.correiobraziliense.com.br\/cbradar\/wp-content\/uploads\/2025\/07\/cochilo_1752763926196.jpg","contentUrl":"https:\/\/www.correiobraziliense.com.br\/cbradar\/wp-content\/uploads\/2025\/07\/cochilo_1752763926196.jpg","width":1280,"height":720,"caption":"Dormir melhor fortalece o cora\u00e7\u00e3o e previne cansa\u00e7o cr\u00f4nico - Cr\u00e9ditos: depositphotos.com \/ HayDmitriy"},{"@type":"BreadcrumbList","@id":"https:\/\/www.correiobraziliense.com.br\/cbradar\/o-truque-mais-importante-para-dormir-no-calor-e-melhorar-o-sono-profundo\/#breadcrumb","itemListElement":[{"@type":"ListItem","position":1,"name":"In\u00edcio","item":"https:\/\/www.correiobraziliense.com.br\/cbradar\/"},{"@type":"ListItem","position":2,"name":"O truque mais importante para dormir no calor e melhorar o sono profundo"}]},{"@type":"WebSite","@id":"https:\/\/www.correiobraziliense.com.br\/cbradar\/#website","url":"https:\/\/www.correiobraziliense.com.br\/cbradar\/","name":"Correio Braziliense - Radar","description":"Acompanhe as \u00faltimas not\u00edcias e fique bem informado sobre tudo o que acontece no Brasil e no mundo.","potentialAction":[{"@type":"SearchAction","target":{"@type":"EntryPoint","urlTemplate":"https:\/\/www.correiobraziliense.com.br\/cbradar\/?s={search_term_string}"},"query-input":{"@type":"PropertyValueSpecification","valueRequired":true,"valueName":"search_term_string"}}],"inLanguage":"pt-BR"},{"@type":"Person","@id":"https:\/\/www.correiobraziliense.com.br\/cbradar\/#\/schema\/person\/5aa4bf3c8fa699c267933611de12978b","name":"guilherme_saude","image":{"@type":"ImageObject","inLanguage":"pt-BR","@id":"https:\/\/www.correiobraziliense.com.br\/cbradar\/#\/schema\/person\/image\/","url":"https:\/\/secure.gravatar.com\/avatar\/df9adfb835d344bc0af109d41756253f?s=96&d=mm&r=g","contentUrl":"https:\/\/secure.gravatar.com\/avatar\/df9adfb835d344bc0af109d41756253f?s=96&d=mm&r=g","caption":"guilherme_saude"},"url":"https:\/\/www.correiobraziliense.com.br\/cbradar\/author\/guilherme_saude\/"}]}},"_links":{"self":[{"href":"https:\/\/www.correiobraziliense.com.br\/cbradar\/wp-json\/wp\/v2\/posts\/202709","targetHints":{"allow":["GET"]}}],"collection":[{"href":"https:\/\/www.correiobraziliense.com.br\/cbradar\/wp-json\/wp\/v2\/posts"}],"about":[{"href":"https:\/\/www.correiobraziliense.com.br\/cbradar\/wp-json\/wp\/v2\/types\/post"}],"author":[{"embeddable":true,"href":"https:\/\/www.correiobraziliense.com.br\/cbradar\/wp-json\/wp\/v2\/users\/14"}],"replies":[{"embeddable":true,"href":"https:\/\/www.correiobraziliense.com.br\/cbradar\/wp-json\/wp\/v2\/comments?post=202709"}],"version-history":[{"count":1,"href":"https:\/\/www.correiobraziliense.com.br\/cbradar\/wp-json\/wp\/v2\/posts\/202709\/revisions"}],"predecessor-version":[{"id":202710,"href":"https:\/\/www.correiobraziliense.com.br\/cbradar\/wp-json\/wp\/v2\/posts\/202709\/revisions\/202710"}],"wp:featuredmedia":[{"embeddable":true,"href":"https:\/\/www.correiobraziliense.com.br\/cbradar\/wp-json\/wp\/v2\/media\/71288"}],"wp:attachment":[{"href":"https:\/\/www.correiobraziliense.com.br\/cbradar\/wp-json\/wp\/v2\/media?parent=202709"}],"wp:term":[{"taxonomy":"category","embeddable":true,"href":"https:\/\/www.correiobraziliense.com.br\/cbradar\/wp-json\/wp\/v2\/categories?post=202709"},{"taxonomy":"post_tag","embeddable":true,"href":"https:\/\/www.correiobraziliense.com.br\/cbradar\/wp-json\/wp\/v2\/post_tag?post=202709"}],"curies":[{"name":"wp","href":"https:\/\/api.w.org\/{rel}","templated":true}]}}