{"id":202711,"date":"2026-03-05T06:15:51","date_gmt":"2026-03-05T09:15:51","guid":{"rendered":"https:\/\/www.correiobraziliense.com.br\/cbradar\/?p=202711"},"modified":"2026-03-04T13:20:56","modified_gmt":"2026-03-04T16:20:56","slug":"nem-banana-nem-maca-essa-fruta-surpreende-ao-ajudar-o-intestino-a-funcionar-melhor-e-aliviar-desconfortos","status":"publish","type":"post","link":"https:\/\/www.correiobraziliense.com.br\/cbradar\/nem-banana-nem-maca-essa-fruta-surpreende-ao-ajudar-o-intestino-a-funcionar-melhor-e-aliviar-desconfortos\/","title":{"rendered":"Nem banana, nem ma\u00e7\u00e3: essa fruta surpreende ao ajudar o intestino a funcionar melhor e aliviar desconfortos"},"content":{"rendered":"\n<p>Quem nunca ouviu algu\u00e9m dizer que \u201c\u00e9 s\u00f3 comer um pedacinho de <b>mam\u00e3o<\/b> que o intestino come\u00e7a a funcionar melhor\u201d? Esse costume t\u00e3o comum nas casas brasileiras tem fundamento: al\u00e9m de ajudar no banheiro, o <b>mam\u00e3o<\/b> acompanha todo o processo da digest\u00e3o, desde a mastiga\u00e7\u00e3o at\u00e9 a hora de eliminar o que o corpo n\u00e3o precisa mais.<\/p>\n\n\n\n<h2 class=\"wp-block-heading\">Quais s\u00e3o os principais benef\u00edcios do mam\u00e3o para o sistema digestivo<\/h2>\n\n\n\n<p>O principal benef\u00edcio do <b>mam\u00e3o<\/b> para o <b>sistema digestivo<\/b> est\u00e1 ligado \u00e0s fibras e \u00e0 enzima papa\u00edna. As fibras ajudam a formar o bolo fecal e a \u201cdar ritmo\u201d ao intestino, o que pode reduzir epis\u00f3dios de pris\u00e3o de ventre leve em pessoas saud\u00e1veis.<\/p>\n\n\n\n<p>J\u00e1 a <b>papa\u00edna<\/b> participa da quebra de prote\u00ednas, tornando mais f\u00e1cil a digest\u00e3o de <b>carnes<\/b> e outros alimentos proteicos. Somam-se a isso o alto teor de \u00e1gua e os antioxidantes, como carotenoides e vitamina C, que contribuem para manter a mucosa do est\u00f4mago e do intestino mais protegida.<\/p>\n\n\n<div class=\"wp-block-image\">\n<figure class=\"aligncenter size-large\"><img decoding=\"async\" width=\"1024\" height=\"576\" src=\"https:\/\/www.correiobraziliense.com.br\/cbradar\/wp-content\/uploads\/2025\/08\/Mamao-no-Vaso_1755960897835-1024x576.jpg\" alt=\"\" class=\"wp-image-91587\" srcset=\"https:\/\/www.correiobraziliense.com.br\/cbradar\/wp-content\/uploads\/2025\/08\/Mamao-no-Vaso_1755960897835-1024x576.jpg 1024w, https:\/\/www.correiobraziliense.com.br\/cbradar\/wp-content\/uploads\/2025\/08\/Mamao-no-Vaso_1755960897835-300x169.jpg 300w, https:\/\/www.correiobraziliense.com.br\/cbradar\/wp-content\/uploads\/2025\/08\/Mamao-no-Vaso_1755960897835-768x432.jpg 768w, https:\/\/www.correiobraziliense.com.br\/cbradar\/wp-content\/uploads\/2025\/08\/Mamao-no-Vaso_1755960897835-750x422.jpg 750w, https:\/\/www.correiobraziliense.com.br\/cbradar\/wp-content\/uploads\/2025\/08\/Mamao-no-Vaso_1755960897835-1140x641.jpg 1140w, https:\/\/www.correiobraziliense.com.br\/cbradar\/wp-content\/uploads\/2025\/08\/Mamao-no-Vaso_1755960897835.jpg 1280w\" sizes=\"(max-width: 1024px) 100vw, 1024px\" \/><figcaption class=\"wp-element-caption\">O principal benef\u00edcio do mam\u00e3o para o sistema digestivo est\u00e1 ligado \u00e0s fibras e \u00e0 enzima papa\u00edna &#8211; Cr\u00e9ditos: depositphotos.com \/ Itaci47<\/figcaption><\/figure><\/div>\n\n\n<p>Leia tamb\u00e9m:&nbsp;<a href=\"https:\/\/www.correiobraziliense.com.br\/cbradar\/pouca-gente-sabe-mas-essa-fruta-doce-pode-ajudar-na-hidratacao-do-corpo\/\" target=\"_blank\" rel=\"noopener\">Pouca gente sabe, mas essa fruta doce pode ajudar na hidrata\u00e7\u00e3o do corpo<\/a><\/p>\n\n\n\n<h2 class=\"wp-block-heading\">Como o mam\u00e3o age no est\u00f4mago e no intestino na pr\u00e1tica<\/h2>\n\n\n\n<p>No est\u00f4mago, a <b>papa\u00edna<\/b> age de forma parecida com algumas enzimas digestivas do pr\u00f3prio corpo, fragmentando prote\u00ednas em partes menores. Em refei\u00e7\u00f5es mais pesadas, com muita carne, incluir <b>mam\u00e3o<\/b> pode deixar a digest\u00e3o menos \u201cpesada\u201d e aquela sensa\u00e7\u00e3o de est\u00f4mago cheio tende a diminuir.<\/p>\n\n\n\n<p>No intestino, as fibras sol\u00faveis e insol\u00faveis do <b>fruto<\/b> ajudam no volume e na consist\u00eancia das fezes, estimulando o fluxo intestinal. Em quem consome pouca <b>fibra<\/b> no dia a dia, o mam\u00e3o pode ser uma forma simples de come\u00e7ar a melhorar o ritmo do intestino, desde que o consumo seja gradual e acompanhado de \u00e1gua.<\/p>\n\n\n\n<h2 class=\"wp-block-heading\">Em quais situa\u00e7\u00f5es do dia a dia o mam\u00e3o pode ajudar a digest\u00e3o<\/h2>\n\n\n\n<p>O <b>mam\u00e3o<\/b> para o <b>sistema<\/b> digestivo aparece em diferentes momentos da rotina. Muitas pessoas preferem consumi-lo no caf\u00e9 da manh\u00e3 para \u201cacordar\u201d o intestino, enquanto outras gostam de inclu\u00ed-lo ap\u00f3s o almo\u00e7o, como uma sobremesa leve que ajuda na digest\u00e3o de pratos mais gordurosos ou proteicos.<\/p>\n\n\n\n<p>Quem tem est\u00f4mago mais sens\u00edvel costuma se dar bem com o <b>mam\u00e3o<\/b>, por ser macio e menos \u00e1cido do que outras frutas. Crian\u00e7as, idosos e pessoas com dificuldade para mastigar tamb\u00e9m se beneficiam da polpa suave, que facilita a <b>mastiga\u00e7\u00e3o<\/b> e a degluti\u00e7\u00e3o, etapas importantes para que o processo digestivo comece bem. Se voc\u00ea gosta de ouvir especialistas, separamos esse v\u00eddeo da <a href=\"https:\/\/www.youtube.com\/@NutricionistaPatriciaLeite\" target=\"_blank\" rel=\"noreferrer noopener\">Nutricionista Patricia Leite<\/a> falando com mais detalhes os benef\u00edcios do mam\u00e3o:<\/p>\n\n\n\n<figure class=\"wp-block-embed is-type-video is-provider-youtube wp-block-embed-youtube wp-embed-aspect-16-9 wp-has-aspect-ratio\"><div class=\"wp-block-embed__wrapper\">\n<div class=\"jeg_video_container jeg_video_content\"><iframe loading=\"lazy\" title=\"Benef\u00edcios do Mam\u00e3o - Para Que Serve? Solta o Intestino Mesmo? [DICAS]\" width=\"500\" height=\"281\" src=\"https:\/\/www.youtube.com\/embed\/QGrxD7btr_M?start=1&#038;feature=oembed\" frameborder=\"0\" allow=\"accelerometer; autoplay; clipboard-write; encrypted-media; gyroscope; picture-in-picture; web-share\" referrerpolicy=\"strict-origin-when-cross-origin\" allowfullscreen><\/iframe><\/div>\n<\/div><\/figure>\n\n\n\n<h2 class=\"wp-block-heading\">Como incluir o mam\u00e3o na alimenta\u00e7\u00e3o do dia a dia de forma simples<\/h2>\n\n\n\n<p>Incorporar o <b>mam\u00e3o<\/b> na rotina \u00e9 f\u00e1cil e n\u00e3o exige receitas complicadas. Ele pode aparecer puro, em cubos, amassado com um pouco de lim\u00e3o ou misturado a outras <b>frutas<\/b>, sempre respeitando o gosto e a rotina de cada pessoa.<\/p>\n\n\n\n<p>Para aproveitar melhor os <b>benef\u00edcios<\/b> digestivos do mam\u00e3o, algumas combina\u00e7\u00f5es podem potencializar seu efeito sobre o intestino, especialmente quando a ideia \u00e9 estimular um tr\u00e2nsito intestinal mais <b>regular<\/b>:<\/p>\n\n\n\n<ul class=\"wp-block-list\">\n<li><b>Mam\u00e3o<\/b> com aveia em flocos no <b>caf\u00e9<\/b> da manh\u00e3<\/li>\n\n\n\n<li>Vitamina de mam\u00e3o com leite ou bebida vegetal e sementes de <b>chia<\/b><\/li>\n\n\n\n<li>Salada de frutas com <b>mam\u00e3o<\/b>, banana e linha\u00e7a triturada<\/li>\n\n\n\n<li><b>Mam\u00e3o<\/b> amassado como sobremesa leve ap\u00f3s o <b>almo\u00e7o<\/b> ou jantar<\/li>\n<\/ul>\n\n\n\n<h2 class=\"wp-block-heading\">Quais s\u00e3o os componentes do mam\u00e3o que beneficiam a digest\u00e3o<\/h2>\n\n\n\n<p>Alguns elementos do <b>mam\u00e3o<\/b> t\u00eam papel especial no conforto digestivo e podem fazer diferen\u00e7a quando inclu\u00eddos com frequ\u00eancia na alimenta\u00e7\u00e3o. A tabela a seguir resume como cada componente atua e em quais situa\u00e7\u00f5es ele pode ser mais \u00fatil no dia a dia.<\/p>\n\n\n\n<div class=\"google-auto-ads-ignore\" style=\"box-sizing: border-box; display: flex; flex-direction: column; width: 100%; max-width: 850px; margin: 30px auto; background-color: #fff9f5; color: #1f1f1f; border-radius: 12px; overflow: hidden; font-family: 'Segoe UI', Roboto, Helvetica, Arial, sans-serif; box-shadow: 0 4px 15px rgba(0,0,0,0.08); border: 1px solid #ffe8d6; position: relative; z-index: 5;\">\n\n  <div style=\"background-color: #fff1e6; padding: 25px; border-bottom: 3px solid #ff8c00; text-align: center;\">\n    <h2 style=\"margin: 0; color: #d35400; font-size: 1.5rem; line-height: 1.3;\">\ud83e\udde1 O Papel do Mam\u00e3o na Sa\u00fade Digestiva<\/h2>\n    <div style=\"font-size: 0.95rem; margin-top: 8px; color: #6e4d3b; opacity: 0.9;\">Entenda como cada componente auxilia no equil\u00edbrio do sistema gastrointestinal<\/div>\n  <\/div>\n\n  <div style=\"padding: 25px; display: flex; flex-direction: column; gap: 20px;\">\n    \n    <div style=\"overflow-x: auto;\">\n      <table style=\"width: 100%; border-collapse: collapse; background-color: #ffffff; border-radius: 8px; overflow: hidden;\">\n        <thead>\n          <tr style=\"background-color: #ff8c00; color: #ffffff; font-size: 0.9rem;\">\n            <th style=\"padding: 12px; text-align: left; border-bottom: 2px solid #e67e22;\">Componente<\/th>\n            <th style=\"padding: 12px; text-align: left; border-bottom: 2px solid #e67e22;\">Efeito Principal<\/th>\n            <th style=\"padding: 12px; text-align: left; border-bottom: 2px solid #e67e22;\">Quando ajuda<\/th>\n          <\/tr>\n        <\/thead>\n        <tbody style=\"font-size: 0.9rem; line-height: 1.5; color: #4a4a4a;\">\n          <tr style=\"border-bottom: 1px solid #fdf2e9;\">\n            <td style=\"padding: 12px; font-weight: bold; color: #e67e22;\">\ud83c\udf3e Fibras<\/td>\n            <td style=\"padding: 12px;\">Contribui para formar o <strong>bolo fecal<\/strong> e regular o tr\u00e2nsito intestinal.<\/td>\n            <td style=\"padding: 12px; font-size: 0.85rem;\">Pris\u00e3o de ventre leve e dietas pobres em fibras.<\/td>\n          <\/tr>\n          <tr style=\"border-bottom: 1px solid #fdf2e9;\">\n            <td style=\"padding: 12px; font-weight: bold; color: #e67e22;\">\ud83e\uddea Papa\u00edna<\/td>\n            <td style=\"padding: 12px;\">Auxilia na digest\u00e3o de <strong>prote\u00ednas<\/strong> no est\u00f4mago e intestino.<\/td>\n            <td style=\"padding: 12px; font-size: 0.85rem;\">Refei\u00e7\u00f5es com muita carne ou sensa\u00e7\u00e3o de digest\u00e3o lenta.<\/td>\n          <\/tr>\n          <tr style=\"border-bottom: 1px solid #fdf2e9;\">\n            <td style=\"padding: 12px; font-weight: bold; color: #e67e22;\">\ud83d\udca7 \u00c1gua<\/td>\n            <td style=\"padding: 12px;\">Ajuda na hidrata\u00e7\u00e3o e na <strong>maciez<\/strong> das fezes.<\/td>\n            <td style=\"padding: 12px; font-size: 0.85rem;\">Baixa ingest\u00e3o de l\u00edquidos e fezes ressecadas.<\/td>\n          <\/tr>\n          <tr style=\"border-bottom: 1px solid #fdf2e9;\">\n            <td style=\"padding: 12px; font-weight: bold; color: #e67e22;\">\ud83d\udee1\ufe0f Vitaminas<\/td>\n            <td style=\"padding: 12px;\">Carotenoides e Vit. C protegem contra danos <strong>oxidativos<\/strong>.<\/td>\n            <td style=\"padding: 12px; font-size: 0.85rem;\">Suporte \u00e0 integridade da mucosa digestiva.<\/td>\n          <\/tr>\n          <tr>\n            <td style=\"padding: 12px; font-weight: bold; color: #e67e22;\">\u2601\ufe0f Textura<\/td>\n            <td style=\"padding: 12px;\">Facilita a mastiga\u00e7\u00e3o e <strong>degluti\u00e7\u00e3o<\/strong>.<\/td>\n            <td style=\"padding: 12px; font-size: 0.85rem;\">Idosos e crian\u00e7as com dificuldade com alimentos duros.<\/td>\n          <\/tr>\n        <\/tbody>\n      <\/table>\n    <\/div>\n\n    <div style=\"background-color: #f0f9eb; border-radius: 8px; padding: 15px; border: 1px solid #c2e0b8; display: flex; align-items: center; gap: 12px;\">\n      <span style=\"font-size: 1.2rem;\">\ud83d\udca1<\/span>\n      <div style=\"font-size: 0.9rem; color: #3e5c32;\">\n        <strong>Dica Nutricional:<\/strong> O consumo do mam\u00e3o associado a uma boa <strong>hidrata\u00e7\u00e3o<\/strong> potencializa o efeito das fibras na regularidade intestinal.\n      <\/div>\n    <\/div>\n\n  <\/div>\n<\/div>\n\n\n\n<h2 class=\"wp-block-heading\">Quais cuidados ter e quais limites observar no consumo de mam\u00e3o<\/h2>\n\n\n\n<p>Apesar dos benef\u00edcios, exagerar no <b>mam\u00e3o<\/b> pode deixar as fezes mais moles e aumentar o n\u00famero de idas ao banheiro, o que nem sempre \u00e9 desejado. Por isso, \u00e9 melhor come\u00e7ar com por\u00e7\u00f5es pequenas e observar como o corpo reage, ajustando a <b>quantidade<\/b> aos poucos.<\/p>\n\n\n\n<p>Pessoas com alergia ao <b>l\u00e1tex<\/b> ou a algumas frutas tropicais precisam de aten\u00e7\u00e3o, pois podem ter sensibilidade \u00e0 papaia. Gestantes, indiv\u00edduos com doen\u00e7as digestivas espec\u00edficas ou em uso de <b>medicamentos<\/b> que afetam a coagula\u00e7\u00e3o devem conversar com um profissional de sa\u00fade antes de consumir o fruto diariamente em grandes quantidades.<\/p>\n","protected":false},"excerpt":{"rendered":"<p>Quem nunca ouviu algu\u00e9m dizer que \u201c\u00e9 s\u00f3 comer um pedacinho de mam\u00e3o que o intestino come\u00e7a a funcionar melhor\u201d? Esse costume t\u00e3o comum nas casas brasileiras tem fundamento: al\u00e9m de ajudar no banheiro, o mam\u00e3o acompanha todo o processo da digest\u00e3o, desde a mastiga\u00e7\u00e3o at\u00e9 a hora de eliminar o que o corpo n\u00e3o [&hellip;]<\/p>\n","protected":false},"author":9,"featured_media":203068,"comment_status":"open","ping_status":"open","sticky":false,"template":"","format":"standard","meta":{"_yoast_wpseo_focuskw":"principais benef\u00edcios do mam\u00e3o","_yoast_wpseo_title":"","_yoast_wpseo_metadesc":"Fruta macia do dia a dia regula o intestino preso, melhora a digest\u00e3o e deixa o corpo mais leve de forma simples.","jnews-multi-image_gallery":[],"jnews_single_post":{"format":"standard"},"jnews_primary_category":[],"jnews_social_meta":[],"jnews_override_counter":[],"footnotes":""},"categories":[119,4404],"post_tag":[14815,565,8724],"class_list":["post-202711","post","type-post","status-publish","format-standard","has-post-thumbnail","hentry","category-bem-estar","category-saude","tag-beneficios-do-mamao","tag-saude","tag-sistema-digestivo"],"yoast_head":"<!-- This site is optimized with the Yoast SEO plugin v24.6 - https:\/\/yoast.com\/wordpress\/plugins\/seo\/ -->\n<title>Nem banana, nem ma\u00e7\u00e3: essa fruta surpreende ao ajudar o intestino a funcionar melhor e aliviar desconfortos - Correio Braziliense - Radar<\/title>\n<meta name=\"description\" content=\"Fruta macia do dia a dia regula o intestino preso, melhora a digest\u00e3o e deixa o corpo mais leve de forma simples.\" \/>\n<meta name=\"robots\" content=\"index, follow, max-snippet:-1, max-image-preview:large, max-video-preview:-1\" \/>\n<link rel=\"canonical\" href=\"https:\/\/www.correiobraziliense.com.br\/cbradar\/nem-banana-nem-maca-essa-fruta-surpreende-ao-ajudar-o-intestino-a-funcionar-melhor-e-aliviar-desconfortos\/\" \/>\n<meta property=\"og:locale\" content=\"pt_BR\" \/>\n<meta property=\"og:type\" content=\"article\" \/>\n<meta property=\"og:title\" content=\"Nem banana, nem ma\u00e7\u00e3: essa fruta surpreende ao ajudar o intestino a funcionar melhor e aliviar desconfortos - Correio Braziliense - Radar\" \/>\n<meta property=\"og:description\" content=\"Fruta macia do dia a dia regula o intestino preso, melhora a digest\u00e3o e deixa o corpo mais leve de forma simples.\" \/>\n<meta property=\"og:url\" content=\"https:\/\/www.correiobraziliense.com.br\/cbradar\/nem-banana-nem-maca-essa-fruta-surpreende-ao-ajudar-o-intestino-a-funcionar-melhor-e-aliviar-desconfortos\/\" \/>\n<meta property=\"og:site_name\" content=\"Correio Braziliense - Radar\" \/>\n<meta property=\"article:published_time\" content=\"2026-03-05T09:15:51+00:00\" \/>\n<meta property=\"og:image\" content=\"https:\/\/www.correiobraziliense.com.br\/cbradar\/wp-content\/uploads\/2026\/03\/freepik__metade-de-um-mamo-papaia-maduro-aberto-sobre-mesa-__84700.jpeg\" \/>\n\t<meta property=\"og:image:width\" content=\"1280\" \/>\n\t<meta property=\"og:image:height\" content=\"720\" \/>\n\t<meta property=\"og:image:type\" content=\"image\/jpeg\" \/>\n<meta name=\"author\" content=\"Daniely Cardoso\" \/>\n<meta name=\"twitter:card\" content=\"summary_large_image\" \/>\n<meta name=\"twitter:label1\" content=\"Escrito por\" \/>\n\t<meta name=\"twitter:data1\" content=\"Daniely Cardoso\" \/>\n\t<meta name=\"twitter:label2\" content=\"Est. tempo de leitura\" \/>\n\t<meta name=\"twitter:data2\" content=\"5 minutos\" \/>\n<!-- \/ Yoast SEO plugin. -->","yoast_head_json":{"title":"Nem banana, nem ma\u00e7\u00e3: essa fruta surpreende ao ajudar o intestino a funcionar melhor e aliviar desconfortos - Correio Braziliense - Radar","description":"Fruta macia do dia a dia regula o intestino preso, melhora a digest\u00e3o e deixa o corpo mais leve de forma simples.","robots":{"index":"index","follow":"follow","max-snippet":"max-snippet:-1","max-image-preview":"max-image-preview:large","max-video-preview":"max-video-preview:-1"},"canonical":"https:\/\/www.correiobraziliense.com.br\/cbradar\/nem-banana-nem-maca-essa-fruta-surpreende-ao-ajudar-o-intestino-a-funcionar-melhor-e-aliviar-desconfortos\/","og_locale":"pt_BR","og_type":"article","og_title":"Nem banana, nem ma\u00e7\u00e3: essa fruta surpreende ao ajudar o intestino a funcionar melhor e aliviar desconfortos - Correio Braziliense - Radar","og_description":"Fruta macia do dia a dia regula o intestino preso, melhora a digest\u00e3o e deixa o corpo mais leve de forma simples.","og_url":"https:\/\/www.correiobraziliense.com.br\/cbradar\/nem-banana-nem-maca-essa-fruta-surpreende-ao-ajudar-o-intestino-a-funcionar-melhor-e-aliviar-desconfortos\/","og_site_name":"Correio Braziliense - Radar","article_published_time":"2026-03-05T09:15:51+00:00","og_image":[{"width":1280,"height":720,"url":"https:\/\/www.correiobraziliense.com.br\/cbradar\/wp-content\/uploads\/2026\/03\/freepik__metade-de-um-mamo-papaia-maduro-aberto-sobre-mesa-__84700.jpeg","type":"image\/jpeg"}],"author":"Daniely Cardoso","twitter_card":"summary_large_image","twitter_misc":{"Escrito por":"Daniely Cardoso","Est. tempo de leitura":"5 minutos"},"schema":{"@context":"https:\/\/schema.org","@graph":[{"@type":"WebPage","@id":"https:\/\/www.correiobraziliense.com.br\/cbradar\/nem-banana-nem-maca-essa-fruta-surpreende-ao-ajudar-o-intestino-a-funcionar-melhor-e-aliviar-desconfortos\/","url":"https:\/\/www.correiobraziliense.com.br\/cbradar\/nem-banana-nem-maca-essa-fruta-surpreende-ao-ajudar-o-intestino-a-funcionar-melhor-e-aliviar-desconfortos\/","name":"Nem banana, nem ma\u00e7\u00e3: essa fruta surpreende ao ajudar o intestino a funcionar melhor e aliviar desconfortos - Correio Braziliense - Radar","isPartOf":{"@id":"https:\/\/www.correiobraziliense.com.br\/cbradar\/#website"},"primaryImageOfPage":{"@id":"https:\/\/www.correiobraziliense.com.br\/cbradar\/nem-banana-nem-maca-essa-fruta-surpreende-ao-ajudar-o-intestino-a-funcionar-melhor-e-aliviar-desconfortos\/#primaryimage"},"image":{"@id":"https:\/\/www.correiobraziliense.com.br\/cbradar\/nem-banana-nem-maca-essa-fruta-surpreende-ao-ajudar-o-intestino-a-funcionar-melhor-e-aliviar-desconfortos\/#primaryimage"},"thumbnailUrl":"https:\/\/www.correiobraziliense.com.br\/cbradar\/wp-content\/uploads\/2026\/03\/freepik__metade-de-um-mamo-papaia-maduro-aberto-sobre-mesa-__84700.jpeg","datePublished":"2026-03-05T09:15:51+00:00","author":{"@id":"https:\/\/www.correiobraziliense.com.br\/cbradar\/#\/schema\/person\/7356666e12ec0ee53f348ee5db227032"},"description":"Fruta macia do dia a dia regula o intestino preso, melhora a digest\u00e3o e deixa o corpo mais leve de forma simples.","breadcrumb":{"@id":"https:\/\/www.correiobraziliense.com.br\/cbradar\/nem-banana-nem-maca-essa-fruta-surpreende-ao-ajudar-o-intestino-a-funcionar-melhor-e-aliviar-desconfortos\/#breadcrumb"},"inLanguage":"pt-BR","potentialAction":[{"@type":"ReadAction","target":["https:\/\/www.correiobraziliense.com.br\/cbradar\/nem-banana-nem-maca-essa-fruta-surpreende-ao-ajudar-o-intestino-a-funcionar-melhor-e-aliviar-desconfortos\/"]}]},{"@type":"ImageObject","inLanguage":"pt-BR","@id":"https:\/\/www.correiobraziliense.com.br\/cbradar\/nem-banana-nem-maca-essa-fruta-surpreende-ao-ajudar-o-intestino-a-funcionar-melhor-e-aliviar-desconfortos\/#primaryimage","url":"https:\/\/www.correiobraziliense.com.br\/cbradar\/wp-content\/uploads\/2026\/03\/freepik__metade-de-um-mamo-papaia-maduro-aberto-sobre-mesa-__84700.jpeg","contentUrl":"https:\/\/www.correiobraziliense.com.br\/cbradar\/wp-content\/uploads\/2026\/03\/freepik__metade-de-um-mamo-papaia-maduro-aberto-sobre-mesa-__84700.jpeg","width":1280,"height":720,"caption":"O mam\u00e3o \u00e9 uma fruta rica em fibras que ajudam a regular o intestino"},{"@type":"BreadcrumbList","@id":"https:\/\/www.correiobraziliense.com.br\/cbradar\/nem-banana-nem-maca-essa-fruta-surpreende-ao-ajudar-o-intestino-a-funcionar-melhor-e-aliviar-desconfortos\/#breadcrumb","itemListElement":[{"@type":"ListItem","position":1,"name":"In\u00edcio","item":"https:\/\/www.correiobraziliense.com.br\/cbradar\/"},{"@type":"ListItem","position":2,"name":"Nem banana, nem ma\u00e7\u00e3: essa fruta surpreende ao ajudar o intestino a funcionar melhor e aliviar desconfortos"}]},{"@type":"WebSite","@id":"https:\/\/www.correiobraziliense.com.br\/cbradar\/#website","url":"https:\/\/www.correiobraziliense.com.br\/cbradar\/","name":"Correio Braziliense - Radar","description":"Acompanhe as \u00faltimas not\u00edcias e fique bem informado sobre tudo o que acontece no Brasil e no mundo.","potentialAction":[{"@type":"SearchAction","target":{"@type":"EntryPoint","urlTemplate":"https:\/\/www.correiobraziliense.com.br\/cbradar\/?s={search_term_string}"},"query-input":{"@type":"PropertyValueSpecification","valueRequired":true,"valueName":"search_term_string"}}],"inLanguage":"pt-BR"},{"@type":"Person","@id":"https:\/\/www.correiobraziliense.com.br\/cbradar\/#\/schema\/person\/7356666e12ec0ee53f348ee5db227032","name":"Daniely Cardoso","image":{"@type":"ImageObject","inLanguage":"pt-BR","@id":"https:\/\/www.correiobraziliense.com.br\/cbradar\/#\/schema\/person\/image\/","url":"https:\/\/secure.gravatar.com\/avatar\/4b80ddbd124d1f071b626d52d62e5dff?s=96&d=mm&r=g","contentUrl":"https:\/\/secure.gravatar.com\/avatar\/4b80ddbd124d1f071b626d52d62e5dff?s=96&d=mm&r=g","caption":"Daniely Cardoso"},"description":"Redatora nos portais CB Radar e EM Foco, formada pela Universidade Federal de Goi\u00e1s, em Goi\u00e2nia. Apaixonada por comunica\u00e7\u00e3o, arte, decora\u00e7\u00e3o e tend\u00eancias, atuo na produ\u00e7\u00e3o de conte\u00fados envolventes sobre curiosidades, moda, beleza e paisagismo, sempre com um olhar atento \u00e0s novidades do momento.","sameAs":["https:\/\/www.correiobraziliense.com.br\/cbradar"],"url":"https:\/\/www.correiobraziliense.com.br\/cbradar\/author\/danielymyth\/"}]}},"_links":{"self":[{"href":"https:\/\/www.correiobraziliense.com.br\/cbradar\/wp-json\/wp\/v2\/posts\/202711","targetHints":{"allow":["GET"]}}],"collection":[{"href":"https:\/\/www.correiobraziliense.com.br\/cbradar\/wp-json\/wp\/v2\/posts"}],"about":[{"href":"https:\/\/www.correiobraziliense.com.br\/cbradar\/wp-json\/wp\/v2\/types\/post"}],"author":[{"embeddable":true,"href":"https:\/\/www.correiobraziliense.com.br\/cbradar\/wp-json\/wp\/v2\/users\/9"}],"replies":[{"embeddable":true,"href":"https:\/\/www.correiobraziliense.com.br\/cbradar\/wp-json\/wp\/v2\/comments?post=202711"}],"version-history":[{"count":2,"href":"https:\/\/www.correiobraziliense.com.br\/cbradar\/wp-json\/wp\/v2\/posts\/202711\/revisions"}],"predecessor-version":[{"id":202731,"href":"https:\/\/www.correiobraziliense.com.br\/cbradar\/wp-json\/wp\/v2\/posts\/202711\/revisions\/202731"}],"wp:featuredmedia":[{"embeddable":true,"href":"https:\/\/www.correiobraziliense.com.br\/cbradar\/wp-json\/wp\/v2\/media\/203068"}],"wp:attachment":[{"href":"https:\/\/www.correiobraziliense.com.br\/cbradar\/wp-json\/wp\/v2\/media?parent=202711"}],"wp:term":[{"taxonomy":"category","embeddable":true,"href":"https:\/\/www.correiobraziliense.com.br\/cbradar\/wp-json\/wp\/v2\/categories?post=202711"},{"taxonomy":"post_tag","embeddable":true,"href":"https:\/\/www.correiobraziliense.com.br\/cbradar\/wp-json\/wp\/v2\/post_tag?post=202711"}],"curies":[{"name":"wp","href":"https:\/\/api.w.org\/{rel}","templated":true}]}}