{"id":202746,"date":"2026-03-05T08:15:16","date_gmt":"2026-03-05T11:15:16","guid":{"rendered":"https:\/\/www.correiobraziliense.com.br\/cbradar\/?p=202746"},"modified":"2026-03-04T13:23:46","modified_gmt":"2026-03-04T16:23:46","slug":"o-legume-laranja-que-pode-ajudar-na-saude-dos-olhos-e-ainda-ser-plantado-em-casa","status":"publish","type":"post","link":"https:\/\/www.correiobraziliense.com.br\/cbradar\/o-legume-laranja-que-pode-ajudar-na-saude-dos-olhos-e-ainda-ser-plantado-em-casa\/","title":{"rendered":"O legume laranja que pode ajudar na sa\u00fade dos olhos e ainda ser plantado em casa"},"content":{"rendered":"\n<p>Voc\u00ea j\u00e1 reparou como a <b>cenoura<\/b> aparece em saladas, sopas e at\u00e9 bolos, e ao mesmo tempo come\u00e7a a surgir em vasos de varanda e pequenos quintais? Esse <b>legume<\/b> simples, al\u00e9m de fazer parte do dia a dia de muitas fam\u00edlias, pode ser plantado em casa com poucos recursos e ainda contribuir para a <b>sa\u00fade<\/b> dos olhos, trazendo mais autonomia e qualidade para a alimenta\u00e7\u00e3o.<\/p>\n\n\n\n<h2 class=\"wp-block-heading\">Cenoura faz bem para a vis\u00e3o?<\/h2>\n\n\n\n<p>A liga\u00e7\u00e3o entre cenoura e sa\u00fade dos olhos vem principalmente do <b>betacaroteno<\/b>, que o corpo transforma em <b>vitamina A<\/b>. Essa vitamina ajuda na forma\u00e7\u00e3o de <b>pigmentos<\/b> da retina e colabora para que os olhos se adaptem melhor em ambientes com pouca luz, algo importante no dia a dia.<\/p>\n\n\n\n<p>Al\u00e9m disso, a cenoura oferece <b>antioxidantes<\/b> que protegem as c\u00e9lulas oculares contra danos causados pelos <b>radicais livres<\/b>. Consumir cenoura e outros vegetais coloridos ao longo do tempo pode ajudar a reduzir o risco de alguns <b>problemas<\/b> de vis\u00e3o ligados ao envelhecimento, mas n\u00e3o substitui consultas nem tratamentos indicados pelo oftalmologista.<\/p>\n\n\n<div class=\"wp-block-image\">\n<figure class=\"aligncenter size-large\"><img decoding=\"async\" width=\"1024\" height=\"576\" src=\"https:\/\/www.correiobraziliense.com.br\/cbradar\/wp-content\/uploads\/2026\/02\/Gemini_Generated_Image_b6ar15b6ar15b6ar-1-1024x576.png\" alt=\"\" class=\"wp-image-187284\" srcset=\"https:\/\/www.correiobraziliense.com.br\/cbradar\/wp-content\/uploads\/2026\/02\/Gemini_Generated_Image_b6ar15b6ar15b6ar-1-1024x576.png 1024w, https:\/\/www.correiobraziliense.com.br\/cbradar\/wp-content\/uploads\/2026\/02\/Gemini_Generated_Image_b6ar15b6ar15b6ar-1-300x169.png 300w, https:\/\/www.correiobraziliense.com.br\/cbradar\/wp-content\/uploads\/2026\/02\/Gemini_Generated_Image_b6ar15b6ar15b6ar-1-768x432.png 768w, https:\/\/www.correiobraziliense.com.br\/cbradar\/wp-content\/uploads\/2026\/02\/Gemini_Generated_Image_b6ar15b6ar15b6ar-1-750x422.png 750w, https:\/\/www.correiobraziliense.com.br\/cbradar\/wp-content\/uploads\/2026\/02\/Gemini_Generated_Image_b6ar15b6ar15b6ar-1-1140x641.png 1140w, https:\/\/www.correiobraziliense.com.br\/cbradar\/wp-content\/uploads\/2026\/02\/Gemini_Generated_Image_b6ar15b6ar15b6ar-1.png 1280w\" sizes=\"(max-width: 1024px) 100vw, 1024px\" \/><figcaption class=\"wp-element-caption\">A principal caracter\u00edstica da cenoura \u00e9 sua elevada concentra\u00e7\u00e3o de betacaroteno<\/figcaption><\/figure><\/div>\n\n\n<p>Leia tamb\u00e9m:&nbsp;<a href=\"https:\/\/www.correiobraziliense.com.br\/cbradar\/essa-erva-facil-de-plantar-ganhou-fama-por-ajudar-a-memoria-e-a-circulacao\/\" target=\"_blank\" rel=\"noopener\">Essa erva f\u00e1cil de plantar ganhou fama por ajudar a mem\u00f3ria e a circula\u00e7\u00e3o<\/a><\/p>\n\n\n\n<h2 class=\"wp-block-heading\">Como aproveitar a cenoura no dia a dia?<\/h2>\n\n\n\n<p>No prato, a <b>cenoura<\/b> combina com quase tudo: pode ser comida crua, ralada na salada, cozida, assada, em sopas, sucos e at\u00e9 em pur\u00eas. M\u00e9todos de preparo <b>r\u00e1pidos<\/b>, com pouco uso de \u00e1gua, costumam preservar melhor os <b>nutrientes<\/b>, mantendo cor e sabor mais intensos.<\/p>\n\n\n\n<p>Quando a cenoura \u00e9 consumida com fontes de <b>gordura<\/b> boa, como azeite, abacate ou sementes, o corpo aproveita melhor os <b>caroten\u00f3ides<\/b>. Em receitas simples, como legumes salteados ou assados, esse detalhe j\u00e1 faz diferen\u00e7a na <b>absor\u00e7\u00e3o<\/b> dos nutrientes.<\/p>\n\n\n\n<h2 class=\"wp-block-heading\">Como come\u00e7ar a plantar cenoura em casa passo a passo<\/h2>\n\n\n\n<p>Para ter cenouras bem <b>formadas<\/b>, \u00e9 importante cuidar do recipiente, do solo, do espa\u00e7amento e da rega. A <b>raiz<\/b> precisa de espa\u00e7o para se desenvolver, por isso o vaso ou canteiro deve ser fundo e com terra bem solta, sem obst\u00e1culos como pedras ou <b>torr\u00f5es<\/b>.<\/p>\n\n\n\n<ol class=\"wp-block-list\">\n<li><strong>Escolha do local e do recipiente<\/strong><br>O <b>cultivo<\/b> pode ser feito em vasos, baldes furados, caixas resistentes ou canteiros elevados. A profundidade m\u00ednima recomendada \u00e9 de 25 a 30 cent\u00edmetros. O local deve receber <b>luz<\/b> solar direta por algumas horas ao dia para formar ra\u00edzes mais <b>fortes<\/b>.<\/li>\n\n\n\n<li><strong>Prepara\u00e7\u00e3o do solo<\/strong><br>A cenoura prefere solo <b>fofo<\/b>, bem drenado e rico em mat\u00e9ria org\u00e2nica. Uma mistura simples pode incluir <b>terra<\/b>, composto org\u00e2nico e areia lavada. Pedras, torr\u00f5es grandes e ra\u00edzes de outras plantas devem ser retirados para evitar cenouras <b>tortas<\/b>.<\/li>\n\n\n\n<li><strong>Semeadura correta<\/strong><br>As <b>sementes<\/b> podem ser lan\u00e7adas diretamente no vaso ou canteiro, em sulcos rasos de 0,5 a 1 cent\u00edmetro. Depois, basta cobrir levemente com <b>terra peneirada<\/b> e manter o solo <b>\u00famido<\/b>, mas sem encharcar.<\/li>\n\n\n\n<li><strong>Cuidados com rega e desbaste<\/strong><br>Na fase de <b>germina\u00e7\u00e3o<\/b>, o ideal \u00e9 fazer regas leves e frequentes, mantendo o substrato \u00famido. Quando surgirem as primeiras <b>folhas<\/b>, \u00e9 hora do <b>desbaste<\/b>, deixando cerca de 3 a 5 cent\u00edmetros entre as plantas para que as ra\u00edzes cres\u00e7am bem.<\/li>\n\n\n\n<li><strong>Tempo de desenvolvimento e colheita<\/strong><br>Dependendo da variedade, a cenoura leva de 70 a 100 dias para ser <b>colhida<\/b>. Observe o di\u00e2metro da <b>raiz<\/b> pr\u00f3ximo \u00e0 superf\u00edcie do solo e, ao atingir o tamanho desejado, puxe a planta pela base das <b>folhas<\/b> com cuidado para n\u00e3o quebrar.<\/li>\n<\/ol>\n\n\n\n<p>Se voc\u00ea gosta de cultivo, separamos esse v\u00eddeo do canal <a href=\"https:\/\/www.youtube.com\/@PlanteeCozinhe\" target=\"_blank\" rel=\"noreferrer noopener\">Plante e Cozinhe<\/a> ensinando a plantar cenoura em casa:<\/p>\n\n\n\n<figure class=\"wp-block-embed is-type-video is-provider-youtube wp-block-embed-youtube wp-embed-aspect-16-9 wp-has-aspect-ratio\"><div class=\"wp-block-embed__wrapper\">\n<div class=\"jeg_video_container jeg_video_content\"><iframe loading=\"lazy\" title=\"COMO PLANTAR CENOURA ORG\u00c2NICA NA HORTA DE CASA DA FORMA CERTA. COMPLETO: DO PLANTIO A COLHEITA Ep76\" width=\"500\" height=\"281\" src=\"https:\/\/www.youtube.com\/embed\/Ma9mjrhEnfY?start=6&#038;feature=oembed\" frameborder=\"0\" allow=\"accelerometer; autoplay; clipboard-write; encrypted-media; gyroscope; picture-in-picture; web-share\" referrerpolicy=\"strict-origin-when-cross-origin\" allowfullscreen><\/iframe><\/div>\n<\/div><\/figure>\n\n\n\n<h2 class=\"wp-block-heading\">Quais cuidados mant\u00eam a cenoura saud\u00e1vel e gostosa por mais tempo?<\/h2>\n\n\n\n<p>Durante o cultivo, podem surgir <b>pragas<\/b>, doen\u00e7as ou falhas no desenvolvimento das ra\u00edzes, mas em hortas caseiras muitas vezes \u00e9 poss\u00edvel resolver com medidas simples. A <b>rota\u00e7\u00e3o<\/b> de culturas, a cobertura do solo com palha e a observa\u00e7\u00e3o frequente das plantas ajudam a identificar <b>problemas<\/b> cedo e reduzem a necessidade de produtos qu\u00edmicos.<\/p>\n\n\n\n<p>Depois de colhidas, as cenouras podem ser guardadas em local <b>fresco<\/b> e ventilado ou na geladeira, de prefer\u00eancia com as <b>folhas<\/b> separadas para evitar perda de \u00e1gua. As ra\u00edzes duram mais quando bem <b>acondicionadas<\/b>, e as folhas podem ser usadas logo em seguida em receitas variadas, aproveitando ao m\u00e1ximo tudo o que o cultivo dom\u00e9stico oferece.<\/p>\n","protected":false},"excerpt":{"rendered":"<p>Voc\u00ea j\u00e1 reparou como a cenoura aparece em saladas, sopas e at\u00e9 bolos, e ao mesmo tempo come\u00e7a a surgir em vasos de varanda e pequenos quintais? Esse legume simples, al\u00e9m de fazer parte do dia a dia de muitas fam\u00edlias, pode ser plantado em casa com poucos recursos e ainda contribuir para a sa\u00fade [&hellip;]<\/p>\n","protected":false},"author":9,"featured_media":203066,"comment_status":"open","ping_status":"open","sticky":false,"template":"","format":"standard","meta":{"_yoast_wpseo_focuskw":"plantar cenoura em casa","_yoast_wpseo_title":"","_yoast_wpseo_metadesc":"Legume rico em betacaroteno que pode apoiar a sa\u00fade dos olhos e ainda ser cultivado em casa com poucos recursos.","jnews-multi-image_gallery":[],"jnews_single_post":{"format":"standard"},"jnews_primary_category":[],"jnews_social_meta":[],"jnews_override_counter":[],"footnotes":""},"categories":[119,136],"tags":[1441,4651,11560],"class_list":["post-202746","post","type-post","status-publish","format-standard","has-post-thumbnail","hentry","category-bem-estar","category-jardinagem","tag-cenoura","tag-cultivo-de-cenoura","tag-plantar-cenoura"],"yoast_head":"<!-- This site is optimized with the Yoast SEO plugin v24.6 - https:\/\/yoast.com\/wordpress\/plugins\/seo\/ -->\n<title>O legume laranja que pode ajudar na sa\u00fade dos olhos e ainda ser plantado em casa - Correio Braziliense - Radar<\/title>\n<meta name=\"description\" content=\"Legume rico em betacaroteno que pode apoiar a sa\u00fade dos olhos e ainda ser cultivado em casa com poucos recursos.\" \/>\n<meta name=\"robots\" content=\"index, follow, max-snippet:-1, max-image-preview:large, max-video-preview:-1\" \/>\n<link rel=\"canonical\" href=\"https:\/\/www.correiobraziliense.com.br\/cbradar\/o-legume-laranja-que-pode-ajudar-na-saude-dos-olhos-e-ainda-ser-plantado-em-casa\/\" \/>\n<meta property=\"og:locale\" content=\"pt_BR\" \/>\n<meta property=\"og:type\" content=\"article\" \/>\n<meta property=\"og:title\" content=\"O legume laranja que pode ajudar na sa\u00fade dos olhos e ainda ser plantado em casa - Correio Braziliense - Radar\" \/>\n<meta property=\"og:description\" content=\"Legume rico em betacaroteno que pode apoiar a sa\u00fade dos olhos e ainda ser cultivado em casa com poucos recursos.\" \/>\n<meta property=\"og:url\" content=\"https:\/\/www.correiobraziliense.com.br\/cbradar\/o-legume-laranja-que-pode-ajudar-na-saude-dos-olhos-e-ainda-ser-plantado-em-casa\/\" \/>\n<meta property=\"og:site_name\" content=\"Correio Braziliense - Radar\" \/>\n<meta property=\"article:published_time\" content=\"2026-03-05T11:15:16+00:00\" \/>\n<meta property=\"og:image\" content=\"https:\/\/www.correiobraziliense.com.br\/cbradar\/wp-content\/uploads\/2026\/03\/freepik__cenoura-recmcolhida-sendo-puxada-pela-base-das-fol__84703.jpeg\" \/>\n\t<meta property=\"og:image:width\" content=\"1280\" \/>\n\t<meta property=\"og:image:height\" content=\"720\" \/>\n\t<meta property=\"og:image:type\" content=\"image\/jpeg\" \/>\n<meta name=\"author\" content=\"Daniely Cardoso\" \/>\n<meta name=\"twitter:card\" content=\"summary_large_image\" \/>\n<meta name=\"twitter:label1\" content=\"Escrito por\" \/>\n\t<meta name=\"twitter:data1\" content=\"Daniely Cardoso\" \/>\n\t<meta name=\"twitter:label2\" content=\"Est. tempo de leitura\" \/>\n\t<meta name=\"twitter:data2\" content=\"5 minutos\" \/>\n<!-- \/ Yoast SEO plugin. -->","yoast_head_json":{"title":"O legume laranja que pode ajudar na sa\u00fade dos olhos e ainda ser plantado em casa - Correio Braziliense - Radar","description":"Legume rico em betacaroteno que pode apoiar a sa\u00fade dos olhos e ainda ser cultivado em casa com poucos recursos.","robots":{"index":"index","follow":"follow","max-snippet":"max-snippet:-1","max-image-preview":"max-image-preview:large","max-video-preview":"max-video-preview:-1"},"canonical":"https:\/\/www.correiobraziliense.com.br\/cbradar\/o-legume-laranja-que-pode-ajudar-na-saude-dos-olhos-e-ainda-ser-plantado-em-casa\/","og_locale":"pt_BR","og_type":"article","og_title":"O legume laranja que pode ajudar na sa\u00fade dos olhos e ainda ser plantado em casa - Correio Braziliense - Radar","og_description":"Legume rico em betacaroteno que pode apoiar a sa\u00fade dos olhos e ainda ser cultivado em casa com poucos recursos.","og_url":"https:\/\/www.correiobraziliense.com.br\/cbradar\/o-legume-laranja-que-pode-ajudar-na-saude-dos-olhos-e-ainda-ser-plantado-em-casa\/","og_site_name":"Correio Braziliense - Radar","article_published_time":"2026-03-05T11:15:16+00:00","og_image":[{"width":1280,"height":720,"url":"https:\/\/www.correiobraziliense.com.br\/cbradar\/wp-content\/uploads\/2026\/03\/freepik__cenoura-recmcolhida-sendo-puxada-pela-base-das-fol__84703.jpeg","type":"image\/jpeg"}],"author":"Daniely Cardoso","twitter_card":"summary_large_image","twitter_misc":{"Escrito por":"Daniely Cardoso","Est. tempo de leitura":"5 minutos"},"schema":{"@context":"https:\/\/schema.org","@graph":[{"@type":"WebPage","@id":"https:\/\/www.correiobraziliense.com.br\/cbradar\/o-legume-laranja-que-pode-ajudar-na-saude-dos-olhos-e-ainda-ser-plantado-em-casa\/","url":"https:\/\/www.correiobraziliense.com.br\/cbradar\/o-legume-laranja-que-pode-ajudar-na-saude-dos-olhos-e-ainda-ser-plantado-em-casa\/","name":"O legume laranja que pode ajudar na sa\u00fade dos olhos e ainda ser plantado em casa - Correio Braziliense - Radar","isPartOf":{"@id":"https:\/\/www.correiobraziliense.com.br\/cbradar\/#website"},"primaryImageOfPage":{"@id":"https:\/\/www.correiobraziliense.com.br\/cbradar\/o-legume-laranja-que-pode-ajudar-na-saude-dos-olhos-e-ainda-ser-plantado-em-casa\/#primaryimage"},"image":{"@id":"https:\/\/www.correiobraziliense.com.br\/cbradar\/o-legume-laranja-que-pode-ajudar-na-saude-dos-olhos-e-ainda-ser-plantado-em-casa\/#primaryimage"},"thumbnailUrl":"https:\/\/www.correiobraziliense.com.br\/cbradar\/wp-content\/uploads\/2026\/03\/freepik__cenoura-recmcolhida-sendo-puxada-pela-base-das-fol__84703.jpeg","datePublished":"2026-03-05T11:15:16+00:00","author":{"@id":"https:\/\/www.correiobraziliense.com.br\/cbradar\/#\/schema\/person\/7356666e12ec0ee53f348ee5db227032"},"description":"Legume rico em betacaroteno que pode apoiar a sa\u00fade dos olhos e ainda ser cultivado em casa com poucos recursos.","breadcrumb":{"@id":"https:\/\/www.correiobraziliense.com.br\/cbradar\/o-legume-laranja-que-pode-ajudar-na-saude-dos-olhos-e-ainda-ser-plantado-em-casa\/#breadcrumb"},"inLanguage":"pt-BR","potentialAction":[{"@type":"ReadAction","target":["https:\/\/www.correiobraziliense.com.br\/cbradar\/o-legume-laranja-que-pode-ajudar-na-saude-dos-olhos-e-ainda-ser-plantado-em-casa\/"]}]},{"@type":"ImageObject","inLanguage":"pt-BR","@id":"https:\/\/www.correiobraziliense.com.br\/cbradar\/o-legume-laranja-que-pode-ajudar-na-saude-dos-olhos-e-ainda-ser-plantado-em-casa\/#primaryimage","url":"https:\/\/www.correiobraziliense.com.br\/cbradar\/wp-content\/uploads\/2026\/03\/freepik__cenoura-recmcolhida-sendo-puxada-pela-base-das-fol__84703.jpeg","contentUrl":"https:\/\/www.correiobraziliense.com.br\/cbradar\/wp-content\/uploads\/2026\/03\/freepik__cenoura-recmcolhida-sendo-puxada-pela-base-das-fol__84703.jpeg","width":1280,"height":720,"caption":"A cenoura \u00e9 rica em betacaroteno que o corpo transforma em vitamina A importante para a vis\u00e3o"},{"@type":"BreadcrumbList","@id":"https:\/\/www.correiobraziliense.com.br\/cbradar\/o-legume-laranja-que-pode-ajudar-na-saude-dos-olhos-e-ainda-ser-plantado-em-casa\/#breadcrumb","itemListElement":[{"@type":"ListItem","position":1,"name":"In\u00edcio","item":"https:\/\/www.correiobraziliense.com.br\/cbradar\/"},{"@type":"ListItem","position":2,"name":"O legume laranja que pode ajudar na sa\u00fade dos olhos e ainda ser plantado em casa"}]},{"@type":"WebSite","@id":"https:\/\/www.correiobraziliense.com.br\/cbradar\/#website","url":"https:\/\/www.correiobraziliense.com.br\/cbradar\/","name":"Correio Braziliense - Radar","description":"Acompanhe as \u00faltimas not\u00edcias e fique bem informado sobre tudo o que acontece no Brasil e no mundo.","potentialAction":[{"@type":"SearchAction","target":{"@type":"EntryPoint","urlTemplate":"https:\/\/www.correiobraziliense.com.br\/cbradar\/?s={search_term_string}"},"query-input":{"@type":"PropertyValueSpecification","valueRequired":true,"valueName":"search_term_string"}}],"inLanguage":"pt-BR"},{"@type":"Person","@id":"https:\/\/www.correiobraziliense.com.br\/cbradar\/#\/schema\/person\/7356666e12ec0ee53f348ee5db227032","name":"Daniely Cardoso","image":{"@type":"ImageObject","inLanguage":"pt-BR","@id":"https:\/\/www.correiobraziliense.com.br\/cbradar\/#\/schema\/person\/image\/","url":"https:\/\/secure.gravatar.com\/avatar\/4b80ddbd124d1f071b626d52d62e5dff?s=96&d=mm&r=g","contentUrl":"https:\/\/secure.gravatar.com\/avatar\/4b80ddbd124d1f071b626d52d62e5dff?s=96&d=mm&r=g","caption":"Daniely Cardoso"},"description":"Redatora nos portais CB Radar e EM Foco, formada pela Universidade Federal de Goi\u00e1s, em Goi\u00e2nia. Apaixonada por comunica\u00e7\u00e3o, arte, decora\u00e7\u00e3o e tend\u00eancias, atuo na produ\u00e7\u00e3o de conte\u00fados envolventes sobre curiosidades, moda, beleza e paisagismo, sempre com um olhar atento \u00e0s novidades do momento.","sameAs":["https:\/\/www.correiobraziliense.com.br\/cbradar"],"url":"https:\/\/www.correiobraziliense.com.br\/cbradar\/author\/danielymyth\/"}]}},"_links":{"self":[{"href":"https:\/\/www.correiobraziliense.com.br\/cbradar\/wp-json\/wp\/v2\/posts\/202746","targetHints":{"allow":["GET"]}}],"collection":[{"href":"https:\/\/www.correiobraziliense.com.br\/cbradar\/wp-json\/wp\/v2\/posts"}],"about":[{"href":"https:\/\/www.correiobraziliense.com.br\/cbradar\/wp-json\/wp\/v2\/types\/post"}],"author":[{"embeddable":true,"href":"https:\/\/www.correiobraziliense.com.br\/cbradar\/wp-json\/wp\/v2\/users\/9"}],"replies":[{"embeddable":true,"href":"https:\/\/www.correiobraziliense.com.br\/cbradar\/wp-json\/wp\/v2\/comments?post=202746"}],"version-history":[{"count":2,"href":"https:\/\/www.correiobraziliense.com.br\/cbradar\/wp-json\/wp\/v2\/posts\/202746\/revisions"}],"predecessor-version":[{"id":202758,"href":"https:\/\/www.correiobraziliense.com.br\/cbradar\/wp-json\/wp\/v2\/posts\/202746\/revisions\/202758"}],"wp:featuredmedia":[{"embeddable":true,"href":"https:\/\/www.correiobraziliense.com.br\/cbradar\/wp-json\/wp\/v2\/media\/203066"}],"wp:attachment":[{"href":"https:\/\/www.correiobraziliense.com.br\/cbradar\/wp-json\/wp\/v2\/media?parent=202746"}],"wp:term":[{"taxonomy":"category","embeddable":true,"href":"https:\/\/www.correiobraziliense.com.br\/cbradar\/wp-json\/wp\/v2\/categories?post=202746"},{"taxonomy":"post_tag","embeddable":true,"href":"https:\/\/www.correiobraziliense.com.br\/cbradar\/wp-json\/wp\/v2\/tags?post=202746"}],"curies":[{"name":"wp","href":"https:\/\/api.w.org\/{rel}","templated":true}]}}