{"id":202748,"date":"2026-03-13T14:25:27","date_gmt":"2026-03-13T17:25:27","guid":{"rendered":"https:\/\/www.correiobraziliense.com.br\/cbradar\/?p=202748"},"modified":"2026-03-12T15:00:12","modified_gmt":"2026-03-12T18:00:12","slug":"a-trepadeira-resistente-que-virou-aliada-de-quem-quer-mais-proteina-sem-gastar-muito","status":"publish","type":"post","link":"https:\/\/www.correiobraziliense.com.br\/cbradar\/a-trepadeira-resistente-que-virou-aliada-de-quem-quer-mais-proteina-sem-gastar-muito\/","title":{"rendered":"A trepadeira resistente que virou aliada de quem quer mais prote\u00edna sem gastar muito"},"content":{"rendered":"\n<p>Talvez voc\u00ea j\u00e1 tenha ouvido um vizinho comentar sobre <b>\u201ca tal carne verde\u201d<\/b> do quintal ou visto uma trepadeira cheia de folhinhas <b>suculentas<\/b> em alguma cerca. Esse \u00e9 o ora-pro-n\u00f3bis, uma planta simples, f\u00e1cil de cuidar e que vem conquistando espa\u00e7o em hortas <b>urbanas<\/b>, varandas e pequenos quintais, tanto pelo seu valor nutricional quanto pela ideia de ter um alimento forte e saud\u00e1vel crescendo em casa.<\/p>\n\n\n\n<h2 class=\"wp-block-heading\">Ora-pro-n\u00f3bis \u00e9 uma prote\u00edna vegetal acess\u00edvel e nutritiva<\/h2>\n\n\n\n<p>Nos \u00faltimos anos, o ora-pro-n\u00f3bis deixou de ser <b>\u201csegredo\u201d<\/b> de algumas regi\u00f5es de Minas Gerais e passou a aparecer em feiras, viveiros e grupos de <b>agricultura dom\u00e9stica<\/b>. Cada vez mais pessoas se interessam por ele por ser r\u00fastico, resistente e se adaptar bem a diferentes <b>climas<\/b>, inclusive em cidades grandes.<\/p>\n\n\n\n<p>Chamado de <b>\u201ccarne verde\u201d<\/b> por muita gente, o ora-pro-n\u00f3bis \u00e9 rico em prote\u00edna na folha seca, al\u00e9m de ter <b>fibras<\/b>, ferro, c\u00e1lcio e outras vitaminas e minerais. Isso n\u00e3o significa que ele substitua totalmente a <b>carne<\/b>, mas ajuda a complementar a alimenta\u00e7\u00e3o, especialmente para quem quer reduzir produtos de origem animal sem gastar muito.<\/p>\n\n\n<div class=\"wp-block-image\">\n<figure class=\"aligncenter size-large\"><img decoding=\"async\" width=\"1024\" height=\"576\" src=\"https:\/\/www.correiobraziliense.com.br\/cbradar\/wp-content\/uploads\/2025\/12\/Gemini_Generated_Image_h5ctoh5ctoh5ctoh-1-1024x576.png\" alt=\"\" class=\"wp-image-149881\" srcset=\"https:\/\/www.correiobraziliense.com.br\/cbradar\/wp-content\/uploads\/2025\/12\/Gemini_Generated_Image_h5ctoh5ctoh5ctoh-1-1024x576.png 1024w, https:\/\/www.correiobraziliense.com.br\/cbradar\/wp-content\/uploads\/2025\/12\/Gemini_Generated_Image_h5ctoh5ctoh5ctoh-1-300x169.png 300w, https:\/\/www.correiobraziliense.com.br\/cbradar\/wp-content\/uploads\/2025\/12\/Gemini_Generated_Image_h5ctoh5ctoh5ctoh-1-768x432.png 768w, https:\/\/www.correiobraziliense.com.br\/cbradar\/wp-content\/uploads\/2025\/12\/Gemini_Generated_Image_h5ctoh5ctoh5ctoh-1-750x422.png 750w, https:\/\/www.correiobraziliense.com.br\/cbradar\/wp-content\/uploads\/2025\/12\/Gemini_Generated_Image_h5ctoh5ctoh5ctoh-1-1140x641.png 1140w, https:\/\/www.correiobraziliense.com.br\/cbradar\/wp-content\/uploads\/2025\/12\/Gemini_Generated_Image_h5ctoh5ctoh5ctoh-1.png 1280w\" sizes=\"(max-width: 1024px) 100vw, 1024px\" \/><figcaption class=\"wp-element-caption\">O m\u00e9todo simples e pr\u00e1tico de como plantar ora-pro-n\u00f3bis em vasos ou quintais<\/figcaption><\/figure><\/div>\n\n\n<p>Leia tamb\u00e9m:&nbsp;<a href=\"https:\/\/www.correiobraziliense.com.br\/cbradar\/essa-erva-facil-de-plantar-ganhou-fama-por-ajudar-a-memoria-e-a-circulacao\/\" target=\"_blank\" rel=\"noopener\">Essa erva f\u00e1cil de plantar ganhou fama por ajudar a mem\u00f3ria e a circula\u00e7\u00e3o<\/a><\/p>\n\n\n\n<h2 class=\"wp-block-heading\">Como o ora-pro-n\u00f3bis ajuda na imunidade do dia a dia<\/h2>\n\n\n\n<p>A rela\u00e7\u00e3o entre ora-pro-n\u00f3bis e <b>imunidade<\/b> n\u00e3o \u00e9 m\u00e1gica, mas tem fundamento: prote\u00ednas, <b>vitaminas<\/b>, minerais e antioxidantes presentes na planta colaboram para o bom funcionamento do corpo. Quando ele entra em uma refei\u00e7\u00e3o equilibrada, ajuda a criar um <b>\u201ccen\u00e1rio\u201d<\/b> mais favor\u00e1vel para o sistema imunol\u00f3gico trabalhar bem.<\/p>\n\n\n\n<p>As <b>fibras<\/b> tamb\u00e9m t\u00eam papel importante, porque contribuem para o intestino funcionar melhor, o que se liga diretamente \u00e0 sa\u00fade da <b>microbiota intestinal<\/b>. Um intestino em equil\u00edbrio costuma responder melhor a <b>infec\u00e7\u00f5es<\/b>, e o consumo regular da planta, dentro de um estilo de vida saud\u00e1vel, pode somar nesse cuidado geral com a sa\u00fade.<\/p>\n\n\n\n<h2 class=\"wp-block-heading\">Quais s\u00e3o os principais benef\u00edcios do ora-pro-n\u00f3bis<\/h2>\n\n\n\n<p>Para ficar mais claro como essa planta pode entrar na rotina, vale olhar com calma as fun\u00e7\u00f5es b\u00e1sicas dos <b>nutrientes<\/b> que ela oferece. A combina\u00e7\u00e3o de prote\u00edna, fibras e <b>micronutrientes<\/b> faz do ora-pro-n\u00f3bis um bom aliado para quem busca uma alimenta\u00e7\u00e3o mais <b>natural<\/b> e variada.<\/p>\n\n\n\n<p>A lista abaixo resume de forma simples como cada componente pode contribuir no dia a dia, sem promessas <b>exageradas<\/b> ou efeitos milagrosos:<\/p>\n\n\n\n<ul class=\"wp-block-list\">\n<li><strong>Prote\u00edna vegetal:<\/strong> ajuda na <b>renova\u00e7\u00e3o<\/b> de tecidos e na manuten\u00e7\u00e3o de <b>m\u00fasculos<\/b>, pele e cabelos.<\/li>\n\n\n\n<li><strong>Fibras:<\/strong> colaboram para o tr\u00e2nsito <b>intestinal<\/b> e para uma microbiota mais <b>equilibrada<\/b>.<\/li>\n\n\n\n<li><strong>Vitaminas e minerais:<\/strong> participam de rea\u00e7\u00f5es importantes do <b>metabolismo<\/b> e dos processos de <b>defesa<\/b>.<\/li>\n\n\n\n<li><strong>Antioxidantes:<\/strong> auxiliam a reduzir danos causados pelo <b>estresse oxidativo<\/b> nas c\u00e9lulas, contribuindo para um envelhecimento mais <b>saud\u00e1vel<\/b>.<\/li>\n<\/ul>\n\n\n\n<p>Se voc\u00ea gosta de cultivo, separamos esse v\u00eddeo do canal <a href=\"https:\/\/www.youtube.com\/@PlanteeCozinhe\" target=\"_blank\" rel=\"noreferrer noopener\">Plante e Cozinhe<\/a> ensinando a plantar em casa:<\/p>\n\n\n\n<figure class=\"wp-block-embed is-type-video is-provider-youtube wp-block-embed-youtube wp-embed-aspect-16-9 wp-has-aspect-ratio\"><div class=\"wp-block-embed__wrapper\">\n<div class=\"jeg_video_container jeg_video_content\"><iframe loading=\"lazy\" title=\"ORA-PRO-N\u00d3BIS EM VASO: COMO PLANTAR E FAZ\u00ca-LA FICAR VERDINHA! CINCO DICAS INCR\u00cdVEIS (Ep115)\" width=\"500\" height=\"281\" src=\"https:\/\/www.youtube.com\/embed\/HFZ5YoaiTts?feature=oembed\" frameborder=\"0\" allow=\"accelerometer; autoplay; clipboard-write; encrypted-media; gyroscope; picture-in-picture; web-share\" referrerpolicy=\"strict-origin-when-cross-origin\" allowfullscreen><\/iframe><\/div>\n<\/div><\/figure>\n\n\n\n<h2 class=\"wp-block-heading\">Como plantar ora-pro-n\u00f3bis em casa com pouco espa\u00e7o<\/h2>\n\n\n\n<p>O cultivo do ora-pro-n\u00f3bis \u00e9 simples e costuma animar quem est\u00e1 come\u00e7ando na <b>horta<\/b>. Ele \u00e9 uma trepadeira perene, cresce r\u00e1pido, gosta de clima <b>quente<\/b> e \u00famido, mas tolera bem varia\u00e7\u00f5es, desde que tenha solo bem drenado e algumas horas de <b>sol<\/b> direto por dia, mesmo que seja numa varanda.<\/p>\n\n\n\n<p>Voc\u00ea pode come\u00e7ar a partir de <b>estacas<\/b>, que s\u00e3o peda\u00e7os de galho saud\u00e1vel, ou comprando mudas prontas em <b>feiras<\/b> e viveiros. As estacas enra\u00edzam com facilidade em terra solta, rica em <b>mat\u00e9ria org\u00e2nica<\/b>, e solo \u00famido nas primeiras semanas, at\u00e9 a planta se firmar e come\u00e7ar a brotar com for\u00e7a.<\/p>\n\n\n\n<h2 class=\"wp-block-heading\">Quais s\u00e3o os passos b\u00e1sicos para o plantio do ora-pro-n\u00f3bis<\/h2>\n\n\n\n<p>Mesmo sendo uma planta <b>r\u00fastica<\/b>, seguir alguns passos simples no in\u00edcio ajuda muito no desenvolvimento. Pense em oferecer um <b>\u201cber\u00e7o\u201d<\/b> confort\u00e1vel para a muda pegar bem e depois crescer praticamente <b>sozinha<\/b>, com poucos cuidados.<\/p>\n\n\n\n<div class=\"google-auto-ads-ignore\" style=\"box-sizing: border-box; display: flex; flex-direction: column; width: 100%; max-width: 800px; margin: 30px auto; background-color: #fdfdfb; color: #2d3436; border-radius: 12px; overflow: hidden; font-family: 'Segoe UI', Roboto, Helvetica, Arial, sans-serif; box-shadow: 0 4px 15px rgba(0,0,0,0.08); border: 1px solid #e0e4cc; position: relative; z-index: 5;\">\n\n  <div style=\"background-color: #f1f5e1; padding: 25px; border-bottom: 3px solid #8eb021; text-align: center;\">\n    <h2 style=\"margin: 0; color: #4b5d16; font-size: 1.5rem; line-height: 1.3;\">\ud83c\udf31 Guia Pr\u00e1tico de Plantio e Cultivo<\/h2>\n    <div style=\"font-size: 0.95rem; margin-top: 8px; color: #6a7f25; opacity: 0.9;\">Passo a passo para garantir o desenvolvimento saud\u00e1vel da sua trepadeira<\/div>\n  <\/div>\n\n  <div style=\"padding: 25px; display: flex; flex-direction: column; gap: 15px;\">\n    \n    <div style=\"display: flex; gap: 15px; align-items: flex-start; background: #ffffff; padding: 15px; border-radius: 8px; border: 1px solid #edf2d0;\">\n      <div style=\"background: #8eb021; color: #ffffff; font-weight: bold; min-width: 30px; height: 30px; border-radius: 50%; display: flex; align-items: center; justify-content: center; font-size: 0.9rem;\">1<\/div>\n      <div style=\"font-size: 0.95rem; line-height: 1.5;\">\n        <strong>Escolha das estacas ou mudas:<\/strong> selecione ramos <strong>firmes<\/strong>, verdes e sem sinais de <strong>pragas<\/strong> ou doen\u00e7as.\n      <\/div>\n    <\/div>\n\n    <div style=\"display: flex; gap: 15px; align-items: flex-start; background: #ffffff; padding: 15px; border-radius: 8px; border: 1px solid #edf2d0;\">\n      <div style=\"background: #8eb021; color: #ffffff; font-weight: bold; min-width: 30px; height: 30px; border-radius: 50%; display: flex; align-items: center; justify-content: center; font-size: 0.9rem;\">2<\/div>\n      <div style=\"font-size: 0.95rem; line-height: 1.5;\">\n        <strong>Prepara\u00e7\u00e3o do solo:<\/strong> use terra <strong>fofa<\/strong>, com composto org\u00e2nico, e boa <strong>drenagem<\/strong> para evitar encharcamento.\n      <\/div>\n    <\/div>\n\n    <div style=\"display: flex; gap: 15px; align-items: flex-start; background: #ffffff; padding: 15px; border-radius: 8px; border: 1px solid #edf2d0;\">\n      <div style=\"background: #8eb021; color: #ffffff; font-weight: bold; min-width: 30px; height: 30px; border-radius: 50%; display: flex; align-items: center; justify-content: center; font-size: 0.9rem;\">3<\/div>\n      <div style=\"font-size: 0.95rem; line-height: 1.5;\">\n        <strong>Plantio:<\/strong> enterre parte da estaca ou a <strong>muda<\/strong> e aperte levemente o <strong>solo<\/strong> ao redor para firmar.\n      <\/div>\n    <\/div>\n\n    <div style=\"display: flex; gap: 15px; align-items: flex-start; background: #ffffff; padding: 15px; border-radius: 8px; border: 1px solid #edf2d0;\">\n      <div style=\"background: #8eb021; color: #ffffff; font-weight: bold; min-width: 30px; height: 30px; border-radius: 50%; display: flex; align-items: center; justify-content: center; font-size: 0.9rem;\">4<\/div>\n      <div style=\"font-size: 0.95rem; line-height: 1.5;\">\n        <strong>Irriga\u00e7\u00e3o:<\/strong> mantenha o solo <strong>\u00famido<\/strong>, mas n\u00e3o encharcado, principalmente nas primeiras <strong>semanas<\/strong>.\n      <\/div>\n    <\/div>\n\n    <div style=\"display: flex; gap: 15px; align-items: flex-start; background: #ffffff; padding: 15px; border-radius: 8px; border: 1px solid #edf2d0;\">\n      <div style=\"background: #8eb021; color: #ffffff; font-weight: bold; min-width: 30px; height: 30px; border-radius: 50%; display: flex; align-items: center; justify-content: center; font-size: 0.9rem;\">5<\/div>\n      <div style=\"font-size: 0.95rem; line-height: 1.5;\">\n        <strong>Suporte:<\/strong> ofere\u00e7a <strong>cercas<\/strong>, treli\u00e7as ou arames para a trepadeira se apoiar e se <strong>desenvolver<\/strong>.\n      <\/div>\n    <\/div>\n\n  <\/div>\n<\/div>\n\n\n\n<h2 class=\"wp-block-heading\">Como cuidar, colher e usar o ora-pro-n\u00f3bis na cozinha<\/h2>\n\n\n\n<p>Depois que a planta pega, o manejo \u00e9 simples: observe as <b>folhas<\/b> para identificar pulg\u00f5es ou cochonilhas e, se aparecerem, use solu\u00e7\u00f5es leves como sab\u00e3o neutro dilu\u00eddo ou extratos <b>naturais<\/b>, sempre enxaguando bem antes do <b>consumo<\/b>. Podas leves deixam a planta mais baixa, cheia e f\u00e1cil de colher.<\/p>\n\n\n\n<p>Na colheita, prefira as folhas mais <b>jovens<\/b>, retiradas com as m\u00e3os ou tesoura limpa, e lave bem em \u00e1gua corrente. Na cozinha, ele vai bem em refogados com <b>alho<\/b> e cebola, sopas, ensopados, farofas, omeletes, tortas salgadas e at\u00e9 misturado \u00e0 massa de <b>p\u00e3es<\/b>, panquecas e recheios variados, trazendo mais cor, sabor e nutrientes para o prato.<\/p>\n","protected":false},"excerpt":{"rendered":"<p>Talvez voc\u00ea j\u00e1 tenha ouvido um vizinho comentar sobre \u201ca tal carne verde\u201d do quintal ou visto uma trepadeira cheia de folhinhas suculentas em alguma cerca. Esse \u00e9 o ora-pro-n\u00f3bis, uma planta simples, f\u00e1cil de cuidar e que vem conquistando espa\u00e7o em hortas urbanas, varandas e pequenos quintais, tanto pelo seu valor nutricional quanto pela [&hellip;]<\/p>\n","protected":false},"author":9,"featured_media":207583,"comment_status":"open","ping_status":"open","sticky":false,"template":"","format":"standard","meta":{"_yoast_wpseo_focuskw":"plantar Ora-pro-n\u00f3bis em casa","_yoast_wpseo_title":"","_yoast_wpseo_metadesc":"Planta conhecida como carne verde que \u00e9 rica em prote\u00edna vegetal, f\u00e1cil de cultivar e ajuda a enriquecer a alimenta\u00e7\u00e3o.","jnews-multi-image_gallery":[],"jnews_single_post":{"format":"standard"},"jnews_primary_category":[],"jnews_social_meta":[],"jnews_override_counter":[],"footnotes":""},"categories":[119,136],"tags":[2980,4751,14905],"class_list":["post-202748","post","type-post","status-publish","format-standard","has-post-thumbnail","hentry","category-bem-estar","category-jardinagem","tag-cultivo-em-casa","tag-ora-pro-nobis","tag-plantar-ora-pro-nobis"],"yoast_head":"<!-- This site is optimized with the Yoast SEO plugin v24.6 - https:\/\/yoast.com\/wordpress\/plugins\/seo\/ -->\n<title>A trepadeira resistente que virou aliada de quem quer mais prote\u00edna sem gastar muito - Correio Braziliense - Radar<\/title>\n<meta name=\"description\" content=\"Planta conhecida como carne verde que \u00e9 rica em prote\u00edna vegetal, f\u00e1cil de cultivar e ajuda a enriquecer a alimenta\u00e7\u00e3o.\" \/>\n<meta name=\"robots\" content=\"index, follow, max-snippet:-1, max-image-preview:large, max-video-preview:-1\" \/>\n<link rel=\"canonical\" href=\"https:\/\/www.correiobraziliense.com.br\/cbradar\/a-trepadeira-resistente-que-virou-aliada-de-quem-quer-mais-proteina-sem-gastar-muito\/\" \/>\n<meta property=\"og:locale\" content=\"pt_BR\" \/>\n<meta property=\"og:type\" content=\"article\" \/>\n<meta property=\"og:title\" content=\"A trepadeira resistente que virou aliada de quem quer mais prote\u00edna sem gastar muito - Correio Braziliense - Radar\" \/>\n<meta property=\"og:description\" content=\"Planta conhecida como carne verde que \u00e9 rica em prote\u00edna vegetal, f\u00e1cil de cultivar e ajuda a enriquecer a alimenta\u00e7\u00e3o.\" \/>\n<meta property=\"og:url\" content=\"https:\/\/www.correiobraziliense.com.br\/cbradar\/a-trepadeira-resistente-que-virou-aliada-de-quem-quer-mais-proteina-sem-gastar-muito\/\" \/>\n<meta property=\"og:site_name\" content=\"Correio Braziliense - Radar\" \/>\n<meta property=\"article:published_time\" content=\"2026-03-13T17:25:27+00:00\" \/>\n<meta property=\"og:image\" content=\"https:\/\/www.correiobraziliense.com.br\/cbradar\/wp-content\/uploads\/2026\/03\/freepik__planta-de-orapronbis-crescendo-em-cerca-de-quintal__33563.jpeg\" \/>\n\t<meta property=\"og:image:width\" content=\"1280\" \/>\n\t<meta property=\"og:image:height\" content=\"720\" \/>\n\t<meta property=\"og:image:type\" content=\"image\/jpeg\" \/>\n<meta name=\"author\" content=\"Daniely Cardoso\" \/>\n<meta name=\"twitter:card\" content=\"summary_large_image\" \/>\n<meta name=\"twitter:label1\" content=\"Escrito por\" \/>\n\t<meta name=\"twitter:data1\" content=\"Daniely Cardoso\" \/>\n\t<meta name=\"twitter:label2\" content=\"Est. tempo de leitura\" \/>\n\t<meta name=\"twitter:data2\" content=\"5 minutos\" \/>\n<!-- \/ Yoast SEO plugin. -->","yoast_head_json":{"title":"A trepadeira resistente que virou aliada de quem quer mais prote\u00edna sem gastar muito - Correio Braziliense - Radar","description":"Planta conhecida como carne verde que \u00e9 rica em prote\u00edna vegetal, f\u00e1cil de cultivar e ajuda a enriquecer a alimenta\u00e7\u00e3o.","robots":{"index":"index","follow":"follow","max-snippet":"max-snippet:-1","max-image-preview":"max-image-preview:large","max-video-preview":"max-video-preview:-1"},"canonical":"https:\/\/www.correiobraziliense.com.br\/cbradar\/a-trepadeira-resistente-que-virou-aliada-de-quem-quer-mais-proteina-sem-gastar-muito\/","og_locale":"pt_BR","og_type":"article","og_title":"A trepadeira resistente que virou aliada de quem quer mais prote\u00edna sem gastar muito - Correio Braziliense - Radar","og_description":"Planta conhecida como carne verde que \u00e9 rica em prote\u00edna vegetal, f\u00e1cil de cultivar e ajuda a enriquecer a alimenta\u00e7\u00e3o.","og_url":"https:\/\/www.correiobraziliense.com.br\/cbradar\/a-trepadeira-resistente-que-virou-aliada-de-quem-quer-mais-proteina-sem-gastar-muito\/","og_site_name":"Correio Braziliense - Radar","article_published_time":"2026-03-13T17:25:27+00:00","og_image":[{"width":1280,"height":720,"url":"https:\/\/www.correiobraziliense.com.br\/cbradar\/wp-content\/uploads\/2026\/03\/freepik__planta-de-orapronbis-crescendo-em-cerca-de-quintal__33563.jpeg","type":"image\/jpeg"}],"author":"Daniely Cardoso","twitter_card":"summary_large_image","twitter_misc":{"Escrito por":"Daniely Cardoso","Est. tempo de leitura":"5 minutos"},"schema":{"@context":"https:\/\/schema.org","@graph":[{"@type":"WebPage","@id":"https:\/\/www.correiobraziliense.com.br\/cbradar\/a-trepadeira-resistente-que-virou-aliada-de-quem-quer-mais-proteina-sem-gastar-muito\/","url":"https:\/\/www.correiobraziliense.com.br\/cbradar\/a-trepadeira-resistente-que-virou-aliada-de-quem-quer-mais-proteina-sem-gastar-muito\/","name":"A trepadeira resistente que virou aliada de quem quer mais prote\u00edna sem gastar muito - Correio Braziliense - Radar","isPartOf":{"@id":"https:\/\/www.correiobraziliense.com.br\/cbradar\/#website"},"primaryImageOfPage":{"@id":"https:\/\/www.correiobraziliense.com.br\/cbradar\/a-trepadeira-resistente-que-virou-aliada-de-quem-quer-mais-proteina-sem-gastar-muito\/#primaryimage"},"image":{"@id":"https:\/\/www.correiobraziliense.com.br\/cbradar\/a-trepadeira-resistente-que-virou-aliada-de-quem-quer-mais-proteina-sem-gastar-muito\/#primaryimage"},"thumbnailUrl":"https:\/\/www.correiobraziliense.com.br\/cbradar\/wp-content\/uploads\/2026\/03\/freepik__planta-de-orapronbis-crescendo-em-cerca-de-quintal__33563.jpeg","datePublished":"2026-03-13T17:25:27+00:00","author":{"@id":"https:\/\/www.correiobraziliense.com.br\/cbradar\/#\/schema\/person\/7356666e12ec0ee53f348ee5db227032"},"description":"Planta conhecida como carne verde que \u00e9 rica em prote\u00edna vegetal, f\u00e1cil de cultivar e ajuda a enriquecer a alimenta\u00e7\u00e3o.","breadcrumb":{"@id":"https:\/\/www.correiobraziliense.com.br\/cbradar\/a-trepadeira-resistente-que-virou-aliada-de-quem-quer-mais-proteina-sem-gastar-muito\/#breadcrumb"},"inLanguage":"pt-BR","potentialAction":[{"@type":"ReadAction","target":["https:\/\/www.correiobraziliense.com.br\/cbradar\/a-trepadeira-resistente-que-virou-aliada-de-quem-quer-mais-proteina-sem-gastar-muito\/"]}]},{"@type":"ImageObject","inLanguage":"pt-BR","@id":"https:\/\/www.correiobraziliense.com.br\/cbradar\/a-trepadeira-resistente-que-virou-aliada-de-quem-quer-mais-proteina-sem-gastar-muito\/#primaryimage","url":"https:\/\/www.correiobraziliense.com.br\/cbradar\/wp-content\/uploads\/2026\/03\/freepik__planta-de-orapronbis-crescendo-em-cerca-de-quintal__33563.jpeg","contentUrl":"https:\/\/www.correiobraziliense.com.br\/cbradar\/wp-content\/uploads\/2026\/03\/freepik__planta-de-orapronbis-crescendo-em-cerca-de-quintal__33563.jpeg","width":1280,"height":720,"caption":"O ora-pro-n\u00f3bis \u00e9 uma planta comest\u00edvel tradicional em regi\u00f5es de Minas Gerais"},{"@type":"BreadcrumbList","@id":"https:\/\/www.correiobraziliense.com.br\/cbradar\/a-trepadeira-resistente-que-virou-aliada-de-quem-quer-mais-proteina-sem-gastar-muito\/#breadcrumb","itemListElement":[{"@type":"ListItem","position":1,"name":"In\u00edcio","item":"https:\/\/www.correiobraziliense.com.br\/cbradar\/"},{"@type":"ListItem","position":2,"name":"A trepadeira resistente que virou aliada de quem quer mais prote\u00edna sem gastar muito"}]},{"@type":"WebSite","@id":"https:\/\/www.correiobraziliense.com.br\/cbradar\/#website","url":"https:\/\/www.correiobraziliense.com.br\/cbradar\/","name":"Correio Braziliense - Radar","description":"Acompanhe as \u00faltimas not\u00edcias e fique bem informado sobre tudo o que acontece no Brasil e no mundo.","potentialAction":[{"@type":"SearchAction","target":{"@type":"EntryPoint","urlTemplate":"https:\/\/www.correiobraziliense.com.br\/cbradar\/?s={search_term_string}"},"query-input":{"@type":"PropertyValueSpecification","valueRequired":true,"valueName":"search_term_string"}}],"inLanguage":"pt-BR"},{"@type":"Person","@id":"https:\/\/www.correiobraziliense.com.br\/cbradar\/#\/schema\/person\/7356666e12ec0ee53f348ee5db227032","name":"Daniely Cardoso","image":{"@type":"ImageObject","inLanguage":"pt-BR","@id":"https:\/\/www.correiobraziliense.com.br\/cbradar\/#\/schema\/person\/image\/","url":"https:\/\/secure.gravatar.com\/avatar\/4b80ddbd124d1f071b626d52d62e5dff?s=96&d=mm&r=g","contentUrl":"https:\/\/secure.gravatar.com\/avatar\/4b80ddbd124d1f071b626d52d62e5dff?s=96&d=mm&r=g","caption":"Daniely Cardoso"},"description":"Redatora nos portais CB Radar e EM Foco, formada pela Universidade Federal de Goi\u00e1s, em Goi\u00e2nia. Apaixonada por comunica\u00e7\u00e3o, arte, decora\u00e7\u00e3o e tend\u00eancias, atuo na produ\u00e7\u00e3o de conte\u00fados envolventes sobre curiosidades, moda, beleza e paisagismo, sempre com um olhar atento \u00e0s novidades do momento.","sameAs":["https:\/\/www.correiobraziliense.com.br\/cbradar"],"url":"https:\/\/www.correiobraziliense.com.br\/cbradar\/author\/danielymyth\/"}]}},"_links":{"self":[{"href":"https:\/\/www.correiobraziliense.com.br\/cbradar\/wp-json\/wp\/v2\/posts\/202748","targetHints":{"allow":["GET"]}}],"collection":[{"href":"https:\/\/www.correiobraziliense.com.br\/cbradar\/wp-json\/wp\/v2\/posts"}],"about":[{"href":"https:\/\/www.correiobraziliense.com.br\/cbradar\/wp-json\/wp\/v2\/types\/post"}],"author":[{"embeddable":true,"href":"https:\/\/www.correiobraziliense.com.br\/cbradar\/wp-json\/wp\/v2\/users\/9"}],"replies":[{"embeddable":true,"href":"https:\/\/www.correiobraziliense.com.br\/cbradar\/wp-json\/wp\/v2\/comments?post=202748"}],"version-history":[{"count":2,"href":"https:\/\/www.correiobraziliense.com.br\/cbradar\/wp-json\/wp\/v2\/posts\/202748\/revisions"}],"predecessor-version":[{"id":202760,"href":"https:\/\/www.correiobraziliense.com.br\/cbradar\/wp-json\/wp\/v2\/posts\/202748\/revisions\/202760"}],"wp:featuredmedia":[{"embeddable":true,"href":"https:\/\/www.correiobraziliense.com.br\/cbradar\/wp-json\/wp\/v2\/media\/207583"}],"wp:attachment":[{"href":"https:\/\/www.correiobraziliense.com.br\/cbradar\/wp-json\/wp\/v2\/media?parent=202748"}],"wp:term":[{"taxonomy":"category","embeddable":true,"href":"https:\/\/www.correiobraziliense.com.br\/cbradar\/wp-json\/wp\/v2\/categories?post=202748"},{"taxonomy":"post_tag","embeddable":true,"href":"https:\/\/www.correiobraziliense.com.br\/cbradar\/wp-json\/wp\/v2\/tags?post=202748"}],"curies":[{"name":"wp","href":"https:\/\/api.w.org\/{rel}","templated":true}]}}