{"id":202767,"date":"2026-03-05T19:55:51","date_gmt":"2026-03-05T22:55:51","guid":{"rendered":"https:\/\/www.correiobraziliense.com.br\/cbradar\/?p=202767"},"modified":"2026-03-04T13:58:29","modified_gmt":"2026-03-04T16:58:29","slug":"a-folha-verde-que-pode-ajudar-o-intestino-a-funcionar-melhor-e-ainda-crescer-facil-na-sua-horta","status":"publish","type":"post","link":"https:\/\/www.correiobraziliense.com.br\/cbradar\/a-folha-verde-que-pode-ajudar-o-intestino-a-funcionar-melhor-e-ainda-crescer-facil-na-sua-horta\/","title":{"rendered":"A folha verde que pode ajudar o intestino a funcionar melhor e ainda crescer f\u00e1cil na sua horta"},"content":{"rendered":"\n<p>Voc\u00ea j\u00e1 percebeu como uma simples <b>folha verde<\/b> pode fazer diferen\u00e7a no seu <b>bem-estar<\/b>? A <b>escarola<\/b>, muito presente em saladas, recheios de tortas e pizzas, vem ganhando espa\u00e7o n\u00e3o s\u00f3 pelo sabor levemente amargo, mas tamb\u00e9m pelos poss\u00edveis benef\u00edcios para o intestino. Al\u00e9m disso, \u00e9 uma planta f\u00e1cil de cultivar em casa, em hortas, canteiros ou at\u00e9 vasos, o que facilita ter sempre folhas fresquinhas \u00e0 disposi\u00e7\u00e3o.<\/p>\n\n\n\n<h2 class=\"wp-block-heading\">Escarola ajuda o intestino a funcionar melhor?<\/h2>\n\n\n\n<p>A rela\u00e7\u00e3o entre <b>escarola<\/b> e <b>intestino<\/b> est\u00e1 ligada principalmente \u00e0s <b>fibras<\/b> presentes nas folhas. Elas ajudam a formar o bolo fecal, tornam o tr\u00e2nsito intestinal mais regular e podem diminuir epis\u00f3dios de intestino preso, quando fazem parte de uma alimenta\u00e7\u00e3o equilibrada.<\/p>\n\n\n\n<p>Outro ponto importante \u00e9 que a escarola tem bastante <b>\u00e1gua<\/b>, o que contribui para a <b>hidrata\u00e7\u00e3o<\/b> do corpo e para o bom funcionamento do <b>sistema digestivo<\/b>. Em conjunto com o consumo di\u00e1rio de l\u00edquidos, essa hortali\u00e7a colabora para um intestino mais ativo e para uma sensa\u00e7\u00e3o geral de conforto abdominal.<\/p>\n\n\n<div class=\"wp-block-image\">\n<figure class=\"aligncenter size-large\"><img decoding=\"async\" width=\"1024\" height=\"576\" src=\"https:\/\/www.correiobraziliense.com.br\/cbradar\/wp-content\/uploads\/2025\/12\/Gemini_Generated_Image_2ycvtx2ycvtx2ycv-1-1024x576.png\" alt=\"\" class=\"wp-image-155569\" srcset=\"https:\/\/www.correiobraziliense.com.br\/cbradar\/wp-content\/uploads\/2025\/12\/Gemini_Generated_Image_2ycvtx2ycvtx2ycv-1-1024x576.png 1024w, https:\/\/www.correiobraziliense.com.br\/cbradar\/wp-content\/uploads\/2025\/12\/Gemini_Generated_Image_2ycvtx2ycvtx2ycv-1-300x169.png 300w, https:\/\/www.correiobraziliense.com.br\/cbradar\/wp-content\/uploads\/2025\/12\/Gemini_Generated_Image_2ycvtx2ycvtx2ycv-1-768x432.png 768w, https:\/\/www.correiobraziliense.com.br\/cbradar\/wp-content\/uploads\/2025\/12\/Gemini_Generated_Image_2ycvtx2ycvtx2ycv-1-750x422.png 750w, https:\/\/www.correiobraziliense.com.br\/cbradar\/wp-content\/uploads\/2025\/12\/Gemini_Generated_Image_2ycvtx2ycvtx2ycv-1-1140x641.png 1140w, https:\/\/www.correiobraziliense.com.br\/cbradar\/wp-content\/uploads\/2025\/12\/Gemini_Generated_Image_2ycvtx2ycvtx2ycv-1.png 1280w\" sizes=\"(max-width: 1024px) 100vw, 1024px\" \/><figcaption class=\"wp-element-caption\">O principal benef\u00edcio terap\u00eautico da escarola \u00e9 o seu efeito estimulante no sistema digestivo<\/figcaption><\/figure><\/div>\n\n\n<p>Leia tamb\u00e9m:\u00a0<a href=\"https:\/\/www.correiobraziliense.com.br\/cbradar\/essa-erva-facil-de-plantar-ganhou-fama-por-ajudar-a-memoria-e-a-circulacao\/\" target=\"_blank\" rel=\"noopener\">Essa erva f\u00e1cil de plantar ganhou fama por ajudar a mem\u00f3ria e a circula\u00e7\u00e3o<\/a><\/p>\n\n\n\n<h2 class=\"wp-block-heading\">Quais s\u00e3o os principais benef\u00edcios da escarola para a digest\u00e3o?<\/h2>\n\n\n\n<p>Quando se fala em <b>benef\u00edcios<\/b> da escarola para o <b>intestino<\/b>, a uni\u00e3o de <b>fibras<\/b> com baixo teor cal\u00f3rico se destaca. Ela combina bem com diferentes tipos de dieta, inclusive em planos de emagrecimento, ajudando na forma\u00e7\u00e3o do bolo fecal e aumentando a sensa\u00e7\u00e3o de saciedade depois das refei\u00e7\u00f5es.<\/p>\n\n\n\n<p>A <b>escarola<\/b> pode ser consumida crua ou em prepara\u00e7\u00f5es quentes, como refogados, sopas e recheios. Mesmo cozida, ainda mant\u00e9m boa parte das <b>fibras<\/b> e pode ser combinada com <b>legumes<\/b>, gr\u00e3os e prote\u00ednas, formando pratos nutritivos que favorecem o trato gastrointestinal e evitam aquele desconforto de digest\u00e3o pesada.<\/p>\n\n\n\n<h2 class=\"wp-block-heading\">Como plantar escarola em casa passo a passo<\/h2>\n\n\n\n<p>Aprender <b>como plantar<\/b> escarola em casa \u00e9 uma forma pr\u00e1tica de ter folhas sempre <b>frescas<\/b>, estimular o consumo de <b>verduras<\/b> e ainda cuidar melhor da sa\u00fade intestinal. O cultivo pode ser feito em hortas no solo, canteiros elevados ou vasos, desde que o local receba boa luz e tenha irriga\u00e7\u00e3o adequada. <\/p>\n\n\n\n<div class=\"google-auto-ads-ignore\" style=\"box-sizing: border-box; display: flex; flex-direction: column; width: 100%; max-width: 850px; margin: 30px auto; background-color: #f7f9f2; color: #2d3436; border-radius: 12px; overflow: hidden; font-family: 'Segoe UI', Roboto, Helvetica, Arial, sans-serif; box-shadow: 0 4px 15px rgba(0,0,0,0.08); border: 1px solid #d1d8b1; position: relative; z-index: 5;\">\n\n  <div style=\"background-color: #f1f5e1; padding: 25px; border-bottom: 3px solid #8eb021; text-align: center;\">\n    <h2 style=\"margin: 0; color: #4b5d16; font-size: 1.5rem; line-height: 1.3;\">\ud83e\udd6c Guia de Cultivo: Escarola<\/h2>\n    <div style=\"font-size: 0.95rem; margin-top: 8px; color: #6a7f25; opacity: 0.9;\">Aprenda a plantar e colher folhas saud\u00e1veis em vasos ou hortas<\/div>\n  <\/div>\n\n  <div style=\"padding: 25px; display: flex; flex-direction: column; gap: 20px;\">\n    \n    <div style=\"display: grid; grid-template-columns: repeat(auto-fit, minmax(300px, 1fr)); gap: 15px;\">\n      <div style=\"background-color: #ffffff; border-radius: 8px; padding: 15px; border: 1px solid #edf2d0;\">\n        <h3 style=\"margin: 0 0 10px 0; color: #4b5d16; font-size: 1.05rem; font-weight: bold;\">\u2600\ufe0f Local e Recipiente<\/h3>\n        <p style=\"font-size: 0.9rem; line-height: 1.5; margin: 0;\">Prefere locais <strong>iluminados<\/strong> com sol direto. Em vasos, use profundidade acima de <strong>20 cm<\/strong> e furos de drenagem.<\/p>\n      <\/div>\n      \n      <div style=\"background-color: #ffffff; border-radius: 8px; padding: 15px; border: 1px solid #edf2d0;\">\n        <h3 style=\"margin: 0 0 10px 0; color: #4b5d16; font-size: 1.05rem; font-weight: bold;\">\ud83c\udf31 Solo Ideal<\/h3>\n        <p style=\"font-size: 0.9rem; line-height: 1.5; margin: 0;\">Solo leve, rico em <strong>mat\u00e9ria org\u00e2nica<\/strong> e bem drenado. Use terra vegetal, h\u00famus e um pouco de <strong>areia<\/strong>.<\/p>\n      <\/div>\n    <\/div>\n\n    <div style=\"background-color: #ffffff; border-radius: 8px; padding: 20px; border: 1px solid #edf2d0;\">\n      <h3 style=\"margin: 0 0 12px 0; color: #4b5d16; font-size: 1.1rem; font-weight: bold; border-bottom: 1px solid #f1f5e1; padding-bottom: 8px;\">\ud83d\ude80 Semeadura e Cuidados Di\u00e1rios<\/h3>\n      <div style=\"font-size: 0.95rem; line-height: 1.6;\">\n        <ul style=\"margin: 0; padding-left: 20px;\">\n          <li><strong>Plantio:<\/strong> Sementes em sulcos de 1 cm ou mudas acomodando o torr\u00e3o sem apertar demais.<\/li>\n          <li><strong>Rega:<\/strong> Solo sempre <strong>\u00famido<\/strong>, sem encharcar. Regue diariamente em dias quentes.<\/li>\n          <li><strong>Manuten\u00e7\u00e3o:<\/strong> Retire matinhos e monitore as folhas para identificar <strong>pragas<\/strong> precocemente.<\/li>\n        <\/ul>\n      <\/div>\n    <\/div>\n\n    <div style=\"background-color: #fdfdfb; border-radius: 8px; padding: 20px; border: 1px dashed #8eb021;\">\n      <h3 style=\"margin: 0 0 10px 0; color: #4b5d16; font-size: 1.05rem; font-weight: bold;\">\u2702\ufe0f Colheita<\/h3>\n      <p style=\"font-size: 0.95rem; line-height: 1.5; margin: 0;\">Ocorre ap\u00f3s algumas semanas, quando as folhas estiverem <strong>firmes<\/strong>. Pode-se cortar a base ou retirar apenas as <strong>folhas externas<\/strong>.<\/p>\n    <\/div>\n\n  <\/div>\n<\/div>\n\n\n\n<h2 class=\"wp-block-heading\">Quais cuidados extras deixam a escarola mais saud\u00e1vel<\/h2>\n\n\n\n<p>Para manter a <b>escarola<\/b> saud\u00e1vel e pronta para o consumo, alguns cuidados simples fazem diferen\u00e7a. Em regi\u00f5es muito quentes, vale proteger as plantas do sol mais forte nas horas centrais do dia, com <b>sombrites<\/b> ou posicionando os vasos em locais com luz filtrada, evitando que as folhas queimem ou <b>murchem<\/b>. Se voc\u00ea gosta de cultivo, separamos esse v\u00eddeo do canal <a href=\"https:\/\/www.youtube.com\/@PlanteeCozinhe\" target=\"_blank\" rel=\"noreferrer noopener\">Plante e Cozinhe<\/a> ensinando a plantar em casa:<\/p>\n\n\n\n<figure class=\"wp-block-embed is-type-video is-provider-youtube wp-block-embed-youtube wp-embed-aspect-16-9 wp-has-aspect-ratio\"><div class=\"wp-block-embed__wrapper\">\n<div class=\"jeg_video_container jeg_video_content\"><iframe loading=\"lazy\" title=\"COMO PLANTAR ALFACE E ESCAROLA NA SUA HORTA ORG\u00c2NICA. CICLO COMPLETO, DO PLANTIO A COLHEITA (Ep94)\" width=\"500\" height=\"281\" src=\"https:\/\/www.youtube.com\/embed\/6R0K1Nbhl-E?feature=oembed\" frameborder=\"0\" allow=\"accelerometer; autoplay; clipboard-write; encrypted-media; gyroscope; picture-in-picture; web-share\" referrerpolicy=\"strict-origin-when-cross-origin\" allowfullscreen><\/iframe><\/div>\n<\/div><\/figure>\n\n\n\n<p>Tamb\u00e9m \u00e9 importante evitar excesso de <b>umidade<\/b> nas folhas e no solo, pois isso favorece fungos. Prefira regar a terra pela manh\u00e3 ou no fim da tarde, sem encharcar. Em hortas caseiras, o uso de <b>adubos naturais<\/b>, como composto dom\u00e9stico, ajuda a nutrir a planta aos poucos. Ao unir o cultivo em casa com o consumo frequente nas <b>refei\u00e7\u00f5es<\/b>, a escarola passa a ser uma aliada constante do intestino dentro de uma rotina alimentar variada e equilibrada.<\/p>\n","protected":false},"excerpt":{"rendered":"<p>Voc\u00ea j\u00e1 percebeu como uma simples folha verde pode fazer diferen\u00e7a no seu bem-estar? A escarola, muito presente em saladas, recheios de tortas e pizzas, vem ganhando espa\u00e7o n\u00e3o s\u00f3 pelo sabor levemente amargo, mas tamb\u00e9m pelos poss\u00edveis benef\u00edcios para o intestino. Al\u00e9m disso, \u00e9 uma planta f\u00e1cil de cultivar em casa, em hortas, canteiros [&hellip;]<\/p>\n","protected":false},"author":9,"featured_media":203101,"comment_status":"open","ping_status":"open","sticky":false,"template":"","format":"standard","meta":{"_yoast_wpseo_focuskw":"plantar Escarola em casa","_yoast_wpseo_title":"","_yoast_wpseo_metadesc":"Rica em fibras e \u00e1gua, essa folha pode apoiar o intestino, aumentar a saciedade e ser cultivada em casa.","jnews-multi-image_gallery":[],"jnews_single_post":{"format":"standard"},"jnews_primary_category":[],"jnews_social_meta":[],"jnews_override_counter":[],"footnotes":""},"categories":[119,136],"tags":[12712,5861,12711],"class_list":["post-202767","post","type-post","status-publish","format-standard","has-post-thumbnail","hentry","category-bem-estar","category-jardinagem","tag-cultivo-de-escarola","tag-escarola","tag-plantar-escarola"],"yoast_head":"<!-- This site is optimized with the Yoast SEO plugin v24.6 - https:\/\/yoast.com\/wordpress\/plugins\/seo\/ -->\n<title>A folha verde que pode ajudar o intestino a funcionar melhor e ainda crescer f\u00e1cil na sua horta - Correio Braziliense - Radar<\/title>\n<meta name=\"description\" content=\"Rica em fibras e \u00e1gua, essa folha pode apoiar o intestino, aumentar a saciedade e ser cultivada em casa.\" \/>\n<meta name=\"robots\" content=\"index, follow, max-snippet:-1, max-image-preview:large, max-video-preview:-1\" \/>\n<link rel=\"canonical\" href=\"https:\/\/www.correiobraziliense.com.br\/cbradar\/a-folha-verde-que-pode-ajudar-o-intestino-a-funcionar-melhor-e-ainda-crescer-facil-na-sua-horta\/\" \/>\n<meta property=\"og:locale\" content=\"pt_BR\" \/>\n<meta property=\"og:type\" content=\"article\" \/>\n<meta property=\"og:title\" content=\"A folha verde que pode ajudar o intestino a funcionar melhor e ainda crescer f\u00e1cil na sua horta - Correio Braziliense - Radar\" \/>\n<meta property=\"og:description\" content=\"Rica em fibras e \u00e1gua, essa folha pode apoiar o intestino, aumentar a saciedade e ser cultivada em casa.\" \/>\n<meta property=\"og:url\" content=\"https:\/\/www.correiobraziliense.com.br\/cbradar\/a-folha-verde-que-pode-ajudar-o-intestino-a-funcionar-melhor-e-ainda-crescer-facil-na-sua-horta\/\" \/>\n<meta property=\"og:site_name\" content=\"Correio Braziliense - Radar\" \/>\n<meta property=\"article:published_time\" content=\"2026-03-05T22:55:51+00:00\" \/>\n<meta property=\"og:image\" content=\"https:\/\/www.correiobraziliense.com.br\/cbradar\/wp-content\/uploads\/2026\/03\/freepik__p-de-escarola-verde-e-volumoso-plantado-em-vaso-co__84718.jpeg\" \/>\n\t<meta property=\"og:image:width\" content=\"1280\" \/>\n\t<meta property=\"og:image:height\" content=\"720\" \/>\n\t<meta property=\"og:image:type\" content=\"image\/jpeg\" \/>\n<meta name=\"author\" content=\"Daniely Cardoso\" \/>\n<meta name=\"twitter:card\" content=\"summary_large_image\" \/>\n<meta name=\"twitter:label1\" content=\"Escrito por\" \/>\n\t<meta name=\"twitter:data1\" content=\"Daniely Cardoso\" \/>\n\t<meta name=\"twitter:label2\" content=\"Est. tempo de leitura\" \/>\n\t<meta name=\"twitter:data2\" content=\"4 minutos\" \/>\n<!-- \/ Yoast SEO plugin. -->","yoast_head_json":{"title":"A folha verde que pode ajudar o intestino a funcionar melhor e ainda crescer f\u00e1cil na sua horta - Correio Braziliense - Radar","description":"Rica em fibras e \u00e1gua, essa folha pode apoiar o intestino, aumentar a saciedade e ser cultivada em casa.","robots":{"index":"index","follow":"follow","max-snippet":"max-snippet:-1","max-image-preview":"max-image-preview:large","max-video-preview":"max-video-preview:-1"},"canonical":"https:\/\/www.correiobraziliense.com.br\/cbradar\/a-folha-verde-que-pode-ajudar-o-intestino-a-funcionar-melhor-e-ainda-crescer-facil-na-sua-horta\/","og_locale":"pt_BR","og_type":"article","og_title":"A folha verde que pode ajudar o intestino a funcionar melhor e ainda crescer f\u00e1cil na sua horta - Correio Braziliense - Radar","og_description":"Rica em fibras e \u00e1gua, essa folha pode apoiar o intestino, aumentar a saciedade e ser cultivada em casa.","og_url":"https:\/\/www.correiobraziliense.com.br\/cbradar\/a-folha-verde-que-pode-ajudar-o-intestino-a-funcionar-melhor-e-ainda-crescer-facil-na-sua-horta\/","og_site_name":"Correio Braziliense - Radar","article_published_time":"2026-03-05T22:55:51+00:00","og_image":[{"width":1280,"height":720,"url":"https:\/\/www.correiobraziliense.com.br\/cbradar\/wp-content\/uploads\/2026\/03\/freepik__p-de-escarola-verde-e-volumoso-plantado-em-vaso-co__84718.jpeg","type":"image\/jpeg"}],"author":"Daniely Cardoso","twitter_card":"summary_large_image","twitter_misc":{"Escrito por":"Daniely Cardoso","Est. tempo de leitura":"4 minutos"},"schema":{"@context":"https:\/\/schema.org","@graph":[{"@type":"WebPage","@id":"https:\/\/www.correiobraziliense.com.br\/cbradar\/a-folha-verde-que-pode-ajudar-o-intestino-a-funcionar-melhor-e-ainda-crescer-facil-na-sua-horta\/","url":"https:\/\/www.correiobraziliense.com.br\/cbradar\/a-folha-verde-que-pode-ajudar-o-intestino-a-funcionar-melhor-e-ainda-crescer-facil-na-sua-horta\/","name":"A folha verde que pode ajudar o intestino a funcionar melhor e ainda crescer f\u00e1cil na sua horta - Correio Braziliense - Radar","isPartOf":{"@id":"https:\/\/www.correiobraziliense.com.br\/cbradar\/#website"},"primaryImageOfPage":{"@id":"https:\/\/www.correiobraziliense.com.br\/cbradar\/a-folha-verde-que-pode-ajudar-o-intestino-a-funcionar-melhor-e-ainda-crescer-facil-na-sua-horta\/#primaryimage"},"image":{"@id":"https:\/\/www.correiobraziliense.com.br\/cbradar\/a-folha-verde-que-pode-ajudar-o-intestino-a-funcionar-melhor-e-ainda-crescer-facil-na-sua-horta\/#primaryimage"},"thumbnailUrl":"https:\/\/www.correiobraziliense.com.br\/cbradar\/wp-content\/uploads\/2026\/03\/freepik__p-de-escarola-verde-e-volumoso-plantado-em-vaso-co__84718.jpeg","datePublished":"2026-03-05T22:55:51+00:00","author":{"@id":"https:\/\/www.correiobraziliense.com.br\/cbradar\/#\/schema\/person\/7356666e12ec0ee53f348ee5db227032"},"description":"Rica em fibras e \u00e1gua, essa folha pode apoiar o intestino, aumentar a saciedade e ser cultivada em casa.","breadcrumb":{"@id":"https:\/\/www.correiobraziliense.com.br\/cbradar\/a-folha-verde-que-pode-ajudar-o-intestino-a-funcionar-melhor-e-ainda-crescer-facil-na-sua-horta\/#breadcrumb"},"inLanguage":"pt-BR","potentialAction":[{"@type":"ReadAction","target":["https:\/\/www.correiobraziliense.com.br\/cbradar\/a-folha-verde-que-pode-ajudar-o-intestino-a-funcionar-melhor-e-ainda-crescer-facil-na-sua-horta\/"]}]},{"@type":"ImageObject","inLanguage":"pt-BR","@id":"https:\/\/www.correiobraziliense.com.br\/cbradar\/a-folha-verde-que-pode-ajudar-o-intestino-a-funcionar-melhor-e-ainda-crescer-facil-na-sua-horta\/#primaryimage","url":"https:\/\/www.correiobraziliense.com.br\/cbradar\/wp-content\/uploads\/2026\/03\/freepik__p-de-escarola-verde-e-volumoso-plantado-em-vaso-co__84718.jpeg","contentUrl":"https:\/\/www.correiobraziliense.com.br\/cbradar\/wp-content\/uploads\/2026\/03\/freepik__p-de-escarola-verde-e-volumoso-plantado-em-vaso-co__84718.jpeg","width":1280,"height":720,"caption":"A escarola \u00e9 uma hortali\u00e7a rica em fibras que ajudam no funcionamento do intestino"},{"@type":"BreadcrumbList","@id":"https:\/\/www.correiobraziliense.com.br\/cbradar\/a-folha-verde-que-pode-ajudar-o-intestino-a-funcionar-melhor-e-ainda-crescer-facil-na-sua-horta\/#breadcrumb","itemListElement":[{"@type":"ListItem","position":1,"name":"In\u00edcio","item":"https:\/\/www.correiobraziliense.com.br\/cbradar\/"},{"@type":"ListItem","position":2,"name":"A folha verde que pode ajudar o intestino a funcionar melhor e ainda crescer f\u00e1cil na sua horta"}]},{"@type":"WebSite","@id":"https:\/\/www.correiobraziliense.com.br\/cbradar\/#website","url":"https:\/\/www.correiobraziliense.com.br\/cbradar\/","name":"Correio Braziliense - Radar","description":"Acompanhe as \u00faltimas not\u00edcias e fique bem informado sobre tudo o que acontece no Brasil e no mundo.","potentialAction":[{"@type":"SearchAction","target":{"@type":"EntryPoint","urlTemplate":"https:\/\/www.correiobraziliense.com.br\/cbradar\/?s={search_term_string}"},"query-input":{"@type":"PropertyValueSpecification","valueRequired":true,"valueName":"search_term_string"}}],"inLanguage":"pt-BR"},{"@type":"Person","@id":"https:\/\/www.correiobraziliense.com.br\/cbradar\/#\/schema\/person\/7356666e12ec0ee53f348ee5db227032","name":"Daniely Cardoso","image":{"@type":"ImageObject","inLanguage":"pt-BR","@id":"https:\/\/www.correiobraziliense.com.br\/cbradar\/#\/schema\/person\/image\/","url":"https:\/\/secure.gravatar.com\/avatar\/4b80ddbd124d1f071b626d52d62e5dff?s=96&d=mm&r=g","contentUrl":"https:\/\/secure.gravatar.com\/avatar\/4b80ddbd124d1f071b626d52d62e5dff?s=96&d=mm&r=g","caption":"Daniely Cardoso"},"description":"Redatora nos portais CB Radar e EM Foco, formada pela Universidade Federal de Goi\u00e1s, em Goi\u00e2nia. Apaixonada por comunica\u00e7\u00e3o, arte, decora\u00e7\u00e3o e tend\u00eancias, atuo na produ\u00e7\u00e3o de conte\u00fados envolventes sobre curiosidades, moda, beleza e paisagismo, sempre com um olhar atento \u00e0s novidades do momento.","sameAs":["https:\/\/www.correiobraziliense.com.br\/cbradar"],"url":"https:\/\/www.correiobraziliense.com.br\/cbradar\/author\/danielymyth\/"}]}},"_links":{"self":[{"href":"https:\/\/www.correiobraziliense.com.br\/cbradar\/wp-json\/wp\/v2\/posts\/202767","targetHints":{"allow":["GET"]}}],"collection":[{"href":"https:\/\/www.correiobraziliense.com.br\/cbradar\/wp-json\/wp\/v2\/posts"}],"about":[{"href":"https:\/\/www.correiobraziliense.com.br\/cbradar\/wp-json\/wp\/v2\/types\/post"}],"author":[{"embeddable":true,"href":"https:\/\/www.correiobraziliense.com.br\/cbradar\/wp-json\/wp\/v2\/users\/9"}],"replies":[{"embeddable":true,"href":"https:\/\/www.correiobraziliense.com.br\/cbradar\/wp-json\/wp\/v2\/comments?post=202767"}],"version-history":[{"count":2,"href":"https:\/\/www.correiobraziliense.com.br\/cbradar\/wp-json\/wp\/v2\/posts\/202767\/revisions"}],"predecessor-version":[{"id":202769,"href":"https:\/\/www.correiobraziliense.com.br\/cbradar\/wp-json\/wp\/v2\/posts\/202767\/revisions\/202769"}],"wp:featuredmedia":[{"embeddable":true,"href":"https:\/\/www.correiobraziliense.com.br\/cbradar\/wp-json\/wp\/v2\/media\/203101"}],"wp:attachment":[{"href":"https:\/\/www.correiobraziliense.com.br\/cbradar\/wp-json\/wp\/v2\/media?parent=202767"}],"wp:term":[{"taxonomy":"category","embeddable":true,"href":"https:\/\/www.correiobraziliense.com.br\/cbradar\/wp-json\/wp\/v2\/categories?post=202767"},{"taxonomy":"post_tag","embeddable":true,"href":"https:\/\/www.correiobraziliense.com.br\/cbradar\/wp-json\/wp\/v2\/tags?post=202767"}],"curies":[{"name":"wp","href":"https:\/\/api.w.org\/{rel}","templated":true}]}}