{"id":202831,"date":"2026-03-05T09:45:00","date_gmt":"2026-03-05T12:45:00","guid":{"rendered":"https:\/\/www.correiobraziliense.com.br\/cbradar\/?p=202831"},"modified":"2026-03-04T09:19:48","modified_gmt":"2026-03-04T12:19:48","slug":"quais-sao-os-habitos-matinais-que-mais-melhoram-o-foco-ao-longo-do-dia-segundo-a-ciencia","status":"publish","type":"post","link":"https:\/\/www.correiobraziliense.com.br\/cbradar\/quais-sao-os-habitos-matinais-que-mais-melhoram-o-foco-ao-longo-do-dia-segundo-a-ciencia\/","title":{"rendered":"Quais s\u00e3o os h\u00e1bitos matinais que mais melhoram o foco ao longo do dia, segundo a ci\u00eancia"},"content":{"rendered":"\n<p>Acordar com clareza mental e manter a produtividade elevada exige mais do que apenas for\u00e7a de vontade ou uma noite bem dormida. A ci\u00eancia demonstra que pequenas a\u00e7\u00f5es realizadas logo cedo determinam como o c\u00e9rebro processar\u00e1 informa\u00e7\u00f5es nas horas seguintes. Adotar rotinas fundamentadas em dados biol\u00f3gicos reais transforma radicalmente seu <strong>desempenho cognitivo<\/strong> di\u00e1rio.<\/p>\n\n\n\n<h2 class=\"wp-block-heading\">Como a luz solar impacta seu estado de alerta?<\/h2>\n\n\n\n<p>Expor os olhos \u00e0 claridade natural logo ap\u00f3s despertar \u00e9 fundamental para regular o <strong>ritmo circadiano<\/strong> e a produ\u00e7\u00e3o de cortisol. Esse est\u00edmulo luminoso sinaliza ao sistema nervoso que o per\u00edodo de repouso terminou, aumentando a disposi\u00e7\u00e3o f\u00edsica e mental de forma imediata. A luz matinal reduz drasticamente a <strong>n\u00e9voa cerebral<\/strong> que muitas pessoas sentem.<\/p>\n\n\n\n<p>A aus\u00eancia de claridade nas primeiras horas pode desregular o sono noturno e prejudicar a concentra\u00e7\u00e3o durante as tarefas complexas da tarde. Caminhar ao ar livre ou simplesmente abrir as janelas ativa circuitos neurais respons\u00e1veis pelo <strong>foco sustentado<\/strong> ao longo de todo o expediente. Essa pr\u00e1tica simples garante que seu organismo funcione em harmonia com os ciclos biol\u00f3gicos.<\/p>\n\n\n<div class=\"wp-block-image\">\n<figure class=\"aligncenter size-large\"><img decoding=\"async\" width=\"1024\" height=\"576\" src=\"https:\/\/www.correiobraziliense.com.br\/cbradar\/wp-content\/uploads\/2026\/03\/Gemini_Generated_Image_ix6r1iix6r1iix6r-1-1-1024x576.png\" alt=\"Quais s\u00e3o os h\u00e1bitos matinais que mais melhoram o foco ao longo do dia, segundo a ci\u00eancia\" class=\"wp-image-202835\" srcset=\"https:\/\/www.correiobraziliense.com.br\/cbradar\/wp-content\/uploads\/2026\/03\/Gemini_Generated_Image_ix6r1iix6r1iix6r-1-1-1024x576.png 1024w, https:\/\/www.correiobraziliense.com.br\/cbradar\/wp-content\/uploads\/2026\/03\/Gemini_Generated_Image_ix6r1iix6r1iix6r-1-1-300x169.png 300w, https:\/\/www.correiobraziliense.com.br\/cbradar\/wp-content\/uploads\/2026\/03\/Gemini_Generated_Image_ix6r1iix6r1iix6r-1-1-768x432.png 768w, https:\/\/www.correiobraziliense.com.br\/cbradar\/wp-content\/uploads\/2026\/03\/Gemini_Generated_Image_ix6r1iix6r1iix6r-1-1-750x422.png 750w, https:\/\/www.correiobraziliense.com.br\/cbradar\/wp-content\/uploads\/2026\/03\/Gemini_Generated_Image_ix6r1iix6r1iix6r-1-1-1140x641.png 1140w, https:\/\/www.correiobraziliense.com.br\/cbradar\/wp-content\/uploads\/2026\/03\/Gemini_Generated_Image_ix6r1iix6r1iix6r-1-1.png 1280w\" sizes=\"(max-width: 1024px) 100vw, 1024px\" \/><figcaption class=\"wp-element-caption\">H\u00e1bitos simples nas primeiras horas do dia podem transformar foco energia e clareza mental diariamente<\/figcaption><\/figure><\/div>\n\n\n<h2 class=\"wp-block-heading\">Por que o adiamento da cafe\u00edna favorece sua energia?<\/h2>\n\n\n\n<p>Esperar cerca de noventa minutos para consumir o primeiro caf\u00e9 ajuda a evitar o famoso colapso de energia no per\u00edodo vespertino. Ao acordar, os n\u00edveis de <strong>adenosina<\/strong> ainda est\u00e3o sendo processados e a cafe\u00edna precoce bloqueia esse ciclo natural de limpeza qu\u00edmica cerebral. Aguardar esse intervalo estrat\u00e9gico permite que o corpo recupere o estado de vig\u00edlia naturalmente.<\/p>\n\n\n\n<p>Muitos profissionais sentem fadiga extrema ap\u00f3s o almo\u00e7o justamente por interferirem precocemente na qu\u00edmica interna do c\u00e9rebro logo no despertar. Substituir a bebida estimulante por \u00e1gua pura garante a hidrata\u00e7\u00e3o necess\u00e1ria para o transporte de nutrientes e oxig\u00eanio para os neur\u00f4nios. Essa mudan\u00e7a de h\u00e1bito promove uma <strong>estabilidade cognitiva<\/strong> muito superior ao uso desregulado de estimulantes.<\/p>\n\n\n\n<h2 class=\"wp-block-heading\">Quais atividades f\u00edsicas despertam a mente com rapidez?<\/h2>\n\n\n\n<p>Praticar movimentos leves ou exerc\u00edcios de alta intensidade pela manh\u00e3 libera neurotransmissores essenciais, como a dopamina e a noradrenalina, no c\u00f3rtex pr\u00e9-frontal. Esse fluxo sangu\u00edneo aumentado otimiza a capacidade de tomar decis\u00f5es r\u00e1pidas e melhora significativamente a mem\u00f3ria de curto prazo. O exerc\u00edcio f\u00edsico funciona como um <strong>catalisador biol\u00f3gico<\/strong> para a criatividade e o foco.<\/p>\n\n\n\n<p>Confira a lista abaixo:<\/p>\n\n\n\n<ul class=\"wp-block-list\">\n<li>Caminhada r\u00e1pida sob luz solar natural.<\/li>\n\n\n\n<li>Alongamentos focados na mobilidade e postura corporal.<\/li>\n\n\n\n<li>Treinos de for\u00e7a ou resist\u00eancia de curta dura\u00e7\u00e3o.<\/li>\n\n\n\n<li>Pr\u00e1ticas de respira\u00e7\u00e3o profunda para oxigena\u00e7\u00e3o cerebral.<\/li>\n\n\n\n<li>Uso controlado de banhos de \u00e1gua fria.<\/li>\n<\/ul>\n\n\n\n<h2 class=\"wp-block-heading\">De que forma o caf\u00e9 da manh\u00e3 influencia sua aten\u00e7\u00e3o?<\/h2>\n\n\n\n<p>Consumir alimentos ricos em prote\u00ednas e gorduras saud\u00e1veis evita picos de insulina que causam letargia mental durante a primeira parte do dia. O c\u00e9rebro necessita de uma oferta constante de energia para manter o foco em projetos que exigem alto processamento de dados t\u00e9cnicos. Evitar a\u00e7\u00facares refinados \u00e9 o segredo para manter a <strong>estabilidade emocional<\/strong>.<\/p>\n\n\n\n<p>A escolha correta dos nutrientes matinais impacta diretamente na s\u00edntese de serotonina, regulando o humor e a resili\u00eancia diante de imprevistos profissionais. Refei\u00e7\u00f5es equilibradas fornecem os <strong>amino\u00e1cidos necess\u00e1rios<\/strong> para que os neurotransmissores funcionem em sua capacidade m\u00e1xima sem oscila\u00e7\u00f5es bruscas. Nutrir o corpo com intelig\u00eancia \u00e9 o primeiro passo para conquistar uma mente sempre afiada.<\/p>\n\n\n<div class=\"wp-block-image\">\n<figure class=\"aligncenter size-large\"><img decoding=\"async\" width=\"1024\" height=\"576\" src=\"https:\/\/www.correiobraziliense.com.br\/cbradar\/wp-content\/uploads\/2026\/03\/Gemini_Generated_Image_8fraq88fraq88fra-1-1-1024x576.png\" alt=\"Quais s\u00e3o os h\u00e1bitos matinais que mais melhoram o foco ao longo do dia, segundo a ci\u00eancia\" class=\"wp-image-202834\" srcset=\"https:\/\/www.correiobraziliense.com.br\/cbradar\/wp-content\/uploads\/2026\/03\/Gemini_Generated_Image_8fraq88fraq88fra-1-1-1024x576.png 1024w, https:\/\/www.correiobraziliense.com.br\/cbradar\/wp-content\/uploads\/2026\/03\/Gemini_Generated_Image_8fraq88fraq88fra-1-1-300x169.png 300w, https:\/\/www.correiobraziliense.com.br\/cbradar\/wp-content\/uploads\/2026\/03\/Gemini_Generated_Image_8fraq88fraq88fra-1-1-768x432.png 768w, https:\/\/www.correiobraziliense.com.br\/cbradar\/wp-content\/uploads\/2026\/03\/Gemini_Generated_Image_8fraq88fraq88fra-1-1-750x422.png 750w, https:\/\/www.correiobraziliense.com.br\/cbradar\/wp-content\/uploads\/2026\/03\/Gemini_Generated_Image_8fraq88fraq88fra-1-1-1140x641.png 1140w, https:\/\/www.correiobraziliense.com.br\/cbradar\/wp-content\/uploads\/2026\/03\/Gemini_Generated_Image_8fraq88fraq88fra-1-1.png 1280w\" sizes=\"(max-width: 1024px) 100vw, 1024px\" \/><figcaption class=\"wp-element-caption\">H\u00e1bitos simples nas primeiras horas do dia podem transformar foco energia e clareza mental diariamente<\/figcaption><\/figure><\/div>\n\n\n<h2 class=\"wp-block-heading\">Como organizar as primeiras tarefas para evitar a exaust\u00e3o?<\/h2>\n\n\n\n<p>Iniciar o dia resolvendo a pend\u00eancia mais complexa aproveita o pico de clareza mental proporcionado pelos n\u00edveis elevados de cortisol matinal. Evitar redes sociais ou e-mails logo ao acordar impede que est\u00edmulos externos fragmentem sua aten\u00e7\u00e3o antes mesmo de come\u00e7ar o trabalho profundo. Priorizar o <strong>foco interno<\/strong> protege sua reserva cognitiva para os desafios di\u00e1rios.<\/p>\n\n\n\n<p>Segundo especialistas da <strong>Harvard Health Publishing<\/strong>, manter uma rotina consistente de sono e despertar \u00e9 a base para qualquer estrat\u00e9gia de produtividade eficiente. Voc\u00ea pode consultar o guia cient\u00edfico sobre as <a href=\"https:\/\/www.health.harvard.edu\/mind-and-mood\/tips-to-improve-concentration\" target=\"_blank\" rel=\"noreferrer noopener\">maneiras de melhorar o foco<\/a> para entender como o c\u00e9rebro gerencia a aten\u00e7\u00e3o plena. Criar um ambiente silencioso maximiza seus resultados intelectuais.<\/p>\n","protected":false},"excerpt":{"rendered":"<p>Acordar com clareza mental e manter a produtividade elevada exige mais do que apenas for\u00e7a de vontade ou uma noite bem dormida. A ci\u00eancia demonstra que pequenas a\u00e7\u00f5es realizadas logo cedo determinam como o c\u00e9rebro processar\u00e1 informa\u00e7\u00f5es nas horas seguintes. Adotar rotinas fundamentadas em dados biol\u00f3gicos reais transforma radicalmente seu desempenho cognitivo di\u00e1rio. Como a [&hellip;]<\/p>\n","protected":false},"author":21,"featured_media":202837,"comment_status":"open","ping_status":"open","sticky":false,"template":"","format":"standard","meta":{"_yoast_wpseo_focuskw":"h\u00e1bitos matinais que aumentam foco energia e clareza mental","_yoast_wpseo_title":"","_yoast_wpseo_metadesc":"Certas a\u00e7\u00f5es logo ap\u00f3s acordar podem transformar seu foco e clareza mental ao longo do dia e poucas pessoas percebem esse detalhe","jnews-multi-image_gallery":[],"jnews_single_post":{"format":"standard"},"jnews_primary_category":[],"jnews_social_meta":[],"jnews_override_counter":[],"footnotes":""},"categories":[112],"tags":[736,8192,1904],"class_list":["post-202831","post","type-post","status-publish","format-standard","has-post-thumbnail","hentry","category-curiosidades","tag-ciencia","tag-foco","tag-habitos"],"yoast_head":"<!-- This site is optimized with the Yoast SEO plugin v24.6 - https:\/\/yoast.com\/wordpress\/plugins\/seo\/ -->\n<title>Quais s\u00e3o os h\u00e1bitos matinais que mais melhoram o foco ao longo do dia, segundo a ci\u00eancia - Correio Braziliense - Radar<\/title>\n<meta name=\"description\" content=\"Certas a\u00e7\u00f5es logo ap\u00f3s acordar podem transformar seu foco e clareza mental ao longo do dia e poucas pessoas percebem esse detalhe\" \/>\n<meta name=\"robots\" content=\"index, follow, max-snippet:-1, max-image-preview:large, max-video-preview:-1\" \/>\n<link rel=\"canonical\" href=\"https:\/\/www.correiobraziliense.com.br\/cbradar\/quais-sao-os-habitos-matinais-que-mais-melhoram-o-foco-ao-longo-do-dia-segundo-a-ciencia\/\" \/>\n<meta property=\"og:locale\" content=\"pt_BR\" \/>\n<meta property=\"og:type\" content=\"article\" \/>\n<meta property=\"og:title\" content=\"Quais s\u00e3o os h\u00e1bitos matinais que mais melhoram o foco ao longo do dia, segundo a ci\u00eancia - Correio Braziliense - Radar\" \/>\n<meta property=\"og:description\" content=\"Certas a\u00e7\u00f5es logo ap\u00f3s acordar podem transformar seu foco e clareza mental ao longo do dia e poucas pessoas percebem esse detalhe\" \/>\n<meta property=\"og:url\" content=\"https:\/\/www.correiobraziliense.com.br\/cbradar\/quais-sao-os-habitos-matinais-que-mais-melhoram-o-foco-ao-longo-do-dia-segundo-a-ciencia\/\" \/>\n<meta property=\"og:site_name\" content=\"Correio Braziliense - Radar\" \/>\n<meta property=\"article:published_time\" content=\"2026-03-05T12:45:00+00:00\" \/>\n<meta property=\"og:image\" content=\"https:\/\/www.correiobraziliense.com.br\/cbradar\/wp-content\/uploads\/2026\/03\/Gemini_Generated_Image_x527xkx527xkx527-1-1.png\" \/>\n\t<meta property=\"og:image:width\" content=\"1280\" \/>\n\t<meta property=\"og:image:height\" content=\"720\" \/>\n\t<meta property=\"og:image:type\" content=\"image\/png\" \/>\n<meta name=\"author\" content=\"Patrick Silva\" \/>\n<meta name=\"twitter:card\" content=\"summary_large_image\" \/>\n<meta name=\"twitter:label1\" content=\"Escrito por\" \/>\n\t<meta name=\"twitter:data1\" content=\"Patrick Silva\" \/>\n\t<meta name=\"twitter:label2\" content=\"Est. tempo de leitura\" \/>\n\t<meta name=\"twitter:data2\" content=\"5 minutos\" \/>\n<!-- \/ Yoast SEO plugin. -->","yoast_head_json":{"title":"Quais s\u00e3o os h\u00e1bitos matinais que mais melhoram o foco ao longo do dia, segundo a ci\u00eancia - Correio Braziliense - Radar","description":"Certas a\u00e7\u00f5es logo ap\u00f3s acordar podem transformar seu foco e clareza mental ao longo do dia e poucas pessoas percebem esse detalhe","robots":{"index":"index","follow":"follow","max-snippet":"max-snippet:-1","max-image-preview":"max-image-preview:large","max-video-preview":"max-video-preview:-1"},"canonical":"https:\/\/www.correiobraziliense.com.br\/cbradar\/quais-sao-os-habitos-matinais-que-mais-melhoram-o-foco-ao-longo-do-dia-segundo-a-ciencia\/","og_locale":"pt_BR","og_type":"article","og_title":"Quais s\u00e3o os h\u00e1bitos matinais que mais melhoram o foco ao longo do dia, segundo a ci\u00eancia - Correio Braziliense - Radar","og_description":"Certas a\u00e7\u00f5es logo ap\u00f3s acordar podem transformar seu foco e clareza mental ao longo do dia e poucas pessoas percebem esse detalhe","og_url":"https:\/\/www.correiobraziliense.com.br\/cbradar\/quais-sao-os-habitos-matinais-que-mais-melhoram-o-foco-ao-longo-do-dia-segundo-a-ciencia\/","og_site_name":"Correio Braziliense - Radar","article_published_time":"2026-03-05T12:45:00+00:00","og_image":[{"width":1280,"height":720,"url":"https:\/\/www.correiobraziliense.com.br\/cbradar\/wp-content\/uploads\/2026\/03\/Gemini_Generated_Image_x527xkx527xkx527-1-1.png","type":"image\/png"}],"author":"Patrick Silva","twitter_card":"summary_large_image","twitter_misc":{"Escrito por":"Patrick Silva","Est. tempo de leitura":"5 minutos"},"schema":{"@context":"https:\/\/schema.org","@graph":[{"@type":"WebPage","@id":"https:\/\/www.correiobraziliense.com.br\/cbradar\/quais-sao-os-habitos-matinais-que-mais-melhoram-o-foco-ao-longo-do-dia-segundo-a-ciencia\/","url":"https:\/\/www.correiobraziliense.com.br\/cbradar\/quais-sao-os-habitos-matinais-que-mais-melhoram-o-foco-ao-longo-do-dia-segundo-a-ciencia\/","name":"Quais s\u00e3o os h\u00e1bitos matinais que mais melhoram o foco ao longo do dia, segundo a ci\u00eancia - Correio Braziliense - Radar","isPartOf":{"@id":"https:\/\/www.correiobraziliense.com.br\/cbradar\/#website"},"primaryImageOfPage":{"@id":"https:\/\/www.correiobraziliense.com.br\/cbradar\/quais-sao-os-habitos-matinais-que-mais-melhoram-o-foco-ao-longo-do-dia-segundo-a-ciencia\/#primaryimage"},"image":{"@id":"https:\/\/www.correiobraziliense.com.br\/cbradar\/quais-sao-os-habitos-matinais-que-mais-melhoram-o-foco-ao-longo-do-dia-segundo-a-ciencia\/#primaryimage"},"thumbnailUrl":"https:\/\/www.correiobraziliense.com.br\/cbradar\/wp-content\/uploads\/2026\/03\/Gemini_Generated_Image_x527xkx527xkx527-1-1.png","datePublished":"2026-03-05T12:45:00+00:00","author":{"@id":"https:\/\/www.correiobraziliense.com.br\/cbradar\/#\/schema\/person\/5440b72be9c7eb74f446c846479dc4da"},"description":"Certas a\u00e7\u00f5es logo ap\u00f3s acordar podem transformar seu foco e clareza mental ao longo do dia e poucas pessoas percebem esse detalhe","breadcrumb":{"@id":"https:\/\/www.correiobraziliense.com.br\/cbradar\/quais-sao-os-habitos-matinais-que-mais-melhoram-o-foco-ao-longo-do-dia-segundo-a-ciencia\/#breadcrumb"},"inLanguage":"pt-BR","potentialAction":[{"@type":"ReadAction","target":["https:\/\/www.correiobraziliense.com.br\/cbradar\/quais-sao-os-habitos-matinais-que-mais-melhoram-o-foco-ao-longo-do-dia-segundo-a-ciencia\/"]}]},{"@type":"ImageObject","inLanguage":"pt-BR","@id":"https:\/\/www.correiobraziliense.com.br\/cbradar\/quais-sao-os-habitos-matinais-que-mais-melhoram-o-foco-ao-longo-do-dia-segundo-a-ciencia\/#primaryimage","url":"https:\/\/www.correiobraziliense.com.br\/cbradar\/wp-content\/uploads\/2026\/03\/Gemini_Generated_Image_x527xkx527xkx527-1-1.png","contentUrl":"https:\/\/www.correiobraziliense.com.br\/cbradar\/wp-content\/uploads\/2026\/03\/Gemini_Generated_Image_x527xkx527xkx527-1-1.png","width":1280,"height":720,"caption":"H\u00e1bitos simples nas primeiras horas do dia podem transformar foco energia e clareza mental diariamente"},{"@type":"BreadcrumbList","@id":"https:\/\/www.correiobraziliense.com.br\/cbradar\/quais-sao-os-habitos-matinais-que-mais-melhoram-o-foco-ao-longo-do-dia-segundo-a-ciencia\/#breadcrumb","itemListElement":[{"@type":"ListItem","position":1,"name":"In\u00edcio","item":"https:\/\/www.correiobraziliense.com.br\/cbradar\/"},{"@type":"ListItem","position":2,"name":"Quais s\u00e3o os h\u00e1bitos matinais que mais melhoram o foco ao longo do dia, segundo a ci\u00eancia"}]},{"@type":"WebSite","@id":"https:\/\/www.correiobraziliense.com.br\/cbradar\/#website","url":"https:\/\/www.correiobraziliense.com.br\/cbradar\/","name":"Correio Braziliense - Radar","description":"Acompanhe as \u00faltimas not\u00edcias e fique bem informado sobre tudo o que acontece no Brasil e no mundo.","potentialAction":[{"@type":"SearchAction","target":{"@type":"EntryPoint","urlTemplate":"https:\/\/www.correiobraziliense.com.br\/cbradar\/?s={search_term_string}"},"query-input":{"@type":"PropertyValueSpecification","valueRequired":true,"valueName":"search_term_string"}}],"inLanguage":"pt-BR"},{"@type":"Person","@id":"https:\/\/www.correiobraziliense.com.br\/cbradar\/#\/schema\/person\/5440b72be9c7eb74f446c846479dc4da","name":"Patrick Silva","image":{"@type":"ImageObject","inLanguage":"pt-BR","@id":"https:\/\/www.correiobraziliense.com.br\/cbradar\/#\/schema\/person\/image\/","url":"https:\/\/secure.gravatar.com\/avatar\/944109df296fc087785c9715fd5f80b2?s=96&d=mm&r=g","contentUrl":"https:\/\/secure.gravatar.com\/avatar\/944109df296fc087785c9715fd5f80b2?s=96&d=mm&r=g","caption":"Patrick Silva"},"sameAs":["https:\/\/www.correiobraziliense.com.br\/cbradar\/"],"url":"https:\/\/www.correiobraziliense.com.br\/cbradar\/author\/patrick-silva\/"}]}},"_links":{"self":[{"href":"https:\/\/www.correiobraziliense.com.br\/cbradar\/wp-json\/wp\/v2\/posts\/202831","targetHints":{"allow":["GET"]}}],"collection":[{"href":"https:\/\/www.correiobraziliense.com.br\/cbradar\/wp-json\/wp\/v2\/posts"}],"about":[{"href":"https:\/\/www.correiobraziliense.com.br\/cbradar\/wp-json\/wp\/v2\/types\/post"}],"author":[{"embeddable":true,"href":"https:\/\/www.correiobraziliense.com.br\/cbradar\/wp-json\/wp\/v2\/users\/21"}],"replies":[{"embeddable":true,"href":"https:\/\/www.correiobraziliense.com.br\/cbradar\/wp-json\/wp\/v2\/comments?post=202831"}],"version-history":[{"count":4,"href":"https:\/\/www.correiobraziliense.com.br\/cbradar\/wp-json\/wp\/v2\/posts\/202831\/revisions"}],"predecessor-version":[{"id":202839,"href":"https:\/\/www.correiobraziliense.com.br\/cbradar\/wp-json\/wp\/v2\/posts\/202831\/revisions\/202839"}],"wp:featuredmedia":[{"embeddable":true,"href":"https:\/\/www.correiobraziliense.com.br\/cbradar\/wp-json\/wp\/v2\/media\/202837"}],"wp:attachment":[{"href":"https:\/\/www.correiobraziliense.com.br\/cbradar\/wp-json\/wp\/v2\/media?parent=202831"}],"wp:term":[{"taxonomy":"category","embeddable":true,"href":"https:\/\/www.correiobraziliense.com.br\/cbradar\/wp-json\/wp\/v2\/categories?post=202831"},{"taxonomy":"post_tag","embeddable":true,"href":"https:\/\/www.correiobraziliense.com.br\/cbradar\/wp-json\/wp\/v2\/tags?post=202831"}],"curies":[{"name":"wp","href":"https:\/\/api.w.org\/{rel}","templated":true}]}}