{"id":202945,"date":"2026-03-05T08:45:00","date_gmt":"2026-03-05T11:45:00","guid":{"rendered":"https:\/\/www.correiobraziliense.com.br\/cbradar\/?p=202945"},"modified":"2026-03-04T14:05:58","modified_gmt":"2026-03-04T17:05:58","slug":"entenda-a-regra-de-quando-usar-ha-e-a-para-indicar-tempo-no-dia-a-dia","status":"publish","type":"post","link":"https:\/\/www.correiobraziliense.com.br\/cbradar\/entenda-a-regra-de-quando-usar-ha-e-a-para-indicar-tempo-no-dia-a-dia\/","title":{"rendered":"Entenda a regra de quando usar \u201cH\u00e1\u201d e \u201cA\u201d para indicar tempo no dia a dia"},"content":{"rendered":"\n<p>Dominar as sutilezas da l\u00edngua portuguesa \u00e9 um diferencial valioso para quem deseja se comunicar com clareza e autoridade profissional constante. Uma das d\u00favidas mais frequentes envolve o uso correto das express\u00f5es temporais que indicam passado ou futuro imediato. Aprender a diferenciar essas formas gramaticais evita erros comuns e garante textos impec\u00e1veis hoje.<\/p>\n\n\n\n<h2 class=\"wp-block-heading\">Por que confundimos tanto essas duas formas gramaticais?<\/h2>\n\n\n\n<p>A confus\u00e3o ocorre porque a sonoridade de ambas as palavras \u00e9 id\u00eantica na fala cotidiana, o que induz ao erro na escrita formal brasileira. Entender que uma representa o verbo haver enquanto a outra \u00e9 apenas uma preposi\u00e7\u00e3o ajuda a clarear a mente. Essa distin\u00e7\u00e3o fundamental permite que voc\u00ea construa frases corretas e transmita mensagens com precis\u00e3o absoluta agora.<\/p>\n\n\n\n<p>Muitas pessoas utilizam as regras de forma intuitiva, mas acabam trope\u00e7ando em normas cultas que exigem aten\u00e7\u00e3o redobrada aos detalhes gramaticais espec\u00edficos. O uso inadequado pode mudar completamente o sentido temporal de um relato importante, causando interpreta\u00e7\u00f5es equivocadas em relat\u00f3rios ou mensagens profissionais. Estudar essas diferen\u00e7as \u00e9 o passo inicial para garantir que sua escrita seja sempre respeitada hoje.<\/p>\n\n\n\n<figure class=\"wp-block-image size-large\"><img decoding=\"async\" width=\"1024\" height=\"576\" src=\"https:\/\/www.correiobraziliense.com.br\/cbradar\/wp-content\/uploads\/2026\/03\/Gemini_Generated_Image_gc6ys1gc6ys1gc6y-1-1-1024x576.png\" alt=\"Entenda a regra de quando usar \u201cH\u00e1\u201d e \u201cA\u201d para indicar tempo no dia a dia\" class=\"wp-image-202977\" srcset=\"https:\/\/www.correiobraziliense.com.br\/cbradar\/wp-content\/uploads\/2026\/03\/Gemini_Generated_Image_gc6ys1gc6ys1gc6y-1-1-1024x576.png 1024w, https:\/\/www.correiobraziliense.com.br\/cbradar\/wp-content\/uploads\/2026\/03\/Gemini_Generated_Image_gc6ys1gc6ys1gc6y-1-1-300x169.png 300w, https:\/\/www.correiobraziliense.com.br\/cbradar\/wp-content\/uploads\/2026\/03\/Gemini_Generated_Image_gc6ys1gc6ys1gc6y-1-1-768x432.png 768w, https:\/\/www.correiobraziliense.com.br\/cbradar\/wp-content\/uploads\/2026\/03\/Gemini_Generated_Image_gc6ys1gc6ys1gc6y-1-1-750x422.png 750w, https:\/\/www.correiobraziliense.com.br\/cbradar\/wp-content\/uploads\/2026\/03\/Gemini_Generated_Image_gc6ys1gc6ys1gc6y-1-1-1140x641.png 1140w, https:\/\/www.correiobraziliense.com.br\/cbradar\/wp-content\/uploads\/2026\/03\/Gemini_Generated_Image_gc6ys1gc6ys1gc6y-1-1.png 1280w\" sizes=\"(max-width: 1024px) 100vw, 1024px\" \/><figcaption class=\"wp-element-caption\">Diferen\u00e7a entre h\u00e1 e a explicada para evitar erros na escrita formal<\/figcaption><\/figure>\n\n\n\n<h2 class=\"wp-block-heading\">Como identificar o tempo passado com facilidade?<\/h2>\n\n\n\n<p>Sempre que a frase indicar um evento que j\u00e1 ocorreu, a forma correta \u00e9 utilizar o termo derivado do verbo haver. Uma dica pr\u00e1tica infal\u00edvel para verificar a corre\u00e7\u00e3o \u00e9 tentar substituir a palavra pelo verbo fazer no mesmo contexto temporal. Se a troca mantiver o sentido l\u00f3gico original da senten\u00e7a, voc\u00ea deve obrigatoriamente usar a grafia com a letra inicial H.<\/p>\n\n\n\n<p>Evite redund\u00e2ncias desnecess\u00e1rias, como dizer que algo aconteceu h\u00e1 anos atr\u00e1s, pois o verbo j\u00e1 carrega o sentido de retrocesso temporal por si s\u00f3. Manter a economia de palavras demonstra dom\u00ednio da norma padr\u00e3o e torna a leitura muito mais fluida para o receptor final. Aplicar essa regra simples transforma radicalmente a qualidade gramatical dos seus textos produzidos diariamente agora.<\/p>\n\n\n\n<h2 class=\"wp-block-heading\">Qual \u00e9 o segredo para falar do futuro?<\/h2>\n\n\n\n<p>Quando a inten\u00e7\u00e3o \u00e9 projetar um evento que ainda vai acontecer, a preposi\u00e7\u00e3o simples \u00e9 a escolha adequada para indicar dist\u00e2ncia temporal futura. Ela serve para medir o intervalo que nos separa de um momento que ainda n\u00e3o chegou, como compromissos agendados para a pr\u00f3xima semana. Compreender essa fun\u00e7\u00e3o conectiva facilita a organiza\u00e7\u00e3o l\u00f3gica de cronogramas e planejamentos estrat\u00e9gicos reais.<\/p>\n\n\n\n<p>Confira a lista abaixo:<\/p>\n\n\n\n<ul class=\"wp-block-list\">\n<li>Use &#8216;h\u00e1&#8217; para tempo decorrido.<\/li>\n\n\n\n<li>Substitua por faz para testar.<\/li>\n\n\n\n<li>Use a para tempo futuro.<\/li>\n\n\n\n<li>Indique dist\u00e2ncia com a preposi\u00e7\u00e3o.<\/li>\n\n\n\n<li>Evite usar &#8216;atr\u00e1s&#8217; junto com &#8216;h\u00e1&#8217;.<\/li>\n<\/ul>\n\n\n\n<h2 class=\"wp-block-heading\">Existe diferen\u00e7a quando falamos de dist\u00e2ncia f\u00edsica?<\/h2>\n\n\n\n<p>Sim, a preposi\u00e7\u00e3o tamb\u00e9m \u00e9 utilizada para indicar o afastamento espacial entre dois pontos geogr\u00e1ficos ou objetos espec\u00edficos em um ambiente qualquer. Se voc\u00ea deseja informar que sua casa fica a poucos quil\u00f4metros do trabalho, deve utilizar apenas a vogal isolada sem o acento ou a letra H. Essa regra espacial \u00e9 constante e ajuda a evitar confus\u00f5es visuais graves.<\/p>\n\n\n\n<p>O uso correto desses termos demonstra um cuidado especial com a etiqueta lingu\u00edstica em ambientes corporativos, onde a precis\u00e3o \u00e9 fundamental para o sucesso. Saber alternar entre as fun\u00e7\u00f5es de verbo e preposi\u00e7\u00e3o confere um tom de senioridade ao seu perfil profissional diante de colegas. Praticar essa distin\u00e7\u00e3o diariamente automatiza o processo e torna a escrita uma tarefa natural e simples.<\/p>\n\n\n\n<p>No v\u00eddeo abaixo do TikTok <strong><em>Fluminenseprof<\/em><\/strong>, que conta com mais de<strong><em> 516 mil <\/em><\/strong>seguidores, ele ensina a forma de usar o &#8220;h\u00e1&#8221; e o &#8220;a&#8221;:<\/p>\n\n\n\n<blockquote class=\"tiktok-embed\" cite=\"https:\/\/www.tiktok.com\/@fluminenseprof\/video\/7219385815170829573\" data-video-id=\"7219385815170829573\" style=\"max-width: 605px;min-width: 325px;\" > <section> <a target=\"_blank\" title=\"@fluminenseprof\" href=\"https:\/\/www.tiktok.com\/@fluminenseprof?refer=embed\">@fluminenseprof<\/a> <a title=\"portugues\" target=\"_blank\" href=\"https:\/\/www.tiktok.com\/tag\/portugues?refer=embed\">#portugues<\/a> <a title=\"enem\" target=\"_blank\" href=\"https:\/\/www.tiktok.com\/tag\/enem?refer=embed\">#enem<\/a> <a title=\"concurso\" target=\"_blank\" href=\"https:\/\/www.tiktok.com\/tag\/concurso?refer=embed\">#concurso<\/a> <a target=\"_blank\" title=\"\u266c som original - Luiz Fluminense | Portugu\u00eas\" href=\"https:\/\/www.tiktok.com\/music\/som-original-7219385817370315525?refer=embed\">\u266c som original &#8211; Luiz Fluminense | Portugu\u00eas<\/a> <\/section> <\/blockquote> <script async src=\"https:\/\/www.tiktok.com\/embed.js\"><\/script>\n\n\n\n<p>Leia tamb\u00e9m: <a href=\"https:\/\/www.correiobraziliense.com.br\/cbradar\/como-usar-uma-unica-palavra-para-elevar-o-nivel-do-seu-vocabulario-formal\/\" target=\"_blank\" rel=\"noreferrer noopener\">Como usar uma \u00fanica palavra para elevar o n\u00edvel do seu vocabul\u00e1rio formal<\/a><\/p>\n\n\n\n<h2 class=\"wp-block-heading\">O que dizem os especialistas sobre estas regras?<\/h2>\n\n\n\n<p>Consultar fontes oficiais \u00e9 essencial para sanar d\u00favidas persistentes sobre a aplica\u00e7\u00e3o de normas gramaticais complexas no dia a dia do brasileiro. Manuais de reda\u00e7\u00e3o refor\u00e7am que a clareza textual depende diretamente do uso preciso das part\u00edculas temporais em contextos variados de escrita formal. Estar atualizado com as conven\u00e7\u00f5es lingu\u00edsticas vigentes garante que sua comunica\u00e7\u00e3o seja sempre clara e muito eficiente.<\/p>\n\n\n\n<p>De acordo com o <strong><a target=\"_blank\" rel=\"noreferrer noopener\" href=\"https:\/\/www.academia.org.br\/nossa-lingua\/busca-no-vocabulario\">Dicion\u00e1rio Escolar da Academia Brasileira de Letras<\/a><\/strong>, a correta grafia e aplica\u00e7\u00e3o dos termos \u00e9 vital para a preserva\u00e7\u00e3o da norma culta nacional. Dominar esses conceitos b\u00e1sicos impede que v\u00edcios de linguagem comuns comprometam a qualidade dos seus documentos importantes. Investir tempo no estudo da gram\u00e1tica \u00e9 o caminho mais seguro para alcan\u00e7ar a <strong>excel\u00eancia na escrita profissional<\/strong>.<\/p>\n","protected":false},"excerpt":{"rendered":"<p>Dominar as sutilezas da l\u00edngua portuguesa \u00e9 um diferencial valioso para quem deseja se comunicar com clareza e autoridade profissional constante. Uma das d\u00favidas mais frequentes envolve o uso correto das express\u00f5es temporais que indicam passado ou futuro imediato. Aprender a diferenciar essas formas gramaticais evita erros comuns e garante textos impec\u00e1veis hoje. Por que [&hellip;]<\/p>\n","protected":false},"author":21,"featured_media":202976,"comment_status":"open","ping_status":"open","sticky":false,"template":"","format":"standard","meta":{"_yoast_wpseo_focuskw":"h\u00e1 ou a","_yoast_wpseo_title":"","_yoast_wpseo_metadesc":"Erros entre h\u00e1 e a ainda comprometem textos formais e levantam d\u00favidas frequentes sobre tempo passado, futuro e dist\u00e2ncia na escrita","jnews-multi-image_gallery":[],"jnews_single_post":{"format":"standard"},"jnews_primary_category":[],"jnews_social_meta":[],"jnews_override_counter":[],"footnotes":""},"categories":[112],"tags":[13378,10902,6081,5405],"class_list":["post-202945","post","type-post","status-publish","format-standard","has-post-thumbnail","hentry","category-curiosidades","tag-correcao","tag-lingua-portuguesa","tag-portugues","tag-regras"],"yoast_head":"<!-- This site is optimized with the Yoast SEO plugin v24.6 - https:\/\/yoast.com\/wordpress\/plugins\/seo\/ -->\n<title>Entenda a regra de quando usar \u201cH\u00e1\u201d e \u201cA\u201d para indicar tempo no dia a dia - Correio Braziliense - Radar<\/title>\n<meta name=\"description\" content=\"Erros entre h\u00e1 e a ainda comprometem textos formais e levantam d\u00favidas frequentes sobre tempo passado, futuro e dist\u00e2ncia na escrita\" \/>\n<meta name=\"robots\" content=\"index, follow, max-snippet:-1, max-image-preview:large, max-video-preview:-1\" \/>\n<link rel=\"canonical\" href=\"https:\/\/www.correiobraziliense.com.br\/cbradar\/entenda-a-regra-de-quando-usar-ha-e-a-para-indicar-tempo-no-dia-a-dia\/\" \/>\n<meta property=\"og:locale\" content=\"pt_BR\" \/>\n<meta property=\"og:type\" content=\"article\" \/>\n<meta property=\"og:title\" content=\"Entenda a regra de quando usar \u201cH\u00e1\u201d e \u201cA\u201d para indicar tempo no dia a dia - Correio Braziliense - Radar\" \/>\n<meta property=\"og:description\" content=\"Erros entre h\u00e1 e a ainda comprometem textos formais e levantam d\u00favidas frequentes sobre tempo passado, futuro e dist\u00e2ncia na escrita\" \/>\n<meta property=\"og:url\" content=\"https:\/\/www.correiobraziliense.com.br\/cbradar\/entenda-a-regra-de-quando-usar-ha-e-a-para-indicar-tempo-no-dia-a-dia\/\" \/>\n<meta property=\"og:site_name\" content=\"Correio Braziliense - Radar\" \/>\n<meta property=\"article:published_time\" content=\"2026-03-05T11:45:00+00:00\" \/>\n<meta property=\"og:image\" content=\"https:\/\/www.correiobraziliense.com.br\/cbradar\/wp-content\/uploads\/2026\/03\/Gemini_Generated_Image_r8oxuwr8oxuwr8ox-1-1.png\" \/>\n\t<meta property=\"og:image:width\" content=\"1280\" \/>\n\t<meta property=\"og:image:height\" content=\"720\" \/>\n\t<meta property=\"og:image:type\" content=\"image\/png\" \/>\n<meta name=\"author\" content=\"Patrick Silva\" \/>\n<meta name=\"twitter:card\" content=\"summary_large_image\" \/>\n<meta name=\"twitter:label1\" content=\"Escrito por\" \/>\n\t<meta name=\"twitter:data1\" content=\"Patrick Silva\" \/>\n\t<meta name=\"twitter:label2\" content=\"Est. tempo de leitura\" \/>\n\t<meta name=\"twitter:data2\" content=\"5 minutos\" \/>\n<!-- \/ Yoast SEO plugin. -->","yoast_head_json":{"title":"Entenda a regra de quando usar \u201cH\u00e1\u201d e \u201cA\u201d para indicar tempo no dia a dia - Correio Braziliense - Radar","description":"Erros entre h\u00e1 e a ainda comprometem textos formais e levantam d\u00favidas frequentes sobre tempo passado, futuro e dist\u00e2ncia na escrita","robots":{"index":"index","follow":"follow","max-snippet":"max-snippet:-1","max-image-preview":"max-image-preview:large","max-video-preview":"max-video-preview:-1"},"canonical":"https:\/\/www.correiobraziliense.com.br\/cbradar\/entenda-a-regra-de-quando-usar-ha-e-a-para-indicar-tempo-no-dia-a-dia\/","og_locale":"pt_BR","og_type":"article","og_title":"Entenda a regra de quando usar \u201cH\u00e1\u201d e \u201cA\u201d para indicar tempo no dia a dia - Correio Braziliense - Radar","og_description":"Erros entre h\u00e1 e a ainda comprometem textos formais e levantam d\u00favidas frequentes sobre tempo passado, futuro e dist\u00e2ncia na escrita","og_url":"https:\/\/www.correiobraziliense.com.br\/cbradar\/entenda-a-regra-de-quando-usar-ha-e-a-para-indicar-tempo-no-dia-a-dia\/","og_site_name":"Correio Braziliense - Radar","article_published_time":"2026-03-05T11:45:00+00:00","og_image":[{"width":1280,"height":720,"url":"https:\/\/www.correiobraziliense.com.br\/cbradar\/wp-content\/uploads\/2026\/03\/Gemini_Generated_Image_r8oxuwr8oxuwr8ox-1-1.png","type":"image\/png"}],"author":"Patrick Silva","twitter_card":"summary_large_image","twitter_misc":{"Escrito por":"Patrick Silva","Est. tempo de leitura":"5 minutos"},"schema":{"@context":"https:\/\/schema.org","@graph":[{"@type":"WebPage","@id":"https:\/\/www.correiobraziliense.com.br\/cbradar\/entenda-a-regra-de-quando-usar-ha-e-a-para-indicar-tempo-no-dia-a-dia\/","url":"https:\/\/www.correiobraziliense.com.br\/cbradar\/entenda-a-regra-de-quando-usar-ha-e-a-para-indicar-tempo-no-dia-a-dia\/","name":"Entenda a regra de quando usar \u201cH\u00e1\u201d e \u201cA\u201d para indicar tempo no dia a dia - Correio Braziliense - Radar","isPartOf":{"@id":"https:\/\/www.correiobraziliense.com.br\/cbradar\/#website"},"primaryImageOfPage":{"@id":"https:\/\/www.correiobraziliense.com.br\/cbradar\/entenda-a-regra-de-quando-usar-ha-e-a-para-indicar-tempo-no-dia-a-dia\/#primaryimage"},"image":{"@id":"https:\/\/www.correiobraziliense.com.br\/cbradar\/entenda-a-regra-de-quando-usar-ha-e-a-para-indicar-tempo-no-dia-a-dia\/#primaryimage"},"thumbnailUrl":"https:\/\/www.correiobraziliense.com.br\/cbradar\/wp-content\/uploads\/2026\/03\/Gemini_Generated_Image_r8oxuwr8oxuwr8ox-1-1.png","datePublished":"2026-03-05T11:45:00+00:00","author":{"@id":"https:\/\/www.correiobraziliense.com.br\/cbradar\/#\/schema\/person\/5440b72be9c7eb74f446c846479dc4da"},"description":"Erros entre h\u00e1 e a ainda comprometem textos formais e levantam d\u00favidas frequentes sobre tempo passado, futuro e dist\u00e2ncia na escrita","breadcrumb":{"@id":"https:\/\/www.correiobraziliense.com.br\/cbradar\/entenda-a-regra-de-quando-usar-ha-e-a-para-indicar-tempo-no-dia-a-dia\/#breadcrumb"},"inLanguage":"pt-BR","potentialAction":[{"@type":"ReadAction","target":["https:\/\/www.correiobraziliense.com.br\/cbradar\/entenda-a-regra-de-quando-usar-ha-e-a-para-indicar-tempo-no-dia-a-dia\/"]}]},{"@type":"ImageObject","inLanguage":"pt-BR","@id":"https:\/\/www.correiobraziliense.com.br\/cbradar\/entenda-a-regra-de-quando-usar-ha-e-a-para-indicar-tempo-no-dia-a-dia\/#primaryimage","url":"https:\/\/www.correiobraziliense.com.br\/cbradar\/wp-content\/uploads\/2026\/03\/Gemini_Generated_Image_r8oxuwr8oxuwr8ox-1-1.png","contentUrl":"https:\/\/www.correiobraziliense.com.br\/cbradar\/wp-content\/uploads\/2026\/03\/Gemini_Generated_Image_r8oxuwr8oxuwr8ox-1-1.png","width":1280,"height":720,"caption":"Diferen\u00e7a entre h\u00e1 e a explicada para evitar erros na escrita formal"},{"@type":"BreadcrumbList","@id":"https:\/\/www.correiobraziliense.com.br\/cbradar\/entenda-a-regra-de-quando-usar-ha-e-a-para-indicar-tempo-no-dia-a-dia\/#breadcrumb","itemListElement":[{"@type":"ListItem","position":1,"name":"In\u00edcio","item":"https:\/\/www.correiobraziliense.com.br\/cbradar\/"},{"@type":"ListItem","position":2,"name":"Entenda a regra de quando usar \u201cH\u00e1\u201d e \u201cA\u201d para indicar tempo no dia a dia"}]},{"@type":"WebSite","@id":"https:\/\/www.correiobraziliense.com.br\/cbradar\/#website","url":"https:\/\/www.correiobraziliense.com.br\/cbradar\/","name":"Correio Braziliense - Radar","description":"Acompanhe as \u00faltimas not\u00edcias e fique bem informado sobre tudo o que acontece no Brasil e no mundo.","potentialAction":[{"@type":"SearchAction","target":{"@type":"EntryPoint","urlTemplate":"https:\/\/www.correiobraziliense.com.br\/cbradar\/?s={search_term_string}"},"query-input":{"@type":"PropertyValueSpecification","valueRequired":true,"valueName":"search_term_string"}}],"inLanguage":"pt-BR"},{"@type":"Person","@id":"https:\/\/www.correiobraziliense.com.br\/cbradar\/#\/schema\/person\/5440b72be9c7eb74f446c846479dc4da","name":"Patrick Silva","image":{"@type":"ImageObject","inLanguage":"pt-BR","@id":"https:\/\/www.correiobraziliense.com.br\/cbradar\/#\/schema\/person\/image\/","url":"https:\/\/secure.gravatar.com\/avatar\/944109df296fc087785c9715fd5f80b2?s=96&d=mm&r=g","contentUrl":"https:\/\/secure.gravatar.com\/avatar\/944109df296fc087785c9715fd5f80b2?s=96&d=mm&r=g","caption":"Patrick Silva"},"sameAs":["https:\/\/www.correiobraziliense.com.br\/cbradar\/"],"url":"https:\/\/www.correiobraziliense.com.br\/cbradar\/author\/patrick-silva\/"}]}},"_links":{"self":[{"href":"https:\/\/www.correiobraziliense.com.br\/cbradar\/wp-json\/wp\/v2\/posts\/202945","targetHints":{"allow":["GET"]}}],"collection":[{"href":"https:\/\/www.correiobraziliense.com.br\/cbradar\/wp-json\/wp\/v2\/posts"}],"about":[{"href":"https:\/\/www.correiobraziliense.com.br\/cbradar\/wp-json\/wp\/v2\/types\/post"}],"author":[{"embeddable":true,"href":"https:\/\/www.correiobraziliense.com.br\/cbradar\/wp-json\/wp\/v2\/users\/21"}],"replies":[{"embeddable":true,"href":"https:\/\/www.correiobraziliense.com.br\/cbradar\/wp-json\/wp\/v2\/comments?post=202945"}],"version-history":[{"count":2,"href":"https:\/\/www.correiobraziliense.com.br\/cbradar\/wp-json\/wp\/v2\/posts\/202945\/revisions"}],"predecessor-version":[{"id":202979,"href":"https:\/\/www.correiobraziliense.com.br\/cbradar\/wp-json\/wp\/v2\/posts\/202945\/revisions\/202979"}],"wp:featuredmedia":[{"embeddable":true,"href":"https:\/\/www.correiobraziliense.com.br\/cbradar\/wp-json\/wp\/v2\/media\/202976"}],"wp:attachment":[{"href":"https:\/\/www.correiobraziliense.com.br\/cbradar\/wp-json\/wp\/v2\/media?parent=202945"}],"wp:term":[{"taxonomy":"category","embeddable":true,"href":"https:\/\/www.correiobraziliense.com.br\/cbradar\/wp-json\/wp\/v2\/categories?post=202945"},{"taxonomy":"post_tag","embeddable":true,"href":"https:\/\/www.correiobraziliense.com.br\/cbradar\/wp-json\/wp\/v2\/tags?post=202945"}],"curies":[{"name":"wp","href":"https:\/\/api.w.org\/{rel}","templated":true}]}}