{"id":202970,"date":"2026-03-05T15:15:00","date_gmt":"2026-03-05T18:15:00","guid":{"rendered":"https:\/\/www.correiobraziliense.com.br\/cbradar\/?p=202970"},"modified":"2026-03-04T14:06:05","modified_gmt":"2026-03-04T17:06:05","slug":"entenda-a-regra-de-quando-usar-mau-e-mal-no-dia-a-dia","status":"publish","type":"post","link":"https:\/\/www.correiobraziliense.com.br\/cbradar\/entenda-a-regra-de-quando-usar-mau-e-mal-no-dia-a-dia\/","title":{"rendered":"Entenda a regra de quando usar \u201cMau\u201d e \u201cMal\u201d no dia a dia"},"content":{"rendered":"\n<p>Dominar as nuances da l\u00edngua portuguesa \u00e9 essencial para quem deseja transmitir credibilidade em comunica\u00e7\u00f5es profissionais ou pessoais constantes. O uso correto dos termos hom\u00f3fonos evita interpreta\u00e7\u00f5es equivocadas e demonstra um cuidado especial com a norma culta. Entender a diferen\u00e7a entre esses adjetivos e adv\u00e9rbios garante que sua escrita seja sempre impec\u00e1vel hoje.<\/p>\n\n\n\n<h2 class=\"wp-block-heading\">Qual \u00e9 o truque infal\u00edvel para nunca mais errar?<\/h2>\n\n\n\n<p>O segredo mais pr\u00e1tico para distinguir os termos reside na substitui\u00e7\u00e3o pelos seus respectivos ant\u00f4nimos diretos no contexto da frase. Quando voc\u00ea puder trocar a palavra por bom, a grafia correta ser\u00e1 sempre com a letra U no final. Essa t\u00e9cnica simples resolve a maioria das d\u00favidas gramaticais que surgem durante a produ\u00e7\u00e3o de textos importantes hoje.<\/p>\n\n\n\n<p>Por outro lado, se o sentido da frase permitir a troca pelo termo bem, voc\u00ea deve utilizar a grafia terminada em L. Essa regra de oposi\u00e7\u00e3o \u00e9 a base fundamental para garantir que sua comunica\u00e7\u00e3o escrita seja precisa e livre de deslizes comuns. Aplicar esse m\u00e9todo mentalmente antes de escrever economiza tempo e aumenta sua autoridade lingu\u00edstica agora.<\/p>\n\n\n\n<figure class=\"wp-block-image size-large\"><img decoding=\"async\" width=\"1024\" height=\"576\" src=\"https:\/\/www.correiobraziliense.com.br\/cbradar\/wp-content\/uploads\/2026\/03\/Gemini_Generated_Image_4pomi84pomi84pom-1-1-1024x576.png\" alt=\"Entenda a regra de quando usar \u201cMau\u201d e \u201cMal\u201d no dia a dia\" class=\"wp-image-202984\" srcset=\"https:\/\/www.correiobraziliense.com.br\/cbradar\/wp-content\/uploads\/2026\/03\/Gemini_Generated_Image_4pomi84pomi84pom-1-1-1024x576.png 1024w, https:\/\/www.correiobraziliense.com.br\/cbradar\/wp-content\/uploads\/2026\/03\/Gemini_Generated_Image_4pomi84pomi84pom-1-1-300x169.png 300w, https:\/\/www.correiobraziliense.com.br\/cbradar\/wp-content\/uploads\/2026\/03\/Gemini_Generated_Image_4pomi84pomi84pom-1-1-768x432.png 768w, https:\/\/www.correiobraziliense.com.br\/cbradar\/wp-content\/uploads\/2026\/03\/Gemini_Generated_Image_4pomi84pomi84pom-1-1-750x422.png 750w, https:\/\/www.correiobraziliense.com.br\/cbradar\/wp-content\/uploads\/2026\/03\/Gemini_Generated_Image_4pomi84pomi84pom-1-1-1140x641.png 1140w, https:\/\/www.correiobraziliense.com.br\/cbradar\/wp-content\/uploads\/2026\/03\/Gemini_Generated_Image_4pomi84pomi84pom-1-1.png 1280w\" sizes=\"(max-width: 1024px) 100vw, 1024px\" \/><figcaption class=\"wp-element-caption\">Diferen\u00e7a entre mau e mal para evitar erros na comunica\u00e7\u00e3o escrita<\/figcaption><\/figure>\n\n\n\n<h2 class=\"wp-block-heading\">Como identificar quando a palavra funciona como adjetivo?<\/h2>\n\n\n\n<p>O termo terminado em U atua como um adjetivo, servindo para qualificar um substantivo espec\u00edfico dentro de uma ora\u00e7\u00e3o qualquer. Ele indica uma caracter\u00edstica negativa ou uma qualidade ruim de um objeto, animal ou pessoa em diversos contextos cotidianos. Identificar essa fun\u00e7\u00e3o gramatical ajuda a manter a concord\u00e2ncia nominal correta em seus documentos profissionais brasileiros hoje.<\/p>\n\n\n\n<p>Lembre-se de que essa palavra tamb\u00e9m sofre varia\u00e7\u00f5es de g\u00eanero e n\u00famero, transformando-se em m\u00e1 ou maus conforme a necessidade da frase. Observar essa flexibilidade \u00e9 um indicativo claro de que voc\u00ea est\u00e1 lidando com uma qualidade intr\u00ednseca do sujeito abordado. Dominar essas varia\u00e7\u00f5es demonstra um conhecimento profundo das estruturas fundamentais que comp\u00f5em o nosso idioma atualmente.<\/p>\n\n\n\n<h2 class=\"wp-block-heading\">Por que a fun\u00e7\u00e3o de adv\u00e9rbio exige aten\u00e7\u00e3o redobrada?<\/h2>\n\n\n\n<p>A forma terminada em L atua frequentemente como um adv\u00e9rbio de modo, indicando que algo n\u00e3o foi feito de maneira satisfat\u00f3ria ou adequada. Ela modifica verbos ou adjetivos, permanecendo invari\u00e1vel na maioria das situa\u00e7\u00f5es gramaticais encontradas no dia a dia. Compreender essa estabilidade morfol\u00f3gica facilita a revis\u00e3o r\u00e1pida de conte\u00fados digitais produzidos para o p\u00fablico geral hoje.<\/p>\n\n\n\n<p>Confira a lista abaixo:<\/p>\n\n\n\n<ul class=\"wp-block-list\">\n<li>Use mau como oposto de bom.<\/li>\n\n\n\n<li>Use mal como oposto de bem.<\/li>\n\n\n\n<li>Adjetivos qualificam substantivos em frases.<\/li>\n\n\n\n<li>Adv\u00e9rbios modificam o modo do verbo.<\/li>\n\n\n\n<li>Substitua mentalmente para testar a grafia.<\/li>\n<\/ul>\n\n\n\n<h2 class=\"wp-block-heading\">Existem casos em que o termo assume valor de substantivo?<\/h2>\n\n\n\n<p>Em certas constru\u00e7\u00f5es, a palavra escrita com L pode vir precedida de um artigo, funcionando como um substantivo que indica doen\u00e7a ou calamidade. Nesses casos, ela representa um conceito abstrato de algo ruim que aflige uma pessoa ou uma sociedade inteira agora. Identificar essa mudan\u00e7a de classe gramatical \u00e9 vital para garantir a coes\u00e3o textual em ensaios.<\/p>\n\n\n\n<p>Al\u00e9m disso, o termo tamb\u00e9m pode atuar como uma conjun\u00e7\u00e3o temporal, indicando que uma a\u00e7\u00e3o ocorreu imediatamente ap\u00f3s outra em um relato. Perceber essas m\u00faltiplas fun\u00e7\u00f5es exige uma leitura atenta das normas gramaticais brasileiras vigentes para evitar confus\u00f5es sem\u00e2nticas desnecess\u00e1rias. Estudar essas aplica\u00e7\u00f5es diversificadas enriquece seu vocabul\u00e1rio e torna sua escrita muito mais sofisticada e vers\u00e1til.<\/p>\n\n\n\n<p>No v\u00eddeo abaixo do TikTok <strong><em>Profamaria_eduarda<\/em><\/strong>, que conta com mais de<strong><em> 215 mil <\/em><\/strong>seguidores, ela ensina a forma de usar o &#8220;mal&#8221; e o &#8220;mau&#8221;:<\/p>\n\n\n\n<blockquote class=\"tiktok-embed\" cite=\"https:\/\/www.tiktok.com\/@profamaria_eduarda\/video\/7321771866480266501\" data-video-id=\"7321771866480266501\" style=\"max-width: 605px;min-width: 325px;\" > <section> <a target=\"_blank\" title=\"@profamaria_eduarda\" href=\"https:\/\/www.tiktok.com\/@profamaria_eduarda?refer=embed\">@profamaria_eduarda<\/a> Respondendo a @freud_cat <a title=\"linguaportuguesa\" target=\"_blank\" href=\"https:\/\/www.tiktok.com\/tag\/linguaportuguesa?refer=embed\">#linguaportuguesa<\/a> <a title=\"portugues\" target=\"_blank\" href=\"https:\/\/www.tiktok.com\/tag\/portugues?refer=embed\">#portugues<\/a> <a title=\"gramatica\" target=\"_blank\" href=\"https:\/\/www.tiktok.com\/tag\/gramatica?refer=embed\">#gramatica<\/a> <a title=\"ortografia\" target=\"_blank\" href=\"https:\/\/www.tiktok.com\/tag\/ortografia?refer=embed\">#ortografia<\/a> <a target=\"_blank\" title=\"\u266c Bossa Nova Easy Listening(1302379) - yousuke\" href=\"https:\/\/www.tiktok.com\/music\/Bossa-Nova-Easy-Listening-1302379-7146261734582405121?refer=embed\">\u266c Bossa Nova Easy Listening(1302379) &#8211; yousuke<\/a> <\/section> <\/blockquote> <script async src=\"https:\/\/www.tiktok.com\/embed.js\"><\/script>\n\n\n\n<p>Leia tamb\u00e9m: <a href=\"https:\/\/www.correiobraziliense.com.br\/cbradar\/como-usar-uma-unica-palavra-para-elevar-o-nivel-do-seu-vocabulario-formal\/\" target=\"_blank\" rel=\"noreferrer noopener\">Como usar uma \u00fanica palavra para elevar o n\u00edvel do seu vocabul\u00e1rio formal<\/a><\/p>\n\n\n\n<h2 class=\"wp-block-heading\">O que as autoridades lingu\u00edsticas recomendam sobre o tema?<\/h2>\n\n\n\n<p>A consulta regular a manuais oficiais de ortografia \u00e9 o caminho mais seguro para quem busca excel\u00eancia na escrita da l\u00edngua portuguesa. Institui\u00e7\u00f5es renomadas oferecem guias detalhados que explicam as nuances de cada termo em diferentes contextos de uso real e pr\u00e1tico hoje. Estar alinhado com as normas vigentes garante que sua comunica\u00e7\u00e3o seja sempre t\u00e9cnica, clara e autorit\u00e1ria.<\/p>\n\n\n\n<p>Conforme as diretrizes presentes no <strong><a target=\"_blank\" rel=\"noreferrer noopener\" href=\"https:\/\/www.academia.org.br\/nossa-lingua\/busca-no-vocabulario\">Vocabul\u00e1rio Ortogr\u00e1fico da L\u00edngua Portuguesa<\/a><\/strong>, manter a precis\u00e3o ortogr\u00e1fica \u00e9 fundamental para a preserva\u00e7\u00e3o da clareza na comunica\u00e7\u00e3o escrita nacional. Seguir essas recomenda\u00e7\u00f5es oficiais evita que v\u00edcios de linguagem comprometam a qualidade dos seus artigos ou mensagens importantes. Investir no aprimoramento gramatical constante \u00e9 a estrat\u00e9gia ideal para alcan\u00e7ar o sucesso em sua carreira profissional agora.<\/p>\n","protected":false},"excerpt":{"rendered":"<p>Dominar as nuances da l\u00edngua portuguesa \u00e9 essencial para quem deseja transmitir credibilidade em comunica\u00e7\u00f5es profissionais ou pessoais constantes. O uso correto dos termos hom\u00f3fonos evita interpreta\u00e7\u00f5es equivocadas e demonstra um cuidado especial com a norma culta. Entender a diferen\u00e7a entre esses adjetivos e adv\u00e9rbios garante que sua escrita seja sempre impec\u00e1vel hoje. Qual \u00e9 [&hellip;]<\/p>\n","protected":false},"author":21,"featured_media":202983,"comment_status":"open","ping_status":"open","sticky":false,"template":"","format":"standard","meta":{"_yoast_wpseo_focuskw":"mal ou mau","_yoast_wpseo_title":"","_yoast_wpseo_metadesc":"Erros entre mau e mal ainda geram d\u00favidas frequentes e podem comprometer a clareza de textos formais e comunica\u00e7\u00f5es profissionais","jnews-multi-image_gallery":[],"jnews_single_post":{"format":"standard"},"jnews_primary_category":[],"jnews_social_meta":[],"jnews_override_counter":[],"footnotes":""},"categories":[112],"tags":[4877,12816,10902,6081],"class_list":["post-202970","post","type-post","status-publish","format-standard","has-post-thumbnail","hentry","category-curiosidades","tag-escrita","tag-gramatica","tag-lingua-portuguesa","tag-portugues"],"yoast_head":"<!-- This site is optimized with the Yoast SEO plugin v24.6 - https:\/\/yoast.com\/wordpress\/plugins\/seo\/ -->\n<title>Entenda a regra de quando usar \u201cMau\u201d e \u201cMal\u201d no dia a dia - Correio Braziliense - Radar<\/title>\n<meta name=\"description\" content=\"Erros entre mau e mal ainda geram d\u00favidas frequentes e podem comprometer a clareza de textos formais e comunica\u00e7\u00f5es profissionais\" \/>\n<meta name=\"robots\" content=\"index, follow, max-snippet:-1, max-image-preview:large, max-video-preview:-1\" \/>\n<link rel=\"canonical\" href=\"https:\/\/www.correiobraziliense.com.br\/cbradar\/entenda-a-regra-de-quando-usar-mau-e-mal-no-dia-a-dia\/\" \/>\n<meta property=\"og:locale\" content=\"pt_BR\" \/>\n<meta property=\"og:type\" content=\"article\" \/>\n<meta property=\"og:title\" content=\"Entenda a regra de quando usar \u201cMau\u201d e \u201cMal\u201d no dia a dia - Correio Braziliense - Radar\" \/>\n<meta property=\"og:description\" content=\"Erros entre mau e mal ainda geram d\u00favidas frequentes e podem comprometer a clareza de textos formais e comunica\u00e7\u00f5es profissionais\" \/>\n<meta property=\"og:url\" content=\"https:\/\/www.correiobraziliense.com.br\/cbradar\/entenda-a-regra-de-quando-usar-mau-e-mal-no-dia-a-dia\/\" \/>\n<meta property=\"og:site_name\" content=\"Correio Braziliense - Radar\" \/>\n<meta property=\"article:published_time\" content=\"2026-03-05T18:15:00+00:00\" \/>\n<meta property=\"og:image\" content=\"https:\/\/www.correiobraziliense.com.br\/cbradar\/wp-content\/uploads\/2026\/03\/Gemini_Generated_Image_4gaex74gaex74gae-1-1.png\" \/>\n\t<meta property=\"og:image:width\" content=\"1280\" \/>\n\t<meta property=\"og:image:height\" content=\"720\" \/>\n\t<meta property=\"og:image:type\" content=\"image\/png\" \/>\n<meta name=\"author\" content=\"Patrick Silva\" \/>\n<meta name=\"twitter:card\" content=\"summary_large_image\" \/>\n<meta name=\"twitter:label1\" content=\"Escrito por\" \/>\n\t<meta name=\"twitter:data1\" content=\"Patrick Silva\" \/>\n\t<meta name=\"twitter:label2\" content=\"Est. tempo de leitura\" \/>\n\t<meta name=\"twitter:data2\" content=\"5 minutos\" \/>\n<!-- \/ Yoast SEO plugin. -->","yoast_head_json":{"title":"Entenda a regra de quando usar \u201cMau\u201d e \u201cMal\u201d no dia a dia - Correio Braziliense - Radar","description":"Erros entre mau e mal ainda geram d\u00favidas frequentes e podem comprometer a clareza de textos formais e comunica\u00e7\u00f5es profissionais","robots":{"index":"index","follow":"follow","max-snippet":"max-snippet:-1","max-image-preview":"max-image-preview:large","max-video-preview":"max-video-preview:-1"},"canonical":"https:\/\/www.correiobraziliense.com.br\/cbradar\/entenda-a-regra-de-quando-usar-mau-e-mal-no-dia-a-dia\/","og_locale":"pt_BR","og_type":"article","og_title":"Entenda a regra de quando usar \u201cMau\u201d e \u201cMal\u201d no dia a dia - Correio Braziliense - Radar","og_description":"Erros entre mau e mal ainda geram d\u00favidas frequentes e podem comprometer a clareza de textos formais e comunica\u00e7\u00f5es profissionais","og_url":"https:\/\/www.correiobraziliense.com.br\/cbradar\/entenda-a-regra-de-quando-usar-mau-e-mal-no-dia-a-dia\/","og_site_name":"Correio Braziliense - Radar","article_published_time":"2026-03-05T18:15:00+00:00","og_image":[{"width":1280,"height":720,"url":"https:\/\/www.correiobraziliense.com.br\/cbradar\/wp-content\/uploads\/2026\/03\/Gemini_Generated_Image_4gaex74gaex74gae-1-1.png","type":"image\/png"}],"author":"Patrick Silva","twitter_card":"summary_large_image","twitter_misc":{"Escrito por":"Patrick Silva","Est. tempo de leitura":"5 minutos"},"schema":{"@context":"https:\/\/schema.org","@graph":[{"@type":"WebPage","@id":"https:\/\/www.correiobraziliense.com.br\/cbradar\/entenda-a-regra-de-quando-usar-mau-e-mal-no-dia-a-dia\/","url":"https:\/\/www.correiobraziliense.com.br\/cbradar\/entenda-a-regra-de-quando-usar-mau-e-mal-no-dia-a-dia\/","name":"Entenda a regra de quando usar \u201cMau\u201d e \u201cMal\u201d no dia a dia - Correio Braziliense - Radar","isPartOf":{"@id":"https:\/\/www.correiobraziliense.com.br\/cbradar\/#website"},"primaryImageOfPage":{"@id":"https:\/\/www.correiobraziliense.com.br\/cbradar\/entenda-a-regra-de-quando-usar-mau-e-mal-no-dia-a-dia\/#primaryimage"},"image":{"@id":"https:\/\/www.correiobraziliense.com.br\/cbradar\/entenda-a-regra-de-quando-usar-mau-e-mal-no-dia-a-dia\/#primaryimage"},"thumbnailUrl":"https:\/\/www.correiobraziliense.com.br\/cbradar\/wp-content\/uploads\/2026\/03\/Gemini_Generated_Image_4gaex74gaex74gae-1-1.png","datePublished":"2026-03-05T18:15:00+00:00","author":{"@id":"https:\/\/www.correiobraziliense.com.br\/cbradar\/#\/schema\/person\/5440b72be9c7eb74f446c846479dc4da"},"description":"Erros entre mau e mal ainda geram d\u00favidas frequentes e podem comprometer a clareza de textos formais e comunica\u00e7\u00f5es profissionais","breadcrumb":{"@id":"https:\/\/www.correiobraziliense.com.br\/cbradar\/entenda-a-regra-de-quando-usar-mau-e-mal-no-dia-a-dia\/#breadcrumb"},"inLanguage":"pt-BR","potentialAction":[{"@type":"ReadAction","target":["https:\/\/www.correiobraziliense.com.br\/cbradar\/entenda-a-regra-de-quando-usar-mau-e-mal-no-dia-a-dia\/"]}]},{"@type":"ImageObject","inLanguage":"pt-BR","@id":"https:\/\/www.correiobraziliense.com.br\/cbradar\/entenda-a-regra-de-quando-usar-mau-e-mal-no-dia-a-dia\/#primaryimage","url":"https:\/\/www.correiobraziliense.com.br\/cbradar\/wp-content\/uploads\/2026\/03\/Gemini_Generated_Image_4gaex74gaex74gae-1-1.png","contentUrl":"https:\/\/www.correiobraziliense.com.br\/cbradar\/wp-content\/uploads\/2026\/03\/Gemini_Generated_Image_4gaex74gaex74gae-1-1.png","width":1280,"height":720,"caption":"Diferen\u00e7a entre mau e mal para evitar erros na comunica\u00e7\u00e3o escrita"},{"@type":"BreadcrumbList","@id":"https:\/\/www.correiobraziliense.com.br\/cbradar\/entenda-a-regra-de-quando-usar-mau-e-mal-no-dia-a-dia\/#breadcrumb","itemListElement":[{"@type":"ListItem","position":1,"name":"In\u00edcio","item":"https:\/\/www.correiobraziliense.com.br\/cbradar\/"},{"@type":"ListItem","position":2,"name":"Entenda a regra de quando usar \u201cMau\u201d e \u201cMal\u201d no dia a dia"}]},{"@type":"WebSite","@id":"https:\/\/www.correiobraziliense.com.br\/cbradar\/#website","url":"https:\/\/www.correiobraziliense.com.br\/cbradar\/","name":"Correio Braziliense - Radar","description":"Acompanhe as \u00faltimas not\u00edcias e fique bem informado sobre tudo o que acontece no Brasil e no mundo.","potentialAction":[{"@type":"SearchAction","target":{"@type":"EntryPoint","urlTemplate":"https:\/\/www.correiobraziliense.com.br\/cbradar\/?s={search_term_string}"},"query-input":{"@type":"PropertyValueSpecification","valueRequired":true,"valueName":"search_term_string"}}],"inLanguage":"pt-BR"},{"@type":"Person","@id":"https:\/\/www.correiobraziliense.com.br\/cbradar\/#\/schema\/person\/5440b72be9c7eb74f446c846479dc4da","name":"Patrick Silva","image":{"@type":"ImageObject","inLanguage":"pt-BR","@id":"https:\/\/www.correiobraziliense.com.br\/cbradar\/#\/schema\/person\/image\/","url":"https:\/\/secure.gravatar.com\/avatar\/944109df296fc087785c9715fd5f80b2?s=96&d=mm&r=g","contentUrl":"https:\/\/secure.gravatar.com\/avatar\/944109df296fc087785c9715fd5f80b2?s=96&d=mm&r=g","caption":"Patrick Silva"},"sameAs":["https:\/\/www.correiobraziliense.com.br\/cbradar\/"],"url":"https:\/\/www.correiobraziliense.com.br\/cbradar\/author\/patrick-silva\/"}]}},"_links":{"self":[{"href":"https:\/\/www.correiobraziliense.com.br\/cbradar\/wp-json\/wp\/v2\/posts\/202970","targetHints":{"allow":["GET"]}}],"collection":[{"href":"https:\/\/www.correiobraziliense.com.br\/cbradar\/wp-json\/wp\/v2\/posts"}],"about":[{"href":"https:\/\/www.correiobraziliense.com.br\/cbradar\/wp-json\/wp\/v2\/types\/post"}],"author":[{"embeddable":true,"href":"https:\/\/www.correiobraziliense.com.br\/cbradar\/wp-json\/wp\/v2\/users\/21"}],"replies":[{"embeddable":true,"href":"https:\/\/www.correiobraziliense.com.br\/cbradar\/wp-json\/wp\/v2\/comments?post=202970"}],"version-history":[{"count":2,"href":"https:\/\/www.correiobraziliense.com.br\/cbradar\/wp-json\/wp\/v2\/posts\/202970\/revisions"}],"predecessor-version":[{"id":202988,"href":"https:\/\/www.correiobraziliense.com.br\/cbradar\/wp-json\/wp\/v2\/posts\/202970\/revisions\/202988"}],"wp:featuredmedia":[{"embeddable":true,"href":"https:\/\/www.correiobraziliense.com.br\/cbradar\/wp-json\/wp\/v2\/media\/202983"}],"wp:attachment":[{"href":"https:\/\/www.correiobraziliense.com.br\/cbradar\/wp-json\/wp\/v2\/media?parent=202970"}],"wp:term":[{"taxonomy":"category","embeddable":true,"href":"https:\/\/www.correiobraziliense.com.br\/cbradar\/wp-json\/wp\/v2\/categories?post=202970"},{"taxonomy":"post_tag","embeddable":true,"href":"https:\/\/www.correiobraziliense.com.br\/cbradar\/wp-json\/wp\/v2\/tags?post=202970"}],"curies":[{"name":"wp","href":"https:\/\/api.w.org\/{rel}","templated":true}]}}