{"id":202980,"date":"2026-03-05T18:15:00","date_gmt":"2026-03-05T21:15:00","guid":{"rendered":"https:\/\/www.correiobraziliense.com.br\/cbradar\/?p=202980"},"modified":"2026-03-04T14:06:36","modified_gmt":"2026-03-04T17:06:36","slug":"a-classica-duvida-de-quando-usar-mas-e-mais-que-muitos-ainda-possuem","status":"publish","type":"post","link":"https:\/\/www.correiobraziliense.com.br\/cbradar\/a-classica-duvida-de-quando-usar-mas-e-mais-que-muitos-ainda-possuem\/","title":{"rendered":"A cl\u00e1ssica d\u00favida de quando usar \u201cMas\u201d e \u201cMais\u201d que muitos ainda possuem"},"content":{"rendered":"\n<p>Escrever corretamente \u00e9 um pilar fundamental para quem busca transmitir profissionalismo e seriedade em qualquer ambiente digital ou corporativo hoje. A confus\u00e3o entre termos que possuem sonoridades semelhantes costuma gerar ru\u00eddos desnecess\u00e1rios na comunica\u00e7\u00e3o escrita brasileira. Entender as regras b\u00e1sicas de gram\u00e1tica transforma sua habilidade de expressar ideias com <strong>clareza absoluta<\/strong> agora.<\/p>\n\n\n\n<h2 class=\"wp-block-heading\">Como identificar o sentido de oposi\u00e7\u00e3o em suas frases?<\/h2>\n\n\n\n<p>Muitas pessoas utilizam o termo sem o acento ou o i quando desejam expressar uma ideia contr\u00e1ria ao que foi dito anteriormente. Essa conjun\u00e7\u00e3o adversativa funciona como um freio l\u00f3gico, introduzindo uma ressalva ou um contraste necess\u00e1rio para a compreens\u00e3o do leitor. Dominar esse uso \u00e9 vital para manter a coes\u00e3o de seus textos profissionais brasileiros.<\/p>\n\n\n\n<p>A melhor forma de validar o emprego correto dessa palavra \u00e9 tentar substitu\u00ed-la por termos equivalentes como por\u00e9m ou contudo. Essa substitui\u00e7\u00e3o direta confirma se o sentido da ora\u00e7\u00e3o permanece intacto e gramaticalmente correto em diferentes contextos de escrita. Aplicar essa t\u00e9cnica simples ajuda a evitar deslizes que podem comprometer sua imagem em documentos oficiais importantes agora.<\/p>\n\n\n\n<figure class=\"wp-block-image size-large\"><img decoding=\"async\" width=\"1024\" height=\"576\" src=\"https:\/\/www.correiobraziliense.com.br\/cbradar\/wp-content\/uploads\/2026\/03\/Gemini_Generated_Image_hnpwk9hnpwk9hnpw-1-1-1024x576.png\" alt=\"A cl\u00e1ssica d\u00favida de quando usar \u201cMas\u201d e \u201cMais\u201d que muitos ainda possuem\" class=\"wp-image-202992\" srcset=\"https:\/\/www.correiobraziliense.com.br\/cbradar\/wp-content\/uploads\/2026\/03\/Gemini_Generated_Image_hnpwk9hnpwk9hnpw-1-1-1024x576.png 1024w, https:\/\/www.correiobraziliense.com.br\/cbradar\/wp-content\/uploads\/2026\/03\/Gemini_Generated_Image_hnpwk9hnpwk9hnpw-1-1-300x169.png 300w, https:\/\/www.correiobraziliense.com.br\/cbradar\/wp-content\/uploads\/2026\/03\/Gemini_Generated_Image_hnpwk9hnpwk9hnpw-1-1-768x432.png 768w, https:\/\/www.correiobraziliense.com.br\/cbradar\/wp-content\/uploads\/2026\/03\/Gemini_Generated_Image_hnpwk9hnpwk9hnpw-1-1-750x422.png 750w, https:\/\/www.correiobraziliense.com.br\/cbradar\/wp-content\/uploads\/2026\/03\/Gemini_Generated_Image_hnpwk9hnpwk9hnpw-1-1-1140x641.png 1140w, https:\/\/www.correiobraziliense.com.br\/cbradar\/wp-content\/uploads\/2026\/03\/Gemini_Generated_Image_hnpwk9hnpwk9hnpw-1-1.png 1280w\" sizes=\"(max-width: 1024px) 100vw, 1024px\" \/><figcaption class=\"wp-element-caption\">Diferen\u00e7a entre mas e mais para evitar erros na escrita profissional<\/figcaption><\/figure>\n\n\n\n<h2 class=\"wp-block-heading\">Qual \u00e9 a regra fundamental para indicar intensidade ou quantidade?<\/h2>\n\n\n\n<p>Quando a inten\u00e7\u00e3o do autor \u00e9 somar elementos ou intensificar uma caracter\u00edstica espec\u00edfica, a grafia deve incluir obrigatoriamente a letra i. Esse termo atua como um adv\u00e9rbio de intensidade ou um pronome indefinido, dependendo da estrutura da frase constru\u00edda por voc\u00ea. Perceber essa diferen\u00e7a funcional \u00e9 o segredo para uma escrita fluida e muito elegante hoje.<\/p>\n\n\n\n<p>A aplica\u00e7\u00e3o correta desse voc\u00e1bulo permite que voc\u00ea quantifique desejos, objetos ou sentimentos com precis\u00e3o absoluta em qualquer contexto de escrita criativa. Ele representa o oposto direto de menos, servindo como uma ferramenta m\u00e9trica para o leitor entender a propor\u00e7\u00e3o do que est\u00e1 sendo narrado. Praticar essa distin\u00e7\u00e3o diariamente automatiza o processo de revis\u00e3o e melhora sua produtividade textual agora.<\/p>\n\n\n\n<h2 class=\"wp-block-heading\">Existe um m\u00e9todo pr\u00e1tico para nunca mais esquecer essas diferen\u00e7as?<\/h2>\n\n\n\n<p>Criar gatilhos mentais baseados em oposi\u00e7\u00f5es diretas \u00e9 a estrat\u00e9gia mais eficiente para fixar regras gramaticais complexas de forma definitiva e r\u00e1pida. Visualizar a palavra como um s\u00edmbolo de adi\u00e7\u00e3o ajuda a associar a grafia correta ao conceito de aumento ou superioridade num\u00e9rica imediata. Essa t\u00e9cnica mnem\u00f4nica facilita a vida de redatores que precisam produzir conte\u00fado de alta qualidade.<\/p>\n\n\n\n<p>Confira a lista abaixo:<\/p>\n\n\n\n<ul class=\"wp-block-list\">\n<li>Use mas para indicar oposi\u00e7\u00e3o.<\/li>\n\n\n\n<li>Substitua por &#8220;por\u00e9m&#8221; para testar.<\/li>\n\n\n\n<li>Use mais para indicar adi\u00e7\u00e3o.<\/li>\n\n\n\n<li>Substitua por menos para validar.<\/li>\n\n\n\n<li>Evite confundir os sons na escrita.<\/li>\n<\/ul>\n\n\n\n<h2 class=\"wp-block-heading\">Por que a revis\u00e3o cuidadosa \u00e9 indispens\u00e1vel na produ\u00e7\u00e3o de conte\u00fado?<\/h2>\n\n\n\n<p>Mesmo redatores experientes podem cometer erros de digita\u00e7\u00e3o por pura pressa ou distra\u00e7\u00e3o durante o processo de cria\u00e7\u00e3o de artigos longos. Ler o texto em voz alta permite que o c\u00e9rebro identifique incoer\u00eancias que passam despercebidas pela vis\u00e3o durante uma leitura silenciosa e r\u00e1pida. Dedicar tempo para ajustar esses detalhes gramaticais eleva o padr\u00e3o de entrega do seu trabalho profissional.<\/p>\n\n\n\n<p>A clareza textual \u00e9 o que diferencia um amador de um especialista respeitado no mercado de produ\u00e7\u00e3o de conte\u00fado digital brasileiro. Eliminar ambiguidades causadas pelo uso incorreto de conectivos b\u00e1sicos garante que o p\u00fablico compreenda sua mensagem sem dificuldades ou preconceitos lingu\u00edsticos. Investir na qualidade gramatical \u00e9 uma decis\u00e3o estrat\u00e9gica para quem deseja construir uma <strong>autoridade s\u00f3lida<\/strong> e duradoura na internet.<\/p>\n\n\n\n<p>No v\u00eddeo abaixo do TikTok <strong><em>Flaviaplucas<\/em><\/strong>, que conta com mais de<strong><em> 554 mil <\/em><\/strong>seguidores, ela ensina a forma de usar o &#8220;mais&#8221; e o &#8220;mas&#8221;:<\/p>\n\n\n\n<blockquote class=\"tiktok-embed\" cite=\"https:\/\/www.tiktok.com\/@flaviaplucas\/video\/7446528541623176453\" data-video-id=\"7446528541623176453\" style=\"max-width: 605px;min-width: 325px;\" > <section> <a target=\"_blank\" title=\"@flaviaplucas\" href=\"https:\/\/www.tiktok.com\/@flaviaplucas?refer=embed\">@flaviaplucas<\/a> <a title=\"fy\" target=\"_blank\" href=\"https:\/\/www.tiktok.com\/tag\/fy?refer=embed\">#fy<\/a> <a title=\"fyp\" target=\"_blank\" href=\"https:\/\/www.tiktok.com\/tag\/fyp?refer=embed\">#fyp<\/a> <a title=\"linguaportuguesa\" target=\"_blank\" href=\"https:\/\/www.tiktok.com\/tag\/linguaportuguesa?refer=embed\">#linguaportuguesa<\/a> <a target=\"_blank\" title=\"\u266c som original - Fl\u00e1via Lucas\" href=\"https:\/\/www.tiktok.com\/music\/som-original-7446528617847458565?refer=embed\">\u266c som original &#8211; Fl\u00e1via Lucas<\/a> <\/section> <\/blockquote> <script async src=\"https:\/\/www.tiktok.com\/embed.js\"><\/script>\n\n\n\n<p>Leia tamb\u00e9m: <a href=\"https:\/\/www.correiobraziliense.com.br\/cbradar\/como-usar-uma-unica-palavra-para-elevar-o-nivel-do-seu-vocabulario-formal\/\" target=\"_blank\" rel=\"noreferrer noopener\">Como usar uma \u00fanica palavra para elevar o n\u00edvel do seu vocabul\u00e1rio formal<\/a><\/p>\n\n\n\n<h2 class=\"wp-block-heading\">Como a norma culta influencia o sucesso de sua carreira digital?<\/h2>\n\n\n\n<p>Escrever conforme as regras da l\u00edngua portuguesa abre portas e gera confian\u00e7a imediata entre clientes, parceiros e leitores em potencial. Um texto livre de erros b\u00e1sicos de ortografia demonstra que o autor possui rigor intelectual e respeito pelo tempo de quem consome o material produzido. Essa postura profissional \u00e9 um diferencial competitivo valioso em um mercado cada vez mais saturado hoje.<\/p>\n\n\n\n<p>A distin\u00e7\u00e3o entre esses termos \u00e9 crucial para a precis\u00e3o sem\u00e2ntica em qualquer g\u00eanero textual. Manter a curiosidade sobre o funcionamento do idioma permite que voc\u00ea explore novas formas de engajar sua audi\u00eancia com intelig\u00eancia e precis\u00e3o. A pr\u00e1tica constante leva \u00e0 perfei\u00e7\u00e3o, transformando desafios gramaticais em oportunidades reais de brilhar sempre.<\/p>\n","protected":false},"excerpt":{"rendered":"<p>Escrever corretamente \u00e9 um pilar fundamental para quem busca transmitir profissionalismo e seriedade em qualquer ambiente digital ou corporativo hoje. A confus\u00e3o entre termos que possuem sonoridades semelhantes costuma gerar ru\u00eddos desnecess\u00e1rios na comunica\u00e7\u00e3o escrita brasileira. Entender as regras b\u00e1sicas de gram\u00e1tica transforma sua habilidade de expressar ideias com clareza absoluta agora. Como identificar o [&hellip;]<\/p>\n","protected":false},"author":21,"featured_media":202989,"comment_status":"open","ping_status":"open","sticky":false,"template":"","format":"standard","meta":{"_yoast_wpseo_focuskw":"mas ou mais","_yoast_wpseo_title":"","_yoast_wpseo_metadesc":"Mas ou mais ainda causam confus\u00e3o na escrita e podem comprometer a clareza e a credibilidade de textos profissionais","jnews-multi-image_gallery":[],"jnews_single_post":{"format":"standard"},"jnews_primary_category":[],"jnews_social_meta":[],"jnews_override_counter":[],"footnotes":""},"categories":[112],"tags":[4877,12816,10902,6081],"class_list":["post-202980","post","type-post","status-publish","format-standard","has-post-thumbnail","hentry","category-curiosidades","tag-escrita","tag-gramatica","tag-lingua-portuguesa","tag-portugues"],"yoast_head":"<!-- This site is optimized with the Yoast SEO plugin v24.6 - https:\/\/yoast.com\/wordpress\/plugins\/seo\/ -->\n<title>A cl\u00e1ssica d\u00favida de quando usar \u201cMas\u201d e \u201cMais\u201d que muitos ainda possuem - Correio Braziliense - Radar<\/title>\n<meta name=\"description\" content=\"Mas ou mais ainda causam confus\u00e3o na escrita e podem comprometer a clareza e a credibilidade de textos profissionais\" \/>\n<meta name=\"robots\" content=\"index, follow, max-snippet:-1, max-image-preview:large, max-video-preview:-1\" \/>\n<link rel=\"canonical\" href=\"https:\/\/www.correiobraziliense.com.br\/cbradar\/a-classica-duvida-de-quando-usar-mas-e-mais-que-muitos-ainda-possuem\/\" \/>\n<meta property=\"og:locale\" content=\"pt_BR\" \/>\n<meta property=\"og:type\" content=\"article\" \/>\n<meta property=\"og:title\" content=\"A cl\u00e1ssica d\u00favida de quando usar \u201cMas\u201d e \u201cMais\u201d que muitos ainda possuem - Correio Braziliense - Radar\" \/>\n<meta property=\"og:description\" content=\"Mas ou mais ainda causam confus\u00e3o na escrita e podem comprometer a clareza e a credibilidade de textos profissionais\" \/>\n<meta property=\"og:url\" content=\"https:\/\/www.correiobraziliense.com.br\/cbradar\/a-classica-duvida-de-quando-usar-mas-e-mais-que-muitos-ainda-possuem\/\" \/>\n<meta property=\"og:site_name\" content=\"Correio Braziliense - Radar\" \/>\n<meta property=\"article:published_time\" content=\"2026-03-05T21:15:00+00:00\" \/>\n<meta property=\"og:image\" content=\"https:\/\/www.correiobraziliense.com.br\/cbradar\/wp-content\/uploads\/2026\/03\/Gemini_Generated_Image_fjj3wffjj3wffjj3-1-1.png\" \/>\n\t<meta property=\"og:image:width\" content=\"1280\" \/>\n\t<meta property=\"og:image:height\" content=\"720\" \/>\n\t<meta property=\"og:image:type\" content=\"image\/png\" \/>\n<meta name=\"author\" content=\"Patrick Silva\" \/>\n<meta name=\"twitter:card\" content=\"summary_large_image\" \/>\n<meta name=\"twitter:label1\" content=\"Escrito por\" \/>\n\t<meta name=\"twitter:data1\" content=\"Patrick Silva\" \/>\n\t<meta name=\"twitter:label2\" content=\"Est. tempo de leitura\" \/>\n\t<meta name=\"twitter:data2\" content=\"5 minutos\" \/>\n<!-- \/ Yoast SEO plugin. -->","yoast_head_json":{"title":"A cl\u00e1ssica d\u00favida de quando usar \u201cMas\u201d e \u201cMais\u201d que muitos ainda possuem - Correio Braziliense - Radar","description":"Mas ou mais ainda causam confus\u00e3o na escrita e podem comprometer a clareza e a credibilidade de textos profissionais","robots":{"index":"index","follow":"follow","max-snippet":"max-snippet:-1","max-image-preview":"max-image-preview:large","max-video-preview":"max-video-preview:-1"},"canonical":"https:\/\/www.correiobraziliense.com.br\/cbradar\/a-classica-duvida-de-quando-usar-mas-e-mais-que-muitos-ainda-possuem\/","og_locale":"pt_BR","og_type":"article","og_title":"A cl\u00e1ssica d\u00favida de quando usar \u201cMas\u201d e \u201cMais\u201d que muitos ainda possuem - Correio Braziliense - Radar","og_description":"Mas ou mais ainda causam confus\u00e3o na escrita e podem comprometer a clareza e a credibilidade de textos profissionais","og_url":"https:\/\/www.correiobraziliense.com.br\/cbradar\/a-classica-duvida-de-quando-usar-mas-e-mais-que-muitos-ainda-possuem\/","og_site_name":"Correio Braziliense - Radar","article_published_time":"2026-03-05T21:15:00+00:00","og_image":[{"width":1280,"height":720,"url":"https:\/\/www.correiobraziliense.com.br\/cbradar\/wp-content\/uploads\/2026\/03\/Gemini_Generated_Image_fjj3wffjj3wffjj3-1-1.png","type":"image\/png"}],"author":"Patrick Silva","twitter_card":"summary_large_image","twitter_misc":{"Escrito por":"Patrick Silva","Est. tempo de leitura":"5 minutos"},"schema":{"@context":"https:\/\/schema.org","@graph":[{"@type":"WebPage","@id":"https:\/\/www.correiobraziliense.com.br\/cbradar\/a-classica-duvida-de-quando-usar-mas-e-mais-que-muitos-ainda-possuem\/","url":"https:\/\/www.correiobraziliense.com.br\/cbradar\/a-classica-duvida-de-quando-usar-mas-e-mais-que-muitos-ainda-possuem\/","name":"A cl\u00e1ssica d\u00favida de quando usar \u201cMas\u201d e \u201cMais\u201d que muitos ainda possuem - Correio Braziliense - Radar","isPartOf":{"@id":"https:\/\/www.correiobraziliense.com.br\/cbradar\/#website"},"primaryImageOfPage":{"@id":"https:\/\/www.correiobraziliense.com.br\/cbradar\/a-classica-duvida-de-quando-usar-mas-e-mais-que-muitos-ainda-possuem\/#primaryimage"},"image":{"@id":"https:\/\/www.correiobraziliense.com.br\/cbradar\/a-classica-duvida-de-quando-usar-mas-e-mais-que-muitos-ainda-possuem\/#primaryimage"},"thumbnailUrl":"https:\/\/www.correiobraziliense.com.br\/cbradar\/wp-content\/uploads\/2026\/03\/Gemini_Generated_Image_fjj3wffjj3wffjj3-1-1.png","datePublished":"2026-03-05T21:15:00+00:00","author":{"@id":"https:\/\/www.correiobraziliense.com.br\/cbradar\/#\/schema\/person\/5440b72be9c7eb74f446c846479dc4da"},"description":"Mas ou mais ainda causam confus\u00e3o na escrita e podem comprometer a clareza e a credibilidade de textos profissionais","breadcrumb":{"@id":"https:\/\/www.correiobraziliense.com.br\/cbradar\/a-classica-duvida-de-quando-usar-mas-e-mais-que-muitos-ainda-possuem\/#breadcrumb"},"inLanguage":"pt-BR","potentialAction":[{"@type":"ReadAction","target":["https:\/\/www.correiobraziliense.com.br\/cbradar\/a-classica-duvida-de-quando-usar-mas-e-mais-que-muitos-ainda-possuem\/"]}]},{"@type":"ImageObject","inLanguage":"pt-BR","@id":"https:\/\/www.correiobraziliense.com.br\/cbradar\/a-classica-duvida-de-quando-usar-mas-e-mais-que-muitos-ainda-possuem\/#primaryimage","url":"https:\/\/www.correiobraziliense.com.br\/cbradar\/wp-content\/uploads\/2026\/03\/Gemini_Generated_Image_fjj3wffjj3wffjj3-1-1.png","contentUrl":"https:\/\/www.correiobraziliense.com.br\/cbradar\/wp-content\/uploads\/2026\/03\/Gemini_Generated_Image_fjj3wffjj3wffjj3-1-1.png","width":1280,"height":720,"caption":"Diferen\u00e7a entre mas e mais para evitar erros na escrita profissional"},{"@type":"BreadcrumbList","@id":"https:\/\/www.correiobraziliense.com.br\/cbradar\/a-classica-duvida-de-quando-usar-mas-e-mais-que-muitos-ainda-possuem\/#breadcrumb","itemListElement":[{"@type":"ListItem","position":1,"name":"In\u00edcio","item":"https:\/\/www.correiobraziliense.com.br\/cbradar\/"},{"@type":"ListItem","position":2,"name":"A cl\u00e1ssica d\u00favida de quando usar \u201cMas\u201d e \u201cMais\u201d que muitos ainda possuem"}]},{"@type":"WebSite","@id":"https:\/\/www.correiobraziliense.com.br\/cbradar\/#website","url":"https:\/\/www.correiobraziliense.com.br\/cbradar\/","name":"Correio Braziliense - Radar","description":"Acompanhe as \u00faltimas not\u00edcias e fique bem informado sobre tudo o que acontece no Brasil e no mundo.","potentialAction":[{"@type":"SearchAction","target":{"@type":"EntryPoint","urlTemplate":"https:\/\/www.correiobraziliense.com.br\/cbradar\/?s={search_term_string}"},"query-input":{"@type":"PropertyValueSpecification","valueRequired":true,"valueName":"search_term_string"}}],"inLanguage":"pt-BR"},{"@type":"Person","@id":"https:\/\/www.correiobraziliense.com.br\/cbradar\/#\/schema\/person\/5440b72be9c7eb74f446c846479dc4da","name":"Patrick Silva","image":{"@type":"ImageObject","inLanguage":"pt-BR","@id":"https:\/\/www.correiobraziliense.com.br\/cbradar\/#\/schema\/person\/image\/","url":"https:\/\/secure.gravatar.com\/avatar\/944109df296fc087785c9715fd5f80b2?s=96&d=mm&r=g","contentUrl":"https:\/\/secure.gravatar.com\/avatar\/944109df296fc087785c9715fd5f80b2?s=96&d=mm&r=g","caption":"Patrick Silva"},"sameAs":["https:\/\/www.correiobraziliense.com.br\/cbradar\/"],"url":"https:\/\/www.correiobraziliense.com.br\/cbradar\/author\/patrick-silva\/"}]}},"_links":{"self":[{"href":"https:\/\/www.correiobraziliense.com.br\/cbradar\/wp-json\/wp\/v2\/posts\/202980","targetHints":{"allow":["GET"]}}],"collection":[{"href":"https:\/\/www.correiobraziliense.com.br\/cbradar\/wp-json\/wp\/v2\/posts"}],"about":[{"href":"https:\/\/www.correiobraziliense.com.br\/cbradar\/wp-json\/wp\/v2\/types\/post"}],"author":[{"embeddable":true,"href":"https:\/\/www.correiobraziliense.com.br\/cbradar\/wp-json\/wp\/v2\/users\/21"}],"replies":[{"embeddable":true,"href":"https:\/\/www.correiobraziliense.com.br\/cbradar\/wp-json\/wp\/v2\/comments?post=202980"}],"version-history":[{"count":3,"href":"https:\/\/www.correiobraziliense.com.br\/cbradar\/wp-json\/wp\/v2\/posts\/202980\/revisions"}],"predecessor-version":[{"id":203102,"href":"https:\/\/www.correiobraziliense.com.br\/cbradar\/wp-json\/wp\/v2\/posts\/202980\/revisions\/203102"}],"wp:featuredmedia":[{"embeddable":true,"href":"https:\/\/www.correiobraziliense.com.br\/cbradar\/wp-json\/wp\/v2\/media\/202989"}],"wp:attachment":[{"href":"https:\/\/www.correiobraziliense.com.br\/cbradar\/wp-json\/wp\/v2\/media?parent=202980"}],"wp:term":[{"taxonomy":"category","embeddable":true,"href":"https:\/\/www.correiobraziliense.com.br\/cbradar\/wp-json\/wp\/v2\/categories?post=202980"},{"taxonomy":"post_tag","embeddable":true,"href":"https:\/\/www.correiobraziliense.com.br\/cbradar\/wp-json\/wp\/v2\/tags?post=202980"}],"curies":[{"name":"wp","href":"https:\/\/api.w.org\/{rel}","templated":true}]}}