{"id":202990,"date":"2026-03-06T20:55:00","date_gmt":"2026-03-06T23:55:00","guid":{"rendered":"https:\/\/www.correiobraziliense.com.br\/cbradar\/?p=202990"},"modified":"2026-03-05T14:22:07","modified_gmt":"2026-03-05T17:22:07","slug":"adeus-esponja-de-pratos-o-item-de-silicone-que-nao-acumula-bacterias-e-dura-ate-1-ano-na-sua-cozinha","status":"publish","type":"post","link":"https:\/\/www.correiobraziliense.com.br\/cbradar\/adeus-esponja-de-pratos-o-item-de-silicone-que-nao-acumula-bacterias-e-dura-ate-1-ano-na-sua-cozinha\/","title":{"rendered":"Adeus, esponja de pratos: o item de silicone que n\u00e3o acumula bact\u00e9rias e dura at\u00e9 1 ano na sua cozinha"},"content":{"rendered":"\n<p>A <strong>esponja de silicone<\/strong> substitui aquela bucha amarela nojenta e bloqueia totalmente a prolifera\u00e7\u00e3o de fungos perigosos na sua pia. Esse item pr\u00e1tico e barato dura at\u00e9 um ano inteiro lavando a lou\u00e7a pesada da fam\u00edlia, mantendo a higiene da casa sempre em dia sem acumular aquele cheiro azedo.<\/p>\n\n\n\n<h2 class=\"wp-block-heading\">Por que a esponja de silicone n\u00e3o junta restos de comida?<\/h2>\n\n\n\n<p>A bucha comum de poliuretano \u00e9 cheia de furos que servem de esconderijo perfeito para restos de carne e gordura org\u00e2nica. J\u00e1 o material sint\u00e9tico possui uma superf\u00edcie totalmente lisa que n\u00e3o absorve l\u00edquidos ou sujeira ap\u00f3s a lavagem pesada das suas <strong>panelas<\/strong>.<\/p>\n\n\n\n<p>As esponjas tradicionais abrigam col\u00f4nias perigosas de pat\u00f3genos que causam mal-estar. A troca para o modelo de borracha corta esse risco pela raiz e garante uma lou\u00e7a realmente livre de germes.<\/p>\n\n\n<div class=\"wp-block-image\">\n<figure class=\"aligncenter size-large\"><img decoding=\"async\" width=\"1024\" height=\"576\" src=\"https:\/\/www.correiobraziliense.com.br\/cbradar\/wp-content\/uploads\/2026\/03\/imagem_2026-03-04_122107520-1024x576.png\" alt=\"Esponja de silicone azul brilha sobre bancada de quartzo sob luz tropical.\" class=\"wp-image-203004\" srcset=\"https:\/\/www.correiobraziliense.com.br\/cbradar\/wp-content\/uploads\/2026\/03\/imagem_2026-03-04_122107520-1024x576.png 1024w, https:\/\/www.correiobraziliense.com.br\/cbradar\/wp-content\/uploads\/2026\/03\/imagem_2026-03-04_122107520-300x169.png 300w, https:\/\/www.correiobraziliense.com.br\/cbradar\/wp-content\/uploads\/2026\/03\/imagem_2026-03-04_122107520-768x432.png 768w, https:\/\/www.correiobraziliense.com.br\/cbradar\/wp-content\/uploads\/2026\/03\/imagem_2026-03-04_122107520-750x422.png 750w, https:\/\/www.correiobraziliense.com.br\/cbradar\/wp-content\/uploads\/2026\/03\/imagem_2026-03-04_122107520-1140x641.png 1140w, https:\/\/www.correiobraziliense.com.br\/cbradar\/wp-content\/uploads\/2026\/03\/imagem_2026-03-04_122107520.png 1280w\" sizes=\"(max-width: 1024px) 100vw, 1024px\" \/><figcaption class=\"wp-element-caption\">Esponja de silicone azul brilha sobre bancada de quartzo sob luz tropical.<\/figcaption><\/figure><\/div>\n\n\n<h2 class=\"wp-block-heading\">Quais as principais vantagens de abandonar a bucha amarela?<\/h2>\n\n\n\n<p>Acompanhe os maiores ganhos dessa troca inteligente para a rotina di\u00e1ria da sua lavanderia.<\/p>\n\n\n\n<ul class=\"wp-block-list\">\n<li>Fim definitivo daquele <strong>cheiro de azedo<\/strong> que impregna na m\u00e3o ap\u00f3s lavar a lou\u00e7a.<\/li>\n\n\n\n<li>Economia de dinheiro real, j\u00e1 que uma \u00fanica pe\u00e7a resiste por <strong>12 meses<\/strong> de uso intenso.<\/li>\n\n\n\n<li>Material <strong>ecol\u00f3gico<\/strong> que diminui drasticamente o volume de lixo jogado na natureza.<\/li>\n<\/ul>\n\n\n\n<p>Voc\u00ea para de gastar dinheiro no <strong>supermercado<\/strong> toda semana comprando pacotes de limpeza novos. \u00c9 um investimento de <strong>baixo custo<\/strong> que protege a sa\u00fade do est\u00f4mago da sua fam\u00edlia inteira.<\/p>\n\n\n<div class=\"wp-block-image\">\n<figure class=\"aligncenter size-large\"><img decoding=\"async\" width=\"1024\" height=\"576\" src=\"https:\/\/www.correiobraziliense.com.br\/cbradar\/wp-content\/uploads\/2026\/03\/imagem_2026-03-04_122112154-1024x576.png\" alt=\"POV: M\u00e3o com alian\u00e7a esfregando panela de a\u00e7o com esponja de silicone e \u00e1gua\" class=\"wp-image-203002\" srcset=\"https:\/\/www.correiobraziliense.com.br\/cbradar\/wp-content\/uploads\/2026\/03\/imagem_2026-03-04_122112154-1024x576.png 1024w, https:\/\/www.correiobraziliense.com.br\/cbradar\/wp-content\/uploads\/2026\/03\/imagem_2026-03-04_122112154-300x169.png 300w, https:\/\/www.correiobraziliense.com.br\/cbradar\/wp-content\/uploads\/2026\/03\/imagem_2026-03-04_122112154-768x432.png 768w, https:\/\/www.correiobraziliense.com.br\/cbradar\/wp-content\/uploads\/2026\/03\/imagem_2026-03-04_122112154-750x422.png 750w, https:\/\/www.correiobraziliense.com.br\/cbradar\/wp-content\/uploads\/2026\/03\/imagem_2026-03-04_122112154-1140x641.png 1140w, https:\/\/www.correiobraziliense.com.br\/cbradar\/wp-content\/uploads\/2026\/03\/imagem_2026-03-04_122112154.png 1280w\" sizes=\"(max-width: 1024px) 100vw, 1024px\" \/><figcaption class=\"wp-element-caption\">POV: M\u00e3o com alian\u00e7a esfregando panela de a\u00e7o com esponja de silicone e \u00e1gua<\/figcaption><\/figure><\/div>\n\n\n<h2 class=\"wp-block-heading\">Como esterilizar esse item usando apenas \u00e1gua quente?<\/h2>\n\n\n\n<p>Diferente da bucha tradicional que derrete ou esfarela, esse acess\u00f3rio suporta temperaturas extremas sem perder o formato original de f\u00e1brica. Voc\u00ea s\u00f3 precisa ferver um pouco de <strong>\u00e1gua<\/strong> no fog\u00e3o e mergulhar a pe\u00e7a por cerca de <strong>cinco minutos<\/strong> para matar tudo.<\/p>\n\n\n\n<p>Outra op\u00e7\u00e3o pr\u00e1tica \u00e9 jogar a pe\u00e7a direto na <strong>m\u00e1quina de lavar lou\u00e7as<\/strong> junto com os pratos sujos do jantar. O calor intenso da \u00e1gua elimina qualquer microrganismo que tenha sobrado nas cerdas, deixando a sua pia pronta e limpa para o dia seguinte.<\/p>\n\n\n<div class=\"wp-block-image\">\n<figure class=\"aligncenter size-large\"><img decoding=\"async\" width=\"1024\" height=\"576\" src=\"https:\/\/www.correiobraziliense.com.br\/cbradar\/wp-content\/uploads\/2026\/03\/imagem_2026-03-04_122136854-1024x576.png\" alt=\"Aplicando detergente l\u00edquido direto no prato molhado com a esponja\" class=\"wp-image-203005\" srcset=\"https:\/\/www.correiobraziliense.com.br\/cbradar\/wp-content\/uploads\/2026\/03\/imagem_2026-03-04_122136854-1024x576.png 1024w, https:\/\/www.correiobraziliense.com.br\/cbradar\/wp-content\/uploads\/2026\/03\/imagem_2026-03-04_122136854-300x169.png 300w, https:\/\/www.correiobraziliense.com.br\/cbradar\/wp-content\/uploads\/2026\/03\/imagem_2026-03-04_122136854-768x432.png 768w, https:\/\/www.correiobraziliense.com.br\/cbradar\/wp-content\/uploads\/2026\/03\/imagem_2026-03-04_122136854-750x422.png 750w, https:\/\/www.correiobraziliense.com.br\/cbradar\/wp-content\/uploads\/2026\/03\/imagem_2026-03-04_122136854-1140x641.png 1140w, https:\/\/www.correiobraziliense.com.br\/cbradar\/wp-content\/uploads\/2026\/03\/imagem_2026-03-04_122136854.png 1280w\" sizes=\"(max-width: 1024px) 100vw, 1024px\" \/><figcaption class=\"wp-element-caption\">Aplicando detergente l\u00edquido direto no prato molhado com a esponja<\/figcaption><\/figure><\/div>\n\n\n<h2 class=\"wp-block-heading\">Qual a diferen\u00e7a de custo e seguran\u00e7a entre as op\u00e7\u00f5es?<\/h2>\n\n\n\n<p>Avalie o impacto financeiro e o n\u00edvel de seguran\u00e7a de cada modelo no longo prazo de uso.<\/p>\n\n\n\n<figure class=\"wp-block-table\"><table class=\"has-fixed-layout\"><tbody><tr><th>Tipo de Produto<\/th><th>Dura\u00e7\u00e3o M\u00e9dia<\/th><th>Risco de Contamina\u00e7\u00e3o<\/th><\/tr><tr><td>Bucha de Poliuretano<\/td><td><strong>7 dias<\/strong><\/td><td>Muito Alto<\/td><\/tr><tr><td>Lavador de Silicone<\/td><td><strong>365 dias<\/strong><\/td><td>Quase Zero<\/td><\/tr><\/tbody><\/table><\/figure>\n\n\n\n<p>O modelo mais moderno custa uns trocados a mais na <strong>primeira compra<\/strong>, mas se paga rapidamente nos primeiros meses. Voc\u00ea economiza muito dinheiro ao longo do ano e corta o descarte exagerado de pl\u00e1stico no meio ambiente de uma vez por todas.<\/p>\n\n\n\n<p>Leia tamb\u00e9m: <a href=\"https:\/\/www.correiobraziliense.com.br\/cbradar\/quanto-custa-transformar-o-banheiro-antigo-em-um-espaco-moderno-trocando-apenas-a-bancada-e-o-sistema-de-iluminacao\/\" target=\"_blank\" rel=\"noreferrer noopener\">Quanto custa transformar o banheiro antigo em um espa\u00e7o moderno trocando apenas a bancada e o sistema de ilumina\u00e7\u00e3o<\/a><\/p>\n\n\n\n<h2 class=\"wp-block-heading\">O acess\u00f3rio faz bastante espuma na hora de lavar a lou\u00e7a?<\/h2>\n\n\n\n<p>Esse \u00e9 o \u00fanico detalhe que exige um pouco de paci\u00eancia e adapta\u00e7\u00e3o durante os primeiros dias de uso na cozinha. Como o material n\u00e3o \u00e9 poroso, ele n\u00e3o segura o <strong>detergente l\u00edquido<\/strong> da mesma forma que as espumas antigas costumavam fazer.<\/p>\n\n\n\n<p>A dica de ouro \u00e9 aplicar o sab\u00e3o direto no <strong>prato molhado<\/strong> e depois esfregar com a for\u00e7a das cerdas de borracha. Voc\u00ea limpa o prato com muita efici\u00eancia e tira de casa o maior foco de doen\u00e7as estomacais de um jeito super r\u00e1pido.<\/p>\n","protected":false},"excerpt":{"rendered":"<p>A esponja de silicone substitui aquela bucha amarela nojenta e bloqueia totalmente a prolifera\u00e7\u00e3o de fungos perigosos na sua pia. Esse item pr\u00e1tico e barato dura at\u00e9 um ano inteiro lavando a lou\u00e7a pesada da fam\u00edlia, mantendo a higiene da casa sempre em dia sem acumular aquele cheiro azedo. Por que a esponja de silicone [&hellip;]<\/p>\n","protected":false},"author":11,"featured_media":203592,"comment_status":"open","ping_status":"open","sticky":false,"template":"","format":"standard","meta":{"_yoast_wpseo_focuskw":"esponja de silicone","_yoast_wpseo_title":"","_yoast_wpseo_metadesc":"Trocar a bucha comum pela esponja de silicone acaba com as bact\u00e9rias na sua pia. \u00c9 uma op\u00e7\u00e3o barata que dura um ano inteiro lavando lou\u00e7a.","jnews-multi-image_gallery":[],"jnews_single_post":{"format":"standard"},"jnews_primary_category":[],"jnews_social_meta":[],"jnews_override_counter":[],"footnotes":""},"categories":[143],"post_tag":[5925,6520],"class_list":["post-202990","post","type-post","status-publish","format-standard","has-post-thumbnail","hentry","category-casa-e-decoracao","tag-bacteria","tag-esponja"],"yoast_head":"<!-- This site is optimized with the Yoast SEO plugin v24.6 - https:\/\/yoast.com\/wordpress\/plugins\/seo\/ -->\n<title>Adeus, esponja de pratos: o item de silicone que n\u00e3o acumula bact\u00e9rias e dura at\u00e9 1 ano na sua cozinha - Correio Braziliense - Radar<\/title>\n<meta name=\"description\" content=\"Trocar a bucha comum pela esponja de silicone acaba com as bact\u00e9rias na sua pia. \u00c9 uma op\u00e7\u00e3o barata que dura um ano inteiro lavando lou\u00e7a.\" \/>\n<meta name=\"robots\" content=\"index, follow, max-snippet:-1, max-image-preview:large, max-video-preview:-1\" \/>\n<link rel=\"canonical\" href=\"https:\/\/www.correiobraziliense.com.br\/cbradar\/adeus-esponja-de-pratos-o-item-de-silicone-que-nao-acumula-bacterias-e-dura-ate-1-ano-na-sua-cozinha\/\" \/>\n<meta property=\"og:locale\" content=\"pt_BR\" \/>\n<meta property=\"og:type\" content=\"article\" \/>\n<meta property=\"og:title\" content=\"Adeus, esponja de pratos: o item de silicone que n\u00e3o acumula bact\u00e9rias e dura at\u00e9 1 ano na sua cozinha - Correio Braziliense - Radar\" \/>\n<meta property=\"og:description\" content=\"Trocar a bucha comum pela esponja de silicone acaba com as bact\u00e9rias na sua pia. \u00c9 uma op\u00e7\u00e3o barata que dura um ano inteiro lavando lou\u00e7a.\" \/>\n<meta property=\"og:url\" content=\"https:\/\/www.correiobraziliense.com.br\/cbradar\/adeus-esponja-de-pratos-o-item-de-silicone-que-nao-acumula-bacterias-e-dura-ate-1-ano-na-sua-cozinha\/\" \/>\n<meta property=\"og:site_name\" content=\"Correio Braziliense - Radar\" \/>\n<meta property=\"article:published_time\" content=\"2026-03-06T23:55:00+00:00\" \/>\n<meta property=\"og:image\" content=\"https:\/\/www.correiobraziliense.com.br\/cbradar\/wp-content\/uploads\/2026\/03\/freepik__esponja-de-silicone-azul-com-cerdas-curtas-sobre-a__58094.jpeg\" \/>\n\t<meta property=\"og:image:width\" content=\"1280\" \/>\n\t<meta property=\"og:image:height\" content=\"720\" \/>\n\t<meta property=\"og:image:type\" content=\"image\/jpeg\" \/>\n<meta name=\"author\" content=\"Paulo Custodio\" \/>\n<meta name=\"twitter:card\" content=\"summary_large_image\" \/>\n<meta name=\"twitter:label1\" content=\"Escrito por\" \/>\n\t<meta name=\"twitter:data1\" content=\"Paulo Custodio\" \/>\n\t<meta name=\"twitter:label2\" content=\"Est. tempo de leitura\" \/>\n\t<meta name=\"twitter:data2\" content=\"4 minutos\" \/>\n<!-- \/ Yoast SEO plugin. -->","yoast_head_json":{"title":"Adeus, esponja de pratos: o item de silicone que n\u00e3o acumula bact\u00e9rias e dura at\u00e9 1 ano na sua cozinha - Correio Braziliense - Radar","description":"Trocar a bucha comum pela esponja de silicone acaba com as bact\u00e9rias na sua pia. \u00c9 uma op\u00e7\u00e3o barata que dura um ano inteiro lavando lou\u00e7a.","robots":{"index":"index","follow":"follow","max-snippet":"max-snippet:-1","max-image-preview":"max-image-preview:large","max-video-preview":"max-video-preview:-1"},"canonical":"https:\/\/www.correiobraziliense.com.br\/cbradar\/adeus-esponja-de-pratos-o-item-de-silicone-que-nao-acumula-bacterias-e-dura-ate-1-ano-na-sua-cozinha\/","og_locale":"pt_BR","og_type":"article","og_title":"Adeus, esponja de pratos: o item de silicone que n\u00e3o acumula bact\u00e9rias e dura at\u00e9 1 ano na sua cozinha - Correio Braziliense - Radar","og_description":"Trocar a bucha comum pela esponja de silicone acaba com as bact\u00e9rias na sua pia. \u00c9 uma op\u00e7\u00e3o barata que dura um ano inteiro lavando lou\u00e7a.","og_url":"https:\/\/www.correiobraziliense.com.br\/cbradar\/adeus-esponja-de-pratos-o-item-de-silicone-que-nao-acumula-bacterias-e-dura-ate-1-ano-na-sua-cozinha\/","og_site_name":"Correio Braziliense - Radar","article_published_time":"2026-03-06T23:55:00+00:00","og_image":[{"width":1280,"height":720,"url":"https:\/\/www.correiobraziliense.com.br\/cbradar\/wp-content\/uploads\/2026\/03\/freepik__esponja-de-silicone-azul-com-cerdas-curtas-sobre-a__58094.jpeg","type":"image\/jpeg"}],"author":"Paulo Custodio","twitter_card":"summary_large_image","twitter_misc":{"Escrito por":"Paulo Custodio","Est. tempo de leitura":"4 minutos"},"schema":{"@context":"https:\/\/schema.org","@graph":[{"@type":"WebPage","@id":"https:\/\/www.correiobraziliense.com.br\/cbradar\/adeus-esponja-de-pratos-o-item-de-silicone-que-nao-acumula-bacterias-e-dura-ate-1-ano-na-sua-cozinha\/","url":"https:\/\/www.correiobraziliense.com.br\/cbradar\/adeus-esponja-de-pratos-o-item-de-silicone-que-nao-acumula-bacterias-e-dura-ate-1-ano-na-sua-cozinha\/","name":"Adeus, esponja de pratos: o item de silicone que n\u00e3o acumula bact\u00e9rias e dura at\u00e9 1 ano na sua cozinha - Correio Braziliense - Radar","isPartOf":{"@id":"https:\/\/www.correiobraziliense.com.br\/cbradar\/#website"},"primaryImageOfPage":{"@id":"https:\/\/www.correiobraziliense.com.br\/cbradar\/adeus-esponja-de-pratos-o-item-de-silicone-que-nao-acumula-bacterias-e-dura-ate-1-ano-na-sua-cozinha\/#primaryimage"},"image":{"@id":"https:\/\/www.correiobraziliense.com.br\/cbradar\/adeus-esponja-de-pratos-o-item-de-silicone-que-nao-acumula-bacterias-e-dura-ate-1-ano-na-sua-cozinha\/#primaryimage"},"thumbnailUrl":"https:\/\/www.correiobraziliense.com.br\/cbradar\/wp-content\/uploads\/2026\/03\/freepik__esponja-de-silicone-azul-com-cerdas-curtas-sobre-a__58094.jpeg","datePublished":"2026-03-06T23:55:00+00:00","author":{"@id":"https:\/\/www.correiobraziliense.com.br\/cbradar\/#\/schema\/person\/4cec7857301a9a1a2ef249893cd908d3"},"description":"Trocar a bucha comum pela esponja de silicone acaba com as bact\u00e9rias na sua pia. \u00c9 uma op\u00e7\u00e3o barata que dura um ano inteiro lavando lou\u00e7a.","breadcrumb":{"@id":"https:\/\/www.correiobraziliense.com.br\/cbradar\/adeus-esponja-de-pratos-o-item-de-silicone-que-nao-acumula-bacterias-e-dura-ate-1-ano-na-sua-cozinha\/#breadcrumb"},"inLanguage":"pt-BR","potentialAction":[{"@type":"ReadAction","target":["https:\/\/www.correiobraziliense.com.br\/cbradar\/adeus-esponja-de-pratos-o-item-de-silicone-que-nao-acumula-bacterias-e-dura-ate-1-ano-na-sua-cozinha\/"]}]},{"@type":"ImageObject","inLanguage":"pt-BR","@id":"https:\/\/www.correiobraziliense.com.br\/cbradar\/adeus-esponja-de-pratos-o-item-de-silicone-que-nao-acumula-bacterias-e-dura-ate-1-ano-na-sua-cozinha\/#primaryimage","url":"https:\/\/www.correiobraziliense.com.br\/cbradar\/wp-content\/uploads\/2026\/03\/freepik__esponja-de-silicone-azul-com-cerdas-curtas-sobre-a__58094.jpeg","contentUrl":"https:\/\/www.correiobraziliense.com.br\/cbradar\/wp-content\/uploads\/2026\/03\/freepik__esponja-de-silicone-azul-com-cerdas-curtas-sobre-a__58094.jpeg","width":1280,"height":720,"caption":"Esponjas de silicone s\u00e3o feitas de material n\u00e3o poroso que tende a reter menos umidade que esponjas comuns"},{"@type":"BreadcrumbList","@id":"https:\/\/www.correiobraziliense.com.br\/cbradar\/adeus-esponja-de-pratos-o-item-de-silicone-que-nao-acumula-bacterias-e-dura-ate-1-ano-na-sua-cozinha\/#breadcrumb","itemListElement":[{"@type":"ListItem","position":1,"name":"In\u00edcio","item":"https:\/\/www.correiobraziliense.com.br\/cbradar\/"},{"@type":"ListItem","position":2,"name":"Adeus, esponja de pratos: o item de silicone que n\u00e3o acumula bact\u00e9rias e dura at\u00e9 1 ano na sua cozinha"}]},{"@type":"WebSite","@id":"https:\/\/www.correiobraziliense.com.br\/cbradar\/#website","url":"https:\/\/www.correiobraziliense.com.br\/cbradar\/","name":"Correio Braziliense - Radar","description":"Acompanhe as \u00faltimas not\u00edcias e fique bem informado sobre tudo o que acontece no Brasil e no mundo.","potentialAction":[{"@type":"SearchAction","target":{"@type":"EntryPoint","urlTemplate":"https:\/\/www.correiobraziliense.com.br\/cbradar\/?s={search_term_string}"},"query-input":{"@type":"PropertyValueSpecification","valueRequired":true,"valueName":"search_term_string"}}],"inLanguage":"pt-BR"},{"@type":"Person","@id":"https:\/\/www.correiobraziliense.com.br\/cbradar\/#\/schema\/person\/4cec7857301a9a1a2ef249893cd908d3","name":"Paulo Custodio","image":{"@type":"ImageObject","inLanguage":"pt-BR","@id":"https:\/\/www.correiobraziliense.com.br\/cbradar\/#\/schema\/person\/image\/","url":"https:\/\/secure.gravatar.com\/avatar\/bcd67168d1534e8fcf4f45c726a87cea?s=96&d=mm&r=g","contentUrl":"https:\/\/secure.gravatar.com\/avatar\/bcd67168d1534e8fcf4f45c726a87cea?s=96&d=mm&r=g","caption":"Paulo Custodio"},"sameAs":["https:\/\/www.correiobraziliense.com.br\/cbradar"],"url":"https:\/\/www.correiobraziliense.com.br\/cbradar\/author\/paulomyth\/"}]}},"_links":{"self":[{"href":"https:\/\/www.correiobraziliense.com.br\/cbradar\/wp-json\/wp\/v2\/posts\/202990","targetHints":{"allow":["GET"]}}],"collection":[{"href":"https:\/\/www.correiobraziliense.com.br\/cbradar\/wp-json\/wp\/v2\/posts"}],"about":[{"href":"https:\/\/www.correiobraziliense.com.br\/cbradar\/wp-json\/wp\/v2\/types\/post"}],"author":[{"embeddable":true,"href":"https:\/\/www.correiobraziliense.com.br\/cbradar\/wp-json\/wp\/v2\/users\/11"}],"replies":[{"embeddable":true,"href":"https:\/\/www.correiobraziliense.com.br\/cbradar\/wp-json\/wp\/v2\/comments?post=202990"}],"version-history":[{"count":1,"href":"https:\/\/www.correiobraziliense.com.br\/cbradar\/wp-json\/wp\/v2\/posts\/202990\/revisions"}],"predecessor-version":[{"id":203006,"href":"https:\/\/www.correiobraziliense.com.br\/cbradar\/wp-json\/wp\/v2\/posts\/202990\/revisions\/203006"}],"wp:featuredmedia":[{"embeddable":true,"href":"https:\/\/www.correiobraziliense.com.br\/cbradar\/wp-json\/wp\/v2\/media\/203592"}],"wp:attachment":[{"href":"https:\/\/www.correiobraziliense.com.br\/cbradar\/wp-json\/wp\/v2\/media?parent=202990"}],"wp:term":[{"taxonomy":"category","embeddable":true,"href":"https:\/\/www.correiobraziliense.com.br\/cbradar\/wp-json\/wp\/v2\/categories?post=202990"},{"taxonomy":"post_tag","embeddable":true,"href":"https:\/\/www.correiobraziliense.com.br\/cbradar\/wp-json\/wp\/v2\/post_tag?post=202990"}],"curies":[{"name":"wp","href":"https:\/\/api.w.org\/{rel}","templated":true}]}}