{"id":203037,"date":"2026-03-05T15:25:00","date_gmt":"2026-03-05T18:25:00","guid":{"rendered":"https:\/\/www.correiobraziliense.com.br\/cbradar\/?p=203037"},"modified":"2026-03-05T08:37:44","modified_gmt":"2026-03-05T11:37:44","slug":"a-cidade-que-parou-para-plantar-arvores-em-1902-e-hoje-e-um-dos-polos-mais-arborizados-e-desenvolvidos-a-2-horas-de-sp","status":"publish","type":"post","link":"https:\/\/www.correiobraziliense.com.br\/cbradar\/a-cidade-que-parou-para-plantar-arvores-em-1902-e-hoje-e-um-dos-polos-mais-arborizados-e-desenvolvidos-a-2-horas-de-sp\/","title":{"rendered":"A cidade que &#8220;parou&#8221; para plantar \u00e1rvores em 1902 e hoje \u00e9 um dos polos mais arborizados e desenvolvidos a 2 horas de SP"},"content":{"rendered":"\n<p>A 170 km da capital paulista, <strong>Araras<\/strong> recebe quem chega com ruas arborizadas, pra\u00e7as bem cuidadas e um ritmo que combina desenvolvimento industrial com sossego de interior. A cidade carrega no nome e na hist\u00f3ria a marca das aves que povoavam a regi\u00e3o, e hoje trabalha para devolv\u00ea-las ao c\u00e9u do <strong>interior de S\u00e3o Paulo<\/strong>.<\/p>\n\n\n\n<h2 class=\"wp-block-heading\">Por que Araras \u00e9 chamada de Cidade das \u00c1rvores?<\/h2>\n\n\n\n<p>Em <strong>7 de junho de 1902<\/strong>, o munic\u00edpio realizou a <a href=\"https:\/\/araras.sp.gov.br\/historia\/\" target=\"_blank\" rel=\"noreferrer noopener\"><strong>Festa das \u00c1rvores<\/strong><\/a>, idealizada pelo agr\u00f4nomo <strong>Jo\u00e3o Pedro Cardoso<\/strong>. O evento \u00e9 considerado a primeira manifesta\u00e7\u00e3o ecol\u00f3gica da <strong>Am\u00e9rica Latina<\/strong> e rendeu \u00e0 cidade o t\u00edtulo que carrega at\u00e9 hoje. A cobertura da imprensa na \u00e9poca colocou Araras no mapa nacional.<\/p>\n\n\n\n<p>Fundada em <strong>1862<\/strong> pelos irm\u00e3os <strong>Bento<\/strong> e <strong>Jos\u00e9 de Lacerda Guimar\u00e3es<\/strong>, a cidade cresceu com o caf\u00e9 e os trilhos da <strong>Companhia Paulista de Estrada de Ferro<\/strong>, que chegaram em 1877. A imigra\u00e7\u00e3o europeia moldou o cotidiano: estudos indicam que cerca de 70% dos ararenses descendem de italianos. Portugueses, su\u00ed\u00e7os e alem\u00e3es tamb\u00e9m deixaram marca na culin\u00e1ria, na arquitetura e nas festas locais.<\/p>\n\n\n<div class=\"wp-block-image\">\n<figure class=\"aligncenter size-large\"><img decoding=\"async\" width=\"1024\" height=\"576\" src=\"https:\/\/www.correiobraziliense.com.br\/cbradar\/wp-content\/uploads\/2025\/12\/G-2025-12-09T010843.096-1024x576.png\" alt=\"Uma das cidades mais desenvolvidas do interior de S\u00e3o Paulo segue fora do radar de muita gente\" class=\"wp-image-153138\" srcset=\"https:\/\/www.correiobraziliense.com.br\/cbradar\/wp-content\/uploads\/2025\/12\/G-2025-12-09T010843.096-1024x576.png 1024w, https:\/\/www.correiobraziliense.com.br\/cbradar\/wp-content\/uploads\/2025\/12\/G-2025-12-09T010843.096-300x169.png 300w, https:\/\/www.correiobraziliense.com.br\/cbradar\/wp-content\/uploads\/2025\/12\/G-2025-12-09T010843.096-768x432.png 768w, https:\/\/www.correiobraziliense.com.br\/cbradar\/wp-content\/uploads\/2025\/12\/G-2025-12-09T010843.096-750x422.png 750w, https:\/\/www.correiobraziliense.com.br\/cbradar\/wp-content\/uploads\/2025\/12\/G-2025-12-09T010843.096-1140x641.png 1140w, https:\/\/www.correiobraziliense.com.br\/cbradar\/wp-content\/uploads\/2025\/12\/G-2025-12-09T010843.096.png 1280w\" sizes=\"(max-width: 1024px) 100vw, 1024px\" \/><figcaption class=\"wp-element-caption\">Araras, no interior de SP, oferece parques urbanos, centro hist\u00f3rico, bas\u00edlica imponente e teatro projetado por Oscar Niemeyer em ambiente t\u00edpico de cidade acolhedora. \/\/ Cr\u00e9ditos: Wikip\u00e9dia<\/figcaption><\/figure><\/div>\n\n\n<h2 class=\"wp-block-heading\">Como \u00e9 o dia a dia de quem mora na Cidade das \u00c1rvores?<\/h2>\n\n\n\n<p>Araras tem uma rede de ensino que vai do infantil ao superior. A <strong>UFSCar<\/strong> mant\u00e9m um campus na cidade, ao lado de institui\u00e7\u00f5es como a <strong>Fatec<\/strong>, a <strong>Funda\u00e7\u00e3o Herm\u00ednio Ometto (FHO)<\/strong> e o <strong>Senai<\/strong>. Para quem busca emprego, a base econ\u00f4mica \u00e9 diversificada: a maior planta industrial da <strong>Nestl\u00e9<\/strong> no <strong>Brasil<\/strong> opera na cidade desde <strong>1921<\/strong>, e o setor sucroalcooleiro segue forte com o <strong>Grupo Usina S\u00e3o Jo\u00e3o<\/strong>.<\/p>\n\n\n\n<p>O com\u00e9rcio concentra-se no centro e no <strong>Cal\u00e7ad\u00e3o Monsenhor Qu\u00e9rcia<\/strong>, onde casar\u00f5es preservados convivem com lojas e caf\u00e9s. O transporte coletivo urbano \u00e9 operado pelo <strong>TCA<\/strong>, e a malha rodovi\u00e1ria conecta o munic\u00edpio a <strong>Campinas<\/strong>, <strong>Limeira<\/strong> e <strong>S\u00e3o Paulo<\/strong> com facilidade.<\/p>\n\n\n\n<p><strong>Araras \u00e9 uma cidade encantadora do interior paulista, conhecida como a &#8220;Cidade das \u00c1rvores&#8221; e famosa por sua excelente qualidade de vida.<\/strong> O v\u00eddeo \u00e9 do canal <strong>Fam\u00edlia Pet na Estrada <\/strong>\ud83d\udc9b, que apresenta dicas de viagem com pets, e destaca o Parque Municipal F\u00e1bio da Silva Prado (o Lago), o Teatro Estadual projetado por Oscar Niemeyer e a ic\u00f4nica pipoca com queijo provolone:<\/p>\n\n\n\n<figure class=\"wp-block-embed aligncenter is-type-video is-provider-youtube wp-block-embed-youtube wp-embed-aspect-16-9 wp-has-aspect-ratio\"><div class=\"wp-block-embed__wrapper\">\n<div class=\"jeg_video_container jeg_video_content\"><iframe loading=\"lazy\" title=\"Conhe\u00e7a ARARAS | Cidades do Interior de S\u00e3o Paulo\" width=\"500\" height=\"281\" src=\"https:\/\/www.youtube.com\/embed\/4fGnUnFh_LI?feature=oembed\" frameborder=\"0\" allow=\"accelerometer; autoplay; clipboard-write; encrypted-media; gyroscope; picture-in-picture; web-share\" referrerpolicy=\"strict-origin-when-cross-origin\" allowfullscreen><\/iframe><\/div>\n<\/div><\/figure>\n\n\n\n<h2 class=\"wp-block-heading\">Onde o morador de Araras encontra lazer ao ar livre?<\/h2>\n\n\n\n<p>O <strong>Parque Municipal F\u00e1bio da Silva Prado<\/strong>, conhecido como Lago Municipal, \u00e9 o point dos ararenses. Revitalizado nos \u00faltimos anos, ganhou fonte interativa, jardim sensorial e lago ornamental. \u00c9 l\u00e1 que funciona o <strong>Cras Pr\u00f3-Arara<\/strong>, centro de reabilita\u00e7\u00e3o de aves silvestres que devolveu as araras-canind\u00e9 ao c\u00e9u da cidade.<\/p>\n\n\n\n<p>O <a href=\"https:\/\/araras.sp.gov.br\/noticias\/27940\" target=\"_blank\" rel=\"noreferrer noopener\"><strong>Projeto Pr\u00f3-Arara<\/strong><\/a> j\u00e1 reintroduziu mais de 300 aves na natureza desde 2015. A esp\u00e9cie estava praticamente extinta no estado de S\u00e3o Paulo, e hoje \u00e9 avistada com frequ\u00eancia em diversas regi\u00f5es do munic\u00edpio. As visitas monitoradas ao centro acontecem no primeiro s\u00e1bado de cada m\u00eas, com palestra ambiental gratuita.<\/p>\n\n\n\n<p>O <strong>Parque Ecol\u00f3gico e Cultural Gilberto R\u00fcegger Ometto<\/strong> e o <strong>Horto Florestal<\/strong> completam as op\u00e7\u00f5es verdes. No Horto, projetos de meliponicultura e produ\u00e7\u00e3o de mudas nativas refor\u00e7am a voca\u00e7\u00e3o ambiental da cidade.<\/p>\n\n\n<div class=\"wp-block-image\">\n<figure class=\"aligncenter size-large\"><img decoding=\"async\" width=\"1024\" height=\"576\" src=\"https:\/\/www.correiobraziliense.com.br\/cbradar\/wp-content\/uploads\/2025\/12\/canva-2025-12-25T143938.982-1024x576.png\" alt=\"A cidade que inventou o primeiro movimento ecol\u00f3gico do Brasil em 1902 tem esgoto 100% tratado\" class=\"wp-image-166197\" srcset=\"https:\/\/www.correiobraziliense.com.br\/cbradar\/wp-content\/uploads\/2025\/12\/canva-2025-12-25T143938.982-1024x576.png 1024w, https:\/\/www.correiobraziliense.com.br\/cbradar\/wp-content\/uploads\/2025\/12\/canva-2025-12-25T143938.982-300x169.png 300w, https:\/\/www.correiobraziliense.com.br\/cbradar\/wp-content\/uploads\/2025\/12\/canva-2025-12-25T143938.982-768x432.png 768w, https:\/\/www.correiobraziliense.com.br\/cbradar\/wp-content\/uploads\/2025\/12\/canva-2025-12-25T143938.982-750x422.png 750w, https:\/\/www.correiobraziliense.com.br\/cbradar\/wp-content\/uploads\/2025\/12\/canva-2025-12-25T143938.982-1140x641.png 1140w, https:\/\/www.correiobraziliense.com.br\/cbradar\/wp-content\/uploads\/2025\/12\/canva-2025-12-25T143938.982.png 1280w\" sizes=\"(max-width: 1024px) 100vw, 1024px\" \/><figcaption class=\"wp-element-caption\">Araras SP, ber\u00e7o do caf\u00e9 e araras, onde hist\u00f3ria e modernidade inspiram novos horizontes. \/\/ Cr\u00e9ditos: Wikip\u00e9dia<\/figcaption><\/figure><\/div>\n\n\n<h2 class=\"wp-block-heading\">Cultura a poucos passos do centro<\/h2>\n\n\n\n<p>O <a href=\"https:\/\/teatroestadualdeararas.org.br\/\" target=\"_blank\" rel=\"noreferrer noopener\"><strong>Teatro Estadual Maestro Francisco Paulo Russo<\/strong><\/a>, projetado por <strong>Oscar Niemeyer<\/strong> e inaugurado em <strong>1991<\/strong>, \u00e9 o principal equipamento cultural da regi\u00e3o. Com 466 lugares no audit\u00f3rio principal e mais 126 no subsolo, recebe espet\u00e1culos locais, nacionais e internacionais. O formato circular e o teto escult\u00f3rico s\u00e3o marca registrada do arquiteto.<\/p>\n\n\n\n<p>A <a href=\"https:\/\/www.turismo.sp.gov.br\/conheca-o-municipio-turistico-de-araras\" target=\"_blank\" rel=\"noreferrer noopener\"><strong>Bas\u00edlica Nossa Senhora do Patroc\u00ednio<\/strong><\/a>, padroeira do munic\u00edpio, foi constru\u00edda em estilo neocl\u00e1ssico pelo arquiteto <strong>Trist\u00e3o Franklin de Alencar<\/strong> e \u00e9 uma r\u00e9plica da <strong>Bas\u00edlica de S\u00e3o Jo\u00e3o de Latr\u00e3o<\/strong>, em Roma. Em <strong>2010<\/strong>, o <strong>Papa Bento XVI<\/strong> a elevou ao t\u00edtulo de Bas\u00edlica Menor. No mesmo quarteir\u00e3o, a <strong>Casa da Cultura Em\u00edlio Silvestre Wolff<\/strong> ocupa um edif\u00edcio de <strong>1896<\/strong> projetado pelo arquiteto franc\u00eas <strong>Victor Dubugras<\/strong>, tombado pelo <strong>Condephaat<\/strong>. O acervo re\u00fane mais de 300 quadros, gravuras e esculturas.<\/p>\n\n\n\n<p>A <strong>Casa da Mem\u00f3ria Pedro Pessoto Filho<\/strong>, museu interativo instalado no antigo Solar Benedita Nogueira, conta a hist\u00f3ria da cidade por meio de depoimentos e acervo multim\u00eddia. Para artesanato local, o <strong>Casar\u00e3o do Artes\u00e3o<\/strong> funciona no Cal\u00e7ad\u00e3o.<\/p>\n\n\n\n<p><strong>Leia tamb\u00e9m:<a href=\"https:\/\/www.correiobraziliense.com.br\/cbradar\/a-cidade-onde-nascente-virou-nome-e-a-maior-cachoeira-do-mato-grosso-do-sul-despenca-156-metros\/\" target=\"_blank\" rel=\"noreferrer noopener\"> <\/a><a href=\"https:\/\/www.correiobraziliense.com.br\/cbradar\/com-mais-de-94-m%c2%b2-de-verde-por-habitante-essa-capital-planejada-virou-referencia-mundial-em-qualidade-de-vida\/\">Com mais de 94 m\u00b2 de verde por habitante, essa capital planejada virou refer\u00eancia mundial em qualidade de vida.<\/a><\/strong><\/p>\n\n\n<div class=\"wp-block-image\">\n<figure class=\"aligncenter size-large\"><img decoding=\"async\" width=\"1024\" height=\"576\" src=\"https:\/\/www.correiobraziliense.com.br\/cbradar\/wp-content\/uploads\/2025\/12\/canva-2025-12-25T144008.521-1024x576.png\" alt=\"A cidade das \u00e1rvores ganha fama e lidera ranking de sustentabilidade e preserva\u00e7\u00e3o ambiental no interior paulista\" class=\"wp-image-166199\" srcset=\"https:\/\/www.correiobraziliense.com.br\/cbradar\/wp-content\/uploads\/2025\/12\/canva-2025-12-25T144008.521-1024x576.png 1024w, https:\/\/www.correiobraziliense.com.br\/cbradar\/wp-content\/uploads\/2025\/12\/canva-2025-12-25T144008.521-300x169.png 300w, https:\/\/www.correiobraziliense.com.br\/cbradar\/wp-content\/uploads\/2025\/12\/canva-2025-12-25T144008.521-768x432.png 768w, https:\/\/www.correiobraziliense.com.br\/cbradar\/wp-content\/uploads\/2025\/12\/canva-2025-12-25T144008.521-750x422.png 750w, https:\/\/www.correiobraziliense.com.br\/cbradar\/wp-content\/uploads\/2025\/12\/canva-2025-12-25T144008.521-1140x641.png 1140w, https:\/\/www.correiobraziliense.com.br\/cbradar\/wp-content\/uploads\/2025\/12\/canva-2025-12-25T144008.521.png 1280w\" sizes=\"(max-width: 1024px) 100vw, 1024px\" \/><figcaption class=\"wp-element-caption\"> Em Araras SP, Rio Mogi Gua\u00e7u e trilhos hist\u00f3ricos convidam para um passeio relaxante e cheio de charme. \/\/ Cr\u00e9ditos: Wikip\u00e9dia<\/figcaption><\/figure><\/div>\n\n\n<h2 class=\"wp-block-heading\">Quando o clima favorece cada atividade?<\/h2>\n\n\n\n<p><strong>O clima tropical de altitude garante ver\u00f5es quentes com chuvas frequentes e invernos secos com noites frescas. <\/strong>A primavera costuma ser a \u00e9poca mais agrad\u00e1vel para passeios ao ar livre.<\/p>\n\n\n\n<div class=\"google-auto-ads-ignore\" style=\"font-family: 'Segoe UI', Roboto, Helvetica, Arial, sans-serif; max-width: 900px; margin: 10px auto; display: flex; flex-wrap: wrap; gap: 12px; justify-content: center;\">\n\n  <div style=\"flex: 1 1 200px; background: #ffffff; border-radius: 12px; border: 1px solid #bfdbfe; box-shadow: 0 2px 10px rgba(37, 99, 235, 0.05); overflow: hidden; display: flex; flex-direction: column;\">\n    <div style=\"background: #eff6ff; padding: 10px; border-bottom: 1px solid #dbeafe; display: flex; align-items: center; gap: 8px;\">\n      <div style=\"background: #2563eb; padding: 4px; border-radius: 6px; display: flex;\">\n        <svg width=\"14\" height=\"14\" viewBox=\"0 0 24 24\" fill=\"none\" stroke=\"#ffffff\" stroke-width=\"3\" stroke-linecap=\"round\" stroke-linejoin=\"round\"><circle cx=\"12\" cy=\"12\" r=\"5\"\/><line x1=\"12\" y1=\"1\" x2=\"12\" y2=\"3\"\/><line x1=\"12\" y1=\"21\" x2=\"12\" y2=\"23\"\/><line x1=\"4.22\" y1=\"4.22\" x2=\"5.64\" y2=\"5.64\"\/><line x1=\"18.36\" y1=\"18.36\" x2=\"19.78\" y2=\"19.78\"\/><line x1=\"1\" y1=\"12\" x2=\"3\" y2=\"12\"\/><line x1=\"21\" y1=\"12\" x2=\"23\" y2=\"12\"\/><\/svg>\n      <\/div>\n      <span style=\"font-size: 0.75rem; font-weight: 800; color: #1e3a8a; letter-spacing: 0.05em;\">VER\u00c3O<\/span>\n    <\/div>\n    <div style=\"padding: 12px; text-align: center;\">\n      <div style=\"font-size: 0.7rem; color: #1d4ed8; font-weight: 700;\">DEZ &#8211; FEV<\/div>\n      <div style=\"font-size: 1.2rem; font-weight: 900; color: #2563eb; margin: 2px 0;\">19-30\u00b0C<\/div>\n      <div style=\"font-size: 0.8rem; color: #1e293b; line-height: 1.3;\">Chuva alta. Aproveite o <strong>Lago Municipal<\/strong> e a vibrante agenda de <strong>eventos culturais<\/strong>.<\/div>\n    <\/div>\n  <\/div>\n\n  <div style=\"flex: 1 1 200px; background: #ffffff; border-radius: 12px; border: 1px solid #bfdbfe; box-shadow: 0 2px 10px rgba(37, 99, 235, 0.05); overflow: hidden; display: flex; flex-direction: column;\">\n    <div style=\"background: #eff6ff; padding: 10px; border-bottom: 1px solid #dbeafe; display: flex; align-items: center; gap: 8px;\">\n      <div style=\"background: #2563eb; padding: 4px; border-radius: 6px; display: flex;\">\n        <svg width=\"14\" height=\"14\" viewBox=\"0 0 24 24\" fill=\"none\" stroke=\"#ffffff\" stroke-width=\"3\" stroke-linecap=\"round\" stroke-linejoin=\"round\"><path d=\"M12 2L2 7l10 5 10-5-10-5zM2 17l10 5 10-5M2 12l10 5 10-5\"\/><\/svg>\n      <\/div>\n      <span style=\"font-size: 0.75rem; font-weight: 800; color: #1e3a8a; letter-spacing: 0.05em;\">OUTONO<\/span>\n    <\/div>\n    <div style=\"padding: 12px; text-align: center;\">\n      <div style=\"font-size: 0.7rem; color: #1d4ed8; font-weight: 700;\">MAR &#8211; MAI<\/div>\n      <div style=\"font-size: 1.2rem; font-weight: 900; color: #2563eb; margin: 2px 0;\">15-28\u00b0C<\/div>\n      <div style=\"font-size: 0.8rem; color: #1e293b; line-height: 1.3;\">Chuva m\u00e9dia. Clima ideal para passear pelos <strong>parques<\/strong> e curtir as <strong>feiras gastron\u00f4micas<\/strong>.<\/div>\n    <\/div>\n  <\/div>\n\n  <div style=\"flex: 1 1 200px; background: #ffffff; border-radius: 12px; border: 1px solid #bfdbfe; box-shadow: 0 2px 10px rgba(37, 99, 235, 0.05); overflow: hidden; display: flex; flex-direction: column;\">\n    <div style=\"background: #eff6ff; padding: 10px; border-bottom: 1px solid #dbeafe; display: flex; align-items: center; gap: 8px;\">\n      <div style=\"background: #2563eb; padding: 4px; border-radius: 6px; display: flex;\">\n        <svg width=\"14\" height=\"14\" viewBox=\"0 0 24 24\" fill=\"none\" stroke=\"#ffffff\" stroke-width=\"3\" stroke-linecap=\"round\" stroke-linejoin=\"round\"><path d=\"M18 8h1a4 4 0 0 1 0 8h-1\"\/><path d=\"M2 8h16v9a4 4 0 0 1-4 4H6a4 4 0 0 1-4-4V8z\"\/><\/svg>\n      <\/div>\n      <span style=\"font-size: 0.75rem; font-weight: 800; color: #1e3a8a; letter-spacing: 0.05em;\">INVERNO<\/span>\n    <\/div>\n    <div style=\"padding: 12px; text-align: center;\">\n      <div style=\"font-size: 0.7rem; color: #1d4ed8; font-weight: 700;\">JUN &#8211; AGO<\/div>\n      <div style=\"font-size: 1.2rem; font-weight: 900; color: #2563eb; margin: 2px 0;\">10-25\u00b0C<\/div>\n      <div style=\"font-size: 0.8rem; color: #1e293b; line-height: 1.3;\">Chuva baixa. Esta\u00e7\u00e3o perfeita para o <strong>teatro<\/strong>, os <strong>museus<\/strong> e a rica <strong>gastronomia<\/strong> local.<\/div>\n    <\/div>\n  <\/div>\n\n  <div style=\"flex: 1 1 200px; background: #ffffff; border-radius: 12px; border: 1px solid #bfdbfe; box-shadow: 0 2px 10px rgba(37, 99, 235, 0.05); overflow: hidden; display: flex; flex-direction: column;\">\n    <div style=\"background: #eff6ff; padding: 10px; border-bottom: 1px solid #dbeafe; display: flex; align-items: center; gap: 10px;\">\n      <div style=\"background: #2563eb; padding: 4px; border-radius: 6px; display: flex;\">\n        <svg width=\"14\" height=\"14\" viewBox=\"0 0 24 24\" fill=\"none\" stroke=\"#ffffff\" stroke-width=\"3\" stroke-linecap=\"round\" stroke-linejoin=\"round\"><path d=\"M12 7.5V21m-4.5-9L12 21l4.5-9\"\/><\/svg>\n      <\/div>\n      <span style=\"font-size: 0.75rem; font-weight: 800; color: #1e3a8a; letter-spacing: 0.05em;\">PRIMAVERA<\/span>\n    <\/div>\n    <div style=\"padding: 12px; text-align: center;\">\n      <div style=\"font-size: 0.7rem; color: #1d4ed8; font-weight: 700;\">SET &#8211; NOV<\/div>\n      <div style=\"font-size: 1.2rem; font-weight: 900; color: #2563eb; margin: 2px 0;\">16-30\u00b0C<\/div>\n      <div style=\"font-size: 0.8rem; color: #1e293b; line-height: 1.3;\">Chuva m\u00e9dia. Explore o <strong>Horto Florestal<\/strong> e o <strong>Parque Ecol\u00f3gico<\/strong> com a flora em destaque.<\/div>\n    <\/div>\n  <\/div>\n\n<\/div>\n\n\n\n<p><em>Temperaturas aproximadas com base no <a href=\"https:\/\/www.climatempo.com.br\/previsao-do-tempo\/cidade\/795\/araras-sp\" target=\"_blank\" rel=\"noreferrer noopener\"><strong>Climatempo<\/strong><\/a>. Condi\u00e7\u00f5es podem variar.<\/em><\/p>\n\n\n\n<h2 class=\"wp-block-heading\">Como chegar \u00e0 Cidade das \u00c1rvores?<\/h2>\n\n\n\n<p>Saindo de <strong>S\u00e3o Paulo<\/strong>, o acesso \u00e9 pela <strong>SP-348<\/strong> (Rodovia dos Bandeirantes) ou <strong>SP-330<\/strong> (Anhanguera), cerca de 170 km e 2 horas de viagem. De <strong>Campinas<\/strong>, s\u00e3o aproximadamente 70 km pela <strong>SP-330<\/strong>. \u00d4nibus partem da Rodovi\u00e1ria Tiet\u00ea e de Campinas com frequ\u00eancia di\u00e1ria. O <strong>Aeroporto Municipal Armando Am\u00e9rico Fachini<\/strong> recebe avi\u00f5es de pequeno e m\u00e9dio porte.<\/p>\n\n\n\n<h2 class=\"wp-block-heading\">Uma cidade que cresce sem perder o verde<\/h2>\n\n\n\n<p><strong>Araras combina emprego industrial, universidades de peso e um cotidiano em que parques, museus e o canto das araras-canind\u00e9 fazem parte da rotina. <\/strong>\u00c9 o tipo de cidade paulista que entrega estrutura de centro urbano com a tranquilidade que s\u00f3 o interior mant\u00e9m.<\/p>\n\n\n\n<p>Voc\u00ea precisa conhecer Araras para entender como uma cidade do interior pode ser moderna, arborizada e acolhedora ao mesmo tempo.<\/p>\n","protected":false},"excerpt":{"rendered":"<p>A 170 km da capital paulista, Araras recebe quem chega com ruas arborizadas, pra\u00e7as bem cuidadas e um ritmo que combina desenvolvimento industrial com sossego de interior. A cidade carrega no nome e na hist\u00f3ria a marca das aves que povoavam a regi\u00e3o, e hoje trabalha para devolv\u00ea-las ao c\u00e9u do interior de S\u00e3o Paulo. [&hellip;]<\/p>\n","protected":false},"author":8,"featured_media":203423,"comment_status":"open","ping_status":"open","sticky":false,"template":"","format":"standard","meta":{"_yoast_wpseo_focuskw":"cidade de s\u00e3o paulo","_yoast_wpseo_title":"","_yoast_wpseo_metadesc":"Em 1902, a cidade interrompeu atividades para plantar \u00e1rvores. Hoje \u00e9 um dos munic\u00edpios mais arborizados e desenvolvidos do interior paulista.","jnews-multi-image_gallery":[],"jnews_single_post":{"format":"standard"},"jnews_primary_category":[],"jnews_social_meta":[],"jnews_override_counter":[],"footnotes":""},"categories":[108,111],"tags":[12504,278],"class_list":["post-203037","post","type-post","status-publish","format-standard","has-post-thumbnail","hentry","category-cidades","category-turismo","tag-araras","tag-sao-paulo"],"yoast_head":"<!-- This site is optimized with the Yoast SEO plugin v24.6 - https:\/\/yoast.com\/wordpress\/plugins\/seo\/ -->\n<title>A cidade que &quot;parou&quot; para plantar \u00e1rvores em 1902 e hoje \u00e9 um dos polos mais arborizados e desenvolvidos a 2 horas de SP - Correio Braziliense - Radar<\/title>\n<meta name=\"description\" content=\"Em 1902, a cidade interrompeu atividades para plantar \u00e1rvores. Hoje \u00e9 um dos munic\u00edpios mais arborizados e desenvolvidos do interior paulista.\" \/>\n<meta name=\"robots\" content=\"index, follow, max-snippet:-1, max-image-preview:large, max-video-preview:-1\" \/>\n<link rel=\"canonical\" href=\"https:\/\/www.correiobraziliense.com.br\/cbradar\/a-cidade-que-parou-para-plantar-arvores-em-1902-e-hoje-e-um-dos-polos-mais-arborizados-e-desenvolvidos-a-2-horas-de-sp\/\" \/>\n<meta property=\"og:locale\" content=\"pt_BR\" \/>\n<meta property=\"og:type\" content=\"article\" \/>\n<meta property=\"og:title\" content=\"A cidade que &quot;parou&quot; para plantar \u00e1rvores em 1902 e hoje \u00e9 um dos polos mais arborizados e desenvolvidos a 2 horas de SP - Correio Braziliense - Radar\" \/>\n<meta property=\"og:description\" content=\"Em 1902, a cidade interrompeu atividades para plantar \u00e1rvores. Hoje \u00e9 um dos munic\u00edpios mais arborizados e desenvolvidos do interior paulista.\" \/>\n<meta property=\"og:url\" content=\"https:\/\/www.correiobraziliense.com.br\/cbradar\/a-cidade-que-parou-para-plantar-arvores-em-1902-e-hoje-e-um-dos-polos-mais-arborizados-e-desenvolvidos-a-2-horas-de-sp\/\" \/>\n<meta property=\"og:site_name\" content=\"Correio Braziliense - Radar\" \/>\n<meta property=\"article:published_time\" content=\"2026-03-05T18:25:00+00:00\" \/>\n<meta property=\"og:image\" content=\"https:\/\/www.correiobraziliense.com.br\/cbradar\/wp-content\/uploads\/2026\/03\/aaa-2026-03-05T083442.354.png\" \/>\n\t<meta property=\"og:image:width\" content=\"1280\" \/>\n\t<meta property=\"og:image:height\" content=\"720\" \/>\n\t<meta property=\"og:image:type\" content=\"image\/png\" \/>\n<meta name=\"author\" content=\"Maura Pereira\" \/>\n<meta name=\"twitter:card\" content=\"summary_large_image\" \/>\n<meta name=\"twitter:label1\" content=\"Escrito por\" \/>\n\t<meta name=\"twitter:data1\" content=\"Maura Pereira\" \/>\n\t<meta name=\"twitter:label2\" content=\"Est. tempo de leitura\" \/>\n\t<meta name=\"twitter:data2\" content=\"7 minutos\" \/>\n<!-- \/ Yoast SEO plugin. -->","yoast_head_json":{"title":"A cidade que \"parou\" para plantar \u00e1rvores em 1902 e hoje \u00e9 um dos polos mais arborizados e desenvolvidos a 2 horas de SP - Correio Braziliense - Radar","description":"Em 1902, a cidade interrompeu atividades para plantar \u00e1rvores. Hoje \u00e9 um dos munic\u00edpios mais arborizados e desenvolvidos do interior paulista.","robots":{"index":"index","follow":"follow","max-snippet":"max-snippet:-1","max-image-preview":"max-image-preview:large","max-video-preview":"max-video-preview:-1"},"canonical":"https:\/\/www.correiobraziliense.com.br\/cbradar\/a-cidade-que-parou-para-plantar-arvores-em-1902-e-hoje-e-um-dos-polos-mais-arborizados-e-desenvolvidos-a-2-horas-de-sp\/","og_locale":"pt_BR","og_type":"article","og_title":"A cidade que \"parou\" para plantar \u00e1rvores em 1902 e hoje \u00e9 um dos polos mais arborizados e desenvolvidos a 2 horas de SP - Correio Braziliense - Radar","og_description":"Em 1902, a cidade interrompeu atividades para plantar \u00e1rvores. Hoje \u00e9 um dos munic\u00edpios mais arborizados e desenvolvidos do interior paulista.","og_url":"https:\/\/www.correiobraziliense.com.br\/cbradar\/a-cidade-que-parou-para-plantar-arvores-em-1902-e-hoje-e-um-dos-polos-mais-arborizados-e-desenvolvidos-a-2-horas-de-sp\/","og_site_name":"Correio Braziliense - Radar","article_published_time":"2026-03-05T18:25:00+00:00","og_image":[{"width":1280,"height":720,"url":"https:\/\/www.correiobraziliense.com.br\/cbradar\/wp-content\/uploads\/2026\/03\/aaa-2026-03-05T083442.354.png","type":"image\/png"}],"author":"Maura Pereira","twitter_card":"summary_large_image","twitter_misc":{"Escrito por":"Maura Pereira","Est. tempo de leitura":"7 minutos"},"schema":{"@context":"https:\/\/schema.org","@graph":[{"@type":"WebPage","@id":"https:\/\/www.correiobraziliense.com.br\/cbradar\/a-cidade-que-parou-para-plantar-arvores-em-1902-e-hoje-e-um-dos-polos-mais-arborizados-e-desenvolvidos-a-2-horas-de-sp\/","url":"https:\/\/www.correiobraziliense.com.br\/cbradar\/a-cidade-que-parou-para-plantar-arvores-em-1902-e-hoje-e-um-dos-polos-mais-arborizados-e-desenvolvidos-a-2-horas-de-sp\/","name":"A cidade que \"parou\" para plantar \u00e1rvores em 1902 e hoje \u00e9 um dos polos mais arborizados e desenvolvidos a 2 horas de SP - Correio Braziliense - Radar","isPartOf":{"@id":"https:\/\/www.correiobraziliense.com.br\/cbradar\/#website"},"primaryImageOfPage":{"@id":"https:\/\/www.correiobraziliense.com.br\/cbradar\/a-cidade-que-parou-para-plantar-arvores-em-1902-e-hoje-e-um-dos-polos-mais-arborizados-e-desenvolvidos-a-2-horas-de-sp\/#primaryimage"},"image":{"@id":"https:\/\/www.correiobraziliense.com.br\/cbradar\/a-cidade-que-parou-para-plantar-arvores-em-1902-e-hoje-e-um-dos-polos-mais-arborizados-e-desenvolvidos-a-2-horas-de-sp\/#primaryimage"},"thumbnailUrl":"https:\/\/www.correiobraziliense.com.br\/cbradar\/wp-content\/uploads\/2026\/03\/aaa-2026-03-05T083442.354.png","datePublished":"2026-03-05T18:25:00+00:00","author":{"@id":"https:\/\/www.correiobraziliense.com.br\/cbradar\/#\/schema\/person\/4053c651a9bfc785afc6f4cbc9032fd3"},"description":"Em 1902, a cidade interrompeu atividades para plantar \u00e1rvores. Hoje \u00e9 um dos munic\u00edpios mais arborizados e desenvolvidos do interior paulista.","breadcrumb":{"@id":"https:\/\/www.correiobraziliense.com.br\/cbradar\/a-cidade-que-parou-para-plantar-arvores-em-1902-e-hoje-e-um-dos-polos-mais-arborizados-e-desenvolvidos-a-2-horas-de-sp\/#breadcrumb"},"inLanguage":"pt-BR","potentialAction":[{"@type":"ReadAction","target":["https:\/\/www.correiobraziliense.com.br\/cbradar\/a-cidade-que-parou-para-plantar-arvores-em-1902-e-hoje-e-um-dos-polos-mais-arborizados-e-desenvolvidos-a-2-horas-de-sp\/"]}]},{"@type":"ImageObject","inLanguage":"pt-BR","@id":"https:\/\/www.correiobraziliense.com.br\/cbradar\/a-cidade-que-parou-para-plantar-arvores-em-1902-e-hoje-e-um-dos-polos-mais-arborizados-e-desenvolvidos-a-2-horas-de-sp\/#primaryimage","url":"https:\/\/www.correiobraziliense.com.br\/cbradar\/wp-content\/uploads\/2026\/03\/aaa-2026-03-05T083442.354.png","contentUrl":"https:\/\/www.correiobraziliense.com.br\/cbradar\/wp-content\/uploads\/2026\/03\/aaa-2026-03-05T083442.354.png","width":1280,"height":720,"caption":"Araras combina emprego industrial, universidades de peso e um cotidiano em que parques, museus e o canto das araras-canind\u00e9 fazem parte da rotina. \/ Imagem ilustrativa"},{"@type":"BreadcrumbList","@id":"https:\/\/www.correiobraziliense.com.br\/cbradar\/a-cidade-que-parou-para-plantar-arvores-em-1902-e-hoje-e-um-dos-polos-mais-arborizados-e-desenvolvidos-a-2-horas-de-sp\/#breadcrumb","itemListElement":[{"@type":"ListItem","position":1,"name":"In\u00edcio","item":"https:\/\/www.correiobraziliense.com.br\/cbradar\/"},{"@type":"ListItem","position":2,"name":"A cidade que &#8220;parou&#8221; para plantar \u00e1rvores em 1902 e hoje \u00e9 um dos polos mais arborizados e desenvolvidos a 2 horas de SP"}]},{"@type":"WebSite","@id":"https:\/\/www.correiobraziliense.com.br\/cbradar\/#website","url":"https:\/\/www.correiobraziliense.com.br\/cbradar\/","name":"Correio Braziliense - Radar","description":"Acompanhe as \u00faltimas not\u00edcias e fique bem informado sobre tudo o que acontece no Brasil e no mundo.","potentialAction":[{"@type":"SearchAction","target":{"@type":"EntryPoint","urlTemplate":"https:\/\/www.correiobraziliense.com.br\/cbradar\/?s={search_term_string}"},"query-input":{"@type":"PropertyValueSpecification","valueRequired":true,"valueName":"search_term_string"}}],"inLanguage":"pt-BR"},{"@type":"Person","@id":"https:\/\/www.correiobraziliense.com.br\/cbradar\/#\/schema\/person\/4053c651a9bfc785afc6f4cbc9032fd3","name":"Maura Pereira","image":{"@type":"ImageObject","inLanguage":"pt-BR","@id":"https:\/\/www.correiobraziliense.com.br\/cbradar\/#\/schema\/person\/image\/","url":"https:\/\/secure.gravatar.com\/avatar\/3effd6bdadfa447f15089c7f7144eaa6?s=96&d=mm&r=g","contentUrl":"https:\/\/secure.gravatar.com\/avatar\/3effd6bdadfa447f15089c7f7144eaa6?s=96&d=mm&r=g","caption":"Maura Pereira"},"sameAs":["https:\/\/www.correiobraziliense.com.br\/"],"url":"https:\/\/www.correiobraziliense.com.br\/cbradar\/author\/mauramyth\/"}]}},"_links":{"self":[{"href":"https:\/\/www.correiobraziliense.com.br\/cbradar\/wp-json\/wp\/v2\/posts\/203037","targetHints":{"allow":["GET"]}}],"collection":[{"href":"https:\/\/www.correiobraziliense.com.br\/cbradar\/wp-json\/wp\/v2\/posts"}],"about":[{"href":"https:\/\/www.correiobraziliense.com.br\/cbradar\/wp-json\/wp\/v2\/types\/post"}],"author":[{"embeddable":true,"href":"https:\/\/www.correiobraziliense.com.br\/cbradar\/wp-json\/wp\/v2\/users\/8"}],"replies":[{"embeddable":true,"href":"https:\/\/www.correiobraziliense.com.br\/cbradar\/wp-json\/wp\/v2\/comments?post=203037"}],"version-history":[{"count":9,"href":"https:\/\/www.correiobraziliense.com.br\/cbradar\/wp-json\/wp\/v2\/posts\/203037\/revisions"}],"predecessor-version":[{"id":203422,"href":"https:\/\/www.correiobraziliense.com.br\/cbradar\/wp-json\/wp\/v2\/posts\/203037\/revisions\/203422"}],"wp:featuredmedia":[{"embeddable":true,"href":"https:\/\/www.correiobraziliense.com.br\/cbradar\/wp-json\/wp\/v2\/media\/203423"}],"wp:attachment":[{"href":"https:\/\/www.correiobraziliense.com.br\/cbradar\/wp-json\/wp\/v2\/media?parent=203037"}],"wp:term":[{"taxonomy":"category","embeddable":true,"href":"https:\/\/www.correiobraziliense.com.br\/cbradar\/wp-json\/wp\/v2\/categories?post=203037"},{"taxonomy":"post_tag","embeddable":true,"href":"https:\/\/www.correiobraziliense.com.br\/cbradar\/wp-json\/wp\/v2\/tags?post=203037"}],"curies":[{"name":"wp","href":"https:\/\/api.w.org\/{rel}","templated":true}]}}