{"id":203082,"date":"2026-03-04T13:47:26","date_gmt":"2026-03-04T16:47:26","guid":{"rendered":"https:\/\/www.correiobraziliense.com.br\/cbradar\/?p=203082"},"modified":"2026-03-04T13:47:28","modified_gmt":"2026-03-04T16:47:28","slug":"os-bebes-mais-choroes-costumam-nascer-nestes-3-meses-do-ano-revelam-especialistas","status":"publish","type":"post","link":"https:\/\/www.correiobraziliense.com.br\/cbradar\/os-bebes-mais-choroes-costumam-nascer-nestes-3-meses-do-ano-revelam-especialistas\/","title":{"rendered":"Os beb\u00eas mais chor\u00f5es costumam nascer nestes 3 meses do ano, revelam especialistas"},"content":{"rendered":"\n<p>O <strong>comportamento humano<\/strong> come\u00e7a a se moldar muito antes do que imaginamos, e a <strong>psicologia <\/strong>revela que at\u00e9 o m\u00eas de nascimento pode influenciar o temperamento de um <strong>beb\u00ea<\/strong>. Estudos recentes na \u00e1rea de desenvolvimento infantil apontam que crian\u00e7as nascidas em determinados meses tendem a apresentar maior irritabilidade e epis\u00f3dios prolongados de choro, desafiando pais e cuidadores logo nos primeiros meses de vida.<\/p>\n\n\n\n<h2 class=\"wp-block-heading\">Por que o m\u00eas de nascimento influencia o comportamento do beb\u00ea?<\/h2>\n\n\n\n<p>A <strong>psicologia <\/strong>do desenvolvimento investiga h\u00e1 d\u00e9cadas como fatores ambientais impactam o temperamento infantil. A exposi\u00e7\u00e3o \u00e0 luz solar, os n\u00edveis de vitamina D da m\u00e3e durante a gesta\u00e7\u00e3o e at\u00e9 o fotoper\u00edodo (dura\u00e7\u00e3o do dia e da noite) no momento do parto afetam diretamente a forma\u00e7\u00e3o do sistema nervoso do rec\u00e9m-nascido.<\/p>\n\n\n\n<p>Pesquisadores da \u00e1rea de comportamento humano explicam que esses fatores alteram a produ\u00e7\u00e3o de neurotransmissores como a serotonina e a dopamina, subst\u00e2ncias diretamente ligadas \u00e0 regula\u00e7\u00e3o emocional. Quando essa produ\u00e7\u00e3o \u00e9 afetada no per\u00edodo perinatal, o beb\u00ea pode desenvolver maior sensibilidade a est\u00edmulos, resultando em mais choro e agita\u00e7\u00e3o.<\/p>\n\n\n<div class=\"wp-block-image\">\n<figure class=\"aligncenter size-large\"><img decoding=\"async\" width=\"1024\" height=\"558\" src=\"https:\/\/www.correiobraziliense.com.br\/cbradar\/wp-content\/uploads\/2026\/03\/Gemini_Generated_Image_e7ot13e7ot13e7ot-1024x558.jpg\" alt=\"Estudos apontam que certos meses do ano concentram nascimentos com maior reatividade emocional\" class=\"wp-image-203089\" srcset=\"https:\/\/www.correiobraziliense.com.br\/cbradar\/wp-content\/uploads\/2026\/03\/Gemini_Generated_Image_e7ot13e7ot13e7ot-1024x558.jpg 1024w, https:\/\/www.correiobraziliense.com.br\/cbradar\/wp-content\/uploads\/2026\/03\/Gemini_Generated_Image_e7ot13e7ot13e7ot-300x164.jpg 300w, https:\/\/www.correiobraziliense.com.br\/cbradar\/wp-content\/uploads\/2026\/03\/Gemini_Generated_Image_e7ot13e7ot13e7ot-768x419.jpg 768w, https:\/\/www.correiobraziliense.com.br\/cbradar\/wp-content\/uploads\/2026\/03\/Gemini_Generated_Image_e7ot13e7ot13e7ot-750x409.jpg 750w, https:\/\/www.correiobraziliense.com.br\/cbradar\/wp-content\/uploads\/2026\/03\/Gemini_Generated_Image_e7ot13e7ot13e7ot-1140x622.jpg 1140w, https:\/\/www.correiobraziliense.com.br\/cbradar\/wp-content\/uploads\/2026\/03\/Gemini_Generated_Image_e7ot13e7ot13e7ot.jpg 1280w\" sizes=\"(max-width: 1024px) 100vw, 1024px\" \/><figcaption class=\"wp-element-caption\">Estudos apontam que certos meses do ano concentram nascimentos com maior reatividade emocional<\/figcaption><\/figure><\/div>\n\n\n<h2 class=\"wp-block-heading\">Quais s\u00e3o os 3 meses em que nascem os beb\u00eas mais chor\u00f5es?<\/h2>\n\n\n\n<p>De acordo com especialistas em psicologia infantil e neurodesenvolvimento, os meses de junho, julho e agosto (correspondentes ao inverno no hemisf\u00e9rio sul) concentram o nascimento de beb\u00eas com temperamento mais reativo. As raz\u00f5es est\u00e3o ligadas a uma combina\u00e7\u00e3o de fatores biol\u00f3gicos e ambientais que afetam o comportamento humano desde o \u00fatero.<\/p>\n\n\n\n<p>Os principais motivos identificados pela ci\u00eancia incluem:<\/p>\n\n\n\n<ul class=\"wp-block-list\">\n<li>Menor exposi\u00e7\u00e3o \u00e0 luz solar durante o terceiro trimestre de gesta\u00e7\u00e3o, o que reduz os n\u00edveis de vitamina D materna e afeta o neurodesenvolvimento fetal<\/li>\n\n\n\n<li>Altera\u00e7\u00e3o no rel\u00f3gio biol\u00f3gico do beb\u00ea causada por noites mais longas no per\u00edodo perinatal, influenciando o ciclo de sono e vig\u00edlia<\/li>\n\n\n\n<li>Maior propens\u00e3o da m\u00e3e a sintomas depressivos p\u00f3s-parto no inverno, o que pode afetar a din\u00e2mica de cuidado e o v\u00ednculo afetivo com o rec\u00e9m-nascido<\/li>\n<\/ul>\n\n\n\n<h2 class=\"wp-block-heading\">O que a ci\u00eancia j\u00e1 comprovou sobre o tema?<\/h2>\n\n\n\n<p>Um estudo longitudinal publicado no peri\u00f3dico <strong>Frontiers in Public Health<\/strong>, conduzido pela equipe do <strong>Hamamatsu Birth Cohort (HBC Study)<\/strong> com 885 beb\u00eas, demonstrou que crian\u00e7as nascidas no inverno apresentaram menor capacidade de autorregula\u00e7\u00e3o emocional e n\u00edveis mais elevados de agressividade e choro aos 18 meses, em compara\u00e7\u00e3o com beb\u00eas nascidos na primavera e no ver\u00e3o. A pesquisa completa pode ser consultada em <a href=\"https:\/\/ncbi.nlm.nih.gov\/pmc\/articles\/PMC4958653\" target=\"_blank\" rel=\"noreferrer noopener\">Pubmed<\/a>, refor\u00e7ando que a esta\u00e7\u00e3o de nascimento \u00e9 um fator relevante para a psicologia do desenvolvimento e para a compreens\u00e3o do comportamento humano nos primeiros anos de vida.<\/p>\n\n\n<div class=\"wp-block-image\">\n<figure class=\"aligncenter size-large\"><img decoding=\"async\" width=\"1024\" height=\"558\" src=\"https:\/\/www.correiobraziliense.com.br\/cbradar\/wp-content\/uploads\/2026\/03\/Gemini_Generated_Image_tc0tbetc0tbetc0t-1024x558.jpg\" alt=\"\" class=\"wp-image-203091\" srcset=\"https:\/\/www.correiobraziliense.com.br\/cbradar\/wp-content\/uploads\/2026\/03\/Gemini_Generated_Image_tc0tbetc0tbetc0t-1024x558.jpg 1024w, https:\/\/www.correiobraziliense.com.br\/cbradar\/wp-content\/uploads\/2026\/03\/Gemini_Generated_Image_tc0tbetc0tbetc0t-300x164.jpg 300w, https:\/\/www.correiobraziliense.com.br\/cbradar\/wp-content\/uploads\/2026\/03\/Gemini_Generated_Image_tc0tbetc0tbetc0t-768x419.jpg 768w, https:\/\/www.correiobraziliense.com.br\/cbradar\/wp-content\/uploads\/2026\/03\/Gemini_Generated_Image_tc0tbetc0tbetc0t-750x409.jpg 750w, https:\/\/www.correiobraziliense.com.br\/cbradar\/wp-content\/uploads\/2026\/03\/Gemini_Generated_Image_tc0tbetc0tbetc0t-1140x622.jpg 1140w, https:\/\/www.correiobraziliense.com.br\/cbradar\/wp-content\/uploads\/2026\/03\/Gemini_Generated_Image_tc0tbetc0tbetc0t.jpg 1280w\" sizes=\"(max-width: 1024px) 100vw, 1024px\" \/><\/figure><\/div>\n\n\n<h2 class=\"wp-block-heading\">Como os pais podem lidar com um beb\u00ea mais chor\u00e3o?<\/h2>\n\n\n\n<p>A psicologia oferece diversas estrat\u00e9gias baseadas em evid\u00eancias para ajudar fam\u00edlias que enfrentam um beb\u00ea com temperamento mais intenso. Compreender que o comportamento humano na primeira inf\u00e2ncia \u00e9 moldado por m\u00faltiplos fatores ajuda os pais a acolherem o choro sem culpa ou frustra\u00e7\u00e3o excessiva.<\/p>\n\n\n\n<p>Especialistas em desenvolvimento infantil recomendam as seguintes pr\u00e1ticas:<\/p>\n\n\n\n<ul class=\"wp-block-list\">\n<li>Manter uma rotina consistente de sono e alimenta\u00e7\u00e3o para favorecer a regula\u00e7\u00e3o emocional do beb\u00ea<\/li>\n\n\n\n<li>Investir no contato pele a pele, que comprovadamente reduz os n\u00edveis de cortisol e acalma o sistema nervoso do rec\u00e9m-nascido<\/li>\n\n\n\n<li>Buscar orienta\u00e7\u00e3o profissional com um psic\u00f3logo infantil caso o choro excessivo gere sofrimento significativo para a fam\u00edlia<\/li>\n\n\n\n<li>Garantir que a m\u00e3e receba suporte emocional adequado, especialmente em partos ocorridos nos meses de inverno<\/li>\n<\/ul>\n\n\n\n<h2 class=\"wp-block-heading\">O m\u00eas de nascimento define o temperamento para sempre?<\/h2>\n\n\n\n<p>\u00c9 fundamental esclarecer que, embora a psicologia reconhe\u00e7a a influ\u00eancia da sazonalidade no comportamento humano inicial, o temperamento do beb\u00ea n\u00e3o \u00e9 uma senten\u00e7a definitiva. O c\u00e9rebro infantil possui uma enorme plasticidade neural, e o ambiente familiar, os v\u00ednculos afetivos e as experi\u00eancias dos primeiros anos s\u00e3o capazes de remodelar padr\u00f5es emocionais.<\/p>\n\n\n\n<p>O beb\u00ea que nasce mais chor\u00e3o n\u00e3o ser\u00e1 necessariamente uma crian\u00e7a ou um adulto com dificuldades emocionais. A psicologia do desenvolvimento mostra que o cuidado responsivo, a estimula\u00e7\u00e3o adequada e o acolhimento emocional s\u00e3o os fatores de maior peso na constru\u00e7\u00e3o de um comportamento humano saud\u00e1vel e equilibrado ao longo da vida.<\/p>\n","protected":false},"excerpt":{"rendered":"<p>O comportamento humano come\u00e7a a se moldar muito antes do que imaginamos, e a psicologia revela que at\u00e9 o m\u00eas de nascimento pode influenciar o temperamento de um beb\u00ea. Estudos recentes na \u00e1rea de desenvolvimento infantil apontam que crian\u00e7as nascidas em determinados meses tendem a apresentar maior irritabilidade e epis\u00f3dios prolongados de choro, desafiando pais [&hellip;]<\/p>\n","protected":false},"author":12,"featured_media":203090,"comment_status":"open","ping_status":"open","sticky":false,"template":"","format":"standard","meta":{"_yoast_wpseo_focuskw":"beb\u00eas mais chor\u00f5es","_yoast_wpseo_title":"","_yoast_wpseo_metadesc":"Pesquisas indicam que o m\u00eas de nascimento pode influenciar o comportamento do beb\u00ea. Veja quais per\u00edodos chamam aten\u00e7\u00e3o.","jnews-multi-image_gallery":[],"jnews_single_post":{"format":"standard"},"jnews_primary_category":[],"jnews_social_meta":[],"jnews_override_counter":[],"footnotes":""},"categories":[112],"tags":[5901,15769,6173],"class_list":["post-203082","post","type-post","status-publish","format-standard","has-post-thumbnail","hentry","category-curiosidades","tag-bebes","tag-bebes-choroes","tag-comportamento-humano"],"yoast_head":"<!-- This site is optimized with the Yoast SEO plugin v24.6 - https:\/\/yoast.com\/wordpress\/plugins\/seo\/ -->\n<title>Os beb\u00eas mais chor\u00f5es costumam nascer nestes 3 meses do ano, revelam especialistas - Correio Braziliense - Radar<\/title>\n<meta name=\"description\" content=\"Pesquisas indicam que o m\u00eas de nascimento pode influenciar o comportamento do beb\u00ea. Veja quais per\u00edodos chamam aten\u00e7\u00e3o.\" \/>\n<meta name=\"robots\" content=\"index, follow, max-snippet:-1, max-image-preview:large, max-video-preview:-1\" \/>\n<link rel=\"canonical\" href=\"https:\/\/www.correiobraziliense.com.br\/cbradar\/os-bebes-mais-choroes-costumam-nascer-nestes-3-meses-do-ano-revelam-especialistas\/\" \/>\n<meta property=\"og:locale\" content=\"pt_BR\" \/>\n<meta property=\"og:type\" content=\"article\" \/>\n<meta property=\"og:title\" content=\"Os beb\u00eas mais chor\u00f5es costumam nascer nestes 3 meses do ano, revelam especialistas - Correio Braziliense - Radar\" \/>\n<meta property=\"og:description\" content=\"Pesquisas indicam que o m\u00eas de nascimento pode influenciar o comportamento do beb\u00ea. Veja quais per\u00edodos chamam aten\u00e7\u00e3o.\" \/>\n<meta property=\"og:url\" content=\"https:\/\/www.correiobraziliense.com.br\/cbradar\/os-bebes-mais-choroes-costumam-nascer-nestes-3-meses-do-ano-revelam-especialistas\/\" \/>\n<meta property=\"og:site_name\" content=\"Correio Braziliense - Radar\" \/>\n<meta property=\"article:published_time\" content=\"2026-03-04T16:47:26+00:00\" \/>\n<meta property=\"article:modified_time\" content=\"2026-03-04T16:47:28+00:00\" \/>\n<meta property=\"og:image\" content=\"https:\/\/www.correiobraziliense.com.br\/cbradar\/wp-content\/uploads\/2026\/03\/Gemini_Generated_Image_3k6kmn3k6kmn3k6k.jpg\" \/>\n\t<meta property=\"og:image:width\" content=\"1280\" \/>\n\t<meta property=\"og:image:height\" content=\"698\" \/>\n\t<meta property=\"og:image:type\" content=\"image\/jpeg\" \/>\n<meta name=\"author\" content=\"Gabriel Leme\" \/>\n<meta name=\"twitter:card\" content=\"summary_large_image\" \/>\n<meta name=\"twitter:label1\" content=\"Escrito por\" \/>\n\t<meta name=\"twitter:data1\" content=\"Gabriel Leme\" \/>\n\t<meta name=\"twitter:label2\" content=\"Est. tempo de leitura\" \/>\n\t<meta name=\"twitter:data2\" content=\"5 minutos\" \/>\n<!-- \/ Yoast SEO plugin. -->","yoast_head_json":{"title":"Os beb\u00eas mais chor\u00f5es costumam nascer nestes 3 meses do ano, revelam especialistas - Correio Braziliense - Radar","description":"Pesquisas indicam que o m\u00eas de nascimento pode influenciar o comportamento do beb\u00ea. Veja quais per\u00edodos chamam aten\u00e7\u00e3o.","robots":{"index":"index","follow":"follow","max-snippet":"max-snippet:-1","max-image-preview":"max-image-preview:large","max-video-preview":"max-video-preview:-1"},"canonical":"https:\/\/www.correiobraziliense.com.br\/cbradar\/os-bebes-mais-choroes-costumam-nascer-nestes-3-meses-do-ano-revelam-especialistas\/","og_locale":"pt_BR","og_type":"article","og_title":"Os beb\u00eas mais chor\u00f5es costumam nascer nestes 3 meses do ano, revelam especialistas - Correio Braziliense - Radar","og_description":"Pesquisas indicam que o m\u00eas de nascimento pode influenciar o comportamento do beb\u00ea. Veja quais per\u00edodos chamam aten\u00e7\u00e3o.","og_url":"https:\/\/www.correiobraziliense.com.br\/cbradar\/os-bebes-mais-choroes-costumam-nascer-nestes-3-meses-do-ano-revelam-especialistas\/","og_site_name":"Correio Braziliense - Radar","article_published_time":"2026-03-04T16:47:26+00:00","article_modified_time":"2026-03-04T16:47:28+00:00","og_image":[{"width":1280,"height":698,"url":"https:\/\/www.correiobraziliense.com.br\/cbradar\/wp-content\/uploads\/2026\/03\/Gemini_Generated_Image_3k6kmn3k6kmn3k6k.jpg","type":"image\/jpeg"}],"author":"Gabriel Leme","twitter_card":"summary_large_image","twitter_misc":{"Escrito por":"Gabriel Leme","Est. tempo de leitura":"5 minutos"},"schema":{"@context":"https:\/\/schema.org","@graph":[{"@type":"WebPage","@id":"https:\/\/www.correiobraziliense.com.br\/cbradar\/os-bebes-mais-choroes-costumam-nascer-nestes-3-meses-do-ano-revelam-especialistas\/","url":"https:\/\/www.correiobraziliense.com.br\/cbradar\/os-bebes-mais-choroes-costumam-nascer-nestes-3-meses-do-ano-revelam-especialistas\/","name":"Os beb\u00eas mais chor\u00f5es costumam nascer nestes 3 meses do ano, revelam especialistas - Correio Braziliense - Radar","isPartOf":{"@id":"https:\/\/www.correiobraziliense.com.br\/cbradar\/#website"},"primaryImageOfPage":{"@id":"https:\/\/www.correiobraziliense.com.br\/cbradar\/os-bebes-mais-choroes-costumam-nascer-nestes-3-meses-do-ano-revelam-especialistas\/#primaryimage"},"image":{"@id":"https:\/\/www.correiobraziliense.com.br\/cbradar\/os-bebes-mais-choroes-costumam-nascer-nestes-3-meses-do-ano-revelam-especialistas\/#primaryimage"},"thumbnailUrl":"https:\/\/www.correiobraziliense.com.br\/cbradar\/wp-content\/uploads\/2026\/03\/Gemini_Generated_Image_3k6kmn3k6kmn3k6k.jpg","datePublished":"2026-03-04T16:47:26+00:00","dateModified":"2026-03-04T16:47:28+00:00","author":{"@id":"https:\/\/www.correiobraziliense.com.br\/cbradar\/#\/schema\/person\/67a081d63a0fe55fb267145a7be2f7c1"},"description":"Pesquisas indicam que o m\u00eas de nascimento pode influenciar o comportamento do beb\u00ea. Veja quais per\u00edodos chamam aten\u00e7\u00e3o.","breadcrumb":{"@id":"https:\/\/www.correiobraziliense.com.br\/cbradar\/os-bebes-mais-choroes-costumam-nascer-nestes-3-meses-do-ano-revelam-especialistas\/#breadcrumb"},"inLanguage":"pt-BR","potentialAction":[{"@type":"ReadAction","target":["https:\/\/www.correiobraziliense.com.br\/cbradar\/os-bebes-mais-choroes-costumam-nascer-nestes-3-meses-do-ano-revelam-especialistas\/"]}]},{"@type":"ImageObject","inLanguage":"pt-BR","@id":"https:\/\/www.correiobraziliense.com.br\/cbradar\/os-bebes-mais-choroes-costumam-nascer-nestes-3-meses-do-ano-revelam-especialistas\/#primaryimage","url":"https:\/\/www.correiobraziliense.com.br\/cbradar\/wp-content\/uploads\/2026\/03\/Gemini_Generated_Image_3k6kmn3k6kmn3k6k.jpg","contentUrl":"https:\/\/www.correiobraziliense.com.br\/cbradar\/wp-content\/uploads\/2026\/03\/Gemini_Generated_Image_3k6kmn3k6kmn3k6k.jpg","width":1280,"height":698,"caption":"Alguns beb\u00eas podem apresentar mais agita\u00e7\u00e3o e choro dependendo do per\u00edodo em que nasceram"},{"@type":"BreadcrumbList","@id":"https:\/\/www.correiobraziliense.com.br\/cbradar\/os-bebes-mais-choroes-costumam-nascer-nestes-3-meses-do-ano-revelam-especialistas\/#breadcrumb","itemListElement":[{"@type":"ListItem","position":1,"name":"In\u00edcio","item":"https:\/\/www.correiobraziliense.com.br\/cbradar\/"},{"@type":"ListItem","position":2,"name":"Os beb\u00eas mais chor\u00f5es costumam nascer nestes 3 meses do ano, revelam especialistas"}]},{"@type":"WebSite","@id":"https:\/\/www.correiobraziliense.com.br\/cbradar\/#website","url":"https:\/\/www.correiobraziliense.com.br\/cbradar\/","name":"Correio Braziliense - Radar","description":"Acompanhe as \u00faltimas not\u00edcias e fique bem informado sobre tudo o que acontece no Brasil e no mundo.","potentialAction":[{"@type":"SearchAction","target":{"@type":"EntryPoint","urlTemplate":"https:\/\/www.correiobraziliense.com.br\/cbradar\/?s={search_term_string}"},"query-input":{"@type":"PropertyValueSpecification","valueRequired":true,"valueName":"search_term_string"}}],"inLanguage":"pt-BR"},{"@type":"Person","@id":"https:\/\/www.correiobraziliense.com.br\/cbradar\/#\/schema\/person\/67a081d63a0fe55fb267145a7be2f7c1","name":"Gabriel Leme","image":{"@type":"ImageObject","inLanguage":"pt-BR","@id":"https:\/\/www.correiobraziliense.com.br\/cbradar\/#\/schema\/person\/image\/","url":"https:\/\/secure.gravatar.com\/avatar\/85bf2e3517d27149969b72412b460c20?s=96&d=mm&r=g","contentUrl":"https:\/\/secure.gravatar.com\/avatar\/85bf2e3517d27149969b72412b460c20?s=96&d=mm&r=g","caption":"Gabriel Leme"},"sameAs":["https:\/\/www.correiobraziliense.com.br\/"],"url":"https:\/\/www.correiobraziliense.com.br\/cbradar\/author\/gabrielmyth\/"}]}},"_links":{"self":[{"href":"https:\/\/www.correiobraziliense.com.br\/cbradar\/wp-json\/wp\/v2\/posts\/203082","targetHints":{"allow":["GET"]}}],"collection":[{"href":"https:\/\/www.correiobraziliense.com.br\/cbradar\/wp-json\/wp\/v2\/posts"}],"about":[{"href":"https:\/\/www.correiobraziliense.com.br\/cbradar\/wp-json\/wp\/v2\/types\/post"}],"author":[{"embeddable":true,"href":"https:\/\/www.correiobraziliense.com.br\/cbradar\/wp-json\/wp\/v2\/users\/12"}],"replies":[{"embeddable":true,"href":"https:\/\/www.correiobraziliense.com.br\/cbradar\/wp-json\/wp\/v2\/comments?post=203082"}],"version-history":[{"count":1,"href":"https:\/\/www.correiobraziliense.com.br\/cbradar\/wp-json\/wp\/v2\/posts\/203082\/revisions"}],"predecessor-version":[{"id":203092,"href":"https:\/\/www.correiobraziliense.com.br\/cbradar\/wp-json\/wp\/v2\/posts\/203082\/revisions\/203092"}],"wp:featuredmedia":[{"embeddable":true,"href":"https:\/\/www.correiobraziliense.com.br\/cbradar\/wp-json\/wp\/v2\/media\/203090"}],"wp:attachment":[{"href":"https:\/\/www.correiobraziliense.com.br\/cbradar\/wp-json\/wp\/v2\/media?parent=203082"}],"wp:term":[{"taxonomy":"category","embeddable":true,"href":"https:\/\/www.correiobraziliense.com.br\/cbradar\/wp-json\/wp\/v2\/categories?post=203082"},{"taxonomy":"post_tag","embeddable":true,"href":"https:\/\/www.correiobraziliense.com.br\/cbradar\/wp-json\/wp\/v2\/tags?post=203082"}],"curies":[{"name":"wp","href":"https:\/\/api.w.org\/{rel}","templated":true}]}}