{"id":203153,"date":"2026-03-05T06:05:00","date_gmt":"2026-03-05T09:05:00","guid":{"rendered":"https:\/\/www.correiobraziliense.com.br\/cbradar\/?p=203153"},"modified":"2026-03-04T19:05:59","modified_gmt":"2026-03-04T22:05:59","slug":"os-primeiros-sinais-de-perda-auditiva-que-indicam-risco-para-a-saude","status":"publish","type":"post","link":"https:\/\/www.correiobraziliense.com.br\/cbradar\/os-primeiros-sinais-de-perda-auditiva-que-indicam-risco-para-a-saude\/","title":{"rendered":"Os primeiros sinais de perda auditiva que indicam risco para a sa\u00fade"},"content":{"rendered":"\n<p>A perda auditiva \u00e9 uma condi\u00e7\u00e3o que frequentemente se desenvolve de maneira gradual, o que torna dif\u00edcil sua identifica\u00e7\u00e3o imediata. Em muitos casos, passam-se meses ou at\u00e9 anos antes que a pessoa perceba uma diminui\u00e7\u00e3o significativa na capacidade de ouvir, o que refor\u00e7a a import\u00e2ncia de reconhecer os primeiros sinais e buscar ajuda o quanto antes.<\/p>\n\n\n\n<h2 class=\"wp-block-heading\">Quais s\u00e3o os primeiros sinais de perda auditiva no dia a dia?<\/h2>\n\n\n\n<p>Sinais sutis do dia a dia podem servir como indicadores iniciais de uma redu\u00e7\u00e3o auditiva e, por serem discretos, muitas vezes passam despercebidos. Eles s\u00e3o frequentemente confundidos com distra\u00e7\u00e3o ou cansa\u00e7o, mas sua repeti\u00e7\u00e3o constante merece aten\u00e7\u00e3o e avalia\u00e7\u00e3o profissional.<\/p>\n\n\n\n<p>Entre os ind\u00edcios mais comuns est\u00e3o a necessidade de pedir que repitam o que foi dito, aumentar excessivamente o volume de dispositivos eletr\u00f4nicos e a dificuldade de seguir conversas em ambientes ruidosos. Tamb\u00e9m \u00e9 comum a sensa\u00e7\u00e3o de que as pessoas ao redor est\u00e3o falando baixo ou \u201cmurmurando\u201d.<\/p>\n\n\n\n<p>Para compreender melhor os primeiros sinais e as poss\u00edveis causas da perda auditiva, assista ao v\u00eddeo a seguir, no qual o <strong>Dr. Marco Aur\u00e9lio Ferraz<\/strong> explica o assunto de forma clara e did\u00e1tica no canal <strong>Dr. Marco Aur\u00e9lio Ferraz<\/strong>.<\/p>\n\n\n\n<iframe loading=\"lazy\" width=\"1396\" height=\"785\" src=\"https:\/\/www.youtube.com\/embed\/0cTdVVwrbkc\" title=\"\u26a0\ufe0f PERDA AUDITIVA: PRIMEIROS SINAIS E CAUSAS\" frameborder=\"0\" allow=\"accelerometer; autoplay; clipboard-write; encrypted-media; gyroscope; picture-in-picture; web-share\" referrerpolicy=\"strict-origin-when-cross-origin\" allowfullscreen><\/iframe>\n\n\n\n<h2 class=\"wp-block-heading\">Por que n\u00e3o se deve ignorar a perda auditiva?<\/h2>\n\n\n\n<p>Ignorar a perda auditiva pode resultar em implica\u00e7\u00f5es que v\u00e3o muito al\u00e9m da simples dificuldade em ouvir. A redu\u00e7\u00e3o na capacidade de acompanhar conversas pode levar ao afastamento de intera\u00e7\u00f5es sociais, favorecendo o isolamento e afetando a autoestima.<\/p>\n\n\n\n<p><a href=\"https:\/\/pubmed.ncbi.nlm.nih.gov\/33714390\/\" target=\"_blank\" rel=\"noreferrer noopener\">Estudos <\/a>indicam uma liga\u00e7\u00e3o entre perda auditiva n\u00e3o tratada e aumento no risco de depress\u00e3o, ansiedade e decl\u00ednio cognitivo, al\u00e9m de representar riscos \u00e0 seguran\u00e7a, como a incapacidade de ouvir alertas e sinais de perigo. Um estudo global, publicado no peri\u00f3dico\u00a0<em>The Lancet<\/em>, revela que cerca de 1,57 bilh\u00e3o de pessoas em 2019 tinham algum grau de perda auditiva, o que representa uma em cada cinco pessoas no mundo.<\/p>\n\n\n\n<figure class=\"wp-block-image size-large\"><img decoding=\"async\" width=\"1024\" height=\"576\" src=\"https:\/\/www.correiobraziliense.com.br\/cbradar\/wp-content\/uploads\/2026\/03\/perda-auditivia_1772661924918-1024x576.jpg\" alt=\"\" class=\"wp-image-203162\" srcset=\"https:\/\/www.correiobraziliense.com.br\/cbradar\/wp-content\/uploads\/2026\/03\/perda-auditivia_1772661924918-1024x576.jpg 1024w, https:\/\/www.correiobraziliense.com.br\/cbradar\/wp-content\/uploads\/2026\/03\/perda-auditivia_1772661924918-300x169.jpg 300w, https:\/\/www.correiobraziliense.com.br\/cbradar\/wp-content\/uploads\/2026\/03\/perda-auditivia_1772661924918-768x432.jpg 768w, https:\/\/www.correiobraziliense.com.br\/cbradar\/wp-content\/uploads\/2026\/03\/perda-auditivia_1772661924918-750x422.jpg 750w, https:\/\/www.correiobraziliense.com.br\/cbradar\/wp-content\/uploads\/2026\/03\/perda-auditivia_1772661924918-1140x641.jpg 1140w, https:\/\/www.correiobraziliense.com.br\/cbradar\/wp-content\/uploads\/2026\/03\/perda-auditivia_1772661924918.jpg 1280w\" sizes=\"(max-width: 1024px) 100vw, 1024px\" \/><figcaption class=\"wp-element-caption\">Perda auditiva pode afetar mem\u00f3ria e vida social sem ser percebida &#8211; Cr\u00e9ditos: depositphotos.com \/ serezniy<\/figcaption><\/figure>\n\n\n\n<h2 class=\"wp-block-heading\">Quais s\u00e3o as principais causas e fatores de risco da perda auditiva?<\/h2>\n\n\n\n<p>A origem da perda auditiva pode ser variada, e o conhecimento dos fatores de risco \u00e9 essencial para a preven\u00e7\u00e3o e o diagn\u00f3stico precoce. O envelhecimento natural \u00e9 a causa mais comum, provocando a deteriora\u00e7\u00e3o das estruturas internas do ouvido a partir dos 50 anos, mas n\u00e3o \u00e9 o \u00fanico respons\u00e1vel.<\/p>\n\n\n\n<p>Entre as principais causas e fatores de risco associados \u00e0 perda auditiva, destacam-se:<\/p>\n\n\n\n<style>\n  .make-wrap{\n    max-width: 760px;\n    margin: 26px auto;\n    padding: 18px;\n    border-radius: 18px;\n    background: linear-gradient(135deg,#fff7fb 0%,#f6f2ff 100%);\n    border: 1px solid #f7d4ea;\n    box-shadow: 0 8px 20px rgba(236,72,153,.12);\n    font-family: system-ui, -apple-system, Segoe UI, Roboto, Helvetica, Arial, sans-serif;\n  }\n\n  .make-title{\n    display:flex; \n    align-items:center; \n    gap:10px;\n    margin:0 0 12px 4px;\n    font-size:1.2rem; \n    font-weight:900; \n    color:#9d174d;\n  }\n\n  .make-table{\n    width:100%;\n    border-collapse:separate;\n    border-spacing:0;\n    overflow:hidden;\n    border-radius:16px;\n    border:1px solid #f7d4ea;\n    background:#fff;\n    font-size:.92rem;\n  }\n\n  .make-table thead th{\n    background:linear-gradient(90deg,#fde7f3 0%,#f8e9ff 100%);\n    padding:12px;\n    color:#7a1e63;\n    font-weight:800;\n    text-align:left;\n    border-bottom:1px solid #f7d4ea;\n  }\n\n  .make-table tbody td{\n    padding:12px;\n    color:#374151;\n    vertical-align:top;\n    border-bottom:1px dashed #f7d4ea;\n  }\n\n  .make-table tbody tr:nth-child(odd){\n    background:#fffaff;\n  }\n\n  .price{\n    display:inline-flex;\n    align-items:center;\n    background:#fff7ed;\n    color:#b45309;\n    padding:6px 10px;\n    border-radius:10px;\n    border:1px solid #fed7aa;\n    font-weight:700;\n    white-space:nowrap;\n  }\n\n  .badge{\n    display:inline-block;\n    background:#fde7f3;\n    color:#c026d3;\n    border:1px solid #fecdd3;\n    padding:4px 10px;\n    border-radius:999px;\n    font-weight:700;\n    font-size:.78rem;\n  }\n\n  @media (max-width:720px){\n    .make-table thead{display:none}\n    .make-table, .make-table tbody, .make-table tr, .make-table td{\n      display:block; \n      width:100%;\n    }\n    .make-table tr{\n      margin-bottom:12px;\n      border:1px solid #f7d4ea;\n      border-radius:14px;\n      overflow:hidden;\n      background:#fff;\n    }\n    .make-table td[data-label]:before{\n      content:attr(data-label);\n      display:block;\n      font-weight:800;\n      color:#7a1e63;\n      margin-bottom:4px;\n    }\n    .make-table tbody td:last-child{border-bottom:none}\n  }\n<\/style>\n\n<div class=\"make-wrap\">\n  <h3 class=\"make-title\">\ud83d\udc42\ud83d\udd0a Principais Fatores de Risco para Perda Auditiva<\/h3>\n\n  <table class=\"make-table\">\n    <thead>\n      <tr>\n        <th>Fator de Risco<\/th>\n        <th>Descri\u00e7\u00e3o<\/th>\n      <\/tr>\n    <\/thead>\n    <tbody>\n      <tr>\n        <td data-label=\"Fator de Risco\"><span class=\"badge\">Ru\u00eddo Excessivo<\/span><\/td>\n        <td data-label=\"Descri\u00e7\u00e3o\">Exposi\u00e7\u00e3o frequente e prolongada a ru\u00eddos altos, como fones em volume elevado ou ambientes industriais.<\/td>\n      <\/tr>\n      <tr>\n        <td data-label=\"Fator de Risco\"><span class=\"badge\">Infec\u00e7\u00f5es de Ouvido<\/span><\/td>\n        <td data-label=\"Descri\u00e7\u00e3o\">Infec\u00e7\u00f5es de ouvido n\u00e3o tratadas ou recorrentes, que podem causar danos permanentes \u00e0s estruturas auditivas.<\/td>\n      <\/tr>\n      <tr>\n        <td data-label=\"Fator de Risco\"><span class=\"badge\">Medicamentos Otot\u00f3xicos<\/span><\/td>\n        <td data-label=\"Descri\u00e7\u00e3o\">Uso de certos medicamentos otot\u00f3xicos, como alguns antibi\u00f3ticos e quimioter\u00e1picos, sem acompanhamento adequado.<\/td>\n      <\/tr>\n      <tr>\n        <td data-label=\"Fator de Risco\"><span class=\"badge\">Predisposi\u00e7\u00e3o Gen\u00e9tica<\/span><\/td>\n        <td data-label=\"Descri\u00e7\u00e3o\">Hist\u00f3rico familiar de perda auditiva precoce, indicando predisposi\u00e7\u00e3o gen\u00e9tica para altera\u00e7\u00f5es auditivas.<\/td>\n      <\/tr>\n    <\/tbody>\n  <\/table>\n\n  <p style=\"margin-top:14px; color:#6b7280; font-size:.9rem;\">\n    \ud83d\udca1 <strong>Dica:<\/strong> Evitar exposi\u00e7\u00e3o prolongada a ru\u00eddos altos e tratar infec\u00e7\u00f5es rapidamente pode ajudar a preservar a sa\u00fade auditiva.\n  <\/p>\n<\/div>\n\n\n\n\n<h2 class=\"wp-block-heading\">Quando \u00e9 o momento certo para buscar ajuda profissional<\/h2>\n\n\n\n<p>Se voc\u00ea ou algu\u00e9m pr\u00f3ximo percebe mais de um dos indicadores mencionados, \u00e9 aconselh\u00e1vel procurar um especialista sem demora. Quanto mais cedo a avalia\u00e7\u00e3o \u00e9 feita, maiores s\u00e3o as chances de preservar a audi\u00e7\u00e3o funcional e evitar impactos emocionais e sociais mais profundos.<\/p>\n\n\n\n<p>A detec\u00e7\u00e3o precoce da perda auditiva viabiliza tratamentos eficazes, que podem incluir o uso de aparelhos auditivos modernos, terapias espec\u00edficas ou at\u00e9 mesmo cirurgias, dependendo do caso. Um m\u00e9dico otorrinolaringologista pode realizar uma avalia\u00e7\u00e3o completa e orientar sobre as melhores abordagens de tratamento personalizadas.<\/p>\n\n\n\n<h2 class=\"wp-block-heading\">Qual \u00e9 a import\u00e2ncia de agir cedo diante da perda auditiva<\/h2>\n\n\n\n<p>Ao reconhecer a perda auditiva e buscar tratamento cedo, \u00e9 poss\u00edvel preservar a qualidade de vida e manter a participa\u00e7\u00e3o ativa em conversas e atividades sociais. A interven\u00e7\u00e3o precoce n\u00e3o somente melhora a capacidade de audi\u00e7\u00e3o, mas tamb\u00e9m minimiza impactos emocionais, como frustra\u00e7\u00e3o e inseguran\u00e7a.<\/p>\n\n\n\n<p>A conscientiza\u00e7\u00e3o, a preven\u00e7\u00e3o de danos por ru\u00eddo e o acompanhamento regular com profissionais de sa\u00fade s\u00e3o passos cr\u00edticos para garantir que a perda auditiva n\u00e3o comprometa o bem-estar geral. Cuidar da audi\u00e7\u00e3o \u00e9 uma forma direta de proteger a sa\u00fade mental, a autonomia e a seguran\u00e7a no dia a dia.<\/p>\n\n\n<a href=\"https:\/\/www.instagram.com\/dra.annaluisabf\/\" target=\"_blank\" rel=\"noopener\" style=\"text-decoration: none; color: inherit;\">\n    <span style=\"display: inline-block; border: 1px solid #ccc; border-radius: 10px; padding: 15px; max-width: 550px; font-family: sans-serif; box-shadow: 0 2px 5px rgba(0,0,0,0.1); width: 100%;\">\n\n      <!-- T\u00edtulo -->\n      <span style=\"display: block; margin: 0 0 15px 0; font-weight: bold; color: #2c3e50; text-align: center;\">\n        Entre em contato:\n      <\/span>\n\n      <!-- Linha do perfil -->\n      <span style=\"display: flex; align-items: center; gap: 15px;\">\n        <img decoding=\"async\"\n          src=\"https:\/\/www.correiobraziliense.com.br\/cbradar\/wp-content\/uploads\/2025\/08\/dra_anna_luisa.jpeg\"\n          alt=\"Foto da Dra. Anna Lu\u00edsa\"\n          style=\"border-radius: 50%; width: 80px; height: 80px; object-fit: cover;\"\n        \/>\n        <span style=\"display: flex; flex-direction: column;\">\n          <span style=\"font-size: 18px; font-weight: 700; color: #2c3e50;\">Dra. Anna Lu\u00edsa Barbosa Fernandes<\/span>\n          <span style=\"color: #555;\">CRM-GO 33.271<\/span>\n        <\/span>\n      <\/span>\n\n      <!-- Redes -->\n      <span style=\"display: flex; align-items: center; gap: 10px; margin-top: 12px;\">\n        <img decoding=\"async\" src=\"https:\/\/cdn-icons-png.flaticon.com\/24\/1384\/1384063.png\" alt=\"Instagram\" width=\"24\" height=\"24\" \/>\n        <span style=\"text-decoration: underline; color: #2c3e50;\">@dra.annaluisabf<\/span>\n      <\/span>\n\n    <\/span>\n  <\/a>","protected":false},"excerpt":{"rendered":"<p>A perda auditiva \u00e9 uma condi\u00e7\u00e3o que frequentemente se desenvolve de maneira gradual, o que torna dif\u00edcil sua identifica\u00e7\u00e3o imediata. Em muitos casos, passam-se meses ou at\u00e9 anos antes que a pessoa perceba uma diminui\u00e7\u00e3o significativa na capacidade de ouvir, o que refor\u00e7a a import\u00e2ncia de reconhecer os primeiros sinais e buscar ajuda o quanto [&hellip;]<\/p>\n","protected":false},"author":14,"featured_media":203161,"comment_status":"open","ping_status":"open","sticky":false,"template":"","format":"standard","meta":{"_yoast_wpseo_focuskw":"Perda auditiva","_yoast_wpseo_title":"","_yoast_wpseo_metadesc":"Perda auditiva pode surgir de forma gradual e silenciosa. Descubra os sinais que indicam quando procurar ajuda.","jnews-multi-image_gallery":[],"jnews_single_post":{"format":"standard"},"jnews_primary_category":[],"jnews_social_meta":[],"jnews_override_counter":[],"footnotes":""},"categories":[4404],"post_tag":[120,247,1318],"class_list":["post-203153","post","type-post","status-publish","format-standard","has-post-thumbnail","hentry","category-saude","tag-bem-estar","tag-qualidade-de-vida","tag-saude-2"],"yoast_head":"<!-- This site is optimized with the Yoast SEO plugin v24.6 - https:\/\/yoast.com\/wordpress\/plugins\/seo\/ -->\n<title>Os primeiros sinais de perda auditiva que indicam risco para a sa\u00fade - Correio Braziliense - Radar<\/title>\n<meta name=\"description\" content=\"Perda auditiva pode surgir de forma gradual e silenciosa. Descubra os sinais que indicam quando procurar ajuda.\" \/>\n<meta name=\"robots\" content=\"index, follow, max-snippet:-1, max-image-preview:large, max-video-preview:-1\" \/>\n<link rel=\"canonical\" href=\"https:\/\/www.correiobraziliense.com.br\/cbradar\/os-primeiros-sinais-de-perda-auditiva-que-indicam-risco-para-a-saude\/\" \/>\n<meta property=\"og:locale\" content=\"pt_BR\" \/>\n<meta property=\"og:type\" content=\"article\" \/>\n<meta property=\"og:title\" content=\"Os primeiros sinais de perda auditiva que indicam risco para a sa\u00fade - Correio Braziliense - Radar\" \/>\n<meta property=\"og:description\" content=\"Perda auditiva pode surgir de forma gradual e silenciosa. Descubra os sinais que indicam quando procurar ajuda.\" \/>\n<meta property=\"og:url\" content=\"https:\/\/www.correiobraziliense.com.br\/cbradar\/os-primeiros-sinais-de-perda-auditiva-que-indicam-risco-para-a-saude\/\" \/>\n<meta property=\"og:site_name\" content=\"Correio Braziliense - Radar\" \/>\n<meta property=\"article:published_time\" content=\"2026-03-05T09:05:00+00:00\" \/>\n<meta property=\"og:image\" content=\"https:\/\/www.correiobraziliense.com.br\/cbradar\/wp-content\/uploads\/2026\/03\/perda-auditivia_1772661897633.jpg\" \/>\n\t<meta property=\"og:image:width\" content=\"1280\" \/>\n\t<meta property=\"og:image:height\" content=\"720\" \/>\n\t<meta property=\"og:image:type\" content=\"image\/jpeg\" \/>\n<meta name=\"author\" content=\"guilherme_saude\" \/>\n<meta name=\"twitter:card\" content=\"summary_large_image\" \/>\n<meta name=\"twitter:label1\" content=\"Escrito por\" \/>\n\t<meta name=\"twitter:data1\" content=\"guilherme_saude\" \/>\n\t<meta name=\"twitter:label2\" content=\"Est. tempo de leitura\" \/>\n\t<meta name=\"twitter:data2\" content=\"5 minutos\" \/>\n<!-- \/ Yoast SEO plugin. -->","yoast_head_json":{"title":"Os primeiros sinais de perda auditiva que indicam risco para a sa\u00fade - Correio Braziliense - Radar","description":"Perda auditiva pode surgir de forma gradual e silenciosa. Descubra os sinais que indicam quando procurar ajuda.","robots":{"index":"index","follow":"follow","max-snippet":"max-snippet:-1","max-image-preview":"max-image-preview:large","max-video-preview":"max-video-preview:-1"},"canonical":"https:\/\/www.correiobraziliense.com.br\/cbradar\/os-primeiros-sinais-de-perda-auditiva-que-indicam-risco-para-a-saude\/","og_locale":"pt_BR","og_type":"article","og_title":"Os primeiros sinais de perda auditiva que indicam risco para a sa\u00fade - Correio Braziliense - Radar","og_description":"Perda auditiva pode surgir de forma gradual e silenciosa. Descubra os sinais que indicam quando procurar ajuda.","og_url":"https:\/\/www.correiobraziliense.com.br\/cbradar\/os-primeiros-sinais-de-perda-auditiva-que-indicam-risco-para-a-saude\/","og_site_name":"Correio Braziliense - Radar","article_published_time":"2026-03-05T09:05:00+00:00","og_image":[{"width":1280,"height":720,"url":"https:\/\/www.correiobraziliense.com.br\/cbradar\/wp-content\/uploads\/2026\/03\/perda-auditivia_1772661897633.jpg","type":"image\/jpeg"}],"author":"guilherme_saude","twitter_card":"summary_large_image","twitter_misc":{"Escrito por":"guilherme_saude","Est. tempo de leitura":"5 minutos"},"schema":{"@context":"https:\/\/schema.org","@graph":[{"@type":"WebPage","@id":"https:\/\/www.correiobraziliense.com.br\/cbradar\/os-primeiros-sinais-de-perda-auditiva-que-indicam-risco-para-a-saude\/","url":"https:\/\/www.correiobraziliense.com.br\/cbradar\/os-primeiros-sinais-de-perda-auditiva-que-indicam-risco-para-a-saude\/","name":"Os primeiros sinais de perda auditiva que indicam risco para a sa\u00fade - Correio Braziliense - Radar","isPartOf":{"@id":"https:\/\/www.correiobraziliense.com.br\/cbradar\/#website"},"primaryImageOfPage":{"@id":"https:\/\/www.correiobraziliense.com.br\/cbradar\/os-primeiros-sinais-de-perda-auditiva-que-indicam-risco-para-a-saude\/#primaryimage"},"image":{"@id":"https:\/\/www.correiobraziliense.com.br\/cbradar\/os-primeiros-sinais-de-perda-auditiva-que-indicam-risco-para-a-saude\/#primaryimage"},"thumbnailUrl":"https:\/\/www.correiobraziliense.com.br\/cbradar\/wp-content\/uploads\/2026\/03\/perda-auditivia_1772661897633.jpg","datePublished":"2026-03-05T09:05:00+00:00","author":{"@id":"https:\/\/www.correiobraziliense.com.br\/cbradar\/#\/schema\/person\/5aa4bf3c8fa699c267933611de12978b"},"description":"Perda auditiva pode surgir de forma gradual e silenciosa. Descubra os sinais que indicam quando procurar ajuda.","breadcrumb":{"@id":"https:\/\/www.correiobraziliense.com.br\/cbradar\/os-primeiros-sinais-de-perda-auditiva-que-indicam-risco-para-a-saude\/#breadcrumb"},"inLanguage":"pt-BR","potentialAction":[{"@type":"ReadAction","target":["https:\/\/www.correiobraziliense.com.br\/cbradar\/os-primeiros-sinais-de-perda-auditiva-que-indicam-risco-para-a-saude\/"]}]},{"@type":"ImageObject","inLanguage":"pt-BR","@id":"https:\/\/www.correiobraziliense.com.br\/cbradar\/os-primeiros-sinais-de-perda-auditiva-que-indicam-risco-para-a-saude\/#primaryimage","url":"https:\/\/www.correiobraziliense.com.br\/cbradar\/wp-content\/uploads\/2026\/03\/perda-auditivia_1772661897633.jpg","contentUrl":"https:\/\/www.correiobraziliense.com.br\/cbradar\/wp-content\/uploads\/2026\/03\/perda-auditivia_1772661897633.jpg","width":1280,"height":720,"caption":"Perda auditiva pode come\u00e7ar com sinais discretos que quase ningu\u00e9m percebe - Cr\u00e9ditos: depositphotos.com \/ 9nong"},{"@type":"BreadcrumbList","@id":"https:\/\/www.correiobraziliense.com.br\/cbradar\/os-primeiros-sinais-de-perda-auditiva-que-indicam-risco-para-a-saude\/#breadcrumb","itemListElement":[{"@type":"ListItem","position":1,"name":"In\u00edcio","item":"https:\/\/www.correiobraziliense.com.br\/cbradar\/"},{"@type":"ListItem","position":2,"name":"Os primeiros sinais de perda auditiva que indicam risco para a sa\u00fade"}]},{"@type":"WebSite","@id":"https:\/\/www.correiobraziliense.com.br\/cbradar\/#website","url":"https:\/\/www.correiobraziliense.com.br\/cbradar\/","name":"Correio Braziliense - Radar","description":"Acompanhe as \u00faltimas not\u00edcias e fique bem informado sobre tudo o que acontece no Brasil e no mundo.","potentialAction":[{"@type":"SearchAction","target":{"@type":"EntryPoint","urlTemplate":"https:\/\/www.correiobraziliense.com.br\/cbradar\/?s={search_term_string}"},"query-input":{"@type":"PropertyValueSpecification","valueRequired":true,"valueName":"search_term_string"}}],"inLanguage":"pt-BR"},{"@type":"Person","@id":"https:\/\/www.correiobraziliense.com.br\/cbradar\/#\/schema\/person\/5aa4bf3c8fa699c267933611de12978b","name":"guilherme_saude","image":{"@type":"ImageObject","inLanguage":"pt-BR","@id":"https:\/\/www.correiobraziliense.com.br\/cbradar\/#\/schema\/person\/image\/","url":"https:\/\/secure.gravatar.com\/avatar\/df9adfb835d344bc0af109d41756253f?s=96&d=mm&r=g","contentUrl":"https:\/\/secure.gravatar.com\/avatar\/df9adfb835d344bc0af109d41756253f?s=96&d=mm&r=g","caption":"guilherme_saude"},"url":"https:\/\/www.correiobraziliense.com.br\/cbradar\/author\/guilherme_saude\/"}]}},"_links":{"self":[{"href":"https:\/\/www.correiobraziliense.com.br\/cbradar\/wp-json\/wp\/v2\/posts\/203153","targetHints":{"allow":["GET"]}}],"collection":[{"href":"https:\/\/www.correiobraziliense.com.br\/cbradar\/wp-json\/wp\/v2\/posts"}],"about":[{"href":"https:\/\/www.correiobraziliense.com.br\/cbradar\/wp-json\/wp\/v2\/types\/post"}],"author":[{"embeddable":true,"href":"https:\/\/www.correiobraziliense.com.br\/cbradar\/wp-json\/wp\/v2\/users\/14"}],"replies":[{"embeddable":true,"href":"https:\/\/www.correiobraziliense.com.br\/cbradar\/wp-json\/wp\/v2\/comments?post=203153"}],"version-history":[{"count":1,"href":"https:\/\/www.correiobraziliense.com.br\/cbradar\/wp-json\/wp\/v2\/posts\/203153\/revisions"}],"predecessor-version":[{"id":203163,"href":"https:\/\/www.correiobraziliense.com.br\/cbradar\/wp-json\/wp\/v2\/posts\/203153\/revisions\/203163"}],"wp:featuredmedia":[{"embeddable":true,"href":"https:\/\/www.correiobraziliense.com.br\/cbradar\/wp-json\/wp\/v2\/media\/203161"}],"wp:attachment":[{"href":"https:\/\/www.correiobraziliense.com.br\/cbradar\/wp-json\/wp\/v2\/media?parent=203153"}],"wp:term":[{"taxonomy":"category","embeddable":true,"href":"https:\/\/www.correiobraziliense.com.br\/cbradar\/wp-json\/wp\/v2\/categories?post=203153"},{"taxonomy":"post_tag","embeddable":true,"href":"https:\/\/www.correiobraziliense.com.br\/cbradar\/wp-json\/wp\/v2\/post_tag?post=203153"}],"curies":[{"name":"wp","href":"https:\/\/api.w.org\/{rel}","templated":true}]}}