{"id":203164,"date":"2026-03-05T07:45:00","date_gmt":"2026-03-05T10:45:00","guid":{"rendered":"https:\/\/www.correiobraziliense.com.br\/cbradar\/?p=203164"},"modified":"2026-03-04T19:13:17","modified_gmt":"2026-03-04T22:13:17","slug":"vitamina-d-pode-influenciar-pressao-arterial-e-proteger-a-saude-do-coracao","status":"publish","type":"post","link":"https:\/\/www.correiobraziliense.com.br\/cbradar\/vitamina-d-pode-influenciar-pressao-arterial-e-proteger-a-saude-do-coracao\/","title":{"rendered":"Vitamina D pode influenciar press\u00e3o arterial e proteger a sa\u00fade do cora\u00e7\u00e3o"},"content":{"rendered":"\n<p>Em tempos recentes, a rela\u00e7\u00e3o entre a&nbsp;<strong>vitamina D<\/strong>&nbsp;e a&nbsp;<strong>press\u00e3o arterial<\/strong>&nbsp;tem despertado a curiosidade de pesquisadores e de pessoas preocupadas com a sa\u00fade cardiovascular. Apesar de muitas investiga\u00e7\u00f5es mostrarem que a suplementa\u00e7\u00e3o de vitamina D n\u00e3o reduz de forma significativa a press\u00e3o arterial para a maioria, alguns grupos espec\u00edficos, como&nbsp;<em>idosos<\/em>,&nbsp;<em>pessoas com obesidade<\/em>&nbsp;e indiv\u00edduos com defici\u00eancia grave de vitamina D, podem ter algum benef\u00edcio complementar.<\/p>\n\n\n\n<h2 class=\"wp-block-heading\">Como a vitamina D pode influenciar a press\u00e3o arterial?<\/h2>\n\n\n\n<p><a href=\"https:\/\/academic.oup.com\/jes\/article\/doi\/10.1210\/jendso\/bvae168\/7888766\" target=\"_blank\" rel=\"noreferrer noopener\">Estudos observacionais<\/a> indicam que pessoas com n\u00edveis adequados de vitamina D tendem a apresentar valores de press\u00e3o arterial mais pr\u00f3ximos do ideal, sugerindo uma rela\u00e7\u00e3o indireta entre esses fatores. No entanto, a simples corre\u00e7\u00e3o de n\u00edveis baixos por meio de suplementos n\u00e3o costuma gerar queda expressiva da press\u00e3o, especialmente em indiv\u00edduos j\u00e1 normotensos ou em hipertensos em tratamento.<\/p>\n\n\n\n<p>Em casos de&nbsp;<strong>hipertens\u00e3o<\/strong>, a vitamina D n\u00e3o deve ser usada como terapia isolada, e sim como poss\u00edvel coadjuvante em situa\u00e7\u00f5es espec\u00edficas, sempre associada a mudan\u00e7as de estilo de vida e medicamentos quando indicados. Estudos mais recentes, incluindo um ensaio cl\u00ednico publicado em 2024, apontam benef\u00edcios discretos principalmente em idosos com obesidade e defici\u00eancia comprovada.<\/p>\n\n\n\n<p>Para compreender melhor a rela\u00e7\u00e3o entre vitamina D e press\u00e3o arterial, assista ao v\u00eddeo a seguir, no qual o <strong>Dr. Fernando Lemos<\/strong> explica o assunto de forma clara e did\u00e1tica no canal <strong>Planeta Intestino<\/strong>.<\/p>\n\n\n\n<iframe loading=\"lazy\" width=\"1396\" height=\"785\" src=\"https:\/\/www.youtube.com\/embed\/liikQSMBXV8\" title=\"VITAMINA D BAIXA A PRESS\u00c3O ARTERIAL?\" frameborder=\"0\" allow=\"accelerometer; autoplay; clipboard-write; encrypted-media; gyroscope; picture-in-picture; web-share\" referrerpolicy=\"strict-origin-when-cross-origin\" allowfullscreen><\/iframe>\n\n\n\n<h2 class=\"wp-block-heading\">Quem pode se beneficiar mais da suplementa\u00e7\u00e3o de vitamina D?<\/h2>\n\n\n\n<p>Alguns grupos parecem ter maior potencial de se beneficiar da suplementa\u00e7\u00e3o de vitamina D, sobretudo quando h\u00e1 defici\u00eancia documentada em exames laboratoriais. Pessoas acima de 50 anos costumam ter menor capacidade de s\u00edntese e metabolismo da vitamina, tornando o risco de defici\u00eancia mais elevado nessa faixa et\u00e1ria.<\/p>\n\n\n\n<p>Indiv\u00edduos com&nbsp;<strong>obesidade<\/strong>&nbsp;frequentemente apresentam n\u00edveis mais baixos de vitamina D, o que pode justificar avalia\u00e7\u00e3o e eventual reposi\u00e7\u00e3o. Nesses grupos, a normaliza\u00e7\u00e3o dos n\u00edveis pode contribuir de forma modesta para ajustes da press\u00e3o arterial, al\u00e9m de favorecer a sa\u00fade \u00f3ssea, muscular e imunol\u00f3gica de maneira geral.<\/p>\n\n\n\n<figure class=\"wp-block-image aligncenter size-large\"><img decoding=\"async\" width=\"1024\" height=\"576\" src=\"https:\/\/www.correiobraziliense.com.br\/cbradar\/wp-content\/uploads\/2025\/05\/Vitamina-D_1748100388536-1024x576.jpg\" alt=\"\" class=\"wp-image-42327\" srcset=\"https:\/\/www.correiobraziliense.com.br\/cbradar\/wp-content\/uploads\/2025\/05\/Vitamina-D_1748100388536-1024x576.jpg 1024w, https:\/\/www.correiobraziliense.com.br\/cbradar\/wp-content\/uploads\/2025\/05\/Vitamina-D_1748100388536-300x169.jpg 300w, https:\/\/www.correiobraziliense.com.br\/cbradar\/wp-content\/uploads\/2025\/05\/Vitamina-D_1748100388536-768x432.jpg 768w, https:\/\/www.correiobraziliense.com.br\/cbradar\/wp-content\/uploads\/2025\/05\/Vitamina-D_1748100388536-750x422.jpg 750w, https:\/\/www.correiobraziliense.com.br\/cbradar\/wp-content\/uploads\/2025\/05\/Vitamina-D_1748100388536-1140x641.jpg 1140w, https:\/\/www.correiobraziliense.com.br\/cbradar\/wp-content\/uploads\/2025\/05\/Vitamina-D_1748100388536.jpg 1280w\" sizes=\"(max-width: 1024px) 100vw, 1024px\" \/><figcaption class=\"wp-element-caption\">Falta de vitamina D? Veja como suprir com sol e dieta &#8211; Cr\u00e9ditos: depositphotos.com \/ elena.hramova\n\n<\/figcaption><\/figure>\n\n\n\n<h2 class=\"wp-block-heading\">Principais fatores que influenciam a press\u00e3o arterial?<\/h2>\n\n\n\n<p>A press\u00e3o arterial resulta da intera\u00e7\u00e3o de fatores gen\u00e9ticos, hormonais e ambientais, e n\u00e3o deve ser controlada apenas com foco na vitamina D. Para reduzir o risco de hipertens\u00e3o e melhorar o controle press\u00f3rico, \u00e9 fundamental priorizar h\u00e1bitos cardioprotetores no dia a dia.<\/p>\n\n\n\n<p>Nesse contexto, algumas mudan\u00e7as de estilo de vida t\u00eam impacto consistente na sa\u00fade cardiovascular e devem ser adotadas em conjunto com a orienta\u00e7\u00e3o profissional adequada:<\/p>\n\n\n\n<style>\n  .make-wrap{\n    max-width: 760px;\n    margin: 26px auto;\n    padding: 18px;\n    border-radius: 18px;\n    background: linear-gradient(135deg,#fff7fb 0%,#f6f2ff 100%);\n    border: 1px solid #f7d4ea;\n    box-shadow: 0 8px 20px rgba(236,72,153,.12);\n    font-family: system-ui, -apple-system, Segoe UI, Roboto, Helvetica, Arial, sans-serif;\n  }\n\n  .make-title{\n    display:flex; \n    align-items:center; \n    gap:10px;\n    margin:0 0 12px 4px;\n    font-size:1.2rem; \n    font-weight:900; \n    color:#9d174d;\n  }\n\n  .make-table{\n    width:100%;\n    border-collapse:separate;\n    border-spacing:0;\n    overflow:hidden;\n    border-radius:16px;\n    border:1px solid #f7d4ea;\n    background:#fff;\n    font-size:.92rem;\n  }\n\n  .make-table thead th{\n    background:linear-gradient(90deg,#fde7f3 0%,#f8e9ff 100%);\n    padding:12px;\n    color:#7a1e63;\n    font-weight:800;\n    text-align:left;\n    border-bottom:1px solid #f7d4ea;\n  }\n\n  .make-table tbody td{\n    padding:12px;\n    color:#374151;\n    vertical-align:top;\n    border-bottom:1px dashed #f7d4ea;\n  }\n\n  .make-table tbody tr:nth-child(odd){\n    background:#fffaff;\n  }\n\n  .price{\n    display:inline-flex;\n    align-items:center;\n    background:#fff7ed;\n    color:#b45309;\n    padding:6px 10px;\n    border-radius:10px;\n    border:1px solid #fed7aa;\n    font-weight:700;\n    white-space:nowrap;\n  }\n\n  .badge{\n    display:inline-block;\n    background:#fde7f3;\n    color:#c026d3;\n    border:1px solid #fecdd3;\n    padding:4px 10px;\n    border-radius:999px;\n    font-weight:700;\n    font-size:.78rem;\n  }\n\n  @media (max-width:720px){\n    .make-table thead{display:none}\n    .make-table, .make-table tbody, .make-table tr, .make-table td{\n      display:block; \n      width:100%;\n    }\n    .make-table tr{\n      margin-bottom:12px;\n      border:1px solid #f7d4ea;\n      border-radius:14px;\n      overflow:hidden;\n      background:#fff;\n    }\n    .make-table td[data-label]:before{\n      content:attr(data-label);\n      display:block;\n      font-weight:800;\n      color:#7a1e63;\n      margin-bottom:4px;\n    }\n    .make-table tbody td:last-child{border-bottom:none}\n  }\n<\/style>\n\n<div class=\"make-wrap\">\n  <h3 class=\"make-title\">\u2764\ufe0f\ud83e\udd57 H\u00e1bitos que Ajudam a Controlar a Press\u00e3o<\/h3>\n\n  <table class=\"make-table\">\n    <thead>\n      <tr>\n        <th>H\u00e1bito Saud\u00e1vel<\/th>\n        <th>Descri\u00e7\u00e3o<\/th>\n      <\/tr>\n    <\/thead>\n    <tbody>\n      <tr>\n        <td data-label=\"H\u00e1bito Saud\u00e1vel\"><span class=\"badge\">Alimenta\u00e7\u00e3o Saud\u00e1vel<\/span><\/td>\n        <td data-label=\"Descri\u00e7\u00e3o\">Reduzir o consumo de s\u00f3dio, ultraprocessados e gorduras saturadas, priorizando frutas, verduras, legumes e gr\u00e3os integrais.<\/td>\n      <\/tr>\n      <tr>\n        <td data-label=\"H\u00e1bito Saud\u00e1vel\"><span class=\"badge\">Exerc\u00edcio Regular<\/span><\/td>\n        <td data-label=\"Descri\u00e7\u00e3o\">Praticar pelo menos 150 minutos semanais de atividade f\u00edsica moderada melhora a fun\u00e7\u00e3o vascular e ajuda no controle da press\u00e3o.<\/td>\n      <\/tr>\n      <tr>\n        <td data-label=\"H\u00e1bito Saud\u00e1vel\"><span class=\"badge\">Controle de Peso<\/span><\/td>\n        <td data-label=\"Descri\u00e7\u00e3o\">Manter um IMC adequado e reduzir gordura abdominal diminuem o risco de hipertens\u00e3o e de outras doen\u00e7as cardiovasculares.<\/td>\n      <\/tr>\n    <\/tbody>\n  <\/table>\n\n  <p style=\"margin-top:14px; color:#6b7280; font-size:.9rem;\">\n    \ud83d\udca1 <strong>Dica:<\/strong> Pequenas mudan\u00e7as di\u00e1rias na alimenta\u00e7\u00e3o e na rotina de exerc\u00edcios j\u00e1 podem trazer grandes benef\u00edcios para a sa\u00fade do cora\u00e7\u00e3o.\n  <\/p>\n<\/div>\n\n\n\n\n<h2 class=\"wp-block-heading\">Vitamina D como complemento no tratamento da hipertens\u00e3o?<\/h2>\n\n\n\n<p>A vitamina D \u00e9 essencial para a sa\u00fade \u00f3ssea, fun\u00e7\u00e3o imunol\u00f3gica e v\u00e1rios processos metab\u00f3licos, mas sua influ\u00eancia direta sobre a press\u00e3o arterial costuma ser limitada para a maioria das pessoas. Manter n\u00edveis adequados pode contribuir de forma complementar \u00e0 sa\u00fade cardiovascular, por\u00e9m sem substituir tratamentos medicamentosos ou mudan\u00e7as estruturais no estilo de vida.<\/p>\n\n\n\n<p>Antes de iniciar suplementa\u00e7\u00e3o, \u00e9 imprescind\u00edvel consultar um&nbsp;<strong>profissional de sa\u00fade<\/strong>&nbsp;para avaliar n\u00edveis sangu\u00edneos, riscos, benef\u00edcios e dose adequada. Dessa forma, a vitamina D passa a ser utilizada de forma segura, integrada ao plano global de preven\u00e7\u00e3o e tratamento da hipertens\u00e3o, quando indicada.<\/p>\n\n\n<a href=\"https:\/\/www.instagram.com\/dra.annaluisabf\/\" target=\"_blank\" rel=\"noopener\" style=\"text-decoration: none; color: inherit;\">\n    <span style=\"display: inline-block; border: 1px solid #ccc; border-radius: 10px; padding: 15px; max-width: 550px; font-family: sans-serif; box-shadow: 0 2px 5px rgba(0,0,0,0.1); width: 100%;\">\n\n      <!-- T\u00edtulo -->\n      <span style=\"display: block; margin: 0 0 15px 0; font-weight: bold; color: #2c3e50; text-align: center;\">\n        Entre em contato:\n      <\/span>\n\n      <!-- Linha do perfil -->\n      <span style=\"display: flex; align-items: center; gap: 15px;\">\n        <img decoding=\"async\"\n          src=\"https:\/\/www.correiobraziliense.com.br\/cbradar\/wp-content\/uploads\/2025\/08\/dra_anna_luisa.jpeg\"\n          alt=\"Foto da Dra. Anna Lu\u00edsa\"\n          style=\"border-radius: 50%; width: 80px; height: 80px; object-fit: cover;\"\n        \/>\n        <span style=\"display: flex; flex-direction: column;\">\n          <span style=\"font-size: 18px; font-weight: 700; color: #2c3e50;\">Dra. Anna Lu\u00edsa Barbosa Fernandes<\/span>\n          <span style=\"color: #555;\">CRM-GO 33.271<\/span>\n        <\/span>\n      <\/span>\n\n      <!-- Redes -->\n      <span style=\"display: flex; align-items: center; gap: 10px; margin-top: 12px;\">\n        <img decoding=\"async\" src=\"https:\/\/cdn-icons-png.flaticon.com\/24\/1384\/1384063.png\" alt=\"Instagram\" width=\"24\" height=\"24\" \/>\n        <span style=\"text-decoration: underline; color: #2c3e50;\">@dra.annaluisabf<\/span>\n      <\/span>\n\n    <\/span>\n  <\/a>","protected":false},"excerpt":{"rendered":"<p>Em tempos recentes, a rela\u00e7\u00e3o entre a&nbsp;vitamina D&nbsp;e a&nbsp;press\u00e3o arterial&nbsp;tem despertado a curiosidade de pesquisadores e de pessoas preocupadas com a sa\u00fade cardiovascular. Apesar de muitas investiga\u00e7\u00f5es mostrarem que a suplementa\u00e7\u00e3o de vitamina D n\u00e3o reduz de forma significativa a press\u00e3o arterial para a maioria, alguns grupos espec\u00edficos, como&nbsp;idosos,&nbsp;pessoas com obesidade&nbsp;e indiv\u00edduos com defici\u00eancia grave [&hellip;]<\/p>\n","protected":false},"author":14,"featured_media":78065,"comment_status":"open","ping_status":"open","sticky":false,"template":"","format":"standard","meta":{"_yoast_wpseo_focuskw":"rela\u00e7\u00e3o entre a\u00a0vitamina D\u00a0e a\u00a0press\u00e3o arterial\u00a0","_yoast_wpseo_title":"","_yoast_wpseo_metadesc":"Vitamina D pode influenciar a press\u00e3o arterial em alguns casos. Entenda quem pode se beneficiar da suplementa\u00e7\u00e3o.","jnews-multi-image_gallery":[],"jnews_single_post":{"format":"standard"},"jnews_primary_category":[],"jnews_social_meta":[],"jnews_override_counter":[],"footnotes":""},"categories":[4404],"post_tag":[120,247,1318],"class_list":["post-203164","post","type-post","status-publish","format-standard","has-post-thumbnail","hentry","category-saude","tag-bem-estar","tag-qualidade-de-vida","tag-saude-2"],"yoast_head":"<!-- This site is optimized with the Yoast SEO plugin v24.6 - https:\/\/yoast.com\/wordpress\/plugins\/seo\/ -->\n<title>Vitamina D pode influenciar press\u00e3o arterial e proteger a sa\u00fade do cora\u00e7\u00e3o - Correio Braziliense - Radar<\/title>\n<meta name=\"description\" content=\"Vitamina D pode influenciar a press\u00e3o arterial em alguns casos. Entenda quem pode se beneficiar da suplementa\u00e7\u00e3o.\" \/>\n<meta name=\"robots\" content=\"index, follow, max-snippet:-1, max-image-preview:large, max-video-preview:-1\" \/>\n<link rel=\"canonical\" href=\"https:\/\/www.correiobraziliense.com.br\/cbradar\/vitamina-d-pode-influenciar-pressao-arterial-e-proteger-a-saude-do-coracao\/\" \/>\n<meta property=\"og:locale\" content=\"pt_BR\" \/>\n<meta property=\"og:type\" content=\"article\" \/>\n<meta property=\"og:title\" content=\"Vitamina D pode influenciar press\u00e3o arterial e proteger a sa\u00fade do cora\u00e7\u00e3o - Correio Braziliense - Radar\" \/>\n<meta property=\"og:description\" content=\"Vitamina D pode influenciar a press\u00e3o arterial em alguns casos. Entenda quem pode se beneficiar da suplementa\u00e7\u00e3o.\" \/>\n<meta property=\"og:url\" content=\"https:\/\/www.correiobraziliense.com.br\/cbradar\/vitamina-d-pode-influenciar-pressao-arterial-e-proteger-a-saude-do-coracao\/\" \/>\n<meta property=\"og:site_name\" content=\"Correio Braziliense - Radar\" \/>\n<meta property=\"article:published_time\" content=\"2026-03-05T10:45:00+00:00\" \/>\n<meta property=\"og:image\" content=\"https:\/\/www.correiobraziliense.com.br\/cbradar\/wp-content\/uploads\/2025\/07\/vitamina-d_1753893763359.jpg\" \/>\n\t<meta property=\"og:image:width\" content=\"1280\" \/>\n\t<meta property=\"og:image:height\" content=\"720\" \/>\n\t<meta property=\"og:image:type\" content=\"image\/jpeg\" \/>\n<meta name=\"author\" content=\"guilherme_saude\" \/>\n<meta name=\"twitter:card\" content=\"summary_large_image\" \/>\n<meta name=\"twitter:label1\" content=\"Escrito por\" \/>\n\t<meta name=\"twitter:data1\" content=\"guilherme_saude\" \/>\n\t<meta name=\"twitter:label2\" content=\"Est. tempo de leitura\" \/>\n\t<meta name=\"twitter:data2\" content=\"5 minutos\" \/>\n<!-- \/ Yoast SEO plugin. -->","yoast_head_json":{"title":"Vitamina D pode influenciar press\u00e3o arterial e proteger a sa\u00fade do cora\u00e7\u00e3o - Correio Braziliense - Radar","description":"Vitamina D pode influenciar a press\u00e3o arterial em alguns casos. Entenda quem pode se beneficiar da suplementa\u00e7\u00e3o.","robots":{"index":"index","follow":"follow","max-snippet":"max-snippet:-1","max-image-preview":"max-image-preview:large","max-video-preview":"max-video-preview:-1"},"canonical":"https:\/\/www.correiobraziliense.com.br\/cbradar\/vitamina-d-pode-influenciar-pressao-arterial-e-proteger-a-saude-do-coracao\/","og_locale":"pt_BR","og_type":"article","og_title":"Vitamina D pode influenciar press\u00e3o arterial e proteger a sa\u00fade do cora\u00e7\u00e3o - Correio Braziliense - Radar","og_description":"Vitamina D pode influenciar a press\u00e3o arterial em alguns casos. Entenda quem pode se beneficiar da suplementa\u00e7\u00e3o.","og_url":"https:\/\/www.correiobraziliense.com.br\/cbradar\/vitamina-d-pode-influenciar-pressao-arterial-e-proteger-a-saude-do-coracao\/","og_site_name":"Correio Braziliense - Radar","article_published_time":"2026-03-05T10:45:00+00:00","og_image":[{"width":1280,"height":720,"url":"https:\/\/www.correiobraziliense.com.br\/cbradar\/wp-content\/uploads\/2025\/07\/vitamina-d_1753893763359.jpg","type":"image\/jpeg"}],"author":"guilherme_saude","twitter_card":"summary_large_image","twitter_misc":{"Escrito por":"guilherme_saude","Est. tempo de leitura":"5 minutos"},"schema":{"@context":"https:\/\/schema.org","@graph":[{"@type":"WebPage","@id":"https:\/\/www.correiobraziliense.com.br\/cbradar\/vitamina-d-pode-influenciar-pressao-arterial-e-proteger-a-saude-do-coracao\/","url":"https:\/\/www.correiobraziliense.com.br\/cbradar\/vitamina-d-pode-influenciar-pressao-arterial-e-proteger-a-saude-do-coracao\/","name":"Vitamina D pode influenciar press\u00e3o arterial e proteger a sa\u00fade do cora\u00e7\u00e3o - Correio Braziliense - Radar","isPartOf":{"@id":"https:\/\/www.correiobraziliense.com.br\/cbradar\/#website"},"primaryImageOfPage":{"@id":"https:\/\/www.correiobraziliense.com.br\/cbradar\/vitamina-d-pode-influenciar-pressao-arterial-e-proteger-a-saude-do-coracao\/#primaryimage"},"image":{"@id":"https:\/\/www.correiobraziliense.com.br\/cbradar\/vitamina-d-pode-influenciar-pressao-arterial-e-proteger-a-saude-do-coracao\/#primaryimage"},"thumbnailUrl":"https:\/\/www.correiobraziliense.com.br\/cbradar\/wp-content\/uploads\/2025\/07\/vitamina-d_1753893763359.jpg","datePublished":"2026-03-05T10:45:00+00:00","author":{"@id":"https:\/\/www.correiobraziliense.com.br\/cbradar\/#\/schema\/person\/5aa4bf3c8fa699c267933611de12978b"},"description":"Vitamina D pode influenciar a press\u00e3o arterial em alguns casos. Entenda quem pode se beneficiar da suplementa\u00e7\u00e3o.","breadcrumb":{"@id":"https:\/\/www.correiobraziliense.com.br\/cbradar\/vitamina-d-pode-influenciar-pressao-arterial-e-proteger-a-saude-do-coracao\/#breadcrumb"},"inLanguage":"pt-BR","potentialAction":[{"@type":"ReadAction","target":["https:\/\/www.correiobraziliense.com.br\/cbradar\/vitamina-d-pode-influenciar-pressao-arterial-e-proteger-a-saude-do-coracao\/"]}]},{"@type":"ImageObject","inLanguage":"pt-BR","@id":"https:\/\/www.correiobraziliense.com.br\/cbradar\/vitamina-d-pode-influenciar-pressao-arterial-e-proteger-a-saude-do-coracao\/#primaryimage","url":"https:\/\/www.correiobraziliense.com.br\/cbradar\/wp-content\/uploads\/2025\/07\/vitamina-d_1753893763359.jpg","contentUrl":"https:\/\/www.correiobraziliense.com.br\/cbradar\/wp-content\/uploads\/2025\/07\/vitamina-d_1753893763359.jpg","width":1280,"height":720,"caption":"Vitamina D - Cr\u00e9ditos: depositphotos.com \/ VadimVasenin"},{"@type":"BreadcrumbList","@id":"https:\/\/www.correiobraziliense.com.br\/cbradar\/vitamina-d-pode-influenciar-pressao-arterial-e-proteger-a-saude-do-coracao\/#breadcrumb","itemListElement":[{"@type":"ListItem","position":1,"name":"In\u00edcio","item":"https:\/\/www.correiobraziliense.com.br\/cbradar\/"},{"@type":"ListItem","position":2,"name":"Vitamina D pode influenciar press\u00e3o arterial e proteger a sa\u00fade do cora\u00e7\u00e3o"}]},{"@type":"WebSite","@id":"https:\/\/www.correiobraziliense.com.br\/cbradar\/#website","url":"https:\/\/www.correiobraziliense.com.br\/cbradar\/","name":"Correio Braziliense - Radar","description":"Acompanhe as \u00faltimas not\u00edcias e fique bem informado sobre tudo o que acontece no Brasil e no mundo.","potentialAction":[{"@type":"SearchAction","target":{"@type":"EntryPoint","urlTemplate":"https:\/\/www.correiobraziliense.com.br\/cbradar\/?s={search_term_string}"},"query-input":{"@type":"PropertyValueSpecification","valueRequired":true,"valueName":"search_term_string"}}],"inLanguage":"pt-BR"},{"@type":"Person","@id":"https:\/\/www.correiobraziliense.com.br\/cbradar\/#\/schema\/person\/5aa4bf3c8fa699c267933611de12978b","name":"guilherme_saude","image":{"@type":"ImageObject","inLanguage":"pt-BR","@id":"https:\/\/www.correiobraziliense.com.br\/cbradar\/#\/schema\/person\/image\/","url":"https:\/\/secure.gravatar.com\/avatar\/df9adfb835d344bc0af109d41756253f?s=96&d=mm&r=g","contentUrl":"https:\/\/secure.gravatar.com\/avatar\/df9adfb835d344bc0af109d41756253f?s=96&d=mm&r=g","caption":"guilherme_saude"},"url":"https:\/\/www.correiobraziliense.com.br\/cbradar\/author\/guilherme_saude\/"}]}},"_links":{"self":[{"href":"https:\/\/www.correiobraziliense.com.br\/cbradar\/wp-json\/wp\/v2\/posts\/203164","targetHints":{"allow":["GET"]}}],"collection":[{"href":"https:\/\/www.correiobraziliense.com.br\/cbradar\/wp-json\/wp\/v2\/posts"}],"about":[{"href":"https:\/\/www.correiobraziliense.com.br\/cbradar\/wp-json\/wp\/v2\/types\/post"}],"author":[{"embeddable":true,"href":"https:\/\/www.correiobraziliense.com.br\/cbradar\/wp-json\/wp\/v2\/users\/14"}],"replies":[{"embeddable":true,"href":"https:\/\/www.correiobraziliense.com.br\/cbradar\/wp-json\/wp\/v2\/comments?post=203164"}],"version-history":[{"count":1,"href":"https:\/\/www.correiobraziliense.com.br\/cbradar\/wp-json\/wp\/v2\/posts\/203164\/revisions"}],"predecessor-version":[{"id":203171,"href":"https:\/\/www.correiobraziliense.com.br\/cbradar\/wp-json\/wp\/v2\/posts\/203164\/revisions\/203171"}],"wp:featuredmedia":[{"embeddable":true,"href":"https:\/\/www.correiobraziliense.com.br\/cbradar\/wp-json\/wp\/v2\/media\/78065"}],"wp:attachment":[{"href":"https:\/\/www.correiobraziliense.com.br\/cbradar\/wp-json\/wp\/v2\/media?parent=203164"}],"wp:term":[{"taxonomy":"category","embeddable":true,"href":"https:\/\/www.correiobraziliense.com.br\/cbradar\/wp-json\/wp\/v2\/categories?post=203164"},{"taxonomy":"post_tag","embeddable":true,"href":"https:\/\/www.correiobraziliense.com.br\/cbradar\/wp-json\/wp\/v2\/post_tag?post=203164"}],"curies":[{"name":"wp","href":"https:\/\/api.w.org\/{rel}","templated":true}]}}