{"id":203195,"date":"2026-03-05T17:15:00","date_gmt":"2026-03-05T20:15:00","guid":{"rendered":"https:\/\/www.correiobraziliense.com.br\/cbradar\/?p=203195"},"modified":"2026-03-04T19:40:11","modified_gmt":"2026-03-04T22:40:11","slug":"mau-halito-pode-indicar-problemas-na-boca-e-poucos-percebem-os-sinais","status":"publish","type":"post","link":"https:\/\/www.correiobraziliense.com.br\/cbradar\/mau-halito-pode-indicar-problemas-na-boca-e-poucos-percebem-os-sinais\/","title":{"rendered":"Mau h\u00e1lito pode indicar problemas na boca e poucos percebem os sinais"},"content":{"rendered":"\n<p>O <strong>Mau H\u00e1lito<\/strong>, referenciado no meio cient\u00edfico como halitose, \u00e9 uma preocupa\u00e7\u00e3o relevante dentro da sa\u00fade bucal. Embora comumente atribu\u00eddo a alimentos como alho e cebola, suas verdadeiras ra\u00edzes geralmente est\u00e3o mais profundamente arraigadas na cavidade oral. O ac\u00famulo de bact\u00e9rias na boca tende a ser o principal respons\u00e1vel pelos odores desagrad\u00e1veis. Para entender como lidar com a halitose, \u00e9 crucial examinar suas causas e solu\u00e7\u00f5es poss\u00edveis.<\/p>\n\n\n\n<h2 class=\"wp-block-heading\">Fatores que Contribuem para o Mau H\u00e1lito<\/h2>\n\n\n\n<p>Identificar as causas subjacentes do mau h\u00e1lito \u00e9 um passo fundamental no seu tratamento. Aproximadamente 85% dos casos come\u00e7am na boca devido a diversos fatores:<\/p>\n\n\n\n<style>\n  .make-wrap{\n    max-width: 760px;\n    margin: 26px auto;\n    padding: 18px;\n    border-radius: 18px;\n    background: linear-gradient(135deg,#fff7fb 0%,#f6f2ff 100%);\n    border: 1px solid #f7d4ea;\n    box-shadow: 0 8px 20px rgba(236,72,153,.12);\n    font-family: system-ui, -apple-system, Segoe UI, Roboto, Helvetica, Arial, sans-serif;\n  }\n\n  .make-title{\n    display:flex; \n    align-items:center; \n    gap:10px;\n    margin:0 0 12px 4px;\n    font-size:1.2rem; \n    font-weight:900; \n    color:#9d174d;\n  }\n\n  .make-table{\n    width:100%;\n    border-collapse:separate;\n    border-spacing:0;\n    overflow:hidden;\n    border-radius:16px;\n    border:1px solid #f7d4ea;\n    background:#fff;\n    font-size:.92rem;\n  }\n\n  .make-table thead th{\n    background:linear-gradient(90deg,#fde7f3 0%,#f8e9ff 100%);\n    padding:12px;\n    color:#7a1e63;\n    font-weight:800;\n    text-align:left;\n    border-bottom:1px solid #f7d4ea;\n  }\n\n  .make-table tbody td{\n    padding:12px;\n    color:#374151;\n    vertical-align:top;\n    border-bottom:1px dashed #f7d4ea;\n  }\n\n  .make-table tbody tr:nth-child(odd){\n    background:#fffaff;\n  }\n\n  .price{\n    display:inline-flex;\n    align-items:center;\n    background:#fff7ed;\n    color:#b45309;\n    padding:6px 10px;\n    border-radius:10px;\n    border:1px solid #fed7aa;\n    font-weight:700;\n    white-space:nowrap;\n  }\n\n  .badge{\n    display:inline-block;\n    background:#fde7f3;\n    color:#c026d3;\n    border:1px solid #fecdd3;\n    padding:4px 10px;\n    border-radius:999px;\n    font-weight:700;\n    font-size:.78rem;\n  }\n\n  @media (max-width:720px){\n    .make-table thead{display:none}\n    .make-table, .make-table tbody, .make-table tr, .make-table td{\n      display:block; \n      width:100%;\n    }\n    .make-table tr{\n      margin-bottom:12px;\n      border:1px solid #f7d4ea;\n      border-radius:14px;\n      overflow:hidden;\n      background:#fff;\n    }\n    .make-table td[data-label]:before{\n      content:attr(data-label);\n      display:block;\n      font-weight:800;\n      color:#7a1e63;\n      margin-bottom:4px;\n    }\n    .make-table tbody td:last-child{border-bottom:none}\n  }\n<\/style>\n\n<div class=\"make-wrap\">\n  <h3 class=\"make-title\">\ud83e\uddb7\ud83d\udca8 Principais Causas do Mau H\u00e1lito<\/h3>\n\n  <table class=\"make-table\">\n    <thead>\n      <tr>\n        <th>Causa<\/th>\n        <th>Descri\u00e7\u00e3o<\/th>\n      <\/tr>\n    <\/thead>\n    <tbody>\n      <tr>\n        <td data-label=\"Causa\"><span class=\"badge\">M\u00e1 Higiene Oral<\/span><\/td>\n        <td data-label=\"Descri\u00e7\u00e3o\">Quando a escova\u00e7\u00e3o e o uso de fio dental s\u00e3o negligenciados, os res\u00edduos alimentares permanecem, fornecendo um ambiente ideal para o crescimento bacteriano que gera odores.<\/td>\n      <\/tr>\n      <tr>\n        <td data-label=\"Causa\"><span class=\"badge\">L\u00edngua N\u00e3o Limpa<\/span><\/td>\n        <td data-label=\"Descri\u00e7\u00e3o\">Uma camada espessa que se desenvolve na l\u00edngua pode abrigar bact\u00e9rias que liberam compostos odor\u00edferos.<\/td>\n      <\/tr>\n      <tr>\n        <td data-label=\"Causa\"><span class=\"badge\">Boca Seca<\/span><\/td>\n        <td data-label=\"Descri\u00e7\u00e3o\">A saliva desempenha um papel crucial em manter a boca limpa; sua aus\u00eancia facilita a prolifera\u00e7\u00e3o de microrganismos.<\/td>\n      <\/tr>\n      <tr>\n        <td data-label=\"Causa\"><span class=\"badge\">Problemas Gengivais<\/span><\/td>\n        <td data-label=\"Descri\u00e7\u00e3o\">Condi\u00e7\u00f5es como gengivite podem resultar na emiss\u00e3o de cheiros indesejados.<\/td>\n      <\/tr>\n      <tr>\n        <td data-label=\"Causa\"><span class=\"badge\">Complica\u00e7\u00f5es Dent\u00e1rias<\/span><\/td>\n        <td data-label=\"Descri\u00e7\u00e3o\">\u00c1reas problem\u00e1ticas nos dentes, como c\u00e1ries, permitem o ac\u00famulo de res\u00edduos.<\/td>\n      <\/tr>\n      <tr>\n        <td data-label=\"Causa\"><span class=\"badge\">Outros Fatores<\/span><\/td>\n        <td data-label=\"Descri\u00e7\u00e3o\">Doen\u00e7as sist\u00eamicas, como refluxo, tamb\u00e9m podem resultar em mau h\u00e1lito.<\/td>\n      <\/tr>\n    <\/tbody>\n  <\/table>\n\n  <p style=\"margin-top:14px; color:#6b7280; font-size:.9rem;\">\n    \ud83d\udca1 <strong>Dica:<\/strong> Uma rotina completa de higiene bucal e consultas regulares ao dentista ajudam a prevenir a maioria das causas do mau h\u00e1lito.\n  <\/p>\n<\/div>\n\n\n\n\n<h2 class=\"wp-block-heading\">Como a Halitose Afeta a Popula\u00e7\u00e3o?<\/h2>\n\n\n\n<p>O impacto do mau h\u00e1lito vai al\u00e9m do desconforto pessoal, estendendo-se a preocupa\u00e7\u00f5es sociais e de sa\u00fade. Estudos demonstram que uma parcela significativa da popula\u00e7\u00e3o enfrenta essa condi\u00e7\u00e3o. A pesquisa &#8220;Estimated prevalence of halitosis&#8221; revela que cerca de um ter\u00e7o dos adultos lida com essa condi\u00e7\u00e3o, independente de diferen\u00e7as regionais ou socioecon\u00f4micas.<\/p>\n\n\n\n<p>Para compreender melhor o que \u00e9 a <strong>Halitose<\/strong>, suas causas e impactos na vida cotidiana, assista ao v\u00eddeo a seguir, no qual especialistas explicam o tema de forma clara e did\u00e1tica no canal <strong>Viva Sa\u00fade<\/strong>.<\/p>\n\n\n\n<iframe loading=\"lazy\" width=\"1396\" height=\"785\" src=\"https:\/\/www.youtube.com\/embed\/ZoEwbSCMUbI\" title=\"Halitose: o que \u00e9, as suas causas, e como afeta a vida da popula\u00e7\u00e3o - Viva Sa\u00fade\" frameborder=\"0\" allow=\"accelerometer; autoplay; clipboard-write; encrypted-media; gyroscope; picture-in-picture; web-share\" referrerpolicy=\"strict-origin-when-cross-origin\" allowfullscreen><\/iframe>\n\n\n\n<h2 class=\"wp-block-heading\">M\u00e9todos Pr\u00e1ticos para Combater o Mau H\u00e1lito?<\/h2>\n\n\n\n<p>Resolver a halitose com efic\u00e1cia envolve incorporar mudan\u00e7as espec\u00edficas de comportamento e higiene. Estas a\u00e7\u00f5es recomendadas pelos especialistas podem ser implementadas com facilidade:<\/p>\n\n\n\n<style>\n  .make-wrap{\n    max-width: 760px;\n    margin: 26px auto;\n    padding: 18px;\n    border-radius: 18px;\n    background: linear-gradient(135deg,#fff7fb 0%,#f6f2ff 100%);\n    border: 1px solid #f7d4ea;\n    box-shadow: 0 8px 20px rgba(236,72,153,.12);\n    font-family: system-ui, -apple-system, Segoe UI, Roboto, Helvetica, Arial, sans-serif;\n  }\n\n  .make-title{\n    display:flex; \n    align-items:center; \n    gap:10px;\n    margin:0 0 12px 4px;\n    font-size:1.2rem; \n    font-weight:900; \n    color:#9d174d;\n  }\n\n  .make-table{\n    width:100%;\n    border-collapse:separate;\n    border-spacing:0;\n    overflow:hidden;\n    border-radius:16px;\n    border:1px solid #f7d4ea;\n    background:#fff;\n    font-size:.92rem;\n  }\n\n  .make-table thead th{\n    background:linear-gradient(90deg,#fde7f3 0%,#f8e9ff 100%);\n    padding:12px;\n    color:#7a1e63;\n    font-weight:800;\n    text-align:left;\n    border-bottom:1px solid #f7d4ea;\n  }\n\n  .make-table tbody td{\n    padding:12px;\n    color:#374151;\n    vertical-align:top;\n    border-bottom:1px dashed #f7d4ea;\n  }\n\n  .make-table tbody tr:nth-child(odd){\n    background:#fffaff;\n  }\n\n  .price{\n    display:inline-flex;\n    align-items:center;\n    background:#fff7ed;\n    color:#b45309;\n    padding:6px 10px;\n    border-radius:10px;\n    border:1px solid #fed7aa;\n    font-weight:700;\n    white-space:nowrap;\n  }\n\n  .badge{\n    display:inline-block;\n    background:#fde7f3;\n    color:#c026d3;\n    border:1px solid #fecdd3;\n    padding:4px 10px;\n    border-radius:999px;\n    font-weight:700;\n    font-size:.78rem;\n  }\n\n  @media (max-width:720px){\n    .make-table thead{display:none}\n    .make-table, .make-table tbody, .make-table tr, .make-table td{\n      display:block; \n      width:100%;\n    }\n    .make-table tr{\n      margin-bottom:12px;\n      border:1px solid #f7d4ea;\n      border-radius:14px;\n      overflow:hidden;\n      background:#fff;\n    }\n    .make-table td[data-label]:before{\n      content:attr(data-label);\n      display:block;\n      font-weight:800;\n      color:#7a1e63;\n      margin-bottom:4px;\n    }\n    .make-table tbody td:last-child{border-bottom:none}\n  }\n<\/style>\n\n<div class=\"make-wrap\">\n  <h3 class=\"make-title\">\ud83e\uddb7\u2728 H\u00e1bitos Essenciais para Manter o H\u00e1lito Fresco<\/h3>\n\n  <table class=\"make-table\">\n    <thead>\n      <tr>\n        <th>H\u00e1bito<\/th>\n        <th>Descri\u00e7\u00e3o<\/th>\n      <\/tr>\n    <\/thead>\n    <tbody>\n      <tr>\n        <td data-label=\"H\u00e1bito\"><span class=\"badge\">Escova\u00e7\u00e3o Regular<\/span><\/td>\n        <td data-label=\"Descri\u00e7\u00e3o\">Realizar a escova\u00e7\u00e3o dos dentes ao menos duas vezes diariamente, prestando aten\u00e7\u00e3o especial \u00e0 linha gengival. Utilizar um dentifr\u00edcio fluoridado pode oferecer prote\u00e7\u00e3o adicional.<\/td>\n      <\/tr>\n      <tr>\n        <td data-label=\"H\u00e1bito\"><span class=\"badge\">Uso do Fio Dental<\/span><\/td>\n        <td data-label=\"Descri\u00e7\u00e3o\">Integrar o uso de fio dental \u00e0 rotina para garantir que part\u00edculas alimentares n\u00e3o fiquem entre os dentes.<\/td>\n      <\/tr>\n      <tr>\n        <td data-label=\"H\u00e1bito\"><span class=\"badge\">Limpeza da L\u00edngua<\/span><\/td>\n        <td data-label=\"Descri\u00e7\u00e3o\">Empregar um limpador de l\u00edngua para eliminar qualquer camada bacteriana formada.<\/td>\n      <\/tr>\n      <tr>\n        <td data-label=\"H\u00e1bito\"><span class=\"badge\">Boa Hidrata\u00e7\u00e3o<\/span><\/td>\n        <td data-label=\"Descri\u00e7\u00e3o\">Manter-se adequadamente hidratado estimula a produ\u00e7\u00e3o de saliva, ajudando a manter a boca \u00famida.<\/td>\n      <\/tr>\n      <tr>\n        <td data-label=\"H\u00e1bito\"><span class=\"badge\">Evitar Longos Per\u00edodos em Jejum<\/span><\/td>\n        <td data-label=\"Descri\u00e7\u00e3o\">Evitar a abstin\u00eancia prolongada de alimentos, pois per\u00edodos longos sem refei\u00e7\u00e3o reduzem a saliva.<\/td>\n      <\/tr>\n      <tr>\n        <td data-label=\"H\u00e1bito\"><span class=\"badge\">Modera\u00e7\u00e3o com \u00c1lcool e Tabaco<\/span><\/td>\n        <td data-label=\"Descri\u00e7\u00e3o\">Modera\u00e7\u00e3o ao consumir \u00e1lcool e tabaco, uma vez que podem contribuir para o ressecamento oral.<\/td>\n      <\/tr>\n    <\/tbody>\n  <\/table>\n\n  <p style=\"margin-top:14px; color:#6b7280; font-size:.9rem;\">\n    \ud83d\udca1 <strong>Dica:<\/strong> Uma boa higiene bucal di\u00e1ria e hidrata\u00e7\u00e3o adequada ajudam a prevenir o mau h\u00e1lito e manter a sa\u00fade da boca.\n  <\/p>\n<\/div>\n\n\n\n\n<h2 class=\"wp-block-heading\">Qual a import\u00e2ncia das Consultas com o Dentista?<\/h2>\n\n\n\n<p>Manter consultas regulares ao dentista \u00e9 vital. Profissionais de odontologia s\u00e3o capacitados para realizar limpezas em \u00e1reas de dif\u00edcil acesso que acumulam t\u00e1rtaro. Al\u00e9m disso, eles podem identificar cedo qualquer condi\u00e7\u00e3o que possa desencadear mau h\u00e1lito, prevenindo complica\u00e7\u00f5es futuras e mantendo a sa\u00fade bucal.<\/p>\n\n\n\n<p>Em alguns casos, a persist\u00eancia do mau h\u00e1lito pode indicar condi\u00e7\u00f5es de sa\u00fade mais graves, como problemas gastrointestinais ou desvios na sa\u00fade sist\u00eamica. Nessas situa\u00e7\u00f5es, \u00e9 aconselh\u00e1vel procurar orienta\u00e7\u00e3o adicional de um m\u00e9dico para obter um diagn\u00f3stico adequado. Dessa forma, \u00e9 poss\u00edvel assegurar a sa\u00fade oral e geral.<\/p>\n\n\n<a href=\"https:\/\/www.instagram.com\/dra.annaluisabf\/\" target=\"_blank\" rel=\"noopener\" style=\"text-decoration: none; color: inherit;\">\n    <span style=\"display: inline-block; border: 1px solid #ccc; border-radius: 10px; padding: 15px; max-width: 550px; font-family: sans-serif; box-shadow: 0 2px 5px rgba(0,0,0,0.1); width: 100%;\">\n\n      <!-- T\u00edtulo -->\n      <span style=\"display: block; margin: 0 0 15px 0; font-weight: bold; color: #2c3e50; text-align: center;\">\n        Entre em contato:\n      <\/span>\n\n      <!-- Linha do perfil -->\n      <span style=\"display: flex; align-items: center; gap: 15px;\">\n        <img decoding=\"async\"\n          src=\"https:\/\/www.correiobraziliense.com.br\/cbradar\/wp-content\/uploads\/2025\/08\/dra_anna_luisa.jpeg\"\n          alt=\"Foto da Dra. Anna Lu\u00edsa\"\n          style=\"border-radius: 50%; width: 80px; height: 80px; object-fit: cover;\"\n        \/>\n        <span style=\"display: flex; flex-direction: column;\">\n          <span style=\"font-size: 18px; font-weight: 700; color: #2c3e50;\">Dra. Anna Lu\u00edsa Barbosa Fernandes<\/span>\n          <span style=\"color: #555;\">CRM-GO 33.271<\/span>\n        <\/span>\n      <\/span>\n\n      <!-- Redes -->\n      <span style=\"display: flex; align-items: center; gap: 10px; margin-top: 12px;\">\n        <img decoding=\"async\" src=\"https:\/\/cdn-icons-png.flaticon.com\/24\/1384\/1384063.png\" alt=\"Instagram\" width=\"24\" height=\"24\" \/>\n        <span style=\"text-decoration: underline; color: #2c3e50;\">@dra.annaluisabf<\/span>\n      <\/span>\n\n    <\/span>\n  <\/a>","protected":false},"excerpt":{"rendered":"<p>O Mau H\u00e1lito, referenciado no meio cient\u00edfico como halitose, \u00e9 uma preocupa\u00e7\u00e3o relevante dentro da sa\u00fade bucal. Embora comumente atribu\u00eddo a alimentos como alho e cebola, suas verdadeiras ra\u00edzes geralmente est\u00e3o mais profundamente arraigadas na cavidade oral. O ac\u00famulo de bact\u00e9rias na boca tende a ser o principal respons\u00e1vel pelos odores desagrad\u00e1veis. Para entender como [&hellip;]<\/p>\n","protected":false},"author":14,"featured_media":35928,"comment_status":"open","ping_status":"open","sticky":false,"template":"","format":"standard","meta":{"_yoast_wpseo_focuskw":"Mau h\u00e1lito","_yoast_wpseo_title":"","_yoast_wpseo_metadesc":"Mau h\u00e1lito geralmente come\u00e7a na boca. Entenda as causas mais comuns e como melhorar a sa\u00fade bucal.","jnews-multi-image_gallery":[],"jnews_single_post":{"format":"standard"},"jnews_primary_category":[],"jnews_social_meta":[],"jnews_override_counter":[],"footnotes":""},"categories":[4404],"post_tag":[120,247,1318],"class_list":["post-203195","post","type-post","status-publish","format-standard","has-post-thumbnail","hentry","category-saude","tag-bem-estar","tag-qualidade-de-vida","tag-saude-2"],"yoast_head":"<!-- This site is optimized with the Yoast SEO plugin v24.6 - https:\/\/yoast.com\/wordpress\/plugins\/seo\/ -->\n<title>Mau h\u00e1lito pode indicar problemas na boca e poucos percebem os sinais - Correio Braziliense - Radar<\/title>\n<meta name=\"description\" content=\"Mau h\u00e1lito geralmente come\u00e7a na boca. Entenda as causas mais comuns e como melhorar a sa\u00fade bucal.\" \/>\n<meta name=\"robots\" content=\"index, follow, max-snippet:-1, max-image-preview:large, max-video-preview:-1\" \/>\n<link rel=\"canonical\" href=\"https:\/\/www.correiobraziliense.com.br\/cbradar\/mau-halito-pode-indicar-problemas-na-boca-e-poucos-percebem-os-sinais\/\" \/>\n<meta property=\"og:locale\" content=\"pt_BR\" \/>\n<meta property=\"og:type\" content=\"article\" \/>\n<meta property=\"og:title\" content=\"Mau h\u00e1lito pode indicar problemas na boca e poucos percebem os sinais - Correio Braziliense - Radar\" \/>\n<meta property=\"og:description\" content=\"Mau h\u00e1lito geralmente come\u00e7a na boca. Entenda as causas mais comuns e como melhorar a sa\u00fade bucal.\" \/>\n<meta property=\"og:url\" content=\"https:\/\/www.correiobraziliense.com.br\/cbradar\/mau-halito-pode-indicar-problemas-na-boca-e-poucos-percebem-os-sinais\/\" \/>\n<meta property=\"og:site_name\" content=\"Correio Braziliense - Radar\" \/>\n<meta property=\"article:published_time\" content=\"2026-03-05T20:15:00+00:00\" \/>\n<meta property=\"og:image\" content=\"https:\/\/www.correiobraziliense.com.br\/cbradar\/wp-content\/uploads\/2025\/05\/mau-halito_1747072288154.jpg\" \/>\n\t<meta property=\"og:image:width\" content=\"1280\" \/>\n\t<meta property=\"og:image:height\" content=\"720\" \/>\n\t<meta property=\"og:image:type\" content=\"image\/jpeg\" \/>\n<meta name=\"author\" content=\"guilherme_saude\" \/>\n<meta name=\"twitter:card\" content=\"summary_large_image\" \/>\n<meta name=\"twitter:label1\" content=\"Escrito por\" \/>\n\t<meta name=\"twitter:data1\" content=\"guilherme_saude\" \/>\n\t<meta name=\"twitter:label2\" content=\"Est. tempo de leitura\" \/>\n\t<meta name=\"twitter:data2\" content=\"5 minutos\" \/>\n<!-- \/ Yoast SEO plugin. -->","yoast_head_json":{"title":"Mau h\u00e1lito pode indicar problemas na boca e poucos percebem os sinais - Correio Braziliense - Radar","description":"Mau h\u00e1lito geralmente come\u00e7a na boca. Entenda as causas mais comuns e como melhorar a sa\u00fade bucal.","robots":{"index":"index","follow":"follow","max-snippet":"max-snippet:-1","max-image-preview":"max-image-preview:large","max-video-preview":"max-video-preview:-1"},"canonical":"https:\/\/www.correiobraziliense.com.br\/cbradar\/mau-halito-pode-indicar-problemas-na-boca-e-poucos-percebem-os-sinais\/","og_locale":"pt_BR","og_type":"article","og_title":"Mau h\u00e1lito pode indicar problemas na boca e poucos percebem os sinais - Correio Braziliense - Radar","og_description":"Mau h\u00e1lito geralmente come\u00e7a na boca. Entenda as causas mais comuns e como melhorar a sa\u00fade bucal.","og_url":"https:\/\/www.correiobraziliense.com.br\/cbradar\/mau-halito-pode-indicar-problemas-na-boca-e-poucos-percebem-os-sinais\/","og_site_name":"Correio Braziliense - Radar","article_published_time":"2026-03-05T20:15:00+00:00","og_image":[{"width":1280,"height":720,"url":"https:\/\/www.correiobraziliense.com.br\/cbradar\/wp-content\/uploads\/2025\/05\/mau-halito_1747072288154.jpg","type":"image\/jpeg"}],"author":"guilherme_saude","twitter_card":"summary_large_image","twitter_misc":{"Escrito por":"guilherme_saude","Est. tempo de leitura":"5 minutos"},"schema":{"@context":"https:\/\/schema.org","@graph":[{"@type":"WebPage","@id":"https:\/\/www.correiobraziliense.com.br\/cbradar\/mau-halito-pode-indicar-problemas-na-boca-e-poucos-percebem-os-sinais\/","url":"https:\/\/www.correiobraziliense.com.br\/cbradar\/mau-halito-pode-indicar-problemas-na-boca-e-poucos-percebem-os-sinais\/","name":"Mau h\u00e1lito pode indicar problemas na boca e poucos percebem os sinais - Correio Braziliense - Radar","isPartOf":{"@id":"https:\/\/www.correiobraziliense.com.br\/cbradar\/#website"},"primaryImageOfPage":{"@id":"https:\/\/www.correiobraziliense.com.br\/cbradar\/mau-halito-pode-indicar-problemas-na-boca-e-poucos-percebem-os-sinais\/#primaryimage"},"image":{"@id":"https:\/\/www.correiobraziliense.com.br\/cbradar\/mau-halito-pode-indicar-problemas-na-boca-e-poucos-percebem-os-sinais\/#primaryimage"},"thumbnailUrl":"https:\/\/www.correiobraziliense.com.br\/cbradar\/wp-content\/uploads\/2025\/05\/mau-halito_1747072288154.jpg","datePublished":"2026-03-05T20:15:00+00:00","author":{"@id":"https:\/\/www.correiobraziliense.com.br\/cbradar\/#\/schema\/person\/5aa4bf3c8fa699c267933611de12978b"},"description":"Mau h\u00e1lito geralmente come\u00e7a na boca. Entenda as causas mais comuns e como melhorar a sa\u00fade bucal.","breadcrumb":{"@id":"https:\/\/www.correiobraziliense.com.br\/cbradar\/mau-halito-pode-indicar-problemas-na-boca-e-poucos-percebem-os-sinais\/#breadcrumb"},"inLanguage":"pt-BR","potentialAction":[{"@type":"ReadAction","target":["https:\/\/www.correiobraziliense.com.br\/cbradar\/mau-halito-pode-indicar-problemas-na-boca-e-poucos-percebem-os-sinais\/"]}]},{"@type":"ImageObject","inLanguage":"pt-BR","@id":"https:\/\/www.correiobraziliense.com.br\/cbradar\/mau-halito-pode-indicar-problemas-na-boca-e-poucos-percebem-os-sinais\/#primaryimage","url":"https:\/\/www.correiobraziliense.com.br\/cbradar\/wp-content\/uploads\/2025\/05\/mau-halito_1747072288154.jpg","contentUrl":"https:\/\/www.correiobraziliense.com.br\/cbradar\/wp-content\/uploads\/2025\/05\/mau-halito_1747072288154.jpg","width":1280,"height":720,"caption":"Mau h\u00e1lito melhora com limpeza da l\u00edngua e hidrata\u00e7\u00e3o adequada - Cr\u00e9ditos: depositphotos.com \/ VGeorgiev"},{"@type":"BreadcrumbList","@id":"https:\/\/www.correiobraziliense.com.br\/cbradar\/mau-halito-pode-indicar-problemas-na-boca-e-poucos-percebem-os-sinais\/#breadcrumb","itemListElement":[{"@type":"ListItem","position":1,"name":"In\u00edcio","item":"https:\/\/www.correiobraziliense.com.br\/cbradar\/"},{"@type":"ListItem","position":2,"name":"Mau h\u00e1lito pode indicar problemas na boca e poucos percebem os sinais"}]},{"@type":"WebSite","@id":"https:\/\/www.correiobraziliense.com.br\/cbradar\/#website","url":"https:\/\/www.correiobraziliense.com.br\/cbradar\/","name":"Correio Braziliense - Radar","description":"Acompanhe as \u00faltimas not\u00edcias e fique bem informado sobre tudo o que acontece no Brasil e no mundo.","potentialAction":[{"@type":"SearchAction","target":{"@type":"EntryPoint","urlTemplate":"https:\/\/www.correiobraziliense.com.br\/cbradar\/?s={search_term_string}"},"query-input":{"@type":"PropertyValueSpecification","valueRequired":true,"valueName":"search_term_string"}}],"inLanguage":"pt-BR"},{"@type":"Person","@id":"https:\/\/www.correiobraziliense.com.br\/cbradar\/#\/schema\/person\/5aa4bf3c8fa699c267933611de12978b","name":"guilherme_saude","image":{"@type":"ImageObject","inLanguage":"pt-BR","@id":"https:\/\/www.correiobraziliense.com.br\/cbradar\/#\/schema\/person\/image\/","url":"https:\/\/secure.gravatar.com\/avatar\/df9adfb835d344bc0af109d41756253f?s=96&d=mm&r=g","contentUrl":"https:\/\/secure.gravatar.com\/avatar\/df9adfb835d344bc0af109d41756253f?s=96&d=mm&r=g","caption":"guilherme_saude"},"url":"https:\/\/www.correiobraziliense.com.br\/cbradar\/author\/guilherme_saude\/"}]}},"_links":{"self":[{"href":"https:\/\/www.correiobraziliense.com.br\/cbradar\/wp-json\/wp\/v2\/posts\/203195","targetHints":{"allow":["GET"]}}],"collection":[{"href":"https:\/\/www.correiobraziliense.com.br\/cbradar\/wp-json\/wp\/v2\/posts"}],"about":[{"href":"https:\/\/www.correiobraziliense.com.br\/cbradar\/wp-json\/wp\/v2\/types\/post"}],"author":[{"embeddable":true,"href":"https:\/\/www.correiobraziliense.com.br\/cbradar\/wp-json\/wp\/v2\/users\/14"}],"replies":[{"embeddable":true,"href":"https:\/\/www.correiobraziliense.com.br\/cbradar\/wp-json\/wp\/v2\/comments?post=203195"}],"version-history":[{"count":1,"href":"https:\/\/www.correiobraziliense.com.br\/cbradar\/wp-json\/wp\/v2\/posts\/203195\/revisions"}],"predecessor-version":[{"id":203197,"href":"https:\/\/www.correiobraziliense.com.br\/cbradar\/wp-json\/wp\/v2\/posts\/203195\/revisions\/203197"}],"wp:featuredmedia":[{"embeddable":true,"href":"https:\/\/www.correiobraziliense.com.br\/cbradar\/wp-json\/wp\/v2\/media\/35928"}],"wp:attachment":[{"href":"https:\/\/www.correiobraziliense.com.br\/cbradar\/wp-json\/wp\/v2\/media?parent=203195"}],"wp:term":[{"taxonomy":"category","embeddable":true,"href":"https:\/\/www.correiobraziliense.com.br\/cbradar\/wp-json\/wp\/v2\/categories?post=203195"},{"taxonomy":"post_tag","embeddable":true,"href":"https:\/\/www.correiobraziliense.com.br\/cbradar\/wp-json\/wp\/v2\/post_tag?post=203195"}],"curies":[{"name":"wp","href":"https:\/\/api.w.org\/{rel}","templated":true}]}}