{"id":203196,"date":"2026-03-09T11:35:00","date_gmt":"2026-03-09T14:35:00","guid":{"rendered":"https:\/\/www.correiobraziliense.com.br\/cbradar\/?p=203196"},"modified":"2026-03-06T15:06:44","modified_gmt":"2026-03-06T18:06:44","slug":"o-erro-de-traducao-biblica-que-mudou-a-historia-do-mundo-por-seculos","status":"publish","type":"post","link":"https:\/\/www.correiobraziliense.com.br\/cbradar\/o-erro-de-traducao-biblica-que-mudou-a-historia-do-mundo-por-seculos\/","title":{"rendered":"O erro de tradu\u00e7\u00e3o b\u00edblica que mudou a hist\u00f3ria do mundo por s\u00e9culos"},"content":{"rendered":"\n<p>Ao longo dos s\u00e9culos, pequenas escolhas lingu\u00edsticas moldaram interpreta\u00e7\u00f5es religiosas profundas. Um dos casos mais debatidos envolve a tradu\u00e7\u00e3o de termos hebraicos que influenciaram doutrinas inteiras. O chamado <strong>erro de tradu\u00e7\u00e3o b\u00edblica<\/strong> n\u00e3o se limita a detalhes t\u00e9cnicos, pois ajudou a consolidar cren\u00e7as culturais, afetando teologia, arte e comportamento social em diversas regi\u00f5es.<\/p>\n\n\n\n<h2 class=\"wp-block-heading\">Qual foi o erro de tradu\u00e7\u00e3o b\u00edblica mais famoso<\/h2>\n\n\n\n<p>Um dos exemplos mais citados envolve a tradu\u00e7\u00e3o do termo hebraico <strong>almah<\/strong> no livro de <strong>Isa\u00edas<\/strong>. A palavra significa \u201cjovem mulher\u201d, mas foi traduzida como \u201cvirgem\u201d na <strong>Septuaginta<\/strong>, vers\u00e3o grega das escrituras hebraicas. Essa escolha teve impacto direto na interpreta\u00e7\u00e3o messi\u00e2nica crist\u00e3.<\/p>\n\n\n\n<p>Quando a <a href=\"https:\/\/www.correiobraziliense.com.br\/cbradar\/o-que-significa-o-seu-nome-em-latim-a-traducao-pode-te-surpreender\/\" target=\"_blank\" rel=\"noreferrer noopener\">tradu\u00e7\u00e3o <\/a>foi incorporada \u00e0 <strong>Vulgata Latina<\/strong>, consolidou-se uma leitura teol\u00f3gica que influenciou s\u00e9culos de tradi\u00e7\u00e3o crist\u00e3. O ponto central n\u00e3o \u00e9 apenas lingu\u00edstico, mas tamb\u00e9m hist\u00f3rico, pois a tradu\u00e7\u00e3o moldou doutrinas importantes e debates religiosos duradouros.<\/p>\n\n\n\n<figure class=\"wp-block-image size-large\"><img decoding=\"async\" width=\"1024\" height=\"576\" src=\"https:\/\/www.correiobraziliense.com.br\/cbradar\/wp-content\/uploads\/2026\/03\/biblia_1772664211997-1024x576.jpg\" alt=\"O erro de tradu\u00e7\u00e3o b\u00edblica que mudou a hist\u00f3ria do mundo por s\u00e9culos\" class=\"wp-image-203201\" srcset=\"https:\/\/www.correiobraziliense.com.br\/cbradar\/wp-content\/uploads\/2026\/03\/biblia_1772664211997-1024x576.jpg 1024w, https:\/\/www.correiobraziliense.com.br\/cbradar\/wp-content\/uploads\/2026\/03\/biblia_1772664211997-300x169.jpg 300w, https:\/\/www.correiobraziliense.com.br\/cbradar\/wp-content\/uploads\/2026\/03\/biblia_1772664211997-768x432.jpg 768w, https:\/\/www.correiobraziliense.com.br\/cbradar\/wp-content\/uploads\/2026\/03\/biblia_1772664211997-750x422.jpg 750w, https:\/\/www.correiobraziliense.com.br\/cbradar\/wp-content\/uploads\/2026\/03\/biblia_1772664211997-1140x641.jpg 1140w, https:\/\/www.correiobraziliense.com.br\/cbradar\/wp-content\/uploads\/2026\/03\/biblia_1772664211997.jpg 1280w\" sizes=\"(max-width: 1024px) 100vw, 1024px\" \/><figcaption class=\"wp-element-caption\">O mais importante erro de tradu\u00e7\u00e3o b\u00edblica &#8211; Cr\u00e9ditos: depositphotos.com \/ puhimec<\/figcaption><\/figure>\n\n\n\n<h2 class=\"wp-block-heading\">Por que essa tradu\u00e7\u00e3o ganhou tanta for\u00e7a<\/h2>\n\n\n\n<p>A for\u00e7a dessa interpreta\u00e7\u00e3o est\u00e1 ligada \u00e0 autoridade das primeiras tradu\u00e7\u00f5es amplamente difundidas. Pesquisas acad\u00eamicas indicam que a escolha lingu\u00edstica foi mantida por tradi\u00e7\u00e3o textual e n\u00e3o necessariamente por precis\u00e3o sem\u00e2ntica. <\/p>\n\n\n\n<p>Com a expans\u00e3o do cristianismo no <strong>Imp\u00e9rio Romano<\/strong>, a vers\u00e3o grega ganhou status quase normativo. A repeti\u00e7\u00e3o ao longo dos s\u00e9culos refor\u00e7ou a leitura tradicional, tornando a interpreta\u00e7\u00e3o parte do imagin\u00e1rio religioso coletivo e dificultando revis\u00f5es posteriores.<\/p>\n\n\n\n<h2 class=\"wp-block-heading\">Quais fatores contribu\u00edram para o equ\u00edvoco<\/h2>\n\n\n\n<p>O chamado erro n\u00e3o surgiu de um \u00fanico deslize, mas de um conjunto de circunst\u00e2ncias lingu\u00edsticas e culturais. A tradu\u00e7\u00e3o ocorreu em um contexto no qual equival\u00eancias exatas entre idiomas antigos eram dif\u00edceis, especialmente em termos com forte carga cultural e religiosa.<\/p>\n\n\n\n<p>Entre os fatores mais relevantes est\u00e3o:<\/p>\n\n\n\n<ul class=\"wp-block-list\">\n<li><strong>Diferen\u00e7as sem\u00e2nticas<\/strong> entre hebraico e grego antigo<\/li>\n\n\n\n<li><strong>Press\u00f5es teol\u00f3gicas<\/strong> nas comunidades interpretativas<\/li>\n\n\n\n<li><strong>Limita\u00e7\u00f5es de contexto hist\u00f3rico<\/strong> dispon\u00edveis aos tradutores<\/li>\n\n\n\n<li><strong>Autoridade das primeiras vers\u00f5es<\/strong> amplamente copiadas<\/li>\n\n\n\n<li><strong>Transmiss\u00e3o textual<\/strong> ao longo de muitos s\u00e9culos<\/li>\n<\/ul>\n\n\n\n<h2 class=\"wp-block-heading\">Esse erro realmente mudou a hist\u00f3ria religiosa<\/h2>\n\n\n\n<p>Muitos estudiosos consideram que a tradu\u00e7\u00e3o influenciou profundamente a teologia crist\u00e3, especialmente nas discuss\u00f5es sobre o nascimento de <strong>Jesus Cristo<\/strong>. A leitura consolidada refor\u00e7ou doutrinas centrais e influenciou credos, conc\u00edlios e tradi\u00e7\u00f5es lit\u00fargicas ao longo da hist\u00f3ria.<\/p>\n\n\n\n<p>Al\u00e9m do campo religioso, o impacto alcan\u00e7ou a arte, a literatura e a cultura ocidental. Representa\u00e7\u00f5es da <strong>Virgem Maria<\/strong> foram moldadas por essa interpreta\u00e7\u00e3o, mostrando como uma decis\u00e3o lingu\u00edstica antiga pode repercutir muito al\u00e9m do ambiente acad\u00eamico.<\/p>\n\n\n\n<p>Se voc\u00ea se interessa por curiosidades hist\u00f3ricas e detalhes que mudaram interpreta\u00e7\u00f5es ao longo dos s\u00e9culos, este corte do canal <strong><a href=\"https:\/\/www.youtube.com\/@cortesdointeligencia\" target=\"_blank\" rel=\"noreferrer noopener\">Cortes do Intelig\u00eancia [OFICIAL] <\/a><\/strong>(4 M de inscritos) foi escolhido sob medida para voc\u00ea. No v\u00eddeo, especialistas analisam alguns dos erros de tradu\u00e7\u00e3o b\u00edblica mais debatidos.<\/p>\n\n\n\n<figure class=\"wp-block-embed is-type-video is-provider-youtube wp-block-embed-youtube wp-embed-aspect-16-9 wp-has-aspect-ratio\"><div class=\"wp-block-embed__wrapper\">\n<div class=\"jeg_video_container jeg_video_content\"><iframe loading=\"lazy\" title=\"OS PIORES ERROS DE TRADU\u00c7\u00c3O B\u00cdBLICA - RODRIGO SILVA E LUIZ SAY\u00c3O\" width=\"500\" height=\"281\" src=\"https:\/\/www.youtube.com\/embed\/yK4HpynYJ30?feature=oembed\" frameborder=\"0\" allow=\"accelerometer; autoplay; clipboard-write; encrypted-media; gyroscope; picture-in-picture; web-share\" referrerpolicy=\"strict-origin-when-cross-origin\" allowfullscreen><\/iframe><\/div>\n<\/div><\/figure>\n\n\n\n<h2 class=\"wp-block-heading\">O que a cr\u00edtica textual moderna aponta<\/h2>\n\n\n\n<p>A <strong>cr\u00edtica textual b\u00edblica<\/strong> contempor\u00e2nea adota abordagem mais cuidadosa ao comparar manuscritos antigos. Muitos especialistas defendem que tradu\u00e7\u00f5es devem considerar contexto hist\u00f3rico, uso lingu\u00edstico e inten\u00e7\u00e3o original do texto para evitar leituras distorcidas.<\/p>\n\n\n\n<p>Mesmo assim, tradi\u00e7\u00f5es consolidadas raramente mudam rapidamente. O debate permanece ativo entre te\u00f3logos e historiadores, mostrando que a tradu\u00e7\u00e3o de textos antigos envolve n\u00e3o apenas linguagem, mas tamb\u00e9m f\u00e9, cultura e a for\u00e7a das interpreta\u00e7\u00f5es transmitidas ao longo do tempo.<\/p>\n","protected":false},"excerpt":{"rendered":"<p>O erro de tradu\u00e7\u00e3o b\u00edblica atravessou s\u00e9culos e ainda gera debate. Entenda como uma palavra influenciou a hist\u00f3ria<\/p>\n","protected":false},"author":23,"featured_media":203200,"comment_status":"open","ping_status":"open","sticky":false,"template":"","format":"standard","meta":{"_yoast_wpseo_focuskw":"Erro de tradu\u00e7\u00e3o b\u00edblica","_yoast_wpseo_title":"","_yoast_wpseo_metadesc":"O erro de tradu\u00e7\u00e3o b\u00edblica atravessou s\u00e9culos e ainda gera debate. Entenda como uma palavra influenciou a hist\u00f3ria","jnews-multi-image_gallery":[],"jnews_single_post":{"format":"standard"},"jnews_primary_category":[],"jnews_social_meta":[],"jnews_override_counter":[],"footnotes":""},"categories":[112],"tags":[12159,144,11285],"class_list":["post-203196","post","type-post","status-publish","format-standard","has-post-thumbnail","hentry","category-curiosidades","tag-biblia","tag-curiosidades","tag-traducao"],"yoast_head":"<!-- This site is optimized with the Yoast SEO plugin v24.6 - https:\/\/yoast.com\/wordpress\/plugins\/seo\/ -->\n<title>O erro de tradu\u00e7\u00e3o b\u00edblica que mudou a hist\u00f3ria do mundo por s\u00e9culos - Correio Braziliense - Radar<\/title>\n<meta name=\"description\" content=\"O erro de tradu\u00e7\u00e3o b\u00edblica atravessou s\u00e9culos e ainda gera debate. Entenda como uma palavra influenciou a hist\u00f3ria\" \/>\n<meta name=\"robots\" content=\"index, follow, max-snippet:-1, max-image-preview:large, max-video-preview:-1\" \/>\n<link rel=\"canonical\" href=\"https:\/\/www.correiobraziliense.com.br\/cbradar\/o-erro-de-traducao-biblica-que-mudou-a-historia-do-mundo-por-seculos\/\" \/>\n<meta property=\"og:locale\" content=\"pt_BR\" \/>\n<meta property=\"og:type\" content=\"article\" \/>\n<meta property=\"og:title\" content=\"O erro de tradu\u00e7\u00e3o b\u00edblica que mudou a hist\u00f3ria do mundo por s\u00e9culos - Correio Braziliense - Radar\" \/>\n<meta property=\"og:description\" content=\"O erro de tradu\u00e7\u00e3o b\u00edblica atravessou s\u00e9culos e ainda gera debate. Entenda como uma palavra influenciou a hist\u00f3ria\" \/>\n<meta property=\"og:url\" content=\"https:\/\/www.correiobraziliense.com.br\/cbradar\/o-erro-de-traducao-biblica-que-mudou-a-historia-do-mundo-por-seculos\/\" \/>\n<meta property=\"og:site_name\" content=\"Correio Braziliense - Radar\" \/>\n<meta property=\"article:published_time\" content=\"2026-03-09T14:35:00+00:00\" \/>\n<meta property=\"og:image\" content=\"https:\/\/www.correiobraziliense.com.br\/cbradar\/wp-content\/uploads\/2026\/03\/biblia_1772664057727.jpg\" \/>\n\t<meta property=\"og:image:width\" content=\"1280\" \/>\n\t<meta property=\"og:image:height\" content=\"720\" \/>\n\t<meta property=\"og:image:type\" content=\"image\/jpeg\" \/>\n<meta name=\"author\" content=\"Nicolas Otto\" \/>\n<meta name=\"twitter:card\" content=\"summary_large_image\" \/>\n<meta name=\"twitter:label1\" content=\"Escrito por\" \/>\n\t<meta name=\"twitter:data1\" content=\"Nicolas Otto\" \/>\n\t<meta name=\"twitter:label2\" content=\"Est. tempo de leitura\" \/>\n\t<meta name=\"twitter:data2\" content=\"4 minutos\" \/>\n<!-- \/ Yoast SEO plugin. -->","yoast_head_json":{"title":"O erro de tradu\u00e7\u00e3o b\u00edblica que mudou a hist\u00f3ria do mundo por s\u00e9culos - Correio Braziliense - Radar","description":"O erro de tradu\u00e7\u00e3o b\u00edblica atravessou s\u00e9culos e ainda gera debate. Entenda como uma palavra influenciou a hist\u00f3ria","robots":{"index":"index","follow":"follow","max-snippet":"max-snippet:-1","max-image-preview":"max-image-preview:large","max-video-preview":"max-video-preview:-1"},"canonical":"https:\/\/www.correiobraziliense.com.br\/cbradar\/o-erro-de-traducao-biblica-que-mudou-a-historia-do-mundo-por-seculos\/","og_locale":"pt_BR","og_type":"article","og_title":"O erro de tradu\u00e7\u00e3o b\u00edblica que mudou a hist\u00f3ria do mundo por s\u00e9culos - Correio Braziliense - Radar","og_description":"O erro de tradu\u00e7\u00e3o b\u00edblica atravessou s\u00e9culos e ainda gera debate. Entenda como uma palavra influenciou a hist\u00f3ria","og_url":"https:\/\/www.correiobraziliense.com.br\/cbradar\/o-erro-de-traducao-biblica-que-mudou-a-historia-do-mundo-por-seculos\/","og_site_name":"Correio Braziliense - Radar","article_published_time":"2026-03-09T14:35:00+00:00","og_image":[{"width":1280,"height":720,"url":"https:\/\/www.correiobraziliense.com.br\/cbradar\/wp-content\/uploads\/2026\/03\/biblia_1772664057727.jpg","type":"image\/jpeg"}],"author":"Nicolas Otto","twitter_card":"summary_large_image","twitter_misc":{"Escrito por":"Nicolas Otto","Est. tempo de leitura":"4 minutos"},"schema":{"@context":"https:\/\/schema.org","@graph":[{"@type":"WebPage","@id":"https:\/\/www.correiobraziliense.com.br\/cbradar\/o-erro-de-traducao-biblica-que-mudou-a-historia-do-mundo-por-seculos\/","url":"https:\/\/www.correiobraziliense.com.br\/cbradar\/o-erro-de-traducao-biblica-que-mudou-a-historia-do-mundo-por-seculos\/","name":"O erro de tradu\u00e7\u00e3o b\u00edblica que mudou a hist\u00f3ria do mundo por s\u00e9culos - Correio Braziliense - Radar","isPartOf":{"@id":"https:\/\/www.correiobraziliense.com.br\/cbradar\/#website"},"primaryImageOfPage":{"@id":"https:\/\/www.correiobraziliense.com.br\/cbradar\/o-erro-de-traducao-biblica-que-mudou-a-historia-do-mundo-por-seculos\/#primaryimage"},"image":{"@id":"https:\/\/www.correiobraziliense.com.br\/cbradar\/o-erro-de-traducao-biblica-que-mudou-a-historia-do-mundo-por-seculos\/#primaryimage"},"thumbnailUrl":"https:\/\/www.correiobraziliense.com.br\/cbradar\/wp-content\/uploads\/2026\/03\/biblia_1772664057727.jpg","datePublished":"2026-03-09T14:35:00+00:00","author":{"@id":"https:\/\/www.correiobraziliense.com.br\/cbradar\/#\/schema\/person\/3221b250518e74ac52c442d1c1236aaa"},"description":"O erro de tradu\u00e7\u00e3o b\u00edblica atravessou s\u00e9culos e ainda gera debate. Entenda como uma palavra influenciou a hist\u00f3ria","breadcrumb":{"@id":"https:\/\/www.correiobraziliense.com.br\/cbradar\/o-erro-de-traducao-biblica-que-mudou-a-historia-do-mundo-por-seculos\/#breadcrumb"},"inLanguage":"pt-BR","potentialAction":[{"@type":"ReadAction","target":["https:\/\/www.correiobraziliense.com.br\/cbradar\/o-erro-de-traducao-biblica-que-mudou-a-historia-do-mundo-por-seculos\/"]}]},{"@type":"ImageObject","inLanguage":"pt-BR","@id":"https:\/\/www.correiobraziliense.com.br\/cbradar\/o-erro-de-traducao-biblica-que-mudou-a-historia-do-mundo-por-seculos\/#primaryimage","url":"https:\/\/www.correiobraziliense.com.br\/cbradar\/wp-content\/uploads\/2026\/03\/biblia_1772664057727.jpg","contentUrl":"https:\/\/www.correiobraziliense.com.br\/cbradar\/wp-content\/uploads\/2026\/03\/biblia_1772664057727.jpg","width":1280,"height":720,"caption":"O erro de tradu\u00e7\u00e3o b\u00edblica que influenciou s\u00e9culos - Cr\u00e9ditos: depositphotos.com \/ VadimVasenin"},{"@type":"BreadcrumbList","@id":"https:\/\/www.correiobraziliense.com.br\/cbradar\/o-erro-de-traducao-biblica-que-mudou-a-historia-do-mundo-por-seculos\/#breadcrumb","itemListElement":[{"@type":"ListItem","position":1,"name":"In\u00edcio","item":"https:\/\/www.correiobraziliense.com.br\/cbradar\/"},{"@type":"ListItem","position":2,"name":"O erro de tradu\u00e7\u00e3o b\u00edblica que mudou a hist\u00f3ria do mundo por s\u00e9culos"}]},{"@type":"WebSite","@id":"https:\/\/www.correiobraziliense.com.br\/cbradar\/#website","url":"https:\/\/www.correiobraziliense.com.br\/cbradar\/","name":"Correio Braziliense - Radar","description":"Acompanhe as \u00faltimas not\u00edcias e fique bem informado sobre tudo o que acontece no Brasil e no mundo.","potentialAction":[{"@type":"SearchAction","target":{"@type":"EntryPoint","urlTemplate":"https:\/\/www.correiobraziliense.com.br\/cbradar\/?s={search_term_string}"},"query-input":{"@type":"PropertyValueSpecification","valueRequired":true,"valueName":"search_term_string"}}],"inLanguage":"pt-BR"},{"@type":"Person","@id":"https:\/\/www.correiobraziliense.com.br\/cbradar\/#\/schema\/person\/3221b250518e74ac52c442d1c1236aaa","name":"Nicolas Otto","image":{"@type":"ImageObject","inLanguage":"pt-BR","@id":"https:\/\/www.correiobraziliense.com.br\/cbradar\/#\/schema\/person\/image\/","url":"https:\/\/secure.gravatar.com\/avatar\/05925f730d72f0ea0df144f236adfb18?s=96&d=mm&r=g","contentUrl":"https:\/\/secure.gravatar.com\/avatar\/05925f730d72f0ea0df144f236adfb18?s=96&d=mm&r=g","caption":"Nicolas Otto"},"sameAs":["https:\/\/www.correiobraziliense.com.br\/cbradar\/"],"url":"https:\/\/www.correiobraziliense.com.br\/cbradar\/author\/nicolas-otto\/"}]}},"_links":{"self":[{"href":"https:\/\/www.correiobraziliense.com.br\/cbradar\/wp-json\/wp\/v2\/posts\/203196","targetHints":{"allow":["GET"]}}],"collection":[{"href":"https:\/\/www.correiobraziliense.com.br\/cbradar\/wp-json\/wp\/v2\/posts"}],"about":[{"href":"https:\/\/www.correiobraziliense.com.br\/cbradar\/wp-json\/wp\/v2\/types\/post"}],"author":[{"embeddable":true,"href":"https:\/\/www.correiobraziliense.com.br\/cbradar\/wp-json\/wp\/v2\/users\/23"}],"replies":[{"embeddable":true,"href":"https:\/\/www.correiobraziliense.com.br\/cbradar\/wp-json\/wp\/v2\/comments?post=203196"}],"version-history":[{"count":1,"href":"https:\/\/www.correiobraziliense.com.br\/cbradar\/wp-json\/wp\/v2\/posts\/203196\/revisions"}],"predecessor-version":[{"id":203205,"href":"https:\/\/www.correiobraziliense.com.br\/cbradar\/wp-json\/wp\/v2\/posts\/203196\/revisions\/203205"}],"wp:featuredmedia":[{"embeddable":true,"href":"https:\/\/www.correiobraziliense.com.br\/cbradar\/wp-json\/wp\/v2\/media\/203200"}],"wp:attachment":[{"href":"https:\/\/www.correiobraziliense.com.br\/cbradar\/wp-json\/wp\/v2\/media?parent=203196"}],"wp:term":[{"taxonomy":"category","embeddable":true,"href":"https:\/\/www.correiobraziliense.com.br\/cbradar\/wp-json\/wp\/v2\/categories?post=203196"},{"taxonomy":"post_tag","embeddable":true,"href":"https:\/\/www.correiobraziliense.com.br\/cbradar\/wp-json\/wp\/v2\/tags?post=203196"}],"curies":[{"name":"wp","href":"https:\/\/api.w.org\/{rel}","templated":true}]}}